{"id":46480,"date":"2013-10-04T19:32:04","date_gmt":"2013-10-04T22:32:04","guid":{"rendered":"http:\/\/new.franciscanos.org.br\/?p=46480"},"modified":"2020-11-11T10:43:19","modified_gmt":"2020-11-11T13:43:19","slug":"frei-gustavo-pede-o-fim-dos-claustros","status":"publish","type":"post","link":"https:\/\/franciscanos.org.br\/noticias\/frei-gustavo-pede-o-fim-dos-claustros.html","title":{"rendered":"Frei Gustavo Medella pede fim dos &#8216;claustros&#8217;"},"content":{"rendered":"<p>&nbsp;<\/p>\n<p><img loading=\"lazy\" class=\"alignnone size-full wp-image-207080\" src=\"https:\/\/franciscanos.org.br\/noticias\/wp-content\/uploads\/2013\/10\/vila_saofrancisco.jpg\" alt=\"\" width=\"890\" height=\"668\" srcset=\"https:\/\/franciscanos.org.br\/noticias\/wp-content\/uploads\/2013\/10\/vila_saofrancisco.jpg 890w, https:\/\/franciscanos.org.br\/noticias\/wp-content\/uploads\/2013\/10\/vila_saofrancisco-450x338.jpg 450w, https:\/\/franciscanos.org.br\/noticias\/wp-content\/uploads\/2013\/10\/vila_saofrancisco-768x576.jpg 768w, https:\/\/franciscanos.org.br\/noticias\/wp-content\/uploads\/2013\/10\/vila_saofrancisco-150x113.jpg 150w\" sizes=\"(max-width: 890px) 100vw, 890px\" \/><\/p>\n<p><strong>Moacir Beggo<\/strong><\/p>\n<p><strong>S\u00e3o Paulo (SP)<\/strong> &#8211; A Igreja S\u00e3o Francisco de Assis, na Vila Clementino, tornou-se o referencial, em S\u00e3o Paulo, das pessoas que trazem seus animais de estima\u00e7\u00e3o para serem aben\u00e7oados \u00a0no dia deste santo protetor dos animais e patrono da Ecologia. Nesta sexta-feira (4\/10), a chuva deu uma tr\u00e9gua logo cedo e a temperatura agrad\u00e1vel garantiu uma homenagem mais bonita ainda ao Padroeiro.<\/p>\n<p>Durante todo o dia, o que se viu na Vila Clementino foi uma movimenta\u00e7\u00e3o intensa de devotos e animais. E, al\u00e9m da b\u00ean\u00e7\u00e3o dos animais, com muita \u00e1gua benta, os devotos puderam participar das celebra\u00e7\u00f5es com seus animais sem que ningu\u00e9m se incomodasse. Na Missa Ecol\u00f3gica, ent\u00e3o, ao meio-dia, o povo ficou ainda mais \u00e0 vontade.<\/p>\n<p>Neste ano, Frei Gustavo Medella presidiu a celebra\u00e7\u00e3o eucar\u00edstica do meio-dia e o p\u00e1roco Frei Djalmo Fuck, que criou a Missa Ecol\u00f3gica, presidiu a Missa Solene de encerramento \u00e0s 20 horas.<\/p>\n<p>Frei Gustavo iniciou a celebra\u00e7\u00e3o pedindo perd\u00e3o pela destrui\u00e7\u00e3o da natureza e pela falta de cuidado com os animais. E depois come\u00e7ou a sua homilia cantando a &#8220;Can\u00e7\u00e3o da Floresta: &#8220;Use as m\u00e3os, mude uma planta\/ Regue o ch\u00e3o, fa\u00e7a um pomar\/ Ou\u00e7a a voz do passarinho\/ A floresta quer chorar\/ A natureza est\u00e1 pedindo pra ningu\u00e9m lhe assassinar&#8221;, repetiu.<\/p>\n<p>Mas a grande mensagem de Frei Gustavo nesta Missa Ecol\u00f3gica foi um convite para sairmos de nossos &#8220;claustros&#8221;, como fez S\u00e3o Francisco de Assis, para quem o claustro era o mundo. &#8220;Com alegria, hoje, recordamos a vida e a hist\u00f3ria em que Deus operou na humanidade atrav\u00e9s do Irm\u00e3o Universal, o Arauto do Grande Rei, S\u00e3o Francisco de Assis e do mundo inteiro&#8221;, disse.<\/p>\n<p>Segundo Frei Medella, na Idade M\u00e9dia, a vida religiosa se dava no claustro, um lugar fechado. &#8220;Havia a concep\u00e7\u00e3o de que a pessoa precisava se isolar do mundo porque o mundo n\u00e3o era bom e s\u00f3 a realidade espiritual era boa&#8221;, explicou.<\/p>\n<p>Para Frei Medella, todo lugar \u00e9 lugar de amar e servir a Deus e viver religiosamente. &#8220;\u00c9 este o esp\u00edrito e a li\u00e7\u00e3o que S\u00e3o Francisco de Assis quer nos ensinar no dia de hoje. Ele abre a perspectiva e mostra que todo o bem da cria\u00e7\u00e3o, tudo, fala do amor de Deus e, por isso, quer ser o Irm\u00e3o Universal&#8221;.<\/p>\n<div id=\"attachment_46491\" style=\"width: 410px\" class=\"wp-caption alignleft\"><img aria-describedby=\"caption-attachment-46491\" loading=\"lazy\" class=\"size-full wp-image-46491\" src=\"http:\/\/franciscanos.org.br\/wp-content\/uploads\/2013\/10\/meio3.jpg\" alt=\"Frei Djalmo aben\u00e7oa o bolo dos animais\" width=\"400\" height=\"300\" \/><p id=\"caption-attachment-46491\" class=\"wp-caption-text\">Frei Djalmo aben\u00e7oa o bolo dos animais<\/p><\/div>\n<p>Frei Gustavo, contudo, lamentou que, hoje, nossa sociedade e &#8220;n\u00f3s todos, tamb\u00e9m&#8221;, influenciados por essa mentalidade, temos a tend\u00eancia de fazer o movimento inverso de S\u00e3o Francisco. &#8220;N\u00e3o para fazer como na Idade M\u00e9dia, mas hoje \u00a0temos uma forte tend\u00eancia de levar o nosso claustro para o mundo&#8221;, disse.<\/p>\n<p>Ele exemplificou: &#8220;A Av. 23 de Maio est\u00e1 cheia de claustros neste momento. Todos sobre quatro rodas, onde cada pessoa isoladamente tem a sua temperatura ambiente escolhida, o ar condicionado, escuta a m\u00fasica do seu gosto e pensa nos seus pr\u00f3prios problemas. Nos \u00f4nibus, cada um leva o seu claustro, que vem acoplado no ouvido e n\u00e3o quer saber quem est\u00e1 do lado. S\u00f3 se vive nessa perspectiva enclausurada&#8221;, criticou.<\/p>\n<p>Para o frade, temos que aprender com S\u00e3o Francisco de Assis a ter e a cultivar a cultura do encontro. &#8220;Que nossa Igreja n\u00e3o seja uma Igreja enclausurada em si mesma. Que ela saia de si como pede o Papa Francisco e que tenhamos olhos para olhar uns nos olhos dos outros, sem medo, n\u00e3o pensando que o outro \u00e9 um estranho, mas que \u00e9 um irm\u00e3o&#8221;, pediu. &#8220;Na l\u00f3gica da competitividade, o outro \u00e9 um oponente, um concorrente. Na l\u00f3gica da fraternidade, o outro \u00e9 um irm\u00e3o.\u00a0 O outro \u00e9 algu\u00e9m que deve gozar do meu amor, meu carinho e considera\u00e7\u00e3o&#8221;, acrescentou.<\/p>\n<p>Ainda disse que na l\u00f3gica da competi\u00e7\u00e3o, &#8220;tenho que fazer melhor do que o outro, mas na l\u00f3gica da colabora\u00e7\u00e3o tenho que trabalhar em conjunto para, com o outro, construir o melhor que podemos&#8221;.<\/p>\n<p>No final, Frei Gustavo pediu que S\u00e3o Francisco nos ensine essas li\u00e7\u00f5es. &#8220;Que n\u00f3s saibamos ir para al\u00e9m dos nossos claustros pessoais, porque esse claustro \u00e9 sufocante, \u00e9 opressor. Ele nos tira a alegria de viver e nos subtrai o entusiasmo. Deus quer que sejamos irm\u00e3os uns dos outros. E Francisco nos chama a sermos irm\u00e3os at\u00e9 mesmo das criaturas&#8221;, concluiu.<\/p>\n<div id=\"attachment_46483\" style=\"width: 360px\" class=\"wp-caption alignright\"><a href=\"http:\/\/franciscanos.org.br\/wp-content\/uploads\/2013\/10\/meio.jpg\"><img aria-describedby=\"caption-attachment-46483\" loading=\"lazy\" class=\"size-full wp-image-46483\" src=\"http:\/\/franciscanos.org.br\/wp-content\/uploads\/2013\/10\/meio.jpg\" alt=\"Fotos Moacir Beggo\" width=\"350\" height=\"525\" \/><\/a><p id=\"caption-attachment-46483\" class=\"wp-caption-text\">Norberto com a Cindy<\/p><\/div>\n<p><b>O BOLO DOS ANIMAIS<\/b><\/p>\n<p>O Bolo de S\u00e3o Francisco para os animais, criado no ano passado por Frei Djalmo, foi esperado com ansiedade pelos donos e por seus bichinhos de estima\u00e7\u00e3o. Frei Djalmo benzeu o primeiro bolo, de 20 quilos, no formato de um osso gigante, \u00e0s 13 horas. N\u00e3o faltou o canto de &#8220;parab\u00e9ns a voc\u00ea&#8221; e at\u00e9 velinhas acesas. Muitos c\u00e3ezinhos tiveram que ser controlados diante de uma oferta t\u00e3o generosa e saborosa. Afinal, segundo a receita da Par\u00f3quia, o bolo tinha ra\u00e7\u00e3o, cenoura raspada, mel puro e coco ralado. Todos ingredientes naturais.<\/p>\n<p>Al\u00e9m do bolo, fez muito sucesso a distribui\u00e7\u00e3o de 25 mil saquinhos de ra\u00e7\u00e3o aben\u00e7oada para c\u00e3es, gatos e passarinhos.<\/p>\n<p>Norberto Costa trouxe a Cindy para a b\u00ean\u00e7\u00e3o dos animais. \u201cMinha filha est\u00e1 trabalhando e queria muito que ela recebesse a b\u00ean\u00e7\u00e3o hoje\u201d, disse Norberto, que reside no Jardim da Sa\u00fade, bairro pr\u00f3ximo da Vila Clementino.<\/p>\n<p>Vivian Mauro \u00e9 paroquiana da Vila Clementino. Todo ano, traz a Melrose, a Raika, a Miski e Vivi J\u00fanior para receberem a b\u00ean\u00e7\u00e3o do Santo protetor dos animais. e todos participaram comportadamente da Missa Ecol\u00f3gica.<\/p>\n<p>Mas os devotos tamb\u00e9m puderam experimentar o tradicional Bolo de S\u00e3o Francisco e conhecer a Feirinha de Ado\u00e7\u00e3o de Animais.<\/p>\n","protected":false},"excerpt":{"rendered":"<p>S\u00e3o Francisco<\/p>\n","protected":false},"author":1,"featured_media":207081,"comment_status":"closed","ping_status":"open","sticky":false,"template":"","format":"standard","meta":[],"categories":[1],"tags":[271],"acf":[],"yoast_head":"<!-- This site is optimized with the Yoast SEO plugin v19.2 - https:\/\/yoast.com\/wordpress\/plugins\/seo\/ -->\n<title>Frei Gustavo Medella pede fim dos &#039;claustros&#039; - Not\u00edcias - Franciscanos<\/title>\n<meta name=\"robots\" content=\"index, follow, max-snippet:-1, max-image-preview:large, max-video-preview:-1\" \/>\n<link rel=\"canonical\" href=\"https:\/\/franciscanos.org.br\/noticias\/frei-gustavo-pede-o-fim-dos-claustros.html\" \/>\n<meta property=\"og:locale\" content=\"pt_BR\" \/>\n<meta property=\"og:type\" content=\"article\" \/>\n<meta property=\"og:title\" content=\"Frei Gustavo Medella pede fim dos &#039;claustros&#039; - Not\u00edcias - Franciscanos\" \/>\n<meta property=\"og:description\" content=\"S\u00e3o Francisco\" \/>\n<meta property=\"og:url\" content=\"https:\/\/franciscanos.org.br\/noticias\/frei-gustavo-pede-o-fim-dos-claustros.html\" \/>\n<meta property=\"og:site_name\" content=\"Not\u00edcias - Franciscanos\" \/>\n<meta property=\"article:published_time\" content=\"2013-10-04T22:32:04+00:00\" \/>\n<meta property=\"article:modified_time\" content=\"2020-11-11T13:43:19+00:00\" \/>\n<meta property=\"og:image\" content=\"https:\/\/franciscanos.org.br\/noticias\/wp-content\/uploads\/2013\/10\/vila_saofrancisco_d.jpg\" \/>\n\t<meta property=\"og:image:width\" content=\"273\" \/>\n\t<meta property=\"og:image:height\" content=\"181\" \/>\n\t<meta property=\"og:image:type\" content=\"image\/jpeg\" \/>\n<meta name=\"author\" content=\"admin\" \/>\n<meta name=\"twitter:card\" content=\"summary_large_image\" \/>\n<meta name=\"twitter:label1\" content=\"Escrito por\" \/>\n\t<meta name=\"twitter:data1\" content=\"admin\" \/>\n\t<meta name=\"twitter:label2\" content=\"Est. tempo de leitura\" \/>\n\t<meta name=\"twitter:data2\" content=\"5 minutos\" \/>\n<script type=\"application\/ld+json\" class=\"yoast-schema-graph\">{\"@context\":\"https:\/\/schema.org\",\"@graph\":[{\"@type\":\"WebSite\",\"@id\":\"https:\/\/franciscanos.org.br\/noticias\/#website\",\"url\":\"https:\/\/franciscanos.org.br\/noticias\/\",\"name\":\"Not\u00edcias - Franciscanos\",\"description\":\"Prov\u00edncia Franciscana da Imaculada Concei\u00e7\u00e3o do Brasil - Ordem dos Frades Menores - OFM\",\"potentialAction\":[{\"@type\":\"SearchAction\",\"target\":{\"@type\":\"EntryPoint\",\"urlTemplate\":\"https:\/\/franciscanos.org.br\/noticias\/?s={search_term_string}\"},\"query-input\":\"required name=search_term_string\"}],\"inLanguage\":\"pt-BR\"},{\"@type\":\"ImageObject\",\"inLanguage\":\"pt-BR\",\"@id\":\"https:\/\/franciscanos.org.br\/noticias\/frei-gustavo-pede-o-fim-dos-claustros.html#primaryimage\",\"url\":\"https:\/\/franciscanos.org.br\/noticias\/wp-content\/uploads\/2013\/10\/vila_saofrancisco_d.jpg\",\"contentUrl\":\"https:\/\/franciscanos.org.br\/noticias\/wp-content\/uploads\/2013\/10\/vila_saofrancisco_d.jpg\",\"width\":273,\"height\":181},{\"@type\":\"WebPage\",\"@id\":\"https:\/\/franciscanos.org.br\/noticias\/frei-gustavo-pede-o-fim-dos-claustros.html#webpage\",\"url\":\"https:\/\/franciscanos.org.br\/noticias\/frei-gustavo-pede-o-fim-dos-claustros.html\",\"name\":\"Frei Gustavo Medella pede fim dos 'claustros' - Not\u00edcias - Franciscanos\",\"isPartOf\":{\"@id\":\"https:\/\/franciscanos.org.br\/noticias\/#website\"},\"primaryImageOfPage\":{\"@id\":\"https:\/\/franciscanos.org.br\/noticias\/frei-gustavo-pede-o-fim-dos-claustros.html#primaryimage\"},\"datePublished\":\"2013-10-04T22:32:04+00:00\",\"dateModified\":\"2020-11-11T13:43:19+00:00\",\"author\":{\"@id\":\"https:\/\/franciscanos.org.br\/noticias\/#\/schema\/person\/b38fbf43118f02820bd932f2e4b14ad3\"},\"breadcrumb\":{\"@id\":\"https:\/\/franciscanos.org.br\/noticias\/frei-gustavo-pede-o-fim-dos-claustros.html#breadcrumb\"},\"inLanguage\":\"pt-BR\",\"potentialAction\":[{\"@type\":\"ReadAction\",\"target\":[\"https:\/\/franciscanos.org.br\/noticias\/frei-gustavo-pede-o-fim-dos-claustros.html\"]}]},{\"@type\":\"BreadcrumbList\",\"@id\":\"https:\/\/franciscanos.org.br\/noticias\/frei-gustavo-pede-o-fim-dos-claustros.html#breadcrumb\",\"itemListElement\":[{\"@type\":\"ListItem\",\"position\":1,\"name\":\"Home\",\"item\":\"https:\/\/franciscanos.org.br\/noticias\"},{\"@type\":\"ListItem\",\"position\":2,\"name\":\"Frei Gustavo Medella pede fim dos &#8216;claustros&#8217;\"}]},{\"@type\":\"Person\",\"@id\":\"https:\/\/franciscanos.org.br\/noticias\/#\/schema\/person\/b38fbf43118f02820bd932f2e4b14ad3\",\"name\":\"admin\",\"image\":{\"@type\":\"ImageObject\",\"inLanguage\":\"pt-BR\",\"@id\":\"https:\/\/franciscanos.org.br\/noticias\/#\/schema\/person\/image\/\",\"url\":\"https:\/\/secure.gravatar.com\/avatar\/e8495742d34d0ba6448ea1c628263b3e?s=96&d=mm&r=g\",\"contentUrl\":\"https:\/\/secure.gravatar.com\/avatar\/e8495742d34d0ba6448ea1c628263b3e?s=96&d=mm&r=g\",\"caption\":\"admin\"},\"url\":\"https:\/\/franciscanos.org.br\/noticias\/author\/admin\"}]}<\/script>\n<!-- \/ Yoast SEO plugin. -->","yoast_head_json":{"title":"Frei Gustavo Medella pede fim dos 'claustros' - Not\u00edcias - Franciscanos","robots":{"index":"index","follow":"follow","max-snippet":"max-snippet:-1","max-image-preview":"max-image-preview:large","max-video-preview":"max-video-preview:-1"},"canonical":"https:\/\/franciscanos.org.br\/noticias\/frei-gustavo-pede-o-fim-dos-claustros.html","og_locale":"pt_BR","og_type":"article","og_title":"Frei Gustavo Medella pede fim dos 'claustros' - Not\u00edcias - Franciscanos","og_description":"S\u00e3o Francisco","og_url":"https:\/\/franciscanos.org.br\/noticias\/frei-gustavo-pede-o-fim-dos-claustros.html","og_site_name":"Not\u00edcias - Franciscanos","article_published_time":"2013-10-04T22:32:04+00:00","article_modified_time":"2020-11-11T13:43:19+00:00","og_image":[{"width":273,"height":181,"url":"https:\/\/franciscanos.org.br\/noticias\/wp-content\/uploads\/2013\/10\/vila_saofrancisco_d.jpg","type":"image\/jpeg"}],"author":"admin","twitter_card":"summary_large_image","twitter_misc":{"Escrito por":"admin","Est. tempo de leitura":"5 minutos"},"schema":{"@context":"https:\/\/schema.org","@graph":[{"@type":"WebSite","@id":"https:\/\/franciscanos.org.br\/noticias\/#website","url":"https:\/\/franciscanos.org.br\/noticias\/","name":"Not\u00edcias - Franciscanos","description":"Prov\u00edncia Franciscana da Imaculada Concei\u00e7\u00e3o do Brasil - Ordem dos Frades Menores - OFM","potentialAction":[{"@type":"SearchAction","target":{"@type":"EntryPoint","urlTemplate":"https:\/\/franciscanos.org.br\/noticias\/?s={search_term_string}"},"query-input":"required name=search_term_string"}],"inLanguage":"pt-BR"},{"@type":"ImageObject","inLanguage":"pt-BR","@id":"https:\/\/franciscanos.org.br\/noticias\/frei-gustavo-pede-o-fim-dos-claustros.html#primaryimage","url":"https:\/\/franciscanos.org.br\/noticias\/wp-content\/uploads\/2013\/10\/vila_saofrancisco_d.jpg","contentUrl":"https:\/\/franciscanos.org.br\/noticias\/wp-content\/uploads\/2013\/10\/vila_saofrancisco_d.jpg","width":273,"height":181},{"@type":"WebPage","@id":"https:\/\/franciscanos.org.br\/noticias\/frei-gustavo-pede-o-fim-dos-claustros.html#webpage","url":"https:\/\/franciscanos.org.br\/noticias\/frei-gustavo-pede-o-fim-dos-claustros.html","name":"Frei Gustavo Medella pede fim dos 'claustros' - Not\u00edcias - Franciscanos","isPartOf":{"@id":"https:\/\/franciscanos.org.br\/noticias\/#website"},"primaryImageOfPage":{"@id":"https:\/\/franciscanos.org.br\/noticias\/frei-gustavo-pede-o-fim-dos-claustros.html#primaryimage"},"datePublished":"2013-10-04T22:32:04+00:00","dateModified":"2020-11-11T13:43:19+00:00","author":{"@id":"https:\/\/franciscanos.org.br\/noticias\/#\/schema\/person\/b38fbf43118f02820bd932f2e4b14ad3"},"breadcrumb":{"@id":"https:\/\/franciscanos.org.br\/noticias\/frei-gustavo-pede-o-fim-dos-claustros.html#breadcrumb"},"inLanguage":"pt-BR","potentialAction":[{"@type":"ReadAction","target":["https:\/\/franciscanos.org.br\/noticias\/frei-gustavo-pede-o-fim-dos-claustros.html"]}]},{"@type":"BreadcrumbList","@id":"https:\/\/franciscanos.org.br\/noticias\/frei-gustavo-pede-o-fim-dos-claustros.html#breadcrumb","itemListElement":[{"@type":"ListItem","position":1,"name":"Home","item":"https:\/\/franciscanos.org.br\/noticias"},{"@type":"ListItem","position":2,"name":"Frei Gustavo Medella pede fim dos &#8216;claustros&#8217;"}]},{"@type":"Person","@id":"https:\/\/franciscanos.org.br\/noticias\/#\/schema\/person\/b38fbf43118f02820bd932f2e4b14ad3","name":"admin","image":{"@type":"ImageObject","inLanguage":"pt-BR","@id":"https:\/\/franciscanos.org.br\/noticias\/#\/schema\/person\/image\/","url":"https:\/\/secure.gravatar.com\/avatar\/e8495742d34d0ba6448ea1c628263b3e?s=96&d=mm&r=g","contentUrl":"https:\/\/secure.gravatar.com\/avatar\/e8495742d34d0ba6448ea1c628263b3e?s=96&d=mm&r=g","caption":"admin"},"url":"https:\/\/franciscanos.org.br\/noticias\/author\/admin"}]}},"_links":{"self":[{"href":"https:\/\/franciscanos.org.br\/noticias\/wp-json\/wp\/v2\/posts\/46480"}],"collection":[{"href":"https:\/\/franciscanos.org.br\/noticias\/wp-json\/wp\/v2\/posts"}],"about":[{"href":"https:\/\/franciscanos.org.br\/noticias\/wp-json\/wp\/v2\/types\/post"}],"author":[{"embeddable":true,"href":"https:\/\/franciscanos.org.br\/noticias\/wp-json\/wp\/v2\/users\/1"}],"replies":[{"embeddable":true,"href":"https:\/\/franciscanos.org.br\/noticias\/wp-json\/wp\/v2\/comments?post=46480"}],"version-history":[{"count":1,"href":"https:\/\/franciscanos.org.br\/noticias\/wp-json\/wp\/v2\/posts\/46480\/revisions"}],"predecessor-version":[{"id":229287,"href":"https:\/\/franciscanos.org.br\/noticias\/wp-json\/wp\/v2\/posts\/46480\/revisions\/229287"}],"wp:featuredmedia":[{"embeddable":true,"href":"https:\/\/franciscanos.org.br\/noticias\/wp-json\/wp\/v2\/media\/207081"}],"wp:attachment":[{"href":"https:\/\/franciscanos.org.br\/noticias\/wp-json\/wp\/v2\/media?parent=46480"}],"wp:term":[{"taxonomy":"category","embeddable":true,"href":"https:\/\/franciscanos.org.br\/noticias\/wp-json\/wp\/v2\/categories?post=46480"},{"taxonomy":"post_tag","embeddable":true,"href":"https:\/\/franciscanos.org.br\/noticias\/wp-json\/wp\/v2\/tags?post=46480"}],"curies":[{"name":"wp","href":"https:\/\/api.w.org\/{rel}","templated":true}]}}