{"id":46471,"date":"2013-10-04T16:29:18","date_gmt":"2013-10-04T19:29:18","guid":{"rendered":"http:\/\/new.franciscanos.org.br\/?p=46471"},"modified":"2020-11-11T10:43:40","modified_gmt":"2020-11-11T13:43:40","slug":"dominicanos-celebram-sao-francisco-com-os-franciscanos","status":"publish","type":"post","link":"https:\/\/franciscanos.org.br\/noticias\/dominicanos-celebram-sao-francisco-com-os-franciscanos.html","title":{"rendered":"Dominicanos celebram com os franciscanos"},"content":{"rendered":"<p><img loading=\"lazy\" src=\"http:\/\/franciscanos.org.br\/wp-content\/uploads\/2013\/10\/alto1.jpg\" alt=\"alto\" width=\"820\" height=\"385\" \/><\/p>\n<p><strong>Moacir Beggo<\/strong><\/p>\n<p><strong>S\u00e3o Paulo (SP)<\/strong> &#8211; A solenidade de S\u00e3o Francisco de Assis, nesta sexta-feira (4\/10), foi celebrada no Convento S\u00e3o Francisco, no centro de S\u00e3o Paulo, durante a Missa das 10h30, que teve como presidente o dominicano Frei Andr\u00e9 Lu\u00eds Tavares. Como explicou Frei Gustavo Medella, no in\u00edcio da celebra\u00e7\u00e3o, os dominicanos vieram retribuir a visita que os franciscanos do Convento S\u00e3o Francisco fizeram por ocasi\u00e3o do dia de S\u00e3o Domingos. Coincidentemente, a celebra\u00e7\u00e3o foi no Convento que nasceu com o nome de &#8220;Convento S\u00e3o Domingos e S\u00e3o Francisco&#8221;, para homenagear os dois fundadores das duas principais Ordens mendicantes da Igreja.<\/p>\n<p><img loading=\"lazy\" class=\"alignright size-full wp-image-46474\" src=\"http:\/\/franciscanos.org.br\/wp-content\/uploads\/2013\/10\/meio1.jpg\" alt=\"Fotos Moacir Beggo \" width=\"400\" height=\"335\" \/>No altar, ao lado dos dominicanos, concelebraram os franciscanos Frei Luiz Henrique de Aquino, que \u00e9 o guardi\u00e3o, e Frei David Raimundo dos Santos. Tamb\u00e9m participaram da celebra\u00e7\u00e3o os beneditinos do vizinho Mosteiro S\u00e3o Bento.<\/p>\n<p>A bela e centen\u00e1ria igreja do Convento ficou lotada de fi\u00e9is, que ouviram Frei Andr\u00e9 falar com carinho e profundidade do &#8220;Pai S\u00e3o Francisco&#8221;.<\/p>\n<p>Frei Andr\u00e9 ressaltou que Francisco foi um homem extremamente livre e que s\u00f3 conseguiu isso vivendo o Evangelho. Segundo ele, olhando para a vida de Francisco e para os textos da liturgia, apresentou tr\u00eas importantes caracter\u00edsticas &#8220;do que chamou liberdade evang\u00e9lica da qual Francisco \u00e9 um \u00edcone, n\u00e3o somente para a Igreja mas para todo o mundo&#8221;.<\/p>\n<p>Para o dominicano, em primeiro lugar, a liberdade de Francisco o faz ousar. &#8220;Cheio da liberdade que afasta todo o medo, cheio da mansid\u00e3o daqueles que t\u00eam seu cora\u00e7\u00e3o junto de Deus, Francisco teve autoriza\u00e7\u00e3o para ir ao Egito falar com o sult\u00e3o para ali pregar o Evangelho. Numa \u00e9poca de grandes confrontos com o Isl\u00e3, Francisco vai pregar a paz em meio aos sarracenos s\u00f3 com a sua f\u00e9. A sua ousadia se configurou em di\u00e1logo. Nesse sentido, quando refletimos em nossos dias sobre a nova evangeliza\u00e7\u00e3o n\u00e3o podemos confundi-la com novos m\u00e9todos de propaganda religiosa. Evangelizar sempre ser\u00e1 um processo de convers\u00e3o&#8221;, destacou.<\/p>\n<p>Frei Andr\u00e9 disse que a segunda caracter\u00edstica da liberdade evang\u00e9lica nos faz solid\u00e1rios. &#8220;No dia de hoje, o Papa Francisco visita Assis e come\u00e7ou a sua visita indo ao encontro das crian\u00e7as doentes e portadoras de necessidades especiais assistidas pelo Instituto Ser\u00e1fico. Afirmou o Santo Padre sobre o Patrono de seu Pontificado: &#8216;S\u00e3o Francisco \u00e9 grande porque \u00e9 tudo: O homem que quer fazer coisas, itinerante e mission\u00e1rio, \u00e9 poeta, m\u00edstico, constatou sobre si mesmo o mal e saiu dele. Ama a natureza, os animais, a erva do campo e os p\u00e1ssaros que voam no c\u00e9u, mas sobretudo ama as pessoas, as crian\u00e7as, os idosos, as mulheres. A grande m\u00edstica dominicana Santa Catarina de Sena, certa vez, afirmou que, como n\u00e3o podemos amar a Deus como ele nos ama, proporcionalmente, ele nos d\u00e1 a oportunidade de am\u00e1-lo em nosso pr\u00f3ximo&#8221;. S\u00e3o Francisco, ao ir ao encontro do leproso, que antes o espantava, nos ensina que quem segue a Cristo compreende que o amor a Deus e o amor ao pr\u00f3ximo n\u00e3o s\u00e3o dois mandamentos mas somente um&#8221;.<\/p>\n<div id=\"attachment_46475\" style=\"width: 410px\" class=\"wp-caption alignleft\"><a href=\"http:\/\/franciscanos.org.br\/wp-content\/uploads\/2013\/10\/meio2.jpg\"><img aria-describedby=\"caption-attachment-46475\" loading=\"lazy\" class=\"size-full wp-image-46475\" src=\"http:\/\/franciscanos.org.br\/wp-content\/uploads\/2013\/10\/meio2.jpg\" alt=\"Fotos Moacir Beggo\" width=\"400\" height=\"533\" \/><\/a><p id=\"caption-attachment-46475\" class=\"wp-caption-text\">Frei Alvaci, &#8220;Neguinha&#8221; e Francisca<\/p><\/div>\n<p>Finalmente, uma terceira caracter\u00edstica da liberdade evang\u00e9lica: o amor \u00e0 Igreja. &#8220;Parece paradoxal que um homem t\u00e3o livre possa ser t\u00e3o apaixonado por uma institui\u00e7\u00e3o que as pessoas de nossos tempos costumam ver como inibidora de quaisquer liberdades e castradora do crescimento humano. A liberdade evang\u00e9lica permitiu que Francisco olhasse para a Igreja n\u00e3o como uma mera institui\u00e7\u00e3o, mas como mist\u00e9rio, como fam\u00edlia de Deus, como povo do Senhor, convidado continuamente \u00e0 docilidade ao Esp\u00edrito de Jesus. O Livro do Eclesi\u00e1stico nos remete a Francisco como verdadeiro restaurador da Igreja. Diz um ad\u00e1gio eclesi\u00e1stico: s\u00f3 se corrije quando h\u00e1 esperan\u00e7a! E justamente por ter esperan\u00e7a na Igreja, Nossa M\u00e3e, por sentir sua realidade profunda, \u00e9 que Francisco p\u00f4de, sobretudo com a sua vida, ser um dos crist\u00e3os mais cr\u00edticos que o mundo conheceu&#8221;, disse Frei Andr\u00e9, mostrando que Francisco n\u00e3o se descuidava dos fundamentos evang\u00e9licos. &#8220;Quando isso ocorre, o mundanismo pode tomar conta da Igreja e daqueles que publicamente se consagraram ao Evangelho&#8221;, alertou.<\/p>\n<p>Por fim, pediu: &#8220;Neste dia, pe\u00e7amos ao Senhor a gra\u00e7a de sermos como o seu Filho e como nos ensina Francisco: d\u00f3ceis ao seu Esp\u00edrito&#8221;.<\/p>\n<p><strong>B\u00ean\u00e7\u00e3o dos Animais<\/strong><\/p>\n<p>A cada ano, o povo vem com seus animais de distantes regi\u00f5es da capital paulista para receber a b\u00ean\u00e7\u00e3o de S\u00e3o Francisco, como Francisca Silva, que trouxe a &#8220;Neguinha&#8221;. Mas ela tamb\u00e9m veio prestar homenagem a este santo t\u00e3o especial em sua vida: &#8220;Nasci no dia de S\u00e3o Francisco, por isso me chamo Francisca!&#8221;.<\/p>\n<p>Durante todo o dia os frades se revezaram para dar a b\u00ean\u00e7\u00e3o aos animais, \u00e0s plantas, fotos etc. Para esteve no Convento, tamb\u00e9m n\u00e3o ficou sem levar um peda\u00e7o do tradicional Bolo de S\u00e3o Francisco.<\/p>\n","protected":false},"excerpt":{"rendered":"<p>S\u00e3o Francisco<\/p>\n","protected":false},"author":1,"featured_media":217527,"comment_status":"closed","ping_status":"open","sticky":false,"template":"","format":"standard","meta":[],"categories":[1],"tags":[312],"acf":[],"yoast_head":"<!-- This site is optimized with the Yoast SEO plugin v19.2 - https:\/\/yoast.com\/wordpress\/plugins\/seo\/ -->\n<title>Dominicanos celebram com os franciscanos - Not\u00edcias - Franciscanos<\/title>\n<meta name=\"robots\" content=\"index, follow, max-snippet:-1, max-image-preview:large, max-video-preview:-1\" \/>\n<link rel=\"canonical\" href=\"https:\/\/franciscanos.org.br\/noticias\/dominicanos-celebram-sao-francisco-com-os-franciscanos.html\" \/>\n<meta property=\"og:locale\" content=\"pt_BR\" \/>\n<meta property=\"og:type\" content=\"article\" \/>\n<meta property=\"og:title\" content=\"Dominicanos celebram com os franciscanos - Not\u00edcias - Franciscanos\" \/>\n<meta property=\"og:description\" content=\"S\u00e3o Francisco\" \/>\n<meta property=\"og:url\" content=\"https:\/\/franciscanos.org.br\/noticias\/dominicanos-celebram-sao-francisco-com-os-franciscanos.html\" \/>\n<meta property=\"og:site_name\" content=\"Not\u00edcias - Franciscanos\" \/>\n<meta property=\"article:published_time\" content=\"2013-10-04T19:29:18+00:00\" \/>\n<meta property=\"article:modified_time\" content=\"2020-11-11T13:43:40+00:00\" \/>\n<meta property=\"og:image\" content=\"https:\/\/franciscanos.org.br\/noticias\/wp-content\/uploads\/2013\/10\/alto1.jpg\" \/>\n\t<meta property=\"og:image:width\" content=\"273\" \/>\n\t<meta property=\"og:image:height\" content=\"181\" \/>\n\t<meta property=\"og:image:type\" content=\"image\/jpeg\" \/>\n<meta name=\"author\" content=\"admin\" \/>\n<meta name=\"twitter:card\" content=\"summary_large_image\" \/>\n<meta name=\"twitter:label1\" content=\"Escrito por\" \/>\n\t<meta name=\"twitter:data1\" content=\"admin\" \/>\n\t<meta name=\"twitter:label2\" content=\"Est. tempo de leitura\" \/>\n\t<meta name=\"twitter:data2\" content=\"4 minutos\" \/>\n<script type=\"application\/ld+json\" class=\"yoast-schema-graph\">{\"@context\":\"https:\/\/schema.org\",\"@graph\":[{\"@type\":\"WebSite\",\"@id\":\"https:\/\/franciscanos.org.br\/noticias\/#website\",\"url\":\"https:\/\/franciscanos.org.br\/noticias\/\",\"name\":\"Not\u00edcias - Franciscanos\",\"description\":\"Prov\u00edncia Franciscana da Imaculada Concei\u00e7\u00e3o do Brasil - Ordem dos Frades Menores - OFM\",\"potentialAction\":[{\"@type\":\"SearchAction\",\"target\":{\"@type\":\"EntryPoint\",\"urlTemplate\":\"https:\/\/franciscanos.org.br\/noticias\/?s={search_term_string}\"},\"query-input\":\"required name=search_term_string\"}],\"inLanguage\":\"pt-BR\"},{\"@type\":\"ImageObject\",\"inLanguage\":\"pt-BR\",\"@id\":\"https:\/\/franciscanos.org.br\/noticias\/dominicanos-celebram-sao-francisco-com-os-franciscanos.html#primaryimage\",\"url\":\"https:\/\/franciscanos.org.br\/noticias\/wp-content\/uploads\/2013\/10\/alto1.jpg\",\"contentUrl\":\"https:\/\/franciscanos.org.br\/noticias\/wp-content\/uploads\/2013\/10\/alto1.jpg\",\"width\":273,\"height\":181},{\"@type\":\"WebPage\",\"@id\":\"https:\/\/franciscanos.org.br\/noticias\/dominicanos-celebram-sao-francisco-com-os-franciscanos.html#webpage\",\"url\":\"https:\/\/franciscanos.org.br\/noticias\/dominicanos-celebram-sao-francisco-com-os-franciscanos.html\",\"name\":\"Dominicanos celebram com os franciscanos - Not\u00edcias - Franciscanos\",\"isPartOf\":{\"@id\":\"https:\/\/franciscanos.org.br\/noticias\/#website\"},\"primaryImageOfPage\":{\"@id\":\"https:\/\/franciscanos.org.br\/noticias\/dominicanos-celebram-sao-francisco-com-os-franciscanos.html#primaryimage\"},\"datePublished\":\"2013-10-04T19:29:18+00:00\",\"dateModified\":\"2020-11-11T13:43:40+00:00\",\"author\":{\"@id\":\"https:\/\/franciscanos.org.br\/noticias\/#\/schema\/person\/b38fbf43118f02820bd932f2e4b14ad3\"},\"breadcrumb\":{\"@id\":\"https:\/\/franciscanos.org.br\/noticias\/dominicanos-celebram-sao-francisco-com-os-franciscanos.html#breadcrumb\"},\"inLanguage\":\"pt-BR\",\"potentialAction\":[{\"@type\":\"ReadAction\",\"target\":[\"https:\/\/franciscanos.org.br\/noticias\/dominicanos-celebram-sao-francisco-com-os-franciscanos.html\"]}]},{\"@type\":\"BreadcrumbList\",\"@id\":\"https:\/\/franciscanos.org.br\/noticias\/dominicanos-celebram-sao-francisco-com-os-franciscanos.html#breadcrumb\",\"itemListElement\":[{\"@type\":\"ListItem\",\"position\":1,\"name\":\"Home\",\"item\":\"https:\/\/franciscanos.org.br\/noticias\"},{\"@type\":\"ListItem\",\"position\":2,\"name\":\"Dominicanos celebram com os franciscanos\"}]},{\"@type\":\"Person\",\"@id\":\"https:\/\/franciscanos.org.br\/noticias\/#\/schema\/person\/b38fbf43118f02820bd932f2e4b14ad3\",\"name\":\"admin\",\"image\":{\"@type\":\"ImageObject\",\"inLanguage\":\"pt-BR\",\"@id\":\"https:\/\/franciscanos.org.br\/noticias\/#\/schema\/person\/image\/\",\"url\":\"https:\/\/secure.gravatar.com\/avatar\/e8495742d34d0ba6448ea1c628263b3e?s=96&d=mm&r=g\",\"contentUrl\":\"https:\/\/secure.gravatar.com\/avatar\/e8495742d34d0ba6448ea1c628263b3e?s=96&d=mm&r=g\",\"caption\":\"admin\"},\"url\":\"https:\/\/franciscanos.org.br\/noticias\/author\/admin\"}]}<\/script>\n<!-- \/ Yoast SEO plugin. -->","yoast_head_json":{"title":"Dominicanos celebram com os franciscanos - Not\u00edcias - Franciscanos","robots":{"index":"index","follow":"follow","max-snippet":"max-snippet:-1","max-image-preview":"max-image-preview:large","max-video-preview":"max-video-preview:-1"},"canonical":"https:\/\/franciscanos.org.br\/noticias\/dominicanos-celebram-sao-francisco-com-os-franciscanos.html","og_locale":"pt_BR","og_type":"article","og_title":"Dominicanos celebram com os franciscanos - Not\u00edcias - Franciscanos","og_description":"S\u00e3o Francisco","og_url":"https:\/\/franciscanos.org.br\/noticias\/dominicanos-celebram-sao-francisco-com-os-franciscanos.html","og_site_name":"Not\u00edcias - Franciscanos","article_published_time":"2013-10-04T19:29:18+00:00","article_modified_time":"2020-11-11T13:43:40+00:00","og_image":[{"width":273,"height":181,"url":"https:\/\/franciscanos.org.br\/noticias\/wp-content\/uploads\/2013\/10\/alto1.jpg","type":"image\/jpeg"}],"author":"admin","twitter_card":"summary_large_image","twitter_misc":{"Escrito por":"admin","Est. tempo de leitura":"4 minutos"},"schema":{"@context":"https:\/\/schema.org","@graph":[{"@type":"WebSite","@id":"https:\/\/franciscanos.org.br\/noticias\/#website","url":"https:\/\/franciscanos.org.br\/noticias\/","name":"Not\u00edcias - Franciscanos","description":"Prov\u00edncia Franciscana da Imaculada Concei\u00e7\u00e3o do Brasil - Ordem dos Frades Menores - OFM","potentialAction":[{"@type":"SearchAction","target":{"@type":"EntryPoint","urlTemplate":"https:\/\/franciscanos.org.br\/noticias\/?s={search_term_string}"},"query-input":"required name=search_term_string"}],"inLanguage":"pt-BR"},{"@type":"ImageObject","inLanguage":"pt-BR","@id":"https:\/\/franciscanos.org.br\/noticias\/dominicanos-celebram-sao-francisco-com-os-franciscanos.html#primaryimage","url":"https:\/\/franciscanos.org.br\/noticias\/wp-content\/uploads\/2013\/10\/alto1.jpg","contentUrl":"https:\/\/franciscanos.org.br\/noticias\/wp-content\/uploads\/2013\/10\/alto1.jpg","width":273,"height":181},{"@type":"WebPage","@id":"https:\/\/franciscanos.org.br\/noticias\/dominicanos-celebram-sao-francisco-com-os-franciscanos.html#webpage","url":"https:\/\/franciscanos.org.br\/noticias\/dominicanos-celebram-sao-francisco-com-os-franciscanos.html","name":"Dominicanos celebram com os franciscanos - Not\u00edcias - Franciscanos","isPartOf":{"@id":"https:\/\/franciscanos.org.br\/noticias\/#website"},"primaryImageOfPage":{"@id":"https:\/\/franciscanos.org.br\/noticias\/dominicanos-celebram-sao-francisco-com-os-franciscanos.html#primaryimage"},"datePublished":"2013-10-04T19:29:18+00:00","dateModified":"2020-11-11T13:43:40+00:00","author":{"@id":"https:\/\/franciscanos.org.br\/noticias\/#\/schema\/person\/b38fbf43118f02820bd932f2e4b14ad3"},"breadcrumb":{"@id":"https:\/\/franciscanos.org.br\/noticias\/dominicanos-celebram-sao-francisco-com-os-franciscanos.html#breadcrumb"},"inLanguage":"pt-BR","potentialAction":[{"@type":"ReadAction","target":["https:\/\/franciscanos.org.br\/noticias\/dominicanos-celebram-sao-francisco-com-os-franciscanos.html"]}]},{"@type":"BreadcrumbList","@id":"https:\/\/franciscanos.org.br\/noticias\/dominicanos-celebram-sao-francisco-com-os-franciscanos.html#breadcrumb","itemListElement":[{"@type":"ListItem","position":1,"name":"Home","item":"https:\/\/franciscanos.org.br\/noticias"},{"@type":"ListItem","position":2,"name":"Dominicanos celebram com os franciscanos"}]},{"@type":"Person","@id":"https:\/\/franciscanos.org.br\/noticias\/#\/schema\/person\/b38fbf43118f02820bd932f2e4b14ad3","name":"admin","image":{"@type":"ImageObject","inLanguage":"pt-BR","@id":"https:\/\/franciscanos.org.br\/noticias\/#\/schema\/person\/image\/","url":"https:\/\/secure.gravatar.com\/avatar\/e8495742d34d0ba6448ea1c628263b3e?s=96&d=mm&r=g","contentUrl":"https:\/\/secure.gravatar.com\/avatar\/e8495742d34d0ba6448ea1c628263b3e?s=96&d=mm&r=g","caption":"admin"},"url":"https:\/\/franciscanos.org.br\/noticias\/author\/admin"}]}},"_links":{"self":[{"href":"https:\/\/franciscanos.org.br\/noticias\/wp-json\/wp\/v2\/posts\/46471"}],"collection":[{"href":"https:\/\/franciscanos.org.br\/noticias\/wp-json\/wp\/v2\/posts"}],"about":[{"href":"https:\/\/franciscanos.org.br\/noticias\/wp-json\/wp\/v2\/types\/post"}],"author":[{"embeddable":true,"href":"https:\/\/franciscanos.org.br\/noticias\/wp-json\/wp\/v2\/users\/1"}],"replies":[{"embeddable":true,"href":"https:\/\/franciscanos.org.br\/noticias\/wp-json\/wp\/v2\/comments?post=46471"}],"version-history":[{"count":1,"href":"https:\/\/franciscanos.org.br\/noticias\/wp-json\/wp\/v2\/posts\/46471\/revisions"}],"predecessor-version":[{"id":229288,"href":"https:\/\/franciscanos.org.br\/noticias\/wp-json\/wp\/v2\/posts\/46471\/revisions\/229288"}],"wp:featuredmedia":[{"embeddable":true,"href":"https:\/\/franciscanos.org.br\/noticias\/wp-json\/wp\/v2\/media\/217527"}],"wp:attachment":[{"href":"https:\/\/franciscanos.org.br\/noticias\/wp-json\/wp\/v2\/media?parent=46471"}],"wp:term":[{"taxonomy":"category","embeddable":true,"href":"https:\/\/franciscanos.org.br\/noticias\/wp-json\/wp\/v2\/categories?post=46471"},{"taxonomy":"post_tag","embeddable":true,"href":"https:\/\/franciscanos.org.br\/noticias\/wp-json\/wp\/v2\/tags?post=46471"}],"curies":[{"name":"wp","href":"https:\/\/api.w.org\/{rel}","templated":true}]}}