{"id":46408,"date":"2013-10-03T09:50:39","date_gmt":"2013-10-03T12:50:39","guid":{"rendered":"http:\/\/new.franciscanos.org.br\/?p=46408"},"modified":"2020-06-10T19:35:26","modified_gmt":"2020-06-10T22:35:26","slug":"mais-de-90-mortos-em-lampedusa-vergonha-afirma-francisco","status":"publish","type":"post","link":"https:\/\/franciscanos.org.br\/noticias\/mais-de-90-mortos-em-lampedusa-vergonha-afirma-francisco.html","title":{"rendered":"Mais de 90 mortos em Lampedusa. &#8220;Vergonha&#8221;, afirma Francisco"},"content":{"rendered":"<p><strong><img loading=\"lazy\" class=\"size-full wp-image-46410 alignright\" src=\"http:\/\/franciscanos.org.br\/wp-content\/uploads\/2013\/10\/02.jpg\" alt=\"02\" width=\"460\" height=\"259\" \/>Cidade do Vaticano (RV) \u2013<\/strong> Vergonha: assim o Papa definiu a trag\u00e9dia ocorrida esta manh\u00e3 na ilha de Lampedusa, que matou pelo menos 90 migrantes.<\/p>\n<p>N\u00e3o posso n\u00e3o recordar com grande dor as numerosas v\u00edtimas do en\u00e9simo tr\u00e1gico naufr\u00e1gio ocorrido hoje no largo de Lampedusa. Vem-me a palavra \u201cvergonha\u201d. Rezemos a Deus por quem perdeu a vida e unamos os nossos esfor\u00e7os para que n\u00e3o se repitam trag\u00e9dias semelhantes. Somente uma colabora\u00e7\u00e3o firme de todos pode ajudar a preveni-las.<\/p>\n<p>Uma embarca\u00e7\u00e3o com 500 refugiados, entre eles 30 crian\u00e7as, pegou fogo e naufragou. A pol\u00edcia ainda est\u00e1 trabalhando para recuperar os mortos. Os migrantes eram eritreus e somalis.<\/p>\n<p>As palavras do Pont\u00edfice foram pronunciadas ao final da audi\u00eancia, no Vaticano, aos participantes do Congresso organizado para comemorar os 50 anos da Enc\u00edclica Pacem in terris, promulgada pelo Beato Jo\u00e3o XXIII em 11 de abril de 1963.<\/p>\n<p>Segundo o Pont\u00edfice, as trag\u00e9dias como as de Lampedusa ocorrem porque o mundo ainda \u00e9 marcado pelo mesmo esp\u00edrito que predominava quando a Enc\u00edclica foi publicada, no \u00e1pice da guerra fria:<\/p>\n<p><img loading=\"lazy\" class=\"size-full wp-image-46411 alignleft\" src=\"http:\/\/franciscanos.org.br\/wp-content\/uploads\/2013\/10\/03.jpg\" alt=\"03\" width=\"460\" height=\"259\" \/>No final de 1962, a humanidade se encontrou \u00e0 beira de um conflito at\u00f4mico mundial, e o Papa fez um dram\u00e1tico apelo de paz. O di\u00e1logo que ent\u00e3o os blocos antagonistas empreenderam com muita dificuldade levou, durante o Pontificado de Jo\u00e3o Paulo II, \u00e0 supera\u00e7\u00e3o daquela fase. As sementes lan\u00e7adas pelo Beato Jo\u00e3o XXIII deram frutos. Todavia, n\u00e3o obstante a queda de muros e barreiras, o mundo continua a necessitar de paz e o chamado da Pacem in terris permanece fortemente atual.<\/p>\n<p>Como nos recorda a Enc\u00edclica, prosseguiu Francisco, o fundamento da constru\u00e7\u00e3o da paz consiste na origem divina do homem e da sociedade. Todos, portanto, s\u00e3o chamados a constru\u00edrem a paz atrav\u00e9s de dois caminhos: promover e praticar a justi\u00e7a; e contribuir, cada um segundo suas possibilidades, ao desenvolvimento humano integral, segundo a l\u00f3gica da solidariedade.<\/p>\n<p>Olhando para a nossa realidade atual, me pergunto se compreendemos esta li\u00e7\u00e3o da Pacem in terris. Pergunto-me se as palavras justi\u00e7a e solidariedade est\u00e3o somente no dicion\u00e1rio ou todos trabalham para que se tornem realidade. A Enc\u00edclica do Beato Jo\u00e3o XXIII nos recorda claramente que se n\u00e3o trabalharmos por uma sociedade mais justa e solid\u00e1ria e se n\u00e3o superarmos ego\u00edsmos e individualismos, n\u00e3o poder\u00e3o existir paz e harmonia verdadeiras.<\/p>\n<p>A paz duradoura, continuou o Papa, depende do fato de que todos possam ter acesso aos meios essenciais de subsist\u00eancia, como alimenta\u00e7\u00e3o, moradia, sa\u00fade e educa\u00e7\u00e3o. Garantir esses meios deve ser a prioridade de toda a\u00e7\u00e3o nacional e internacional. Em mat\u00e9rias pol\u00edticas, econ\u00f4micas e sociais, n\u00e3o \u00e9 o dogma que indica as solu\u00e7\u00f5es pr\u00e1ticas, mas o di\u00e1logo, a escuta, a paci\u00eancia e respeito pelo outro. O apelo \u00e0 paz de Jo\u00e3o XXIII, afirmou Francisco, tinha a finalidade de orientar o debate internacional segundo essas virtudes. E concluiu:<\/p>\n<p>A Pacem in terris tra\u00e7a uma linha que vai da paz a ser constru\u00edda no cora\u00e7\u00e3o dos homens a uma revis\u00e3o do nosso modelo de desenvolvimento e de a\u00e7\u00e3o em todos os n\u00edveis, para que o nosso mundo seja um mundo de paz. Passados 50 anos, pergunto-me se estamos dispostos a acolher este convite.<\/p>\n<h4><strong><img loading=\"lazy\" class=\"alignright size-full wp-image-46409\" src=\"http:\/\/franciscanos.org.br\/wp-content\/uploads\/2013\/10\/011.jpg\" alt=\"01\" width=\"464\" height=\"244\" \/>A via-sacra dos migrantes no Mediterr\u00e2neo<\/strong><\/h4>\n<p>Com um tu\u00edte, o Papa Francisco manifesta seu pesar pela morte de pelo menos 90 pessoas que tentavam desembarcar na It\u00e1lia. \u201cRezemos a Deus pelas v\u00edtimas do tr\u00e1gico naufr\u00e1gio no largo de Lampedusa.\u201d<\/p>\n<p>Uma embarca\u00e7\u00e3o com 500 refugiados pegou fogo e naufragou esta manh\u00e3. \u201cO mar est\u00e1 repleto de cad\u00e1veres. Esta situa\u00e7\u00e3o n\u00e3o pode continuar\u201d, declarou a prefeita de Lampedusa, Giusi Nicolini.<\/p>\n<p>O Papa Francisco manifestou in\u00fameras vezes sua preocupa\u00e7\u00e3o pela situa\u00e7\u00e3o de milhares de refugiados. Em julho, visitou essa mesma ilha onde, com frequ\u00eancia, se verificam trag\u00e9dias como a desta manh\u00e3. Em setembro, o Pont\u00edfice conheceu de perto o Centro Astalli, estrutura romana que acolhe migrantes, administrada pelos jesu\u00edtas.<\/p>\n<p>Ap\u00f3s a trag\u00e9dia desta manh\u00e3, o Presidente do Centro, Pe. Giovanni La Manna, divulgou um comunicado, em que escreve: \u201cChega de mortes no Mediterr\u00e2neo. Agora \u00e9 a hora de medidas extraordin\u00e1rias. Diante da en\u00e9sima trag\u00e9dia, a Comiss\u00e3o Europeia e os governos nacionais n\u00e3o podem permanecer inertes. O governo italiano deve pedir imediatamente \u00e0 Comiss\u00e3o Europeia a ativa\u00e7\u00e3o de canais humanit\u00e1rios seguros capazes de garantir \u00e0s v\u00edtimas de guerras e conflitos em andamento a prote\u00e7\u00e3o internacional\u201d.<\/p>\n<p>S\u00f3 esta semana, a costa italiana registrou outras duas tentativas de desembarque. Na segunda-feira, 13 pessoas morreram no naufr\u00e1gio perto da cidade de Scicli.<\/p>\n<p>Esta manh\u00e3, 117 migrantes s\u00edrios foram salvos nas proximidades de Siracusa, na Sic\u00edlia.<\/p>\n<hr \/>\n<p><em>Fonte: R\u00e1dio Vaticano<\/em><\/p>\n","protected":false},"excerpt":{"rendered":"<p>O drama dos migrantes e refugiados<\/p>\n","protected":false},"author":1,"featured_media":0,"comment_status":"closed","ping_status":"open","sticky":false,"template":"","format":"standard","meta":[],"categories":[1428],"tags":[1696],"acf":[],"yoast_head":"<!-- This site is optimized with the Yoast SEO plugin v19.2 - https:\/\/yoast.com\/wordpress\/plugins\/seo\/ -->\n<title>Mais de 90 mortos em Lampedusa. &quot;Vergonha&quot;, afirma Francisco - Not\u00edcias - Franciscanos<\/title>\n<meta name=\"robots\" content=\"index, follow, max-snippet:-1, max-image-preview:large, max-video-preview:-1\" \/>\n<link rel=\"canonical\" href=\"https:\/\/franciscanos.org.br\/noticias\/mais-de-90-mortos-em-lampedusa-vergonha-afirma-francisco.html\" \/>\n<meta property=\"og:locale\" content=\"pt_BR\" \/>\n<meta property=\"og:type\" content=\"article\" \/>\n<meta property=\"og:title\" content=\"Mais de 90 mortos em Lampedusa. &quot;Vergonha&quot;, afirma Francisco - Not\u00edcias - Franciscanos\" \/>\n<meta property=\"og:description\" content=\"O drama dos migrantes e refugiados\" \/>\n<meta property=\"og:url\" content=\"https:\/\/franciscanos.org.br\/noticias\/mais-de-90-mortos-em-lampedusa-vergonha-afirma-francisco.html\" \/>\n<meta property=\"og:site_name\" content=\"Not\u00edcias - Franciscanos\" \/>\n<meta property=\"article:published_time\" content=\"2013-10-03T12:50:39+00:00\" \/>\n<meta property=\"article:modified_time\" content=\"2020-06-10T22:35:26+00:00\" \/>\n<meta property=\"og:image\" content=\"http:\/\/franciscanos.org.br\/wp-content\/uploads\/2013\/10\/02.jpg\" \/>\n<meta name=\"author\" content=\"admin\" \/>\n<meta name=\"twitter:card\" content=\"summary_large_image\" \/>\n<meta name=\"twitter:label1\" content=\"Escrito por\" \/>\n\t<meta name=\"twitter:data1\" content=\"admin\" \/>\n\t<meta name=\"twitter:label2\" content=\"Est. tempo de leitura\" \/>\n\t<meta name=\"twitter:data2\" content=\"4 minutos\" \/>\n<script type=\"application\/ld+json\" class=\"yoast-schema-graph\">{\"@context\":\"https:\/\/schema.org\",\"@graph\":[{\"@type\":\"WebSite\",\"@id\":\"https:\/\/franciscanos.org.br\/noticias\/#website\",\"url\":\"https:\/\/franciscanos.org.br\/noticias\/\",\"name\":\"Not\u00edcias - Franciscanos\",\"description\":\"Prov\u00edncia Franciscana da Imaculada Concei\u00e7\u00e3o do Brasil - Ordem dos Frades Menores - OFM\",\"potentialAction\":[{\"@type\":\"SearchAction\",\"target\":{\"@type\":\"EntryPoint\",\"urlTemplate\":\"https:\/\/franciscanos.org.br\/noticias\/?s={search_term_string}\"},\"query-input\":\"required name=search_term_string\"}],\"inLanguage\":\"pt-BR\"},{\"@type\":\"ImageObject\",\"inLanguage\":\"pt-BR\",\"@id\":\"https:\/\/franciscanos.org.br\/noticias\/mais-de-90-mortos-em-lampedusa-vergonha-afirma-francisco.html#primaryimage\",\"url\":\"http:\/\/franciscanos.org.br\/wp-content\/uploads\/2013\/10\/02.jpg\",\"contentUrl\":\"http:\/\/franciscanos.org.br\/wp-content\/uploads\/2013\/10\/02.jpg\"},{\"@type\":\"WebPage\",\"@id\":\"https:\/\/franciscanos.org.br\/noticias\/mais-de-90-mortos-em-lampedusa-vergonha-afirma-francisco.html#webpage\",\"url\":\"https:\/\/franciscanos.org.br\/noticias\/mais-de-90-mortos-em-lampedusa-vergonha-afirma-francisco.html\",\"name\":\"Mais de 90 mortos em Lampedusa. \\\"Vergonha\\\", afirma Francisco - Not\u00edcias - Franciscanos\",\"isPartOf\":{\"@id\":\"https:\/\/franciscanos.org.br\/noticias\/#website\"},\"primaryImageOfPage\":{\"@id\":\"https:\/\/franciscanos.org.br\/noticias\/mais-de-90-mortos-em-lampedusa-vergonha-afirma-francisco.html#primaryimage\"},\"datePublished\":\"2013-10-03T12:50:39+00:00\",\"dateModified\":\"2020-06-10T22:35:26+00:00\",\"author\":{\"@id\":\"https:\/\/franciscanos.org.br\/noticias\/#\/schema\/person\/b38fbf43118f02820bd932f2e4b14ad3\"},\"breadcrumb\":{\"@id\":\"https:\/\/franciscanos.org.br\/noticias\/mais-de-90-mortos-em-lampedusa-vergonha-afirma-francisco.html#breadcrumb\"},\"inLanguage\":\"pt-BR\",\"potentialAction\":[{\"@type\":\"ReadAction\",\"target\":[\"https:\/\/franciscanos.org.br\/noticias\/mais-de-90-mortos-em-lampedusa-vergonha-afirma-francisco.html\"]}]},{\"@type\":\"BreadcrumbList\",\"@id\":\"https:\/\/franciscanos.org.br\/noticias\/mais-de-90-mortos-em-lampedusa-vergonha-afirma-francisco.html#breadcrumb\",\"itemListElement\":[{\"@type\":\"ListItem\",\"position\":1,\"name\":\"Home\",\"item\":\"https:\/\/franciscanos.org.br\/noticias\"},{\"@type\":\"ListItem\",\"position\":2,\"name\":\"Mais de 90 mortos em Lampedusa. &#8220;Vergonha&#8221;, afirma Francisco\"}]},{\"@type\":\"Person\",\"@id\":\"https:\/\/franciscanos.org.br\/noticias\/#\/schema\/person\/b38fbf43118f02820bd932f2e4b14ad3\",\"name\":\"admin\",\"image\":{\"@type\":\"ImageObject\",\"inLanguage\":\"pt-BR\",\"@id\":\"https:\/\/franciscanos.org.br\/noticias\/#\/schema\/person\/image\/\",\"url\":\"https:\/\/secure.gravatar.com\/avatar\/e8495742d34d0ba6448ea1c628263b3e?s=96&d=mm&r=g\",\"contentUrl\":\"https:\/\/secure.gravatar.com\/avatar\/e8495742d34d0ba6448ea1c628263b3e?s=96&d=mm&r=g\",\"caption\":\"admin\"},\"url\":\"https:\/\/franciscanos.org.br\/noticias\/author\/admin\"}]}<\/script>\n<!-- \/ Yoast SEO plugin. -->","yoast_head_json":{"title":"Mais de 90 mortos em Lampedusa. \"Vergonha\", afirma Francisco - Not\u00edcias - Franciscanos","robots":{"index":"index","follow":"follow","max-snippet":"max-snippet:-1","max-image-preview":"max-image-preview:large","max-video-preview":"max-video-preview:-1"},"canonical":"https:\/\/franciscanos.org.br\/noticias\/mais-de-90-mortos-em-lampedusa-vergonha-afirma-francisco.html","og_locale":"pt_BR","og_type":"article","og_title":"Mais de 90 mortos em Lampedusa. \"Vergonha\", afirma Francisco - Not\u00edcias - Franciscanos","og_description":"O drama dos migrantes e refugiados","og_url":"https:\/\/franciscanos.org.br\/noticias\/mais-de-90-mortos-em-lampedusa-vergonha-afirma-francisco.html","og_site_name":"Not\u00edcias - Franciscanos","article_published_time":"2013-10-03T12:50:39+00:00","article_modified_time":"2020-06-10T22:35:26+00:00","og_image":[{"url":"http:\/\/franciscanos.org.br\/wp-content\/uploads\/2013\/10\/02.jpg"}],"author":"admin","twitter_card":"summary_large_image","twitter_misc":{"Escrito por":"admin","Est. tempo de leitura":"4 minutos"},"schema":{"@context":"https:\/\/schema.org","@graph":[{"@type":"WebSite","@id":"https:\/\/franciscanos.org.br\/noticias\/#website","url":"https:\/\/franciscanos.org.br\/noticias\/","name":"Not\u00edcias - Franciscanos","description":"Prov\u00edncia Franciscana da Imaculada Concei\u00e7\u00e3o do Brasil - Ordem dos Frades Menores - OFM","potentialAction":[{"@type":"SearchAction","target":{"@type":"EntryPoint","urlTemplate":"https:\/\/franciscanos.org.br\/noticias\/?s={search_term_string}"},"query-input":"required name=search_term_string"}],"inLanguage":"pt-BR"},{"@type":"ImageObject","inLanguage":"pt-BR","@id":"https:\/\/franciscanos.org.br\/noticias\/mais-de-90-mortos-em-lampedusa-vergonha-afirma-francisco.html#primaryimage","url":"http:\/\/franciscanos.org.br\/wp-content\/uploads\/2013\/10\/02.jpg","contentUrl":"http:\/\/franciscanos.org.br\/wp-content\/uploads\/2013\/10\/02.jpg"},{"@type":"WebPage","@id":"https:\/\/franciscanos.org.br\/noticias\/mais-de-90-mortos-em-lampedusa-vergonha-afirma-francisco.html#webpage","url":"https:\/\/franciscanos.org.br\/noticias\/mais-de-90-mortos-em-lampedusa-vergonha-afirma-francisco.html","name":"Mais de 90 mortos em Lampedusa. \"Vergonha\", afirma Francisco - Not\u00edcias - Franciscanos","isPartOf":{"@id":"https:\/\/franciscanos.org.br\/noticias\/#website"},"primaryImageOfPage":{"@id":"https:\/\/franciscanos.org.br\/noticias\/mais-de-90-mortos-em-lampedusa-vergonha-afirma-francisco.html#primaryimage"},"datePublished":"2013-10-03T12:50:39+00:00","dateModified":"2020-06-10T22:35:26+00:00","author":{"@id":"https:\/\/franciscanos.org.br\/noticias\/#\/schema\/person\/b38fbf43118f02820bd932f2e4b14ad3"},"breadcrumb":{"@id":"https:\/\/franciscanos.org.br\/noticias\/mais-de-90-mortos-em-lampedusa-vergonha-afirma-francisco.html#breadcrumb"},"inLanguage":"pt-BR","potentialAction":[{"@type":"ReadAction","target":["https:\/\/franciscanos.org.br\/noticias\/mais-de-90-mortos-em-lampedusa-vergonha-afirma-francisco.html"]}]},{"@type":"BreadcrumbList","@id":"https:\/\/franciscanos.org.br\/noticias\/mais-de-90-mortos-em-lampedusa-vergonha-afirma-francisco.html#breadcrumb","itemListElement":[{"@type":"ListItem","position":1,"name":"Home","item":"https:\/\/franciscanos.org.br\/noticias"},{"@type":"ListItem","position":2,"name":"Mais de 90 mortos em Lampedusa. &#8220;Vergonha&#8221;, afirma Francisco"}]},{"@type":"Person","@id":"https:\/\/franciscanos.org.br\/noticias\/#\/schema\/person\/b38fbf43118f02820bd932f2e4b14ad3","name":"admin","image":{"@type":"ImageObject","inLanguage":"pt-BR","@id":"https:\/\/franciscanos.org.br\/noticias\/#\/schema\/person\/image\/","url":"https:\/\/secure.gravatar.com\/avatar\/e8495742d34d0ba6448ea1c628263b3e?s=96&d=mm&r=g","contentUrl":"https:\/\/secure.gravatar.com\/avatar\/e8495742d34d0ba6448ea1c628263b3e?s=96&d=mm&r=g","caption":"admin"},"url":"https:\/\/franciscanos.org.br\/noticias\/author\/admin"}]}},"_links":{"self":[{"href":"https:\/\/franciscanos.org.br\/noticias\/wp-json\/wp\/v2\/posts\/46408"}],"collection":[{"href":"https:\/\/franciscanos.org.br\/noticias\/wp-json\/wp\/v2\/posts"}],"about":[{"href":"https:\/\/franciscanos.org.br\/noticias\/wp-json\/wp\/v2\/types\/post"}],"author":[{"embeddable":true,"href":"https:\/\/franciscanos.org.br\/noticias\/wp-json\/wp\/v2\/users\/1"}],"replies":[{"embeddable":true,"href":"https:\/\/franciscanos.org.br\/noticias\/wp-json\/wp\/v2\/comments?post=46408"}],"version-history":[{"count":1,"href":"https:\/\/franciscanos.org.br\/noticias\/wp-json\/wp\/v2\/posts\/46408\/revisions"}],"predecessor-version":[{"id":226282,"href":"https:\/\/franciscanos.org.br\/noticias\/wp-json\/wp\/v2\/posts\/46408\/revisions\/226282"}],"wp:attachment":[{"href":"https:\/\/franciscanos.org.br\/noticias\/wp-json\/wp\/v2\/media?parent=46408"}],"wp:term":[{"taxonomy":"category","embeddable":true,"href":"https:\/\/franciscanos.org.br\/noticias\/wp-json\/wp\/v2\/categories?post=46408"},{"taxonomy":"post_tag","embeddable":true,"href":"https:\/\/franciscanos.org.br\/noticias\/wp-json\/wp\/v2\/tags?post=46408"}],"curies":[{"name":"wp","href":"https:\/\/api.w.org\/{rel}","templated":true}]}}