{"id":46314,"date":"2013-10-01T10:55:12","date_gmt":"2013-10-01T13:55:12","guid":{"rendered":"http:\/\/new.franciscanos.org.br\/?p=46314"},"modified":"2020-01-30T10:36:35","modified_gmt":"2020-01-30T13:36:35","slug":"mensagem-do-ministro-geral-por-ocasiao-da-festa-de-sao-francisco-de-assis","status":"publish","type":"post","link":"https:\/\/franciscanos.org.br\/noticias\/mensagem-do-ministro-geral-por-ocasiao-da-festa-de-sao-francisco-de-assis.html","title":{"rendered":"Carta do Ministro Geral para a Festa de S\u00e3o Francisco"},"content":{"rendered":"<h4><strong><img loading=\"lazy\" class=\"alignright size-full wp-image-46316\" src=\"http:\/\/franciscanos.org.br\/wp-content\/uploads\/2013\/10\/Francis2013_POR_carta.jpg\" alt=\"Francis2013_POR_carta\" width=\"500\" height=\"751\" \/>Perseveremos na\u00a0verdadeira f\u00e9<\/strong><\/h4>\n<p><strong>Car\u00edssimos irm\u00e3os,<\/strong><\/p>\n<p><strong><i>O Senhor vos d\u00ea a paz!<\/i><\/strong><\/p>\n<p>Na solenidade de S\u00e3o Francisco queremos partilhar convosco a nossa vida e desejar-vos todo o bem em Deus, nosso Sumo Bem.<\/p>\n<p>Vivemos num tempo em que a mudan\u00e7a, muitas vezes utilizada como categoria para qualificar a nossa \u00e9poca, \u00e9 hoje vis\u00edvel tamb\u00e9m na Igreja e na Ordem dos Frades Menores.<\/p>\n<blockquote>\n<h4>\u00aba luz da f\u00e9 possui um\u00a0<span style=\"font-size: 1em;\">car\u00e1ter singular, sendo\u00a0<\/span><span style=\"font-size: 1em;\">capaz de iluminar toda a<br \/>\n<\/span><span style=\"font-size: 1em;\">exist\u00eancia humana\u00bb<br \/>\n<\/span><span style=\"font-size: 1em;\">(LF 4)<\/span><\/h4>\n<\/blockquote>\n<p>\u00c9 neste clima de novidade que a comunidade eclesial est\u00e1 vivendo o <i>Ano da \u00e9<\/i>, em coincid\u00eancia com o cinquenten\u00e1rio da abertura do <i>Conc\u00edlio Vaticano II<\/i>, e \u00e9 convidada a renovar-se por meio da <i>Nova Evangeliza\u00e7\u00e3o<\/i>, atrav\u00e9s do testemunho oferecido pela vida das pessoas de f\u00e9. Como escreve Papa Francisco na Enc\u00edclica <i>Lumen Fidei, <\/i>\u201c<i>urge recuperar o car\u00e1ter de luz que \u00e9 pr\u00f3prio da f\u00e9, pois, quando a sua chama se apaga, todas as outras luzes acabam tamb\u00e9m por perder o seu vigor. De fato, a luz da f\u00e9 possui um car\u00e1ter singular, sendo capaz de iluminar toda a exist\u00eancia humana<\/i>\u201d (LF 4).<\/p>\n<p>\u00c9 nosso desejo manter acesa <i>a luz da f\u00e9<\/i>, seguindo o exemplo de Francisco de Assis, para que seja o fundamento da nossa vida, a paix\u00e3o na miss\u00e3o e a l\u00e2mpada que \u201c<i>nos desvenda o caminho e acompanha os nossos passos na hist\u00f3ria<\/i>\u201d (LF -8)<\/p>\n<h4><b>Crer de verdade e humildemente<\/b><\/h4>\n<p>S\u00e3o Francisco, na Regra n\u00e3o bulada, exorta a permanecer na verdadeira f\u00e9: \u201c<i>humildemente rogamos e suplicamos para que perseveremos todos na verdadeira f\u00e9 e penit\u00eancia, porque de outra maneira ningu\u00e9m pode salvar-se<\/i>\u201d (<i>Rnb <\/i>23,7)<i>. <\/i>A experi\u00eancia de f\u00e9 do Santo de Assis permanece iluminadora para a nossa voca\u00e7\u00e3o franciscana e \u00e9 um impulso exemplar a fazer nosso o modo singular como ele viveu a experi\u00eancia de Deus Alt\u00edssimo, Trindade e Unidade, e o encontro pessoal com o Cristo pobre, humilde e crucificado, fazendo do Evangelho a Regra e vida dos Frades Menores.<\/p>\n<p>Na mesma <i>Regra n\u00e3o bulada<\/i>, no cap\u00edtulo XXIII, nos oferece uma admir\u00e1vel e profunda profiss\u00e3o de f\u00e9 eclesial em forma de a\u00e7\u00e3o de gra\u00e7as e de louvor. Tamb\u00e9m atrav\u00e9s dela Francisco nos convida a perseverar na f\u00e9 e a <i>crer de verdade e humildemente<\/i>. Tal f\u00e9, que se expressa no <i>honrar e adorar<\/i>, \u00e9 estreitamente ligada \u00e0 experi\u00eancia do <i>nada mais desejar, nada mais querer, nada mais agradar ou deleitar a n\u00e3o ser o nosso Criador, Redentor e Salvador, \u00fanico Deus verdadeiro&#8230;, o verdadeiro e sumo bem<\/i>.<\/p>\n<p>Para o Santo de Assis uma tal f\u00e9 encontra o seu fundamento na Palavra de Deus e na Eucaristia, isto \u00e9, na rela\u00e7\u00e3o com essas duas formas de presen\u00e7a do Ressuscitado. Francisco, quando escuta a Sagrada Escritura, a reconhece como dirigida a ele pessoalmente. Como Or\u00edgenes, que dizia que o Evangelho \u00e9 o Corpo de Cristo, assim Francisco tem uma percep\u00e7\u00e3o sacramental da Palavra de Deus. Para ele a Palavra \u00e9 pronunciada no presente atrav\u00e9s do sinal fr\u00e1gil das palavras humanas. Por isso, na carta <i>A toda a Ordem<\/i>, nos recorda o respeito e a <i>rever\u00eancia para com o Corpo do Senhor, al\u00e9m da venera\u00e7\u00e3o pela Sagrada Escritura <\/i>(cf. Ord 14-16; 34-37).<\/p>\n<p>O Ano da F\u00e9 nos convida a retornar a este <i>essencial <\/i>da f\u00e9 e da vida franciscana, que s\u00e3o a Palavra de Deus e a Eucaristia, com a consci\u00eancia\u00a0de que tal experi\u00eancia de encontro leva sempre<\/p>\n<blockquote>\n<h4>\u00abnada mais agradar ou deleitar<br \/>\n<span style=\"font-size: 1em;\">a n\u00e3o ser o nosso Criador, Redentor<br \/>\n<\/span><span style=\"font-size: 1em;\">e Salvador, \u00fanico Deus<br \/>\n<\/span><span style=\"font-size: 1em;\">verdadeiro&#8230;, o verdadeiro e<br \/>\n<\/span><span style=\"font-size: 1em;\">sumo bem.\u00bb (Rnb 23)<\/span><\/h4>\n<\/blockquote>\n<p>ao \u201csacramento do irm\u00e3o\u201d, aos mais pobres e \u00e0 evangeliza\u00e7\u00e3o qual an\u00fancio do Reino de Deus mediante o testemunho da vida e a palavra (cf. CCGG 89). Na espiritualidade eucar\u00edstica somos convidados a fazer mem\u00f3ria das origens da nossa voca\u00e7\u00e3o no encontro com Jesus Cristo e, atrav\u00e9s de um caminho de ora\u00e7\u00e3o, penit\u00eancia e convers\u00e3o, a \u201creencontrar o primeiro amor, a centelha inspiradora\u201d da qual nasceu o nosso seguimento (cf. RdC 22).<\/p>\n<h4><b>Senhor, a quem iremos?<\/b><\/h4>\n<p>Todos sabemos que a f\u00e9 crist\u00e3 n\u00e3o \u00e9 um aspecto central da cultura contempor\u00e2nea, e \u201c<i>acontece n\u00e3o raramente que os crist\u00e3os se preocupam mais pelas consequ\u00eancias sociais, culturais e pol\u00edticas do seu compromisso, pensando que a f\u00e9 seja um pressuposto \u00f3bvio no viver comum<\/i>\u201d (Pf 2). O nosso ambiente \u00e9 marcado por formas de indiferen\u00e7a religiosa, pela sedu\u00e7\u00e3o de um sagrado \u00e0 medida do homem. Esta realidade leva muitos homens e mulheres a um \u201ccrer\u201d sem perten\u00e7a, fechados na solid\u00e3o da pr\u00f3pria viv\u00eancia religiosa.<\/p>\n<p>Na f\u00e9 assume, assim, sempre maior import\u00e2ncia o aspecto da decis\u00e3o pessoal de aceitar o chamado a seguir Jesus Cristo, pondo a confian\u00e7a n\u2019Ele e nutrindo-se da sua Palavra. \u00c9 quanto p\u00f5e em evid\u00eancia tamb\u00e9m o Evangelho de Jo\u00e3o (Jo 6,60-70), quando apresenta os desafios da Palavra e faz emergir a dificuldade dos disc\u00edpulos diante das afirma\u00e7\u00f5es de Jesus: \u201c<i>as palavras que\u00a0<\/i><i>vos disse s\u00e3o esp\u00edrito e vida. Ma h\u00e1 alguns de v\u00f3s que n\u00e3o creem<\/i>\u201d (Jo 6,63-64). Tamb\u00e9m n\u00f3s, como tantos irm\u00e3os nossos e comunidades nossas, vivemos\u00a0problemas de f\u00e9.<\/p>\n<p>O Evangelho revela que alguns, embora pertencendo ao grupo de Jesus, vivem sem ter f\u00e9 em Jesus, fazendo oposi\u00e7\u00e3o ao seu esp\u00edrito e \u00e0 sua vida. De fato, a crise no interior da comunidade crist\u00e3 se joga sobre esta quest\u00e3o: crer ou n\u00e3o crer em Jesus. O fato que \u201c<i>a partir desse momento muitos de seus disc\u00edpulos voltaram atr\u00e1s e j\u00e1 n\u00e3o andavam com ele<\/i>\u201d (Jo 6,66) \u00e9 um modo para entender quem s\u00e3o os verdadeiros seguidores de Jesus.<\/p>\n<p>A escolha \u00e9 decisiva tanto para aqueles que voltam atr\u00e1s como para aqueles que permanecem com Ele. O grupo dos disc\u00edpulos, naquele tempo como hoje, se reduz e Jesus faz a pergunta \u00e0queles que permanecem: \u201c<i>tamb\u00e9m v\u00f3s quereis ir embora?<\/i>\u201d (Jo 6,67). A mesma pergunta \u00e9 dirigida hoje a n\u00f3s que permanecemos na Igreja, na Ordem: o que desejamos? Estamos convictos de permanecer para seguir Jesus e viver como Ele? O certo \u00e9 que n\u00e3o \u00e9 poss\u00edvel viver na ambiguidade, \u00e9 necess\u00e1rio perseverar de forma decidida. A resposta de Pedro \u00e9 exemplar: \u201c<i>Senhor, a quem iremos? S\u00f3 tu tens palavras de vida eterna<\/i>\u201d<\/p>\n<blockquote>\n<h4>\u00abSenhor, a quem iremos?<br \/>\nS\u00f3 tu tens palavras de vida<br \/>\neterna\u00bb ( Jo 6,68)<\/h4>\n<\/blockquote>\n<p>(Jo 6, 68). Aqueles que permanecem devem reconhec\u00ea-lo: \u201c<i>Tu tens palavras de vida eterna<\/i>\u00bb (Jo 6,68). Aqueles que permanecem devem faz\u00ea-lo unicamente por Jesus, para envolver-se e comprometer-se com Ele. Este \u00e9 o \u00fanico motivo para permanecer. Um dos servi\u00e7os que podemos oferecer \u00e0 sociedade \u00e9 colocar \u00e0 disposi\u00e7\u00e3o do homem e da mulher de hoje a pessoa de Jesus, ajudando-os a entrar sempre mais em contato com a Palavra de Jesus e sempre menos com as nossas.<\/p>\n<h4><b>N\u00f3s acreditamos<\/b><\/h4>\n<p>Car\u00edssimos Irm\u00e3os, encontramo-nos num momento de gra\u00e7a que nos impele a louvar com todo o nosso ser, como fez Francisco, o Deus Alt\u00edssimo dizendo: \u201c<i>Tu \u00e9s nossa f\u00e9<\/i>\u201d (LD,7). Estamos numa \u00e9poca prop\u00edcia para aprofundar a \u201cnossa f\u00e9\u201d em Deus e fazer a experi\u00eancia de confiar a Ele a nossa Vida Consagrada e a nossa miss\u00e3o, partilhada com os leigos, na Igreja e para o mundo, para que seja evidente que \u201c<i>n\u00f3s cremos e reconhecemos que tu \u00e9s o Consagrado de Deus<\/i>\u201d (Jo 6,69).<\/p>\n<p>Como pessoas de f\u00e9 e consagrados, n\u00e3o obstante as v\u00e1rias dificuldades em que nos encontramos, somos desafiados a responder \u00e0 pergunta de Jesus: \u201c<i>Quereis tamb\u00e9m v\u00f3s ir embora<\/i>\u201d (Jo 6,67). N\u00e3o podemos acostumar-nos a viver uma f\u00e9 \u00e0 medida dos pr\u00f3prios interesses e desejos. O Senhor Jesus renova o convite para colocar-nos em caminho, com fidelidade e perseveran\u00e7a, \u201c<i>para encontrar Aquele que n\u00e3o buscar\u00edamos se n\u00e3o tivesse j\u00e1 vindo ao encontro. Exatamente a este encontro a f\u00e9 nos convida e nos abre em plenitude<\/i>\u201d (Pf 10).<\/p>\n<p>O Senhor vem ao nosso encontro para nos ajudar a superar a amargura, a tenta\u00e7\u00e3o de fugir e de deixar a nossa Fraternidade, por nos sentirmos \u00a0cansados e desiludidos diante dos problemas institucionais, comunit\u00e1rios ou pessoais, e nos assegura que \u00ab<i>a vida na f\u00e9 \u00e9 a verdadeira fonte da nossa alegria e da nossa esperan\u00e7a, do nosso seguimento de Jesus Cristo e do nosso testemunho no mundo. A f\u00e9 \u00e9 a porta atrav\u00e9s da qual o Senhor entra em contato conosco, nos cura das nossas enfermidades, nos reconcilia e nos envia<\/i>\u00bb (cf. <i>Sfc <\/i>18).<\/p>\n<p>Com a ajuda e a ora\u00e7\u00e3o de Maria Sant\u00edssima, Rainha da Ordem, fa\u00e7amos a experi\u00eancia cotidiana fundamental do encontro com Deus que nos ama e sobre quem edificamos a nossa vida. Ao celebrar a solenidade de S\u00e3o Francisco de Assis vos convidamos a renovar a vossa f\u00e9: \u201c<i>Senhor, a quem iremos?<\/i>\u00bb (<i>Gv <\/i>6,68), \u00ab<i>Tu \u00e9s nossa f\u00e9<\/i>\u00bb (LD 7).<\/p>\n<p>Roma, 17 de setembro de 2013<br \/>\nFesta dos Estigmas de S\u00e3o Francisco<\/p>\n<p><strong>Os vossos irm\u00e3os do Definit\u00f3rio geral<\/strong><\/p>\n<p>Fr. Michael Anthony Perry, ofm <i>(Min. geral)<\/i><\/p>\n<p>Fr. Julio C\u00e9sar Bunader, ofm <i>(Vic. geral)<\/i><\/p>\n<p>Fr. Vincenzo Brocanelli, ofm <i>(Def. geral)<\/i><\/p>\n<p>Fr. Vicente-Emilio Felipe Tapia, ofm <i>(Def. geral)<\/i><\/p>\n<p>Fr. Nestor In\u00e1cio Schwerz, ofm <i>(Def. geral)<\/i><\/p>\n<p>Fr. Francis William Walter, ofm <i>(Def. geral)<\/i><\/p>\n<p>Fr. Roger Marchal, ofm <i>(Def. geral)<\/i><\/p>\n<p>Fr. Ernest Karol Siekierka, ofm <i>(Def. geral.)<\/i><\/p>\n<p>Fr. Paskalis Bruno Syukur, ofm <i>(Def. geral)<\/i><\/p>\n<p>Fr. Vincent Mduduzi Zungu, ofm <i>(Def. geral)<\/i><\/p>\n<p>Fr. Aidan McGrath, ofm <i>(Seg. geral)<\/i><b><\/b><\/p>\n","protected":false},"excerpt":{"rendered":"<p>OFM<\/p>\n","protected":false},"author":1,"featured_media":217171,"comment_status":"closed","ping_status":"open","sticky":false,"template":"","format":"standard","meta":[],"categories":[1],"tags":[],"acf":[],"yoast_head":"<!-- This site is optimized with the Yoast SEO plugin v19.2 - https:\/\/yoast.com\/wordpress\/plugins\/seo\/ -->\n<title>Carta do Ministro Geral para a Festa de S\u00e3o Francisco - Not\u00edcias - Franciscanos<\/title>\n<meta name=\"robots\" content=\"index, follow, max-snippet:-1, max-image-preview:large, max-video-preview:-1\" \/>\n<link rel=\"canonical\" href=\"https:\/\/franciscanos.org.br\/noticias\/mensagem-do-ministro-geral-por-ocasiao-da-festa-de-sao-francisco-de-assis.html\" \/>\n<meta property=\"og:locale\" content=\"pt_BR\" \/>\n<meta property=\"og:type\" content=\"article\" \/>\n<meta property=\"og:title\" content=\"Carta do Ministro Geral para a Festa de S\u00e3o Francisco - Not\u00edcias - Franciscanos\" \/>\n<meta property=\"og:description\" content=\"OFM\" \/>\n<meta property=\"og:url\" content=\"https:\/\/franciscanos.org.br\/noticias\/mensagem-do-ministro-geral-por-ocasiao-da-festa-de-sao-francisco-de-assis.html\" \/>\n<meta property=\"og:site_name\" content=\"Not\u00edcias - Franciscanos\" \/>\n<meta property=\"article:published_time\" content=\"2013-10-01T13:55:12+00:00\" \/>\n<meta property=\"article:modified_time\" content=\"2020-01-30T13:36:35+00:00\" \/>\n<meta property=\"og:image\" content=\"https:\/\/franciscanos.org.br\/noticias\/wp-content\/uploads\/2013\/10\/Francis2013_POR_carta.jpg\" \/>\n\t<meta property=\"og:image:width\" content=\"273\" \/>\n\t<meta property=\"og:image:height\" content=\"181\" \/>\n\t<meta property=\"og:image:type\" content=\"image\/jpeg\" \/>\n<meta name=\"author\" content=\"admin\" \/>\n<meta name=\"twitter:card\" content=\"summary_large_image\" \/>\n<meta name=\"twitter:label1\" content=\"Escrito por\" \/>\n\t<meta name=\"twitter:data1\" content=\"admin\" \/>\n\t<meta name=\"twitter:label2\" content=\"Est. tempo de leitura\" \/>\n\t<meta name=\"twitter:data2\" content=\"8 minutos\" \/>\n<script type=\"application\/ld+json\" class=\"yoast-schema-graph\">{\"@context\":\"https:\/\/schema.org\",\"@graph\":[{\"@type\":\"WebSite\",\"@id\":\"https:\/\/franciscanos.org.br\/noticias\/#website\",\"url\":\"https:\/\/franciscanos.org.br\/noticias\/\",\"name\":\"Not\u00edcias - Franciscanos\",\"description\":\"Prov\u00edncia Franciscana da Imaculada Concei\u00e7\u00e3o do Brasil - Ordem dos Frades Menores - OFM\",\"potentialAction\":[{\"@type\":\"SearchAction\",\"target\":{\"@type\":\"EntryPoint\",\"urlTemplate\":\"https:\/\/franciscanos.org.br\/noticias\/?s={search_term_string}\"},\"query-input\":\"required name=search_term_string\"}],\"inLanguage\":\"pt-BR\"},{\"@type\":\"ImageObject\",\"inLanguage\":\"pt-BR\",\"@id\":\"https:\/\/franciscanos.org.br\/noticias\/mensagem-do-ministro-geral-por-ocasiao-da-festa-de-sao-francisco-de-assis.html#primaryimage\",\"url\":\"https:\/\/franciscanos.org.br\/noticias\/wp-content\/uploads\/2013\/10\/Francis2013_POR_carta.jpg\",\"contentUrl\":\"https:\/\/franciscanos.org.br\/noticias\/wp-content\/uploads\/2013\/10\/Francis2013_POR_carta.jpg\",\"width\":273,\"height\":181},{\"@type\":\"WebPage\",\"@id\":\"https:\/\/franciscanos.org.br\/noticias\/mensagem-do-ministro-geral-por-ocasiao-da-festa-de-sao-francisco-de-assis.html#webpage\",\"url\":\"https:\/\/franciscanos.org.br\/noticias\/mensagem-do-ministro-geral-por-ocasiao-da-festa-de-sao-francisco-de-assis.html\",\"name\":\"Carta do Ministro Geral para a Festa de S\u00e3o Francisco - Not\u00edcias - Franciscanos\",\"isPartOf\":{\"@id\":\"https:\/\/franciscanos.org.br\/noticias\/#website\"},\"primaryImageOfPage\":{\"@id\":\"https:\/\/franciscanos.org.br\/noticias\/mensagem-do-ministro-geral-por-ocasiao-da-festa-de-sao-francisco-de-assis.html#primaryimage\"},\"datePublished\":\"2013-10-01T13:55:12+00:00\",\"dateModified\":\"2020-01-30T13:36:35+00:00\",\"author\":{\"@id\":\"https:\/\/franciscanos.org.br\/noticias\/#\/schema\/person\/b38fbf43118f02820bd932f2e4b14ad3\"},\"breadcrumb\":{\"@id\":\"https:\/\/franciscanos.org.br\/noticias\/mensagem-do-ministro-geral-por-ocasiao-da-festa-de-sao-francisco-de-assis.html#breadcrumb\"},\"inLanguage\":\"pt-BR\",\"potentialAction\":[{\"@type\":\"ReadAction\",\"target\":[\"https:\/\/franciscanos.org.br\/noticias\/mensagem-do-ministro-geral-por-ocasiao-da-festa-de-sao-francisco-de-assis.html\"]}]},{\"@type\":\"BreadcrumbList\",\"@id\":\"https:\/\/franciscanos.org.br\/noticias\/mensagem-do-ministro-geral-por-ocasiao-da-festa-de-sao-francisco-de-assis.html#breadcrumb\",\"itemListElement\":[{\"@type\":\"ListItem\",\"position\":1,\"name\":\"Home\",\"item\":\"https:\/\/franciscanos.org.br\/noticias\"},{\"@type\":\"ListItem\",\"position\":2,\"name\":\"Carta do Ministro Geral para a Festa de S\u00e3o Francisco\"}]},{\"@type\":\"Person\",\"@id\":\"https:\/\/franciscanos.org.br\/noticias\/#\/schema\/person\/b38fbf43118f02820bd932f2e4b14ad3\",\"name\":\"admin\",\"image\":{\"@type\":\"ImageObject\",\"inLanguage\":\"pt-BR\",\"@id\":\"https:\/\/franciscanos.org.br\/noticias\/#\/schema\/person\/image\/\",\"url\":\"https:\/\/secure.gravatar.com\/avatar\/e8495742d34d0ba6448ea1c628263b3e?s=96&d=mm&r=g\",\"contentUrl\":\"https:\/\/secure.gravatar.com\/avatar\/e8495742d34d0ba6448ea1c628263b3e?s=96&d=mm&r=g\",\"caption\":\"admin\"},\"url\":\"https:\/\/franciscanos.org.br\/noticias\/author\/admin\"}]}<\/script>\n<!-- \/ Yoast SEO plugin. -->","yoast_head_json":{"title":"Carta do Ministro Geral para a Festa de S\u00e3o Francisco - Not\u00edcias - Franciscanos","robots":{"index":"index","follow":"follow","max-snippet":"max-snippet:-1","max-image-preview":"max-image-preview:large","max-video-preview":"max-video-preview:-1"},"canonical":"https:\/\/franciscanos.org.br\/noticias\/mensagem-do-ministro-geral-por-ocasiao-da-festa-de-sao-francisco-de-assis.html","og_locale":"pt_BR","og_type":"article","og_title":"Carta do Ministro Geral para a Festa de S\u00e3o Francisco - Not\u00edcias - Franciscanos","og_description":"OFM","og_url":"https:\/\/franciscanos.org.br\/noticias\/mensagem-do-ministro-geral-por-ocasiao-da-festa-de-sao-francisco-de-assis.html","og_site_name":"Not\u00edcias - Franciscanos","article_published_time":"2013-10-01T13:55:12+00:00","article_modified_time":"2020-01-30T13:36:35+00:00","og_image":[{"width":273,"height":181,"url":"https:\/\/franciscanos.org.br\/noticias\/wp-content\/uploads\/2013\/10\/Francis2013_POR_carta.jpg","type":"image\/jpeg"}],"author":"admin","twitter_card":"summary_large_image","twitter_misc":{"Escrito por":"admin","Est. tempo de leitura":"8 minutos"},"schema":{"@context":"https:\/\/schema.org","@graph":[{"@type":"WebSite","@id":"https:\/\/franciscanos.org.br\/noticias\/#website","url":"https:\/\/franciscanos.org.br\/noticias\/","name":"Not\u00edcias - Franciscanos","description":"Prov\u00edncia Franciscana da Imaculada Concei\u00e7\u00e3o do Brasil - Ordem dos Frades Menores - OFM","potentialAction":[{"@type":"SearchAction","target":{"@type":"EntryPoint","urlTemplate":"https:\/\/franciscanos.org.br\/noticias\/?s={search_term_string}"},"query-input":"required name=search_term_string"}],"inLanguage":"pt-BR"},{"@type":"ImageObject","inLanguage":"pt-BR","@id":"https:\/\/franciscanos.org.br\/noticias\/mensagem-do-ministro-geral-por-ocasiao-da-festa-de-sao-francisco-de-assis.html#primaryimage","url":"https:\/\/franciscanos.org.br\/noticias\/wp-content\/uploads\/2013\/10\/Francis2013_POR_carta.jpg","contentUrl":"https:\/\/franciscanos.org.br\/noticias\/wp-content\/uploads\/2013\/10\/Francis2013_POR_carta.jpg","width":273,"height":181},{"@type":"WebPage","@id":"https:\/\/franciscanos.org.br\/noticias\/mensagem-do-ministro-geral-por-ocasiao-da-festa-de-sao-francisco-de-assis.html#webpage","url":"https:\/\/franciscanos.org.br\/noticias\/mensagem-do-ministro-geral-por-ocasiao-da-festa-de-sao-francisco-de-assis.html","name":"Carta do Ministro Geral para a Festa de S\u00e3o Francisco - Not\u00edcias - Franciscanos","isPartOf":{"@id":"https:\/\/franciscanos.org.br\/noticias\/#website"},"primaryImageOfPage":{"@id":"https:\/\/franciscanos.org.br\/noticias\/mensagem-do-ministro-geral-por-ocasiao-da-festa-de-sao-francisco-de-assis.html#primaryimage"},"datePublished":"2013-10-01T13:55:12+00:00","dateModified":"2020-01-30T13:36:35+00:00","author":{"@id":"https:\/\/franciscanos.org.br\/noticias\/#\/schema\/person\/b38fbf43118f02820bd932f2e4b14ad3"},"breadcrumb":{"@id":"https:\/\/franciscanos.org.br\/noticias\/mensagem-do-ministro-geral-por-ocasiao-da-festa-de-sao-francisco-de-assis.html#breadcrumb"},"inLanguage":"pt-BR","potentialAction":[{"@type":"ReadAction","target":["https:\/\/franciscanos.org.br\/noticias\/mensagem-do-ministro-geral-por-ocasiao-da-festa-de-sao-francisco-de-assis.html"]}]},{"@type":"BreadcrumbList","@id":"https:\/\/franciscanos.org.br\/noticias\/mensagem-do-ministro-geral-por-ocasiao-da-festa-de-sao-francisco-de-assis.html#breadcrumb","itemListElement":[{"@type":"ListItem","position":1,"name":"Home","item":"https:\/\/franciscanos.org.br\/noticias"},{"@type":"ListItem","position":2,"name":"Carta do Ministro Geral para a Festa de S\u00e3o Francisco"}]},{"@type":"Person","@id":"https:\/\/franciscanos.org.br\/noticias\/#\/schema\/person\/b38fbf43118f02820bd932f2e4b14ad3","name":"admin","image":{"@type":"ImageObject","inLanguage":"pt-BR","@id":"https:\/\/franciscanos.org.br\/noticias\/#\/schema\/person\/image\/","url":"https:\/\/secure.gravatar.com\/avatar\/e8495742d34d0ba6448ea1c628263b3e?s=96&d=mm&r=g","contentUrl":"https:\/\/secure.gravatar.com\/avatar\/e8495742d34d0ba6448ea1c628263b3e?s=96&d=mm&r=g","caption":"admin"},"url":"https:\/\/franciscanos.org.br\/noticias\/author\/admin"}]}},"_links":{"self":[{"href":"https:\/\/franciscanos.org.br\/noticias\/wp-json\/wp\/v2\/posts\/46314"}],"collection":[{"href":"https:\/\/franciscanos.org.br\/noticias\/wp-json\/wp\/v2\/posts"}],"about":[{"href":"https:\/\/franciscanos.org.br\/noticias\/wp-json\/wp\/v2\/types\/post"}],"author":[{"embeddable":true,"href":"https:\/\/franciscanos.org.br\/noticias\/wp-json\/wp\/v2\/users\/1"}],"replies":[{"embeddable":true,"href":"https:\/\/franciscanos.org.br\/noticias\/wp-json\/wp\/v2\/comments?post=46314"}],"version-history":[{"count":0,"href":"https:\/\/franciscanos.org.br\/noticias\/wp-json\/wp\/v2\/posts\/46314\/revisions"}],"wp:featuredmedia":[{"embeddable":true,"href":"https:\/\/franciscanos.org.br\/noticias\/wp-json\/wp\/v2\/media\/217171"}],"wp:attachment":[{"href":"https:\/\/franciscanos.org.br\/noticias\/wp-json\/wp\/v2\/media?parent=46314"}],"wp:term":[{"taxonomy":"category","embeddable":true,"href":"https:\/\/franciscanos.org.br\/noticias\/wp-json\/wp\/v2\/categories?post=46314"},{"taxonomy":"post_tag","embeddable":true,"href":"https:\/\/franciscanos.org.br\/noticias\/wp-json\/wp\/v2\/tags?post=46314"}],"curies":[{"name":"wp","href":"https:\/\/api.w.org\/{rel}","templated":true}]}}