{"id":45928,"date":"2013-09-25T10:06:03","date_gmt":"2013-09-25T13:06:03","guid":{"rendered":"http:\/\/new.franciscanos.org.br\/?p=45928"},"modified":"2020-11-11T10:39:20","modified_gmt":"2020-11-11T13:39:20","slug":"presidente-da-cfmb-e-nomeado-bispo-pelo-papa","status":"publish","type":"post","link":"https:\/\/franciscanos.org.br\/noticias\/presidente-da-cfmb-e-nomeado-bispo-pelo-papa.html","title":{"rendered":"Presidente da CFMB \u00e9 nomeado bispo pelo Papa Francisco"},"content":{"rendered":"<p><strong>Moacir Beggo<\/strong><\/p>\n<p><strong><img loading=\"lazy\" class=\"alignright size-full wp-image-229281\" src=\"https:\/\/franciscanos.org.br\/noticias\/wp-content\/uploads\/2013\/09\/inacio-1.jpg\" alt=\"\" width=\"400\" height=\"323\" srcset=\"https:\/\/franciscanos.org.br\/noticias\/wp-content\/uploads\/2013\/09\/inacio-1.jpg 400w, https:\/\/franciscanos.org.br\/noticias\/wp-content\/uploads\/2013\/09\/inacio-1-150x121.jpg 150w\" sizes=\"(max-width: 400px) 100vw, 400px\" \/>S\u00e3o Paulo (SP)<\/strong> &#8211; O presidente da Confer\u00eancia dos Frades Menores do Brasil e Ministro Provincial da Prov\u00edncia S\u00e3o Francisco de Assis (RS), Frei Frei Jo\u00e3o In\u00e1cio M\u00fcller, foi nomeado nesta quarta-feira (25\/9) bispo de Lorena, no Vale do Para\u00edba (SP). A nomea\u00e7\u00e3o pelo Papa Francisco ocorreu com a ren\u00fancia de Dom Benedito dos Santos, o atual bispo da Diocese.<\/p>\n<p>Frei Jo\u00e3o disse que j\u00e1 tinha sido avisado de sua nomea\u00e7\u00e3o, mas hoje, ao ser anunciado oficialmente, contou que ficou bastante emocionado. &#8220;\u00c9 uma emo\u00e7\u00e3o que n\u00e3o consigo descrever &#8220;, confessou. &#8220;A gente fica se perguntando o que Deus quer de mim? Mas Ele sabe o que faz. \u00c9 o Esp\u00edrito Santo que move a Igreja. Encaro este novo desafio na minha vida como um minist\u00e9rio e um servi\u00e7o \u00e0 Igreja e ao Papa, a quem devo obedi\u00eancia&#8221;, disse Frei Jo\u00e3o.<\/p>\n<p>Segundo o frade, todo desafio novo \u00e9 dif\u00edcil, mas tudo o que tem a fazer \u00e9 se lan\u00e7ar em miss\u00e3o. Frei Jo\u00e3o contou que n\u00e3o conhece a sua futura Diocese e ficou feliz de saber que est\u00e1 perto de uma das Fraternidades desta Prov\u00edncia. &#8220;N\u00e3o quero me separar de ningu\u00e9m. Vou continuar sendo um frade menor num novo minist\u00e9rio&#8221;, acrescentou.<\/p>\n<p>Frei Jo\u00e3o ainda n\u00e3o definiu a data de sua ordena\u00e7\u00e3o episcopal, mas acredita que dever\u00e1 acontecer em dezembro, antes do Natal, na sua cidade natal Lageado (RS). Com isso, sua posse dever\u00e1 acontecer em janeiro de 2014. \u00a0 Frei Jo\u00e3o \u00a0tem 53 anos e ingressou na Ordem dos Frades Menores em 1973, professando os votos religiosos em 1981. Recebeu a ordena\u00e7\u00e3o presbiteral em 1988, e trabalhou como animador vocacional e na forma\u00e7\u00e3o dos novos frades. Foi Mestre de Novi\u00e7os por sete anos e Definidor Provincial por nove anos.<\/p>\n<p>Atualmente, desde 2007, \u00e9 o ministro provincial dos Frades Menores no Rio Grande do Sul e, desde 2009, \u00e9 o presidente da Confer\u00eancia dos Frades Menores do Brasil. Ele tamb\u00e9m preside a Uni\u00e3o das Confer\u00eancias Latino-americanas e do Caribe desde 2010. O novo bispo possui mestrado em Teologia, com especializa\u00e7\u00e3o em Espiritualidade Franciscana, pelo Pontif\u00edcio Ateneo Antonianum de Roma.<\/p>\n<p>Com sua nomea\u00e7\u00e3o, assume a presid\u00eancia da CFMB o \u00a0vice-presidente Frei Fid\u00eancio Vanboemmel, que \u00e9 Ministro Provincial da Prov\u00edncia da Imaculada Concei\u00e7\u00e3o. O pr\u00f3ximo encontro dos provinciais da CFMB acontecer\u00e1 de 20 a 25 de outubro, em Santos Dumont (MG).<\/p>\n","protected":false},"excerpt":{"rendered":"<p>Bispo Franciscano<\/p>\n","protected":false},"author":1,"featured_media":217590,"comment_status":"closed","ping_status":"open","sticky":false,"template":"","format":"standard","meta":[],"categories":[1],"tags":[],"acf":[],"yoast_head":"<!-- This site is optimized with the Yoast SEO plugin v19.2 - https:\/\/yoast.com\/wordpress\/plugins\/seo\/ -->\n<title>Presidente da CFMB \u00e9 nomeado bispo pelo Papa Francisco - Not\u00edcias - Franciscanos<\/title>\n<meta name=\"robots\" content=\"index, follow, max-snippet:-1, max-image-preview:large, max-video-preview:-1\" \/>\n<link rel=\"canonical\" href=\"https:\/\/franciscanos.org.br\/noticias\/presidente-da-cfmb-e-nomeado-bispo-pelo-papa.html\" \/>\n<meta property=\"og:locale\" content=\"pt_BR\" \/>\n<meta property=\"og:type\" content=\"article\" \/>\n<meta property=\"og:title\" content=\"Presidente da CFMB \u00e9 nomeado bispo pelo Papa Francisco - Not\u00edcias - Franciscanos\" \/>\n<meta property=\"og:description\" content=\"Bispo Franciscano\" \/>\n<meta property=\"og:url\" content=\"https:\/\/franciscanos.org.br\/noticias\/presidente-da-cfmb-e-nomeado-bispo-pelo-papa.html\" \/>\n<meta property=\"og:site_name\" content=\"Not\u00edcias - Franciscanos\" \/>\n<meta property=\"article:published_time\" content=\"2013-09-25T13:06:03+00:00\" \/>\n<meta property=\"article:modified_time\" content=\"2020-11-11T13:39:20+00:00\" \/>\n<meta property=\"og:image\" content=\"https:\/\/franciscanos.org.br\/noticias\/wp-content\/uploads\/2013\/09\/inacio.jpg\" \/>\n\t<meta property=\"og:image:width\" content=\"273\" \/>\n\t<meta property=\"og:image:height\" content=\"181\" \/>\n\t<meta property=\"og:image:type\" content=\"image\/jpeg\" \/>\n<meta name=\"author\" content=\"admin\" \/>\n<meta name=\"twitter:card\" content=\"summary_large_image\" \/>\n<meta name=\"twitter:label1\" content=\"Escrito por\" \/>\n\t<meta name=\"twitter:data1\" content=\"admin\" \/>\n\t<meta name=\"twitter:label2\" content=\"Est. tempo de leitura\" \/>\n\t<meta name=\"twitter:data2\" content=\"2 minutos\" \/>\n<script type=\"application\/ld+json\" class=\"yoast-schema-graph\">{\"@context\":\"https:\/\/schema.org\",\"@graph\":[{\"@type\":\"WebSite\",\"@id\":\"https:\/\/franciscanos.org.br\/noticias\/#website\",\"url\":\"https:\/\/franciscanos.org.br\/noticias\/\",\"name\":\"Not\u00edcias - Franciscanos\",\"description\":\"Prov\u00edncia Franciscana da Imaculada Concei\u00e7\u00e3o do Brasil - Ordem dos Frades Menores - OFM\",\"potentialAction\":[{\"@type\":\"SearchAction\",\"target\":{\"@type\":\"EntryPoint\",\"urlTemplate\":\"https:\/\/franciscanos.org.br\/noticias\/?s={search_term_string}\"},\"query-input\":\"required name=search_term_string\"}],\"inLanguage\":\"pt-BR\"},{\"@type\":\"ImageObject\",\"inLanguage\":\"pt-BR\",\"@id\":\"https:\/\/franciscanos.org.br\/noticias\/presidente-da-cfmb-e-nomeado-bispo-pelo-papa.html#primaryimage\",\"url\":\"https:\/\/franciscanos.org.br\/noticias\/wp-content\/uploads\/2013\/09\/inacio.jpg\",\"contentUrl\":\"https:\/\/franciscanos.org.br\/noticias\/wp-content\/uploads\/2013\/09\/inacio.jpg\",\"width\":273,\"height\":181},{\"@type\":\"WebPage\",\"@id\":\"https:\/\/franciscanos.org.br\/noticias\/presidente-da-cfmb-e-nomeado-bispo-pelo-papa.html#webpage\",\"url\":\"https:\/\/franciscanos.org.br\/noticias\/presidente-da-cfmb-e-nomeado-bispo-pelo-papa.html\",\"name\":\"Presidente da CFMB \u00e9 nomeado bispo pelo Papa Francisco - Not\u00edcias - Franciscanos\",\"isPartOf\":{\"@id\":\"https:\/\/franciscanos.org.br\/noticias\/#website\"},\"primaryImageOfPage\":{\"@id\":\"https:\/\/franciscanos.org.br\/noticias\/presidente-da-cfmb-e-nomeado-bispo-pelo-papa.html#primaryimage\"},\"datePublished\":\"2013-09-25T13:06:03+00:00\",\"dateModified\":\"2020-11-11T13:39:20+00:00\",\"author\":{\"@id\":\"https:\/\/franciscanos.org.br\/noticias\/#\/schema\/person\/b38fbf43118f02820bd932f2e4b14ad3\"},\"breadcrumb\":{\"@id\":\"https:\/\/franciscanos.org.br\/noticias\/presidente-da-cfmb-e-nomeado-bispo-pelo-papa.html#breadcrumb\"},\"inLanguage\":\"pt-BR\",\"potentialAction\":[{\"@type\":\"ReadAction\",\"target\":[\"https:\/\/franciscanos.org.br\/noticias\/presidente-da-cfmb-e-nomeado-bispo-pelo-papa.html\"]}]},{\"@type\":\"BreadcrumbList\",\"@id\":\"https:\/\/franciscanos.org.br\/noticias\/presidente-da-cfmb-e-nomeado-bispo-pelo-papa.html#breadcrumb\",\"itemListElement\":[{\"@type\":\"ListItem\",\"position\":1,\"name\":\"Home\",\"item\":\"https:\/\/franciscanos.org.br\/noticias\"},{\"@type\":\"ListItem\",\"position\":2,\"name\":\"Presidente da CFMB \u00e9 nomeado bispo pelo Papa Francisco\"}]},{\"@type\":\"Person\",\"@id\":\"https:\/\/franciscanos.org.br\/noticias\/#\/schema\/person\/b38fbf43118f02820bd932f2e4b14ad3\",\"name\":\"admin\",\"image\":{\"@type\":\"ImageObject\",\"inLanguage\":\"pt-BR\",\"@id\":\"https:\/\/franciscanos.org.br\/noticias\/#\/schema\/person\/image\/\",\"url\":\"https:\/\/secure.gravatar.com\/avatar\/e8495742d34d0ba6448ea1c628263b3e?s=96&d=mm&r=g\",\"contentUrl\":\"https:\/\/secure.gravatar.com\/avatar\/e8495742d34d0ba6448ea1c628263b3e?s=96&d=mm&r=g\",\"caption\":\"admin\"},\"url\":\"https:\/\/franciscanos.org.br\/noticias\/author\/admin\"}]}<\/script>\n<!-- \/ Yoast SEO plugin. -->","yoast_head_json":{"title":"Presidente da CFMB \u00e9 nomeado bispo pelo Papa Francisco - Not\u00edcias - Franciscanos","robots":{"index":"index","follow":"follow","max-snippet":"max-snippet:-1","max-image-preview":"max-image-preview:large","max-video-preview":"max-video-preview:-1"},"canonical":"https:\/\/franciscanos.org.br\/noticias\/presidente-da-cfmb-e-nomeado-bispo-pelo-papa.html","og_locale":"pt_BR","og_type":"article","og_title":"Presidente da CFMB \u00e9 nomeado bispo pelo Papa Francisco - Not\u00edcias - Franciscanos","og_description":"Bispo Franciscano","og_url":"https:\/\/franciscanos.org.br\/noticias\/presidente-da-cfmb-e-nomeado-bispo-pelo-papa.html","og_site_name":"Not\u00edcias - Franciscanos","article_published_time":"2013-09-25T13:06:03+00:00","article_modified_time":"2020-11-11T13:39:20+00:00","og_image":[{"width":273,"height":181,"url":"https:\/\/franciscanos.org.br\/noticias\/wp-content\/uploads\/2013\/09\/inacio.jpg","type":"image\/jpeg"}],"author":"admin","twitter_card":"summary_large_image","twitter_misc":{"Escrito por":"admin","Est. tempo de leitura":"2 minutos"},"schema":{"@context":"https:\/\/schema.org","@graph":[{"@type":"WebSite","@id":"https:\/\/franciscanos.org.br\/noticias\/#website","url":"https:\/\/franciscanos.org.br\/noticias\/","name":"Not\u00edcias - Franciscanos","description":"Prov\u00edncia Franciscana da Imaculada Concei\u00e7\u00e3o do Brasil - Ordem dos Frades Menores - OFM","potentialAction":[{"@type":"SearchAction","target":{"@type":"EntryPoint","urlTemplate":"https:\/\/franciscanos.org.br\/noticias\/?s={search_term_string}"},"query-input":"required name=search_term_string"}],"inLanguage":"pt-BR"},{"@type":"ImageObject","inLanguage":"pt-BR","@id":"https:\/\/franciscanos.org.br\/noticias\/presidente-da-cfmb-e-nomeado-bispo-pelo-papa.html#primaryimage","url":"https:\/\/franciscanos.org.br\/noticias\/wp-content\/uploads\/2013\/09\/inacio.jpg","contentUrl":"https:\/\/franciscanos.org.br\/noticias\/wp-content\/uploads\/2013\/09\/inacio.jpg","width":273,"height":181},{"@type":"WebPage","@id":"https:\/\/franciscanos.org.br\/noticias\/presidente-da-cfmb-e-nomeado-bispo-pelo-papa.html#webpage","url":"https:\/\/franciscanos.org.br\/noticias\/presidente-da-cfmb-e-nomeado-bispo-pelo-papa.html","name":"Presidente da CFMB \u00e9 nomeado bispo pelo Papa Francisco - Not\u00edcias - Franciscanos","isPartOf":{"@id":"https:\/\/franciscanos.org.br\/noticias\/#website"},"primaryImageOfPage":{"@id":"https:\/\/franciscanos.org.br\/noticias\/presidente-da-cfmb-e-nomeado-bispo-pelo-papa.html#primaryimage"},"datePublished":"2013-09-25T13:06:03+00:00","dateModified":"2020-11-11T13:39:20+00:00","author":{"@id":"https:\/\/franciscanos.org.br\/noticias\/#\/schema\/person\/b38fbf43118f02820bd932f2e4b14ad3"},"breadcrumb":{"@id":"https:\/\/franciscanos.org.br\/noticias\/presidente-da-cfmb-e-nomeado-bispo-pelo-papa.html#breadcrumb"},"inLanguage":"pt-BR","potentialAction":[{"@type":"ReadAction","target":["https:\/\/franciscanos.org.br\/noticias\/presidente-da-cfmb-e-nomeado-bispo-pelo-papa.html"]}]},{"@type":"BreadcrumbList","@id":"https:\/\/franciscanos.org.br\/noticias\/presidente-da-cfmb-e-nomeado-bispo-pelo-papa.html#breadcrumb","itemListElement":[{"@type":"ListItem","position":1,"name":"Home","item":"https:\/\/franciscanos.org.br\/noticias"},{"@type":"ListItem","position":2,"name":"Presidente da CFMB \u00e9 nomeado bispo pelo Papa Francisco"}]},{"@type":"Person","@id":"https:\/\/franciscanos.org.br\/noticias\/#\/schema\/person\/b38fbf43118f02820bd932f2e4b14ad3","name":"admin","image":{"@type":"ImageObject","inLanguage":"pt-BR","@id":"https:\/\/franciscanos.org.br\/noticias\/#\/schema\/person\/image\/","url":"https:\/\/secure.gravatar.com\/avatar\/e8495742d34d0ba6448ea1c628263b3e?s=96&d=mm&r=g","contentUrl":"https:\/\/secure.gravatar.com\/avatar\/e8495742d34d0ba6448ea1c628263b3e?s=96&d=mm&r=g","caption":"admin"},"url":"https:\/\/franciscanos.org.br\/noticias\/author\/admin"}]}},"_links":{"self":[{"href":"https:\/\/franciscanos.org.br\/noticias\/wp-json\/wp\/v2\/posts\/45928"}],"collection":[{"href":"https:\/\/franciscanos.org.br\/noticias\/wp-json\/wp\/v2\/posts"}],"about":[{"href":"https:\/\/franciscanos.org.br\/noticias\/wp-json\/wp\/v2\/types\/post"}],"author":[{"embeddable":true,"href":"https:\/\/franciscanos.org.br\/noticias\/wp-json\/wp\/v2\/users\/1"}],"replies":[{"embeddable":true,"href":"https:\/\/franciscanos.org.br\/noticias\/wp-json\/wp\/v2\/comments?post=45928"}],"version-history":[{"count":2,"href":"https:\/\/franciscanos.org.br\/noticias\/wp-json\/wp\/v2\/posts\/45928\/revisions"}],"predecessor-version":[{"id":229282,"href":"https:\/\/franciscanos.org.br\/noticias\/wp-json\/wp\/v2\/posts\/45928\/revisions\/229282"}],"wp:featuredmedia":[{"embeddable":true,"href":"https:\/\/franciscanos.org.br\/noticias\/wp-json\/wp\/v2\/media\/217590"}],"wp:attachment":[{"href":"https:\/\/franciscanos.org.br\/noticias\/wp-json\/wp\/v2\/media?parent=45928"}],"wp:term":[{"taxonomy":"category","embeddable":true,"href":"https:\/\/franciscanos.org.br\/noticias\/wp-json\/wp\/v2\/categories?post=45928"},{"taxonomy":"post_tag","embeddable":true,"href":"https:\/\/franciscanos.org.br\/noticias\/wp-json\/wp\/v2\/tags?post=45928"}],"curies":[{"name":"wp","href":"https:\/\/api.w.org\/{rel}","templated":true}]}}