{"id":45906,"date":"2013-09-25T07:27:15","date_gmt":"2013-09-25T10:27:15","guid":{"rendered":"http:\/\/new.franciscanos.org.br\/?p=45906"},"modified":"2020-06-10T19:39:56","modified_gmt":"2020-06-10T22:39:56","slug":"o-cristao-morda-sua-lingua-antes-de-difamar","status":"publish","type":"post","link":"https:\/\/franciscanos.org.br\/noticias\/o-cristao-morda-sua-lingua-antes-de-difamar.html","title":{"rendered":"&#8220;O crist\u00e3o morda sua l\u00edngua antes de difamar&#8221;"},"content":{"rendered":"<p><strong><img loading=\"lazy\" class=\"alignright size-full wp-image-45907\" src=\"http:\/\/franciscanos.org.br\/wp-content\/uploads\/2013\/09\/papa_francisco.jpg\" alt=\"papa_francisco\" width=\"450\" height=\"288\" \/>Cidade do Vaticano \u2013<\/strong> Mais de 80 mil fi\u00e9is lotaram a Pra\u00e7a S. Pedro na manh\u00e3 desta quarta-feira para a Audi\u00eancia Geral com o Papa Francisco.<\/p>\n<p>Em sua catequese neste Ano da F\u00e9, o Pont\u00edfice falou da Igreja \u201cuna\u201d, como confessamos no Credo. Se olharmos para a Igreja Cat\u00f3lica no mundo, disse o Santo Padre, descobrimos que ela compreende quase 3.000 dioceses espalhadas em todos os continentes. Mesmo assim, milhares de comunidades cat\u00f3licas formam uma unidade \u2013 unidade na f\u00e9, na esperan\u00e7a, na caridade, nos Sacramentos e no Minist\u00e9rio.<\/p>\n<p>\u201cOnde quer que estejamos, mesmo na menor par\u00f3quia no \u00e2ngulo mais remoto desta Terra, h\u00e1 uma \u00fanica Igreja; n\u00f3s estamos em casa, somos uma fam\u00edlia, estamos entre irm\u00e3os e irm\u00e3s. E este \u00e9 um grande dom de Deus! A Igreja \u00e9 uma s\u00f3 para todos. N\u00e3o h\u00e1 uma Igreja para os europeus, uma para os africanos, uma para os americanos, uma para os asi\u00e1ticos, uma para quem vive na Oceania, mas \u00e9 a mesma em todos os lugares.\u201d<\/p>\n<p>Como exemplo dessa unidade, o Papa ent\u00e3o citou a Jornada Mundial da Juventude no Rio de Janeiro: \u201cNaquela multid\u00e3o sem fim de jovens na praia de Copacabana, ouviam-se falar tantas l\u00ednguas, se viam tantos rostos com tra\u00e7os diferentes, e mesmo assim havia uma profunda unidade, se formava uma \u00fanica Igreja\u201d.<\/p>\n<p>Devemos nos perguntar, disse ainda Francisco, se sentimos e vivemos esta unidade ou \u201cprivatizamos\u201d a Igreja para nosso grupo, nossa na\u00e7\u00e3o e nossos amigos. \u201cQuando ou\u00e7o falar de crist\u00e3os que sofrem no mundo, fico indiferente ou sinto-o como se sofresse um da minha fam\u00edlia? \u00c9 importante olhar para fora do pr\u00f3prio recinto, sentir-se Igreja, \u00fanica fam\u00edlia de Deus!\u201d<\/p>\n<p>\u00c0s vezes, constatou o Pont\u00edfice, surgem incompreens\u00f5es, conflitos, tens\u00f5es, divis\u00f5es que ferem a Igreja. \u201cSomos n\u00f3s a criar dilacera\u00e7\u00f5es! E se olharmos para as divis\u00f5es que ainda existem entre crist\u00e3os, cat\u00f3licos, ortodoxos, protestantes&#8230;.sentimos a fadiga de tornar plenamente vis\u00edvel esta unidade. \u00c9 preciso buscar, construir a comunh\u00e3o, educar-nos \u00e0 comunh\u00e3o, a superar incompreens\u00f5es e divis\u00f5es, come\u00e7ando pela fam\u00edlia, pelas realidades eclesiais, no di\u00e1logo ecum\u00eanico. O nosso mundo necessita de unidade, de reconcilia\u00e7\u00e3o, de comunh\u00e3o e a Igreja \u00e9 Casa de comunh\u00e3o. Antes de fazer intrigas, um crist\u00e3o deve morder a pr\u00f3pria l\u00edngua.\u201d<\/p>\n<p>A unidade da Igreja, por\u00e9m, n\u00e3o \u00e9 primariamente fruto do nosso esfor\u00e7o por vivermos de acordo e unidos; o motor desta unidade \u00e9 o Esp\u00edrito Santo, que faz a harmonia na diversidade.<\/p>\n<p>\u201cPor isso \u00e9 importante rezar\u201d, concluiu Francisco: \u201cPe\u00e7amos ao Senhor que nos fa\u00e7a cada vez mais unidos e jamais nos deixe ser instrumentos de divis\u00e3o. Como diz uma bela ora\u00e7\u00e3o franciscana, que levemos amor onde h\u00e1 \u00f3dio, o perd\u00e3o onde h\u00e1 ofensa, uni\u00e3o onde h\u00e1 disc\u00f3rdia\u201d.<\/p>\n<hr \/>\n<p><em>Fonte: R\u00e1dio Vaticano<\/em><\/p>\n","protected":false},"excerpt":{"rendered":"<p>Audi\u00eancia Geral<\/p>\n","protected":false},"author":1,"featured_media":217588,"comment_status":"closed","ping_status":"open","sticky":false,"template":"","format":"standard","meta":[],"categories":[1428],"tags":[487],"acf":[],"yoast_head":"<!-- This site is optimized with the Yoast SEO plugin v19.2 - https:\/\/yoast.com\/wordpress\/plugins\/seo\/ -->\n<title>&quot;O crist\u00e3o morda sua l\u00edngua antes de difamar&quot; - Not\u00edcias - Franciscanos<\/title>\n<meta name=\"robots\" content=\"index, follow, max-snippet:-1, max-image-preview:large, max-video-preview:-1\" \/>\n<link rel=\"canonical\" href=\"https:\/\/franciscanos.org.br\/noticias\/o-cristao-morda-sua-lingua-antes-de-difamar.html\" \/>\n<meta property=\"og:locale\" content=\"pt_BR\" \/>\n<meta property=\"og:type\" content=\"article\" \/>\n<meta property=\"og:title\" content=\"&quot;O crist\u00e3o morda sua l\u00edngua antes de difamar&quot; - Not\u00edcias - Franciscanos\" \/>\n<meta property=\"og:description\" content=\"Audi\u00eancia Geral\" \/>\n<meta property=\"og:url\" content=\"https:\/\/franciscanos.org.br\/noticias\/o-cristao-morda-sua-lingua-antes-de-difamar.html\" \/>\n<meta property=\"og:site_name\" content=\"Not\u00edcias - Franciscanos\" \/>\n<meta property=\"article:published_time\" content=\"2013-09-25T10:27:15+00:00\" \/>\n<meta property=\"article:modified_time\" content=\"2020-06-10T22:39:56+00:00\" \/>\n<meta property=\"og:image\" content=\"https:\/\/franciscanos.org.br\/noticias\/wp-content\/uploads\/2013\/09\/papa_francisco.jpg\" \/>\n\t<meta property=\"og:image:width\" content=\"273\" \/>\n\t<meta property=\"og:image:height\" content=\"181\" \/>\n\t<meta property=\"og:image:type\" content=\"image\/jpeg\" \/>\n<meta name=\"author\" content=\"admin\" \/>\n<meta name=\"twitter:card\" content=\"summary_large_image\" \/>\n<meta name=\"twitter:label1\" content=\"Escrito por\" \/>\n\t<meta name=\"twitter:data1\" content=\"admin\" \/>\n\t<meta name=\"twitter:label2\" content=\"Est. tempo de leitura\" \/>\n\t<meta name=\"twitter:data2\" content=\"2 minutos\" \/>\n<script type=\"application\/ld+json\" class=\"yoast-schema-graph\">{\"@context\":\"https:\/\/schema.org\",\"@graph\":[{\"@type\":\"WebSite\",\"@id\":\"https:\/\/franciscanos.org.br\/noticias\/#website\",\"url\":\"https:\/\/franciscanos.org.br\/noticias\/\",\"name\":\"Not\u00edcias - Franciscanos\",\"description\":\"Prov\u00edncia Franciscana da Imaculada Concei\u00e7\u00e3o do Brasil - Ordem dos Frades Menores - OFM\",\"potentialAction\":[{\"@type\":\"SearchAction\",\"target\":{\"@type\":\"EntryPoint\",\"urlTemplate\":\"https:\/\/franciscanos.org.br\/noticias\/?s={search_term_string}\"},\"query-input\":\"required name=search_term_string\"}],\"inLanguage\":\"pt-BR\"},{\"@type\":\"ImageObject\",\"inLanguage\":\"pt-BR\",\"@id\":\"https:\/\/franciscanos.org.br\/noticias\/o-cristao-morda-sua-lingua-antes-de-difamar.html#primaryimage\",\"url\":\"https:\/\/franciscanos.org.br\/noticias\/wp-content\/uploads\/2013\/09\/papa_francisco.jpg\",\"contentUrl\":\"https:\/\/franciscanos.org.br\/noticias\/wp-content\/uploads\/2013\/09\/papa_francisco.jpg\",\"width\":273,\"height\":181},{\"@type\":\"WebPage\",\"@id\":\"https:\/\/franciscanos.org.br\/noticias\/o-cristao-morda-sua-lingua-antes-de-difamar.html#webpage\",\"url\":\"https:\/\/franciscanos.org.br\/noticias\/o-cristao-morda-sua-lingua-antes-de-difamar.html\",\"name\":\"\\\"O crist\u00e3o morda sua l\u00edngua antes de difamar\\\" - Not\u00edcias - Franciscanos\",\"isPartOf\":{\"@id\":\"https:\/\/franciscanos.org.br\/noticias\/#website\"},\"primaryImageOfPage\":{\"@id\":\"https:\/\/franciscanos.org.br\/noticias\/o-cristao-morda-sua-lingua-antes-de-difamar.html#primaryimage\"},\"datePublished\":\"2013-09-25T10:27:15+00:00\",\"dateModified\":\"2020-06-10T22:39:56+00:00\",\"author\":{\"@id\":\"https:\/\/franciscanos.org.br\/noticias\/#\/schema\/person\/b38fbf43118f02820bd932f2e4b14ad3\"},\"breadcrumb\":{\"@id\":\"https:\/\/franciscanos.org.br\/noticias\/o-cristao-morda-sua-lingua-antes-de-difamar.html#breadcrumb\"},\"inLanguage\":\"pt-BR\",\"potentialAction\":[{\"@type\":\"ReadAction\",\"target\":[\"https:\/\/franciscanos.org.br\/noticias\/o-cristao-morda-sua-lingua-antes-de-difamar.html\"]}]},{\"@type\":\"BreadcrumbList\",\"@id\":\"https:\/\/franciscanos.org.br\/noticias\/o-cristao-morda-sua-lingua-antes-de-difamar.html#breadcrumb\",\"itemListElement\":[{\"@type\":\"ListItem\",\"position\":1,\"name\":\"Home\",\"item\":\"https:\/\/franciscanos.org.br\/noticias\"},{\"@type\":\"ListItem\",\"position\":2,\"name\":\"&#8220;O crist\u00e3o morda sua l\u00edngua antes de difamar&#8221;\"}]},{\"@type\":\"Person\",\"@id\":\"https:\/\/franciscanos.org.br\/noticias\/#\/schema\/person\/b38fbf43118f02820bd932f2e4b14ad3\",\"name\":\"admin\",\"image\":{\"@type\":\"ImageObject\",\"inLanguage\":\"pt-BR\",\"@id\":\"https:\/\/franciscanos.org.br\/noticias\/#\/schema\/person\/image\/\",\"url\":\"https:\/\/secure.gravatar.com\/avatar\/e8495742d34d0ba6448ea1c628263b3e?s=96&d=mm&r=g\",\"contentUrl\":\"https:\/\/secure.gravatar.com\/avatar\/e8495742d34d0ba6448ea1c628263b3e?s=96&d=mm&r=g\",\"caption\":\"admin\"},\"url\":\"https:\/\/franciscanos.org.br\/noticias\/author\/admin\"}]}<\/script>\n<!-- \/ Yoast SEO plugin. -->","yoast_head_json":{"title":"\"O crist\u00e3o morda sua l\u00edngua antes de difamar\" - Not\u00edcias - Franciscanos","robots":{"index":"index","follow":"follow","max-snippet":"max-snippet:-1","max-image-preview":"max-image-preview:large","max-video-preview":"max-video-preview:-1"},"canonical":"https:\/\/franciscanos.org.br\/noticias\/o-cristao-morda-sua-lingua-antes-de-difamar.html","og_locale":"pt_BR","og_type":"article","og_title":"\"O crist\u00e3o morda sua l\u00edngua antes de difamar\" - Not\u00edcias - Franciscanos","og_description":"Audi\u00eancia Geral","og_url":"https:\/\/franciscanos.org.br\/noticias\/o-cristao-morda-sua-lingua-antes-de-difamar.html","og_site_name":"Not\u00edcias - Franciscanos","article_published_time":"2013-09-25T10:27:15+00:00","article_modified_time":"2020-06-10T22:39:56+00:00","og_image":[{"width":273,"height":181,"url":"https:\/\/franciscanos.org.br\/noticias\/wp-content\/uploads\/2013\/09\/papa_francisco.jpg","type":"image\/jpeg"}],"author":"admin","twitter_card":"summary_large_image","twitter_misc":{"Escrito por":"admin","Est. tempo de leitura":"2 minutos"},"schema":{"@context":"https:\/\/schema.org","@graph":[{"@type":"WebSite","@id":"https:\/\/franciscanos.org.br\/noticias\/#website","url":"https:\/\/franciscanos.org.br\/noticias\/","name":"Not\u00edcias - Franciscanos","description":"Prov\u00edncia Franciscana da Imaculada Concei\u00e7\u00e3o do Brasil - Ordem dos Frades Menores - OFM","potentialAction":[{"@type":"SearchAction","target":{"@type":"EntryPoint","urlTemplate":"https:\/\/franciscanos.org.br\/noticias\/?s={search_term_string}"},"query-input":"required name=search_term_string"}],"inLanguage":"pt-BR"},{"@type":"ImageObject","inLanguage":"pt-BR","@id":"https:\/\/franciscanos.org.br\/noticias\/o-cristao-morda-sua-lingua-antes-de-difamar.html#primaryimage","url":"https:\/\/franciscanos.org.br\/noticias\/wp-content\/uploads\/2013\/09\/papa_francisco.jpg","contentUrl":"https:\/\/franciscanos.org.br\/noticias\/wp-content\/uploads\/2013\/09\/papa_francisco.jpg","width":273,"height":181},{"@type":"WebPage","@id":"https:\/\/franciscanos.org.br\/noticias\/o-cristao-morda-sua-lingua-antes-de-difamar.html#webpage","url":"https:\/\/franciscanos.org.br\/noticias\/o-cristao-morda-sua-lingua-antes-de-difamar.html","name":"\"O crist\u00e3o morda sua l\u00edngua antes de difamar\" - Not\u00edcias - Franciscanos","isPartOf":{"@id":"https:\/\/franciscanos.org.br\/noticias\/#website"},"primaryImageOfPage":{"@id":"https:\/\/franciscanos.org.br\/noticias\/o-cristao-morda-sua-lingua-antes-de-difamar.html#primaryimage"},"datePublished":"2013-09-25T10:27:15+00:00","dateModified":"2020-06-10T22:39:56+00:00","author":{"@id":"https:\/\/franciscanos.org.br\/noticias\/#\/schema\/person\/b38fbf43118f02820bd932f2e4b14ad3"},"breadcrumb":{"@id":"https:\/\/franciscanos.org.br\/noticias\/o-cristao-morda-sua-lingua-antes-de-difamar.html#breadcrumb"},"inLanguage":"pt-BR","potentialAction":[{"@type":"ReadAction","target":["https:\/\/franciscanos.org.br\/noticias\/o-cristao-morda-sua-lingua-antes-de-difamar.html"]}]},{"@type":"BreadcrumbList","@id":"https:\/\/franciscanos.org.br\/noticias\/o-cristao-morda-sua-lingua-antes-de-difamar.html#breadcrumb","itemListElement":[{"@type":"ListItem","position":1,"name":"Home","item":"https:\/\/franciscanos.org.br\/noticias"},{"@type":"ListItem","position":2,"name":"&#8220;O crist\u00e3o morda sua l\u00edngua antes de difamar&#8221;"}]},{"@type":"Person","@id":"https:\/\/franciscanos.org.br\/noticias\/#\/schema\/person\/b38fbf43118f02820bd932f2e4b14ad3","name":"admin","image":{"@type":"ImageObject","inLanguage":"pt-BR","@id":"https:\/\/franciscanos.org.br\/noticias\/#\/schema\/person\/image\/","url":"https:\/\/secure.gravatar.com\/avatar\/e8495742d34d0ba6448ea1c628263b3e?s=96&d=mm&r=g","contentUrl":"https:\/\/secure.gravatar.com\/avatar\/e8495742d34d0ba6448ea1c628263b3e?s=96&d=mm&r=g","caption":"admin"},"url":"https:\/\/franciscanos.org.br\/noticias\/author\/admin"}]}},"_links":{"self":[{"href":"https:\/\/franciscanos.org.br\/noticias\/wp-json\/wp\/v2\/posts\/45906"}],"collection":[{"href":"https:\/\/franciscanos.org.br\/noticias\/wp-json\/wp\/v2\/posts"}],"about":[{"href":"https:\/\/franciscanos.org.br\/noticias\/wp-json\/wp\/v2\/types\/post"}],"author":[{"embeddable":true,"href":"https:\/\/franciscanos.org.br\/noticias\/wp-json\/wp\/v2\/users\/1"}],"replies":[{"embeddable":true,"href":"https:\/\/franciscanos.org.br\/noticias\/wp-json\/wp\/v2\/comments?post=45906"}],"version-history":[{"count":1,"href":"https:\/\/franciscanos.org.br\/noticias\/wp-json\/wp\/v2\/posts\/45906\/revisions"}],"predecessor-version":[{"id":226287,"href":"https:\/\/franciscanos.org.br\/noticias\/wp-json\/wp\/v2\/posts\/45906\/revisions\/226287"}],"wp:featuredmedia":[{"embeddable":true,"href":"https:\/\/franciscanos.org.br\/noticias\/wp-json\/wp\/v2\/media\/217588"}],"wp:attachment":[{"href":"https:\/\/franciscanos.org.br\/noticias\/wp-json\/wp\/v2\/media?parent=45906"}],"wp:term":[{"taxonomy":"category","embeddable":true,"href":"https:\/\/franciscanos.org.br\/noticias\/wp-json\/wp\/v2\/categories?post=45906"},{"taxonomy":"post_tag","embeddable":true,"href":"https:\/\/franciscanos.org.br\/noticias\/wp-json\/wp\/v2\/tags?post=45906"}],"curies":[{"name":"wp","href":"https:\/\/api.w.org\/{rel}","templated":true}]}}