{"id":45870,"date":"2013-09-23T16:10:17","date_gmt":"2013-09-23T19:10:17","guid":{"rendered":"http:\/\/new.franciscanos.org.br\/?p=45870"},"modified":"2020-11-11T10:32:05","modified_gmt":"2020-11-11T13:32:05","slug":"benfeitores-se-encontram-no-convento-sao-francisco","status":"publish","type":"post","link":"https:\/\/franciscanos.org.br\/noticias\/benfeitores-se-encontram-no-convento-sao-francisco.html","title":{"rendered":"Benfeitores se encontram no Convento S\u00e3o Francisco"},"content":{"rendered":"<p><img loading=\"lazy\" src=\"http:\/\/franciscanos.org.br\/wp-content\/uploads\/2013\/09\/encontro_1_franciscanos.org_.br_.jpg\" alt=\"encontro_1_franciscanos.org.br\" width=\"830\" height=\"288\" \/><\/p>\n<p>Neste domingo, n\u00f3s benfeitores do Pr\u00f3-Voca\u00e7\u00f5es e Miss\u00f5es Franciscanas, de S\u00e3o Paulo e regi\u00e3o tivemos um dia diferente e muito especial, participamos de um encontro com mais ou menos 200 pessoas vindas de diversas partes da cidade. O objetivo era um momento de viv\u00eancia e de partilha, como uma grande fam\u00edlia.<\/p>\n<p>Como n\u00e3o podia ser diferente, nossa fam\u00edlia franciscana j\u00e1 chegou muito animada e acolhida pelos freis Alexandre Rohling (Xand\u00e3o) e Alvaci Mendes da Luz, tamb\u00e9m pelos vocacionados e funcion\u00e1rios do PVF.<\/p>\n<p>Frei Xand\u00e3o fez a acolhida com muita m\u00fasica e at\u00e9 \u201cdan\u00e7a\u201d \u201cbora farinhar minha gente\u201d, bem animado mesmo! Depois fizemos a ora\u00e7\u00e3o da manh\u00e3 e rezamos todos juntos de m\u00e3os dadas para darmos in\u00edcio as atividades.<\/p>\n<p>Frei Alvaci, nos contou um pouco da hist\u00f3ria dos franciscanos no Brasil e no mundo. Muito interessante a hist\u00f3ria do convento S\u00e3o Francisco desde sua funda\u00e7\u00e3o. O espa\u00e7o que est\u00e1vamos j\u00e1 foi um cinema: \u201cCine S\u00e3o Francisco\u201d, hoje Sal\u00e3o S\u00e3o Francisco, onde funciona o SEFRAS (Servi\u00e7o Franciscano de Solidariedade) \u2013 os frades com volunt\u00e1rios capacitados fazem trabalho de assist\u00eancia aos \u201cmoradores de rua\u201d de segunda a sexta &#8211; e ainda a EDUCAFRO. O frei falou que os franciscanos est\u00e3o no Brasil desde sua descoberta, pois na esquadra de Cabral j\u00e1 vieram alguns frades de Portugal. \u201cQuem nunca ouviu falar nas aulinhas de hist\u00f3ria sobre a 1\u00aa missa celebrada por Frei Henrique de Coimbra?\u201d Pois \u00e9 os franciscanos est\u00e3o em toda parte mesmo, marcando presen\u00e7a e fazendo hist\u00f3ria.<\/p>\n<p>Na sequ\u00eancia, assistimos um filme para ilustrar um pouco mais a hist\u00f3ria de S\u00e3o Francisco, da s\u00e9rie \u201cBrava Gente\u201d.<\/p>\n<p>Uma pausa para um cafezinho e momento para o abra\u00e7o nos amigos queridos que ao longo desses anos fazem mesmo parte dessa fam\u00edlia franciscana,\u00a0 e claro, sempre conhecendo gente que t\u00e1 chegando agora e que certamente ir\u00e3o ficar.<\/p>\n<p>Enfim, a Santa Missa &#8211; como n\u00e3o podia ser diferente, a nossa fam\u00edlia gosta muito de rezar e celebrar a vida \u2013 como diz o Frei Alvaci : \u201cEnt\u00e3o cora\u00e7\u00f5es ao alto\u201d , hora de elevar o cora\u00e7\u00e3o a Deus e juntos participar dessa festa de A\u00e7\u00e3o de Gra\u00e7as. O frei, na ora\u00e7\u00e3o Eucar\u00edstica, nos convidou para ficarmos todos em volta da mesa do altar e participarmos mais de pertinho desse momento t\u00e3o sublime onde Jesus se oferece como p\u00e3o e vinho para a nossa salva\u00e7\u00e3o. Foi lindo!<\/p>\n<p>Depois da alma alimentada, hora de alimentar o corpo e para isso os freis capricharam viu. Tudo feito com muito carinho e dedica\u00e7\u00e3o pela equipe, oh gente que sabe receber bem!<\/p>\n<p>Bom, enfim hora da despedida! Sempre nesse momento a gente costuma dizer: \u201cAt\u00e9 breve, at\u00e9 a pr\u00f3xima, at\u00e9 logo&#8230;\u201d Sim a gente precisa se encontrar o mais breve poss\u00edvel, pois essa gente tem \u201csaudades de ti Francisco\u201d, n\u00e3o d\u00e1 mais pra ser igual depois de voc\u00ea e como \u00e9 bom fazer parte dessa sua fam\u00edlia. Muito obrigado Francisco de Assis, muito obrigado meus\u00a0 irm\u00e3os Freis Alvaci e Xand\u00e3o. Deus seja louvado pelas suas vidas. Paz e bem!<\/p>\n","protected":false},"excerpt":{"rendered":"<p>PVF<\/p>\n","protected":false},"author":1,"featured_media":217582,"comment_status":"closed","ping_status":"open","sticky":false,"template":"","format":"standard","meta":[],"categories":[1],"tags":[312,40,254],"acf":[],"yoast_head":"<!-- This site is optimized with the Yoast SEO plugin v19.2 - https:\/\/yoast.com\/wordpress\/plugins\/seo\/ -->\n<title>Benfeitores se encontram no Convento S\u00e3o Francisco - Not\u00edcias - Franciscanos<\/title>\n<meta name=\"robots\" content=\"index, follow, max-snippet:-1, max-image-preview:large, max-video-preview:-1\" \/>\n<link rel=\"canonical\" href=\"https:\/\/franciscanos.org.br\/noticias\/benfeitores-se-encontram-no-convento-sao-francisco.html\" \/>\n<meta property=\"og:locale\" content=\"pt_BR\" \/>\n<meta property=\"og:type\" content=\"article\" \/>\n<meta property=\"og:title\" content=\"Benfeitores se encontram no Convento S\u00e3o Francisco - Not\u00edcias - Franciscanos\" \/>\n<meta property=\"og:description\" content=\"PVF\" \/>\n<meta property=\"og:url\" content=\"https:\/\/franciscanos.org.br\/noticias\/benfeitores-se-encontram-no-convento-sao-francisco.html\" \/>\n<meta property=\"og:site_name\" content=\"Not\u00edcias - Franciscanos\" \/>\n<meta property=\"article:published_time\" content=\"2013-09-23T19:10:17+00:00\" \/>\n<meta property=\"article:modified_time\" content=\"2020-11-11T13:32:05+00:00\" \/>\n<meta property=\"og:image\" content=\"https:\/\/franciscanos.org.br\/noticias\/wp-content\/uploads\/2013\/09\/encontro_1_franciscanos.org_.br_.jpg\" \/>\n\t<meta property=\"og:image:width\" content=\"273\" \/>\n\t<meta property=\"og:image:height\" content=\"181\" \/>\n\t<meta property=\"og:image:type\" content=\"image\/jpeg\" \/>\n<meta name=\"author\" content=\"admin\" \/>\n<meta name=\"twitter:card\" content=\"summary_large_image\" \/>\n<meta name=\"twitter:label1\" content=\"Escrito por\" \/>\n\t<meta name=\"twitter:data1\" content=\"admin\" \/>\n\t<meta name=\"twitter:label2\" content=\"Est. tempo de leitura\" \/>\n\t<meta name=\"twitter:data2\" content=\"3 minutos\" \/>\n<script type=\"application\/ld+json\" class=\"yoast-schema-graph\">{\"@context\":\"https:\/\/schema.org\",\"@graph\":[{\"@type\":\"WebSite\",\"@id\":\"https:\/\/franciscanos.org.br\/noticias\/#website\",\"url\":\"https:\/\/franciscanos.org.br\/noticias\/\",\"name\":\"Not\u00edcias - Franciscanos\",\"description\":\"Prov\u00edncia Franciscana da Imaculada Concei\u00e7\u00e3o do Brasil - Ordem dos Frades Menores - OFM\",\"potentialAction\":[{\"@type\":\"SearchAction\",\"target\":{\"@type\":\"EntryPoint\",\"urlTemplate\":\"https:\/\/franciscanos.org.br\/noticias\/?s={search_term_string}\"},\"query-input\":\"required name=search_term_string\"}],\"inLanguage\":\"pt-BR\"},{\"@type\":\"ImageObject\",\"inLanguage\":\"pt-BR\",\"@id\":\"https:\/\/franciscanos.org.br\/noticias\/benfeitores-se-encontram-no-convento-sao-francisco.html#primaryimage\",\"url\":\"https:\/\/franciscanos.org.br\/noticias\/wp-content\/uploads\/2013\/09\/encontro_1_franciscanos.org_.br_.jpg\",\"contentUrl\":\"https:\/\/franciscanos.org.br\/noticias\/wp-content\/uploads\/2013\/09\/encontro_1_franciscanos.org_.br_.jpg\",\"width\":273,\"height\":181},{\"@type\":\"WebPage\",\"@id\":\"https:\/\/franciscanos.org.br\/noticias\/benfeitores-se-encontram-no-convento-sao-francisco.html#webpage\",\"url\":\"https:\/\/franciscanos.org.br\/noticias\/benfeitores-se-encontram-no-convento-sao-francisco.html\",\"name\":\"Benfeitores se encontram no Convento S\u00e3o Francisco - Not\u00edcias - Franciscanos\",\"isPartOf\":{\"@id\":\"https:\/\/franciscanos.org.br\/noticias\/#website\"},\"primaryImageOfPage\":{\"@id\":\"https:\/\/franciscanos.org.br\/noticias\/benfeitores-se-encontram-no-convento-sao-francisco.html#primaryimage\"},\"datePublished\":\"2013-09-23T19:10:17+00:00\",\"dateModified\":\"2020-11-11T13:32:05+00:00\",\"author\":{\"@id\":\"https:\/\/franciscanos.org.br\/noticias\/#\/schema\/person\/b38fbf43118f02820bd932f2e4b14ad3\"},\"breadcrumb\":{\"@id\":\"https:\/\/franciscanos.org.br\/noticias\/benfeitores-se-encontram-no-convento-sao-francisco.html#breadcrumb\"},\"inLanguage\":\"pt-BR\",\"potentialAction\":[{\"@type\":\"ReadAction\",\"target\":[\"https:\/\/franciscanos.org.br\/noticias\/benfeitores-se-encontram-no-convento-sao-francisco.html\"]}]},{\"@type\":\"BreadcrumbList\",\"@id\":\"https:\/\/franciscanos.org.br\/noticias\/benfeitores-se-encontram-no-convento-sao-francisco.html#breadcrumb\",\"itemListElement\":[{\"@type\":\"ListItem\",\"position\":1,\"name\":\"Home\",\"item\":\"https:\/\/franciscanos.org.br\/noticias\"},{\"@type\":\"ListItem\",\"position\":2,\"name\":\"Benfeitores se encontram no Convento S\u00e3o Francisco\"}]},{\"@type\":\"Person\",\"@id\":\"https:\/\/franciscanos.org.br\/noticias\/#\/schema\/person\/b38fbf43118f02820bd932f2e4b14ad3\",\"name\":\"admin\",\"image\":{\"@type\":\"ImageObject\",\"inLanguage\":\"pt-BR\",\"@id\":\"https:\/\/franciscanos.org.br\/noticias\/#\/schema\/person\/image\/\",\"url\":\"https:\/\/secure.gravatar.com\/avatar\/e8495742d34d0ba6448ea1c628263b3e?s=96&d=mm&r=g\",\"contentUrl\":\"https:\/\/secure.gravatar.com\/avatar\/e8495742d34d0ba6448ea1c628263b3e?s=96&d=mm&r=g\",\"caption\":\"admin\"},\"url\":\"https:\/\/franciscanos.org.br\/noticias\/author\/admin\"}]}<\/script>\n<!-- \/ Yoast SEO plugin. -->","yoast_head_json":{"title":"Benfeitores se encontram no Convento S\u00e3o Francisco - Not\u00edcias - Franciscanos","robots":{"index":"index","follow":"follow","max-snippet":"max-snippet:-1","max-image-preview":"max-image-preview:large","max-video-preview":"max-video-preview:-1"},"canonical":"https:\/\/franciscanos.org.br\/noticias\/benfeitores-se-encontram-no-convento-sao-francisco.html","og_locale":"pt_BR","og_type":"article","og_title":"Benfeitores se encontram no Convento S\u00e3o Francisco - Not\u00edcias - Franciscanos","og_description":"PVF","og_url":"https:\/\/franciscanos.org.br\/noticias\/benfeitores-se-encontram-no-convento-sao-francisco.html","og_site_name":"Not\u00edcias - Franciscanos","article_published_time":"2013-09-23T19:10:17+00:00","article_modified_time":"2020-11-11T13:32:05+00:00","og_image":[{"width":273,"height":181,"url":"https:\/\/franciscanos.org.br\/noticias\/wp-content\/uploads\/2013\/09\/encontro_1_franciscanos.org_.br_.jpg","type":"image\/jpeg"}],"author":"admin","twitter_card":"summary_large_image","twitter_misc":{"Escrito por":"admin","Est. tempo de leitura":"3 minutos"},"schema":{"@context":"https:\/\/schema.org","@graph":[{"@type":"WebSite","@id":"https:\/\/franciscanos.org.br\/noticias\/#website","url":"https:\/\/franciscanos.org.br\/noticias\/","name":"Not\u00edcias - Franciscanos","description":"Prov\u00edncia Franciscana da Imaculada Concei\u00e7\u00e3o do Brasil - Ordem dos Frades Menores - OFM","potentialAction":[{"@type":"SearchAction","target":{"@type":"EntryPoint","urlTemplate":"https:\/\/franciscanos.org.br\/noticias\/?s={search_term_string}"},"query-input":"required name=search_term_string"}],"inLanguage":"pt-BR"},{"@type":"ImageObject","inLanguage":"pt-BR","@id":"https:\/\/franciscanos.org.br\/noticias\/benfeitores-se-encontram-no-convento-sao-francisco.html#primaryimage","url":"https:\/\/franciscanos.org.br\/noticias\/wp-content\/uploads\/2013\/09\/encontro_1_franciscanos.org_.br_.jpg","contentUrl":"https:\/\/franciscanos.org.br\/noticias\/wp-content\/uploads\/2013\/09\/encontro_1_franciscanos.org_.br_.jpg","width":273,"height":181},{"@type":"WebPage","@id":"https:\/\/franciscanos.org.br\/noticias\/benfeitores-se-encontram-no-convento-sao-francisco.html#webpage","url":"https:\/\/franciscanos.org.br\/noticias\/benfeitores-se-encontram-no-convento-sao-francisco.html","name":"Benfeitores se encontram no Convento S\u00e3o Francisco - Not\u00edcias - Franciscanos","isPartOf":{"@id":"https:\/\/franciscanos.org.br\/noticias\/#website"},"primaryImageOfPage":{"@id":"https:\/\/franciscanos.org.br\/noticias\/benfeitores-se-encontram-no-convento-sao-francisco.html#primaryimage"},"datePublished":"2013-09-23T19:10:17+00:00","dateModified":"2020-11-11T13:32:05+00:00","author":{"@id":"https:\/\/franciscanos.org.br\/noticias\/#\/schema\/person\/b38fbf43118f02820bd932f2e4b14ad3"},"breadcrumb":{"@id":"https:\/\/franciscanos.org.br\/noticias\/benfeitores-se-encontram-no-convento-sao-francisco.html#breadcrumb"},"inLanguage":"pt-BR","potentialAction":[{"@type":"ReadAction","target":["https:\/\/franciscanos.org.br\/noticias\/benfeitores-se-encontram-no-convento-sao-francisco.html"]}]},{"@type":"BreadcrumbList","@id":"https:\/\/franciscanos.org.br\/noticias\/benfeitores-se-encontram-no-convento-sao-francisco.html#breadcrumb","itemListElement":[{"@type":"ListItem","position":1,"name":"Home","item":"https:\/\/franciscanos.org.br\/noticias"},{"@type":"ListItem","position":2,"name":"Benfeitores se encontram no Convento S\u00e3o Francisco"}]},{"@type":"Person","@id":"https:\/\/franciscanos.org.br\/noticias\/#\/schema\/person\/b38fbf43118f02820bd932f2e4b14ad3","name":"admin","image":{"@type":"ImageObject","inLanguage":"pt-BR","@id":"https:\/\/franciscanos.org.br\/noticias\/#\/schema\/person\/image\/","url":"https:\/\/secure.gravatar.com\/avatar\/e8495742d34d0ba6448ea1c628263b3e?s=96&d=mm&r=g","contentUrl":"https:\/\/secure.gravatar.com\/avatar\/e8495742d34d0ba6448ea1c628263b3e?s=96&d=mm&r=g","caption":"admin"},"url":"https:\/\/franciscanos.org.br\/noticias\/author\/admin"}]}},"_links":{"self":[{"href":"https:\/\/franciscanos.org.br\/noticias\/wp-json\/wp\/v2\/posts\/45870"}],"collection":[{"href":"https:\/\/franciscanos.org.br\/noticias\/wp-json\/wp\/v2\/posts"}],"about":[{"href":"https:\/\/franciscanos.org.br\/noticias\/wp-json\/wp\/v2\/types\/post"}],"author":[{"embeddable":true,"href":"https:\/\/franciscanos.org.br\/noticias\/wp-json\/wp\/v2\/users\/1"}],"replies":[{"embeddable":true,"href":"https:\/\/franciscanos.org.br\/noticias\/wp-json\/wp\/v2\/comments?post=45870"}],"version-history":[{"count":1,"href":"https:\/\/franciscanos.org.br\/noticias\/wp-json\/wp\/v2\/posts\/45870\/revisions"}],"predecessor-version":[{"id":229273,"href":"https:\/\/franciscanos.org.br\/noticias\/wp-json\/wp\/v2\/posts\/45870\/revisions\/229273"}],"wp:featuredmedia":[{"embeddable":true,"href":"https:\/\/franciscanos.org.br\/noticias\/wp-json\/wp\/v2\/media\/217582"}],"wp:attachment":[{"href":"https:\/\/franciscanos.org.br\/noticias\/wp-json\/wp\/v2\/media?parent=45870"}],"wp:term":[{"taxonomy":"category","embeddable":true,"href":"https:\/\/franciscanos.org.br\/noticias\/wp-json\/wp\/v2\/categories?post=45870"},{"taxonomy":"post_tag","embeddable":true,"href":"https:\/\/franciscanos.org.br\/noticias\/wp-json\/wp\/v2\/tags?post=45870"}],"curies":[{"name":"wp","href":"https:\/\/api.w.org\/{rel}","templated":true}]}}