{"id":45837,"date":"2013-09-23T09:09:25","date_gmt":"2013-09-23T12:09:25","guid":{"rendered":"http:\/\/new.franciscanos.org.br\/?p=45837"},"modified":"2020-11-11T10:32:41","modified_gmt":"2020-11-11T13:32:41","slug":"ffb-celebra-o-ano-da-fe-durante-a-jornada","status":"publish","type":"post","link":"https:\/\/franciscanos.org.br\/noticias\/ffb-celebra-o-ano-da-fe-durante-a-jornada.html","title":{"rendered":"Jornada Franciscana de S\u00e3o Paulo celebra o Ano da F\u00e9"},"content":{"rendered":"<p><img loading=\"lazy\" src=\"http:\/\/franciscanos.org.br\/wp-content\/uploads\/2013\/09\/ffb_alto.jpg\" alt=\"ffb_alto\" width=\"820\" height=\"372\" \/><\/p>\n<p><strong>Por Moacir Beggo<\/strong><\/p>\n<p><strong><span style=\"color: #888888;\">S\u00e3o Paulo (SP)<\/span><\/strong> &#8211; Os franciscanos e franciscanas do Regional S\u00e3o Paulo da FFB (Fam\u00edlia Franciscana do Brasil) se reuniram neste domingo (22\/9), no Col\u00e9gio das Irm\u00e3s Franciscanas de Ingolstadt, em Moema, para mais um encontro como acontece todos os anos no in\u00edcio da Primavera.<\/p>\n<p>Tendo como pano de fundo a enc\u00edclica do Papa Francisco, <i>Lumen Fidei<\/i>, Frei Vit\u00f3rio Mazzuco desenvolveu o tema &#8220;O Jeito franciscano de viver a f\u00e9&#8221;, na perspectiva do Ano da F\u00e9, que vai terminar no pr\u00f3ximo dia 24 de novembro e est\u00e1 sendo celebrado desde o dia 10 de outubro do ano passado, quando foi convocado pelo Papa Em\u00e9rito Bento XVI com a Carta Apost\u00f3lica <em>Porta Fidei.<\/em><\/p>\n<p>Na verdade, o palestrante j\u00e1 introduziu o tema durante a homilia da celebra\u00e7\u00e3o eucar\u00edstica, \u00e0s 8h30, quando foi o presidente, tendo como concelebrante Frei Anacleto Gapski, que \u00e9 o coordenador regional da FFB, e os di\u00e1conos Rog\u00e9rio Luiz Soler e Lu\u00eds Carlos da Silva.<\/p>\n<p>O encontro reuniu a Primeira Ordem, a Ordem Franciscana Secular, franciscanos e franciscanas de diferentes institutos e congrega\u00e7\u00f5es, a Jufra e simpatizantes de S\u00e3o Francisco e Santa Clara. Destaque para a presen\u00e7a de um grupo formado de duas fraternidades da OFS de Mogi das Cruzes, que participou pela primeira vez da Jornada, e para o casal H\u00e9lio e Sandra, que veio do Rio de Janeiro.<\/p>\n<p>Antes de iniciar a sua reflex\u00e3o, que tomou toda a manh\u00e3, Frei Vit\u00f3rio n\u00e3o se esqueceu de desejar a todos os presentes uma &#8220;Feliz Primavera&#8221; e lembrou que &#8220;Deus pede para que a gente flores\u00e7a onde estiver&#8221;.<\/p>\n<p>Logo no in\u00edcio, Frei Vit\u00f3rio provocou os participantes: &#8220;Voc\u00eas acham que S\u00e3o Francisco tinha f\u00e9 em Jesus Cristo?&#8221; Todos responderam: &#8220;Tinha!&#8221;. Mas o palestrante corrigiu: &#8220;Voc\u00eas sabem que estamos um pouco enganados: ele n\u00e3o tinha a f\u00e9 em Jesus Cristo!&#8221;, disse, para espanto de todos.<\/p>\n<p>&#8220;Ele tinha a f\u00e9 de Jesus Cristo!&#8221;, complementou, acrescentando. &#8220;N\u00e3o d\u00e1 uma diferen\u00e7a? N\u00e3o se esque\u00e7am disso. Este \u00e9 o jeito franciscano de ter a f\u00e9 de Jesus Cristo&#8221;.<\/p>\n<p>Segundo o frade, que \u00e9 professor do Instituto Franciscano de Teologia, em Petr\u00f3polis, para iluminar sua afirma\u00e7\u00e3o poderia citar trechos das Fontes Franciscanas, que mostram isso o tempo todo, mas ele convidou os participantes a cantarem com ele a can\u00e7\u00e3o de Pe. Zezinho: &#8220;Amar como Jesus amou\/ Sonhar como Jesus sonhou\/ Pensar como Jesus pensou\/ Viver como Jesus viveu\/ Sentir o que Jesus sentia\/ Sorrir como Jesus sorria\/ E ao chegar ao fim do dia\/ Eu sei que dormiria muito mais feliz&#8221;.\u00a0 E Frei Vit\u00f3rio frisou:\u00a0 &#8220;\u00c9 isso: ter a f\u00e9 de Jesus, como S\u00e3o Francisco nos ensina. Ent\u00e3o, cada vez que se lembrarem disso, lembrem desta can\u00e7\u00e3o. Ela \u00e9 m\u00edtica. Parece t\u00e3o simples, mas a f\u00e9 vem da nossa inf\u00e2ncia mesmo!&#8221;.<\/p>\n<p>A partir das Fontes Franciscanas, Frei Vit\u00f3rio mostrou como Francisco vai construindo seu edif\u00edcio da f\u00e9 a partir da convers\u00e3o na Igrejinha de S\u00e3o Dami\u00e3o, onde est\u00e1 o Crucifixo de S\u00e3o Dami\u00e3o, o grande \u00edcone da f\u00e9.<\/p>\n<p><b>\u00a0Alguns pontos da palestra:<\/b><\/p>\n<p>&#8220;S\u00e3o Francisco ensinou para n\u00f3s que, no meio daquela fragilidade e ru\u00ednas, ele buscou solu\u00e7\u00f5es no fervor da f\u00e9. H\u00e1 certos momentos em que precisamos entrar no espa\u00e7o at\u00e9 das nossas fragmenta\u00e7\u00f5es. Isso que S\u00e3o Francisco ensina para n\u00f3s. Ele vai at\u00e9 a Igrejinha, diante do Crucifixo, e faz, ent\u00e3o, a sua ora\u00e7\u00e3o-for\u00e7a&#8221;, disse, pedindo que repetissem a ora\u00e7\u00e3o de Francisco: &#8220;Alt\u00edssimo e Glorioso Deus, iluminai as trevas do meu cora\u00e7\u00e3o. Dai-me uma f\u00e9 reta&#8230;&#8221;.<\/p>\n<p>Frei Vit\u00f3rio enfatizou que no in\u00edcio de sua convers\u00e3o, em 1204, Francisco comp\u00f4s essa ora\u00e7\u00e3o pedindo a ilumina\u00e7\u00e3o e, s\u00f3 no Testamento, no final de sua vida, ele vai fazer a grande profiss\u00e3o de f\u00e9: &#8216;O Senhor me deu t\u00e3o grande f\u00e9 nas igrejas; o Senhor me conduziu aos leprosos; o Senhor me revelou; o Senhor me deu irm\u00e3os&#8217;. \u201cEssa profiss\u00e3o de f\u00e9 n\u00e3o foi escrita nos prim\u00f3rdios da experi\u00eancia, mas l\u00e1 no final. Ent\u00e3o, o dom da f\u00e9 que pedimos, \u00e9 o dom conquistado&#8221;, assinalou.<\/p>\n<p>\u201cFrancisco ensina para n\u00f3s que o cristianismo n\u00e3o \u00e9 uma religi\u00e3o do esfor\u00e7o para alcan\u00e7ar Deus, mas \u00e9 a gra\u00e7a de perceber que ele j\u00e1 est\u00e1 muito perto de n\u00f3s. Ele tem esse encontro da paix\u00e3o com Senhor. Ele vai sentir isso. Para Francisco, f\u00e9 n\u00e3o \u00e9 professar o Credo, mas \u00e9 sentir Deus. Ele nunca se afastou da f\u00e9 que tinha na Igreja e nas suas verdades. Mas ele sentia Deus na exist\u00eancia\u201d, destacou.<\/p>\n<p>\u201cA f\u00e9 em S\u00e3o Francisco \u00e9 uma f\u00e9 decidida. F\u00e9 em S\u00e3o Francisco \u00e9 responder ao dom que o Senhor vai me oferecendo. E perceber que nessa presen\u00e7a ele se d\u00e1\u201d.<\/p>\n<p>Segundo o professor do ITF, \u00e0s vezes ligamos a f\u00e9 aos percal\u00e7os da nossa hist\u00f3ria e com S\u00e3o Francisco n\u00e3o foi diferente: \u201cA experi\u00eancia diante da Cruz foi um momento dif\u00edcil na vida dele. Mas at\u00e9 os momentos dif\u00edceis da nossa vida sempre concorrem para o bem maior. No meio da ru\u00edna, vamos encontrar um crucifixo em p\u00e9 e que levanta a gente!\u201d.<\/p>\n<p>Frei Vit\u00f3rio disse que a f\u00e9 \u00e9 uma ades\u00e3o \u00e0 vontade de Deus e lembrou que a raiz da palavra <i>fides <\/i>(f\u00e9) \u00e9 a mesma da palavra <b>fidelidade<\/b>. \u201cEnt\u00e3o, f\u00e9 e fidelidade n\u00e3o se separam. Como f\u00e9, digo \u2018eu creio\u2019; como fidelidade, digo \u2018n\u00e3o vou me afastar\u2019\u201d, explicou, ressalvando: \u201cS\u00f3 que h\u00e1 muitos testemunhos de f\u00e9 de pessoas que, no fundo, falam delas mesmas. Mas n\u00e3o d\u00e3o testemunho do amor de Deus. Onde est\u00e1 Deus? Tem que fazer o amor aparecer\u201d.<\/p>\n<p>O modo de ser da fidelidade \u00e9 o modo daquele que ama e, portanto, daquele que cr\u00ea, acrescentou o frade.<\/p>\n<p>Ele enfatizou que \u00e9 preciso \u201csempre agir atrav\u00e9s de uma rela\u00e7\u00e3o de f\u00e9 com o Senhor\u201d, como fazia Francisco, o \u201chomem feito ora\u00e7\u00e3o\u201d, segundo \u00a0Tom\u00e1s de Celano. Frei Vit\u00f3rio explicou que Francisco reza transformado em ora\u00e7\u00e3o. \u201cPor qu\u00ea? Porque ele se deixa iluminar pelo esp\u00edrito&#8221;, respondeu.<\/p>\n<p>No final, Frei Vit\u00f3rio dedicou boas reflex\u00f5es ao tema <strong>\u201cf\u00e9 e fraternidade\u201d.<\/strong><\/p>\n<p>Citou o Testamento de Francisco quando ele diz: \u201cO Senhor me deu irm\u00e3os\u201d.\u00a0 \u201cOlha isso \u00e9 maior desafio da f\u00e9. Para ser vivida e compreendida adequadamente, n\u00f3s temos que ter um olhar de f\u00e9 sobre a fraternidade e sobre os irm\u00e3os\u201d.<\/p>\n<p>Mas nem sempre isso acontece e os problemas falam mais alto. Segundo o palestrante, \u00e9 por que n\u00e3o olhamos para a fraternidade com os olhos da f\u00e9.\u00a0 \u201cA Fraternidade s\u00f3 pode ser compreendida na perspectiva da f\u00e9 porque a fraternidade aconteceu por iniciativa do pr\u00f3prio Deus.\u00a0 A primeira Fraternidade aconteceu quando o Verbo se fez Carne. Deus quis estar conosco. Ent\u00e3o, a Fraternidade \u00e9 a nossa divina inspira\u00e7\u00e3o\u201d, observou.<\/p>\n<p>Mas se a Fraternidade nos insere na mesma inspira\u00e7\u00e3o, por que n\u00f3s brigamos, perguntou. E a resposta foi simples: \u201cPorque n\u00e3o temos f\u00e9. S\u00f3 isso! O ego\u00edsmo saltou fora\u201d.<\/p>\n<p>Frei Vit\u00f3rio, a prop\u00f3sito, convidou a todos a lerem a Carta de Diogneto, escrita por um crist\u00e3o, de nome e origem desconhecidos,\u00a0 na segunda metade do s\u00e9culo segundo, a um pag\u00e3o chamado Diogneto. Em poucas linhas, ele mostrou as principais caracter\u00edsticas dos seguidores de Jesus de Nazar\u00e9. A grande mensagem dela: voc\u00eas t\u00eam obriga\u00e7\u00e3o de ser luz l\u00e1 onde est\u00e3o.<\/p>\n<p>\u201cEssa \u00e9 a grande dimens\u00e3o evangelizadora nossa: Lumen Fidei. Anunciar uma experi\u00eancia de f\u00e9\u201d, conclamou.<\/p>\n<p>Para o palestrante, Francisco quer que todas as experi\u00eancias tenham a luz do Esp\u00edrito. &#8220;Todas as nossas experi\u00eancias podem ser espirituais. N\u00f3s, estarmos aqui neste domingo, \u00e9 uma experi\u00eancia espiritual. \u00c9 uma experi\u00eancia de f\u00e9. A f\u00e9 n\u00e3o \u00e9 uma abstra\u00e7\u00e3o. Ela transforma o tempo em algo eterno&#8221;, disse.<\/p>\n<p>\u00c0 tarde, depois de um almo\u00e7o comunit\u00e1rio, a Jornada Franciscana teve a representa\u00e7\u00e3o de um teatro feita pela Fraternidade de Porto Feliz.<\/p>\n","protected":false},"excerpt":{"rendered":"<p>FFB<\/p>\n","protected":false},"author":1,"featured_media":202968,"comment_status":"closed","ping_status":"open","sticky":false,"template":"","format":"standard","meta":[],"categories":[1],"tags":[203,455,40,436],"acf":[],"yoast_head":"<!-- This site is optimized with the Yoast SEO plugin v19.2 - https:\/\/yoast.com\/wordpress\/plugins\/seo\/ -->\n<title>Jornada Franciscana de S\u00e3o Paulo celebra o Ano da F\u00e9 - Not\u00edcias - Franciscanos<\/title>\n<meta name=\"robots\" content=\"index, follow, max-snippet:-1, max-image-preview:large, max-video-preview:-1\" \/>\n<link rel=\"canonical\" href=\"https:\/\/franciscanos.org.br\/noticias\/ffb-celebra-o-ano-da-fe-durante-a-jornada.html\" \/>\n<meta property=\"og:locale\" content=\"pt_BR\" \/>\n<meta property=\"og:type\" content=\"article\" \/>\n<meta property=\"og:title\" content=\"Jornada Franciscana de S\u00e3o Paulo celebra o Ano da F\u00e9 - Not\u00edcias - Franciscanos\" \/>\n<meta property=\"og:description\" content=\"FFB\" \/>\n<meta property=\"og:url\" content=\"https:\/\/franciscanos.org.br\/noticias\/ffb-celebra-o-ano-da-fe-durante-a-jornada.html\" \/>\n<meta property=\"og:site_name\" content=\"Not\u00edcias - Franciscanos\" \/>\n<meta property=\"article:published_time\" content=\"2013-09-23T12:09:25+00:00\" \/>\n<meta property=\"article:modified_time\" content=\"2020-11-11T13:32:41+00:00\" \/>\n<meta property=\"og:image\" content=\"https:\/\/franciscanos.org.br\/noticias\/wp-content\/uploads\/2013\/09\/ffb_alto.jpg\" \/>\n\t<meta property=\"og:image:width\" content=\"273\" \/>\n\t<meta property=\"og:image:height\" content=\"181\" \/>\n\t<meta property=\"og:image:type\" content=\"image\/jpeg\" \/>\n<meta name=\"author\" content=\"admin\" \/>\n<meta name=\"twitter:card\" content=\"summary_large_image\" \/>\n<meta name=\"twitter:label1\" content=\"Escrito por\" \/>\n\t<meta name=\"twitter:data1\" content=\"admin\" \/>\n\t<meta name=\"twitter:label2\" content=\"Est. tempo de leitura\" \/>\n\t<meta name=\"twitter:data2\" content=\"7 minutos\" \/>\n<script type=\"application\/ld+json\" class=\"yoast-schema-graph\">{\"@context\":\"https:\/\/schema.org\",\"@graph\":[{\"@type\":\"WebSite\",\"@id\":\"https:\/\/franciscanos.org.br\/noticias\/#website\",\"url\":\"https:\/\/franciscanos.org.br\/noticias\/\",\"name\":\"Not\u00edcias - Franciscanos\",\"description\":\"Prov\u00edncia Franciscana da Imaculada Concei\u00e7\u00e3o do Brasil - Ordem dos Frades Menores - OFM\",\"potentialAction\":[{\"@type\":\"SearchAction\",\"target\":{\"@type\":\"EntryPoint\",\"urlTemplate\":\"https:\/\/franciscanos.org.br\/noticias\/?s={search_term_string}\"},\"query-input\":\"required name=search_term_string\"}],\"inLanguage\":\"pt-BR\"},{\"@type\":\"ImageObject\",\"inLanguage\":\"pt-BR\",\"@id\":\"https:\/\/franciscanos.org.br\/noticias\/ffb-celebra-o-ano-da-fe-durante-a-jornada.html#primaryimage\",\"url\":\"https:\/\/franciscanos.org.br\/noticias\/wp-content\/uploads\/2013\/09\/ffb_alto.jpg\",\"contentUrl\":\"https:\/\/franciscanos.org.br\/noticias\/wp-content\/uploads\/2013\/09\/ffb_alto.jpg\",\"width\":273,\"height\":181},{\"@type\":\"WebPage\",\"@id\":\"https:\/\/franciscanos.org.br\/noticias\/ffb-celebra-o-ano-da-fe-durante-a-jornada.html#webpage\",\"url\":\"https:\/\/franciscanos.org.br\/noticias\/ffb-celebra-o-ano-da-fe-durante-a-jornada.html\",\"name\":\"Jornada Franciscana de S\u00e3o Paulo celebra o Ano da F\u00e9 - Not\u00edcias - Franciscanos\",\"isPartOf\":{\"@id\":\"https:\/\/franciscanos.org.br\/noticias\/#website\"},\"primaryImageOfPage\":{\"@id\":\"https:\/\/franciscanos.org.br\/noticias\/ffb-celebra-o-ano-da-fe-durante-a-jornada.html#primaryimage\"},\"datePublished\":\"2013-09-23T12:09:25+00:00\",\"dateModified\":\"2020-11-11T13:32:41+00:00\",\"author\":{\"@id\":\"https:\/\/franciscanos.org.br\/noticias\/#\/schema\/person\/b38fbf43118f02820bd932f2e4b14ad3\"},\"breadcrumb\":{\"@id\":\"https:\/\/franciscanos.org.br\/noticias\/ffb-celebra-o-ano-da-fe-durante-a-jornada.html#breadcrumb\"},\"inLanguage\":\"pt-BR\",\"potentialAction\":[{\"@type\":\"ReadAction\",\"target\":[\"https:\/\/franciscanos.org.br\/noticias\/ffb-celebra-o-ano-da-fe-durante-a-jornada.html\"]}]},{\"@type\":\"BreadcrumbList\",\"@id\":\"https:\/\/franciscanos.org.br\/noticias\/ffb-celebra-o-ano-da-fe-durante-a-jornada.html#breadcrumb\",\"itemListElement\":[{\"@type\":\"ListItem\",\"position\":1,\"name\":\"Home\",\"item\":\"https:\/\/franciscanos.org.br\/noticias\"},{\"@type\":\"ListItem\",\"position\":2,\"name\":\"Jornada Franciscana de S\u00e3o Paulo celebra o Ano da F\u00e9\"}]},{\"@type\":\"Person\",\"@id\":\"https:\/\/franciscanos.org.br\/noticias\/#\/schema\/person\/b38fbf43118f02820bd932f2e4b14ad3\",\"name\":\"admin\",\"image\":{\"@type\":\"ImageObject\",\"inLanguage\":\"pt-BR\",\"@id\":\"https:\/\/franciscanos.org.br\/noticias\/#\/schema\/person\/image\/\",\"url\":\"https:\/\/secure.gravatar.com\/avatar\/e8495742d34d0ba6448ea1c628263b3e?s=96&d=mm&r=g\",\"contentUrl\":\"https:\/\/secure.gravatar.com\/avatar\/e8495742d34d0ba6448ea1c628263b3e?s=96&d=mm&r=g\",\"caption\":\"admin\"},\"url\":\"https:\/\/franciscanos.org.br\/noticias\/author\/admin\"}]}<\/script>\n<!-- \/ Yoast SEO plugin. -->","yoast_head_json":{"title":"Jornada Franciscana de S\u00e3o Paulo celebra o Ano da F\u00e9 - Not\u00edcias - Franciscanos","robots":{"index":"index","follow":"follow","max-snippet":"max-snippet:-1","max-image-preview":"max-image-preview:large","max-video-preview":"max-video-preview:-1"},"canonical":"https:\/\/franciscanos.org.br\/noticias\/ffb-celebra-o-ano-da-fe-durante-a-jornada.html","og_locale":"pt_BR","og_type":"article","og_title":"Jornada Franciscana de S\u00e3o Paulo celebra o Ano da F\u00e9 - Not\u00edcias - Franciscanos","og_description":"FFB","og_url":"https:\/\/franciscanos.org.br\/noticias\/ffb-celebra-o-ano-da-fe-durante-a-jornada.html","og_site_name":"Not\u00edcias - Franciscanos","article_published_time":"2013-09-23T12:09:25+00:00","article_modified_time":"2020-11-11T13:32:41+00:00","og_image":[{"width":273,"height":181,"url":"https:\/\/franciscanos.org.br\/noticias\/wp-content\/uploads\/2013\/09\/ffb_alto.jpg","type":"image\/jpeg"}],"author":"admin","twitter_card":"summary_large_image","twitter_misc":{"Escrito por":"admin","Est. tempo de leitura":"7 minutos"},"schema":{"@context":"https:\/\/schema.org","@graph":[{"@type":"WebSite","@id":"https:\/\/franciscanos.org.br\/noticias\/#website","url":"https:\/\/franciscanos.org.br\/noticias\/","name":"Not\u00edcias - Franciscanos","description":"Prov\u00edncia Franciscana da Imaculada Concei\u00e7\u00e3o do Brasil - Ordem dos Frades Menores - OFM","potentialAction":[{"@type":"SearchAction","target":{"@type":"EntryPoint","urlTemplate":"https:\/\/franciscanos.org.br\/noticias\/?s={search_term_string}"},"query-input":"required name=search_term_string"}],"inLanguage":"pt-BR"},{"@type":"ImageObject","inLanguage":"pt-BR","@id":"https:\/\/franciscanos.org.br\/noticias\/ffb-celebra-o-ano-da-fe-durante-a-jornada.html#primaryimage","url":"https:\/\/franciscanos.org.br\/noticias\/wp-content\/uploads\/2013\/09\/ffb_alto.jpg","contentUrl":"https:\/\/franciscanos.org.br\/noticias\/wp-content\/uploads\/2013\/09\/ffb_alto.jpg","width":273,"height":181},{"@type":"WebPage","@id":"https:\/\/franciscanos.org.br\/noticias\/ffb-celebra-o-ano-da-fe-durante-a-jornada.html#webpage","url":"https:\/\/franciscanos.org.br\/noticias\/ffb-celebra-o-ano-da-fe-durante-a-jornada.html","name":"Jornada Franciscana de S\u00e3o Paulo celebra o Ano da F\u00e9 - Not\u00edcias - Franciscanos","isPartOf":{"@id":"https:\/\/franciscanos.org.br\/noticias\/#website"},"primaryImageOfPage":{"@id":"https:\/\/franciscanos.org.br\/noticias\/ffb-celebra-o-ano-da-fe-durante-a-jornada.html#primaryimage"},"datePublished":"2013-09-23T12:09:25+00:00","dateModified":"2020-11-11T13:32:41+00:00","author":{"@id":"https:\/\/franciscanos.org.br\/noticias\/#\/schema\/person\/b38fbf43118f02820bd932f2e4b14ad3"},"breadcrumb":{"@id":"https:\/\/franciscanos.org.br\/noticias\/ffb-celebra-o-ano-da-fe-durante-a-jornada.html#breadcrumb"},"inLanguage":"pt-BR","potentialAction":[{"@type":"ReadAction","target":["https:\/\/franciscanos.org.br\/noticias\/ffb-celebra-o-ano-da-fe-durante-a-jornada.html"]}]},{"@type":"BreadcrumbList","@id":"https:\/\/franciscanos.org.br\/noticias\/ffb-celebra-o-ano-da-fe-durante-a-jornada.html#breadcrumb","itemListElement":[{"@type":"ListItem","position":1,"name":"Home","item":"https:\/\/franciscanos.org.br\/noticias"},{"@type":"ListItem","position":2,"name":"Jornada Franciscana de S\u00e3o Paulo celebra o Ano da F\u00e9"}]},{"@type":"Person","@id":"https:\/\/franciscanos.org.br\/noticias\/#\/schema\/person\/b38fbf43118f02820bd932f2e4b14ad3","name":"admin","image":{"@type":"ImageObject","inLanguage":"pt-BR","@id":"https:\/\/franciscanos.org.br\/noticias\/#\/schema\/person\/image\/","url":"https:\/\/secure.gravatar.com\/avatar\/e8495742d34d0ba6448ea1c628263b3e?s=96&d=mm&r=g","contentUrl":"https:\/\/secure.gravatar.com\/avatar\/e8495742d34d0ba6448ea1c628263b3e?s=96&d=mm&r=g","caption":"admin"},"url":"https:\/\/franciscanos.org.br\/noticias\/author\/admin"}]}},"_links":{"self":[{"href":"https:\/\/franciscanos.org.br\/noticias\/wp-json\/wp\/v2\/posts\/45837"}],"collection":[{"href":"https:\/\/franciscanos.org.br\/noticias\/wp-json\/wp\/v2\/posts"}],"about":[{"href":"https:\/\/franciscanos.org.br\/noticias\/wp-json\/wp\/v2\/types\/post"}],"author":[{"embeddable":true,"href":"https:\/\/franciscanos.org.br\/noticias\/wp-json\/wp\/v2\/users\/1"}],"replies":[{"embeddable":true,"href":"https:\/\/franciscanos.org.br\/noticias\/wp-json\/wp\/v2\/comments?post=45837"}],"version-history":[{"count":1,"href":"https:\/\/franciscanos.org.br\/noticias\/wp-json\/wp\/v2\/posts\/45837\/revisions"}],"predecessor-version":[{"id":229274,"href":"https:\/\/franciscanos.org.br\/noticias\/wp-json\/wp\/v2\/posts\/45837\/revisions\/229274"}],"wp:featuredmedia":[{"embeddable":true,"href":"https:\/\/franciscanos.org.br\/noticias\/wp-json\/wp\/v2\/media\/202968"}],"wp:attachment":[{"href":"https:\/\/franciscanos.org.br\/noticias\/wp-json\/wp\/v2\/media?parent=45837"}],"wp:term":[{"taxonomy":"category","embeddable":true,"href":"https:\/\/franciscanos.org.br\/noticias\/wp-json\/wp\/v2\/categories?post=45837"},{"taxonomy":"post_tag","embeddable":true,"href":"https:\/\/franciscanos.org.br\/noticias\/wp-json\/wp\/v2\/tags?post=45837"}],"curies":[{"name":"wp","href":"https:\/\/api.w.org\/{rel}","templated":true}]}}