{"id":45817,"date":"2013-09-20T14:03:25","date_gmt":"2013-09-20T17:03:25","guid":{"rendered":"http:\/\/new.franciscanos.org.br\/?p=45817"},"modified":"2019-09-13T10:23:05","modified_gmt":"2019-09-13T13:23:05","slug":"ffb-um-jeito-franciscano-de-viver-a-fe","status":"publish","type":"post","link":"https:\/\/franciscanos.org.br\/noticias\/ffb-um-jeito-franciscano-de-viver-a-fe.html","title":{"rendered":"FFB: um jeito franciscano de viver a f\u00e9"},"content":{"rendered":"<p><img loading=\"lazy\" src=\"http:\/\/franciscanos.org.br\/wp-content\/uploads\/2013\/09\/ffb_jornada_franciscanos.org_.br_1.jpg\" alt=\"ffb_jornada_franciscanos.org.br\" width=\"830\" height=\"324\" \/><\/p>\n<p><strong>Por Moacir Beggo<\/strong><\/p>\n<p><strong>S\u00e3o Paulo (SP) &#8211;<\/strong> Todo ano, a Fam\u00edlia Franciscana do Brasil, atrav\u00e9s do seu Regional de S\u00e3o Paulo, reserva uma data para se encontrar. Trata-se de um momento de reflex\u00e3o e confraterniza\u00e7\u00e3o de religiosas e religiosos de todas as Ordens e Congrega\u00e7\u00f5es que seguem o carisma franciscano, al\u00e9m de reunir um grande n\u00famero de leigos e leigas da Ordem Franciscana Secular, da Juventude Franciscana (Jufra) e de todos os simpatizantes de S\u00e3o Francisco de Assis e Santa Clara.<\/p>\n<p>Neste domingo, 22 de setembro, todo mundo est\u00e1 convidado para esta grande festa da Fam\u00edlia Franciscana no Col\u00e9gio Nossa Senhora Aparecida (CONSA), em Moema, na capital paulista.<\/p>\n<p>O encontro come\u00e7a \u00e0s 8h30 com a Celebra\u00e7\u00e3o Eucar\u00edstica, que j\u00e1 d\u00e1 in\u00edcio \u00e0 reflex\u00e3o do tema &#8220;Um jeito franciscano de viver a f\u00e9&#8221;, tendo em vista o Ano da F\u00e9, que vai terminar no pr\u00f3ximo dia 24 de novembro e est\u00e1 sendo celebrado desde o dia 10 de outubro do ano passado, quando foi convocado pelo Papa Em\u00e9rito Bento XVI com a Carta Apost\u00f3lica Porta Fidei. Este ano jubilar faz parte das celebra\u00e7\u00f5es dos 50 anos do in\u00edcio do Conc\u00edlio Ecum\u00eanico do Vaticano II, anunciado e iniciado pelo Papa Jo\u00e3o XXIII.<\/p>\n<p>O desenvolvimento do tema estar\u00e1 a cargo de Frei Vit\u00f3rio Mazzuco, professor do Instituto Franciscano de Teologia de Petr\u00f3polis (RJ), especializado em espiritualidade franciscana. Segundo Frei Vit\u00f3rio, a Jornada \u00e9 um momento \u00fanico de reunir todos aqueles que realmente amam este carisma e procuram iluminar as suas pr\u00e1ticas a partir desta inspira\u00e7\u00e3o.<\/p>\n<p>A primeira Jornada Franciscana realizou-se por ocasi\u00e3o do 8\u00ba Centen\u00e1rio do Nascimento de S\u00e3o Francisco de Assis. S\u00e3o 32 anos ininterruptos de encontros e de reflex\u00e3o sobre a presen\u00e7a Franciscana em S\u00e3o Paulo.<\/p>\n<p><strong>FICHA T\u00c9CNICA<\/strong><\/p>\n<p><strong>Tema: UM JEITO FRANCISCANO DE VIVER A F\u00c9<\/strong><\/p>\n<p><strong>Assessoria<\/strong>: Frei Vit\u00f3rio Mazzuco Filho, OFM<br \/>\n<strong>Data<\/strong>: 22 De Setembro de 2013<br \/>\n<strong>Hor\u00e1rio<\/strong>: Das 8h00 \u00e0s 16h00<br \/>\n<strong>Local<\/strong>: Col\u00e9gio Nossa Senhora Aparecida (CONSA) \u2013 Avenida Juriti, 368 \u2013 Moema\/SP<\/p>\n<p><strong>PROGRAMA\u00c7\u00c3O<\/strong><\/p>\n<p><strong>08h00<\/strong> \u2013 Caf\u00e9<br \/>\n<strong>08h30<\/strong> \u2013 Celebra\u00e7\u00e3o Eucar\u00edstica<br \/>\n<strong>09h45<\/strong> \u2013 Pequeno intervalo<br \/>\n<strong>10h00<\/strong> \u2013 1\u00aa parte da palestra de Frei Vit\u00f3rio<br \/>\n<strong>11h30<\/strong> \u2013 2\u00aa parte da palestra de Frei Vit\u00f3rio<br \/>\n<strong>12h30<\/strong> &#8211; Almo\u00e7o<br \/>\n<strong>13h30<\/strong> &#8211; Retorno aos trabalhos<br \/>\n<strong>14h30<\/strong> \u2013 Apresenta\u00e7\u00e3o teatral (OFS) e Ora\u00e7\u00e3o final<\/p>\n","protected":false},"excerpt":{"rendered":"<p>Jornada Franciscana<\/p>\n","protected":false},"author":1,"featured_media":210752,"comment_status":"closed","ping_status":"open","sticky":false,"template":"","format":"standard","meta":[],"categories":[1],"tags":[203,436],"acf":[],"yoast_head":"<!-- This site is optimized with the Yoast SEO plugin v19.2 - https:\/\/yoast.com\/wordpress\/plugins\/seo\/ -->\n<title>FFB: um jeito franciscano de viver a f\u00e9 - Not\u00edcias - Franciscanos<\/title>\n<meta name=\"robots\" content=\"index, follow, max-snippet:-1, max-image-preview:large, max-video-preview:-1\" \/>\n<link rel=\"canonical\" href=\"https:\/\/franciscanos.org.br\/noticias\/ffb-um-jeito-franciscano-de-viver-a-fe.html\" \/>\n<meta property=\"og:locale\" content=\"pt_BR\" \/>\n<meta property=\"og:type\" content=\"article\" \/>\n<meta property=\"og:title\" content=\"FFB: um jeito franciscano de viver a f\u00e9 - Not\u00edcias - Franciscanos\" \/>\n<meta property=\"og:description\" content=\"Jornada Franciscana\" \/>\n<meta property=\"og:url\" content=\"https:\/\/franciscanos.org.br\/noticias\/ffb-um-jeito-franciscano-de-viver-a-fe.html\" \/>\n<meta property=\"og:site_name\" content=\"Not\u00edcias - Franciscanos\" \/>\n<meta property=\"article:published_time\" content=\"2013-09-20T17:03:25+00:00\" \/>\n<meta property=\"article:modified_time\" content=\"2019-09-13T13:23:05+00:00\" \/>\n<meta property=\"og:image\" content=\"https:\/\/franciscanos.org.br\/noticias\/wp-content\/uploads\/2013\/09\/ffb_jornada_franciscanos.org_.br_1.jpg\" \/>\n\t<meta property=\"og:image:width\" content=\"273\" \/>\n\t<meta property=\"og:image:height\" content=\"181\" \/>\n\t<meta property=\"og:image:type\" content=\"image\/jpeg\" \/>\n<meta name=\"author\" content=\"admin\" \/>\n<meta name=\"twitter:card\" content=\"summary_large_image\" \/>\n<meta name=\"twitter:label1\" content=\"Escrito por\" \/>\n\t<meta name=\"twitter:data1\" content=\"admin\" \/>\n\t<meta name=\"twitter:label2\" content=\"Est. tempo de leitura\" \/>\n\t<meta name=\"twitter:data2\" content=\"2 minutos\" \/>\n<script type=\"application\/ld+json\" class=\"yoast-schema-graph\">{\"@context\":\"https:\/\/schema.org\",\"@graph\":[{\"@type\":\"WebSite\",\"@id\":\"https:\/\/franciscanos.org.br\/noticias\/#website\",\"url\":\"https:\/\/franciscanos.org.br\/noticias\/\",\"name\":\"Not\u00edcias - Franciscanos\",\"description\":\"Prov\u00edncia Franciscana da Imaculada Concei\u00e7\u00e3o do Brasil - Ordem dos Frades Menores - OFM\",\"potentialAction\":[{\"@type\":\"SearchAction\",\"target\":{\"@type\":\"EntryPoint\",\"urlTemplate\":\"https:\/\/franciscanos.org.br\/noticias\/?s={search_term_string}\"},\"query-input\":\"required name=search_term_string\"}],\"inLanguage\":\"pt-BR\"},{\"@type\":\"ImageObject\",\"inLanguage\":\"pt-BR\",\"@id\":\"https:\/\/franciscanos.org.br\/noticias\/ffb-um-jeito-franciscano-de-viver-a-fe.html#primaryimage\",\"url\":\"https:\/\/franciscanos.org.br\/noticias\/wp-content\/uploads\/2013\/09\/ffb_jornada_franciscanos.org_.br_1.jpg\",\"contentUrl\":\"https:\/\/franciscanos.org.br\/noticias\/wp-content\/uploads\/2013\/09\/ffb_jornada_franciscanos.org_.br_1.jpg\",\"width\":273,\"height\":181},{\"@type\":\"WebPage\",\"@id\":\"https:\/\/franciscanos.org.br\/noticias\/ffb-um-jeito-franciscano-de-viver-a-fe.html#webpage\",\"url\":\"https:\/\/franciscanos.org.br\/noticias\/ffb-um-jeito-franciscano-de-viver-a-fe.html\",\"name\":\"FFB: um jeito franciscano de viver a f\u00e9 - Not\u00edcias - Franciscanos\",\"isPartOf\":{\"@id\":\"https:\/\/franciscanos.org.br\/noticias\/#website\"},\"primaryImageOfPage\":{\"@id\":\"https:\/\/franciscanos.org.br\/noticias\/ffb-um-jeito-franciscano-de-viver-a-fe.html#primaryimage\"},\"datePublished\":\"2013-09-20T17:03:25+00:00\",\"dateModified\":\"2019-09-13T13:23:05+00:00\",\"author\":{\"@id\":\"https:\/\/franciscanos.org.br\/noticias\/#\/schema\/person\/b38fbf43118f02820bd932f2e4b14ad3\"},\"breadcrumb\":{\"@id\":\"https:\/\/franciscanos.org.br\/noticias\/ffb-um-jeito-franciscano-de-viver-a-fe.html#breadcrumb\"},\"inLanguage\":\"pt-BR\",\"potentialAction\":[{\"@type\":\"ReadAction\",\"target\":[\"https:\/\/franciscanos.org.br\/noticias\/ffb-um-jeito-franciscano-de-viver-a-fe.html\"]}]},{\"@type\":\"BreadcrumbList\",\"@id\":\"https:\/\/franciscanos.org.br\/noticias\/ffb-um-jeito-franciscano-de-viver-a-fe.html#breadcrumb\",\"itemListElement\":[{\"@type\":\"ListItem\",\"position\":1,\"name\":\"Home\",\"item\":\"https:\/\/franciscanos.org.br\/noticias\"},{\"@type\":\"ListItem\",\"position\":2,\"name\":\"FFB: um jeito franciscano de viver a f\u00e9\"}]},{\"@type\":\"Person\",\"@id\":\"https:\/\/franciscanos.org.br\/noticias\/#\/schema\/person\/b38fbf43118f02820bd932f2e4b14ad3\",\"name\":\"admin\",\"image\":{\"@type\":\"ImageObject\",\"inLanguage\":\"pt-BR\",\"@id\":\"https:\/\/franciscanos.org.br\/noticias\/#\/schema\/person\/image\/\",\"url\":\"https:\/\/secure.gravatar.com\/avatar\/e8495742d34d0ba6448ea1c628263b3e?s=96&d=mm&r=g\",\"contentUrl\":\"https:\/\/secure.gravatar.com\/avatar\/e8495742d34d0ba6448ea1c628263b3e?s=96&d=mm&r=g\",\"caption\":\"admin\"},\"url\":\"https:\/\/franciscanos.org.br\/noticias\/author\/admin\"}]}<\/script>\n<!-- \/ Yoast SEO plugin. -->","yoast_head_json":{"title":"FFB: um jeito franciscano de viver a f\u00e9 - Not\u00edcias - Franciscanos","robots":{"index":"index","follow":"follow","max-snippet":"max-snippet:-1","max-image-preview":"max-image-preview:large","max-video-preview":"max-video-preview:-1"},"canonical":"https:\/\/franciscanos.org.br\/noticias\/ffb-um-jeito-franciscano-de-viver-a-fe.html","og_locale":"pt_BR","og_type":"article","og_title":"FFB: um jeito franciscano de viver a f\u00e9 - Not\u00edcias - Franciscanos","og_description":"Jornada Franciscana","og_url":"https:\/\/franciscanos.org.br\/noticias\/ffb-um-jeito-franciscano-de-viver-a-fe.html","og_site_name":"Not\u00edcias - Franciscanos","article_published_time":"2013-09-20T17:03:25+00:00","article_modified_time":"2019-09-13T13:23:05+00:00","og_image":[{"width":273,"height":181,"url":"https:\/\/franciscanos.org.br\/noticias\/wp-content\/uploads\/2013\/09\/ffb_jornada_franciscanos.org_.br_1.jpg","type":"image\/jpeg"}],"author":"admin","twitter_card":"summary_large_image","twitter_misc":{"Escrito por":"admin","Est. tempo de leitura":"2 minutos"},"schema":{"@context":"https:\/\/schema.org","@graph":[{"@type":"WebSite","@id":"https:\/\/franciscanos.org.br\/noticias\/#website","url":"https:\/\/franciscanos.org.br\/noticias\/","name":"Not\u00edcias - Franciscanos","description":"Prov\u00edncia Franciscana da Imaculada Concei\u00e7\u00e3o do Brasil - Ordem dos Frades Menores - OFM","potentialAction":[{"@type":"SearchAction","target":{"@type":"EntryPoint","urlTemplate":"https:\/\/franciscanos.org.br\/noticias\/?s={search_term_string}"},"query-input":"required name=search_term_string"}],"inLanguage":"pt-BR"},{"@type":"ImageObject","inLanguage":"pt-BR","@id":"https:\/\/franciscanos.org.br\/noticias\/ffb-um-jeito-franciscano-de-viver-a-fe.html#primaryimage","url":"https:\/\/franciscanos.org.br\/noticias\/wp-content\/uploads\/2013\/09\/ffb_jornada_franciscanos.org_.br_1.jpg","contentUrl":"https:\/\/franciscanos.org.br\/noticias\/wp-content\/uploads\/2013\/09\/ffb_jornada_franciscanos.org_.br_1.jpg","width":273,"height":181},{"@type":"WebPage","@id":"https:\/\/franciscanos.org.br\/noticias\/ffb-um-jeito-franciscano-de-viver-a-fe.html#webpage","url":"https:\/\/franciscanos.org.br\/noticias\/ffb-um-jeito-franciscano-de-viver-a-fe.html","name":"FFB: um jeito franciscano de viver a f\u00e9 - Not\u00edcias - Franciscanos","isPartOf":{"@id":"https:\/\/franciscanos.org.br\/noticias\/#website"},"primaryImageOfPage":{"@id":"https:\/\/franciscanos.org.br\/noticias\/ffb-um-jeito-franciscano-de-viver-a-fe.html#primaryimage"},"datePublished":"2013-09-20T17:03:25+00:00","dateModified":"2019-09-13T13:23:05+00:00","author":{"@id":"https:\/\/franciscanos.org.br\/noticias\/#\/schema\/person\/b38fbf43118f02820bd932f2e4b14ad3"},"breadcrumb":{"@id":"https:\/\/franciscanos.org.br\/noticias\/ffb-um-jeito-franciscano-de-viver-a-fe.html#breadcrumb"},"inLanguage":"pt-BR","potentialAction":[{"@type":"ReadAction","target":["https:\/\/franciscanos.org.br\/noticias\/ffb-um-jeito-franciscano-de-viver-a-fe.html"]}]},{"@type":"BreadcrumbList","@id":"https:\/\/franciscanos.org.br\/noticias\/ffb-um-jeito-franciscano-de-viver-a-fe.html#breadcrumb","itemListElement":[{"@type":"ListItem","position":1,"name":"Home","item":"https:\/\/franciscanos.org.br\/noticias"},{"@type":"ListItem","position":2,"name":"FFB: um jeito franciscano de viver a f\u00e9"}]},{"@type":"Person","@id":"https:\/\/franciscanos.org.br\/noticias\/#\/schema\/person\/b38fbf43118f02820bd932f2e4b14ad3","name":"admin","image":{"@type":"ImageObject","inLanguage":"pt-BR","@id":"https:\/\/franciscanos.org.br\/noticias\/#\/schema\/person\/image\/","url":"https:\/\/secure.gravatar.com\/avatar\/e8495742d34d0ba6448ea1c628263b3e?s=96&d=mm&r=g","contentUrl":"https:\/\/secure.gravatar.com\/avatar\/e8495742d34d0ba6448ea1c628263b3e?s=96&d=mm&r=g","caption":"admin"},"url":"https:\/\/franciscanos.org.br\/noticias\/author\/admin"}]}},"_links":{"self":[{"href":"https:\/\/franciscanos.org.br\/noticias\/wp-json\/wp\/v2\/posts\/45817"}],"collection":[{"href":"https:\/\/franciscanos.org.br\/noticias\/wp-json\/wp\/v2\/posts"}],"about":[{"href":"https:\/\/franciscanos.org.br\/noticias\/wp-json\/wp\/v2\/types\/post"}],"author":[{"embeddable":true,"href":"https:\/\/franciscanos.org.br\/noticias\/wp-json\/wp\/v2\/users\/1"}],"replies":[{"embeddable":true,"href":"https:\/\/franciscanos.org.br\/noticias\/wp-json\/wp\/v2\/comments?post=45817"}],"version-history":[{"count":0,"href":"https:\/\/franciscanos.org.br\/noticias\/wp-json\/wp\/v2\/posts\/45817\/revisions"}],"wp:featuredmedia":[{"embeddable":true,"href":"https:\/\/franciscanos.org.br\/noticias\/wp-json\/wp\/v2\/media\/210752"}],"wp:attachment":[{"href":"https:\/\/franciscanos.org.br\/noticias\/wp-json\/wp\/v2\/media?parent=45817"}],"wp:term":[{"taxonomy":"category","embeddable":true,"href":"https:\/\/franciscanos.org.br\/noticias\/wp-json\/wp\/v2\/categories?post=45817"},{"taxonomy":"post_tag","embeddable":true,"href":"https:\/\/franciscanos.org.br\/noticias\/wp-json\/wp\/v2\/tags?post=45817"}],"curies":[{"name":"wp","href":"https:\/\/api.w.org\/{rel}","templated":true}]}}