{"id":45774,"date":"2013-09-30T01:36:12","date_gmt":"2013-09-30T04:36:12","guid":{"rendered":"http:\/\/new.franciscanos.org.br\/?p=45774"},"modified":"2020-11-11T10:37:30","modified_gmt":"2020-11-11T13:37:30","slug":"ofm-realiza-congresso-internacional-de-formacao-e-estudos","status":"publish","type":"post","link":"https:\/\/franciscanos.org.br\/noticias\/ofm-realiza-congresso-internacional-de-formacao-e-estudos.html","title":{"rendered":"Congresso discute Forma\u00e7\u00e3o e Estudos na Ordem"},"content":{"rendered":"<p style=\"text-align: left;\" align=\"right\"><strong><img loading=\"lazy\" src=\"http:\/\/franciscanos.org.br\/wp-content\/uploads\/2013\/09\/congresso_franciscanos.org_.br_.jpg\" alt=\"congresso_franciscanos.org.br\" width=\"830\" height=\"249\" \/><\/strong><\/p>\n<p style=\"text-align: left;\" align=\"right\"><strong><strong><img loading=\"lazy\" class=\"alignright\" src=\"http:\/\/franciscanos.org.br\/wp-content\/uploads\/2013\/09\/frades_franciscanos.org_.br_.jpg\" alt=\"frades_franciscanos.org.br\" width=\"450\" height=\"675\" \/><\/strong>Por Frei C\u00e9sar K\u00fclkamp, ofm<\/strong><\/p>\n<p style=\"text-align: left;\">Desde o dia 8 de setembro at\u00e9 o pr\u00f3ximo dia 22, est\u00e3o reunidos em Assis, os secret\u00e1rios para a forma\u00e7\u00e3o e os estudos de todas as prov\u00edncias e cust\u00f3dias aut\u00f4nomas da Ordem dos Frades Menores. S\u00e3o 102 frades, contando tamb\u00e9m organizadores, relatores, tradutores e equipe de apoio.<\/p>\n<p style=\"text-align: left;\">O Secretariado Geral para a Forma\u00e7\u00e3o e os Estudos, atendendo ao mandato do \u00faltimo Cap\u00edtulo, convocou este Congresso Internacional para tratar do Acompanhamento Franciscano, numa abordagem formativa, tendo como lema \u201c<i>Iesus Ibat cum illis<\/i>\u201d (Lc 24,15), que remete \u00e0 inspira\u00e7\u00e3o dos disc\u00edpulos de Ema\u00fas.<\/p>\n<p style=\"text-align: left;\">O Congresso foi aberto pelo Ministro Geral, Frei Michael Perry, na celebra\u00e7\u00e3o eucar\u00edstica diante da Porci\u00fancula, lugar da nossa origem, e, em seguida numa palestra em que apresentou as motiva\u00e7\u00f5es do presente Congresso. Lembrou que a experi\u00eancia de vida franciscana \u00e9 realizada no \u00e2mbito das realidades locais, mas deve estar aberta ao di\u00e1logo com outras entidades em n\u00edvel interprovincial, de confer\u00eancia, continental e internacional. Algumas partes do seu discurso:<\/p>\n<p style=\"text-align: left;\"><i>\u201c<\/i><i>Nos encontramos aqui n\u00e3o apenas para produzir outro documento, claro e preciso, para ser publicado e depois arquivado na profus\u00e3o de documentos da Ordem. Ao contr\u00e1rio, o objetivo deste Congresso \u00e9 o de refletir profundamente sobre as nossas estruturas e pr\u00e1ticas formativas, examinando tudo com muita aten\u00e7\u00e3o, a fim de buscar novos caminhos, mais eficazes e relevantes, para todo o processo formativo. Devemos entrar muito profundamente em n\u00f3s mesmos, analisar a real condi\u00e7\u00e3o da nossa vida e do nosso testemunho, a situa\u00e7\u00e3o do mundo, da Igreja e da Ordem, de modo a permitir que o Esp\u00edrito de Deus nos guie para horizontes novos e nos d\u00ea a coragem de ir para onde a Ordem ainda n\u00e3o teve a ousadia de estar e de onde se retirou, a seu pr\u00f3prio risco.<\/i><\/p>\n<p style=\"text-align: left;\"><i>Ao mesmo tempo, o nosso encontro entre irm\u00e3os e formadores, nos oferece uma oportunidade \u00fanica de caminharmos juntos pela estrada de Ema\u00fas, a estrada da vida evang\u00e9lica, partilhando aquilo que o Senhor Jesus est\u00e1 cumprindo atrav\u00e9s de n\u00f3s. Queremos ouvir e aprender uns dos outros a sermos mais sens\u00edveis \u00e0 obra do Esp\u00edrito no cora\u00e7\u00e3o e na mente de cada um de n\u00f3s, como tamb\u00e9m dos nossos outros irm\u00e3os, especialmente os que nos s\u00e3o confiados ao cuidado fraterno no processo de forma\u00e7\u00e3o.\u00a0\u00a0 <\/i><\/p>\n<p style=\"text-align: left;\"><i>Autenticidade de vida, abertura \u00e0s diversidades e complexidades, aten\u00e7\u00e3o aos dons \u00fanicos de cada candidato, postulante, novi\u00e7o ou frade professo, tentativas de viver mais radicalmente a simplicidade da vida em minoridade e pobreza: a estes valores e objetivos devemos dedicar sempre mais a nossa aten\u00e7\u00e3o, os nossos recursos, a reflex\u00e3o e o desenvolvimento de modalidades concretas, para tornar ainda mais vis\u00edvel o Evangelho na nossa vida pessoal e fraterna, nas nossas estruturas, na nossa ora\u00e7\u00e3o e no nosso testemunho mission\u00e1rio.<\/i><\/p>\n<p style=\"text-align: left;\"><i><img loading=\"lazy\" class=\"alignleft size-full wp-image-45779\" src=\"http:\/\/franciscanos.org.br\/wp-content\/uploads\/2013\/09\/freicesar.jpg\" alt=\"freicesar\" width=\"450\" height=\"297\" \/>O texto b\u00edblico de inspira\u00e7\u00e3o deste encontro \u00e9 a narrativa, com detalhes precisos, do processo de encontro com o Senhor Jesus, e que leva a uma mudan\u00e7a de vida. \u00c9 plaus\u00edvel dizer que este novo elo com Jesus, vivo, tivesse levado os disc\u00edpulos de Ema\u00fas a fazerem op\u00e7\u00f5es radicais para aderirem permanentemente \u00e0 sua proposta evang\u00e9lica; op\u00e7\u00f5es que para eles e para n\u00f3s comportam um empenho para um programa permanente de convers\u00e3o e de transforma\u00e7\u00e3o.\u201d<\/i><\/p>\n<p style=\"text-align: left;\">O Congresso segue uma metodologia te\u00f3rica, pr\u00e1tica e propositiva. Cada dia h\u00e1 uma exposi\u00e7\u00e3o com algum especialista nas dimens\u00f5es do acompanhamento (b\u00edblica, antropol\u00f3gica, franciscana, de vida consagrada e religiosa, pedag\u00f3gica, teol\u00f3gica, sacramental e psicol\u00f3gica). Nos dias finais se trabalhar\u00e1 numa s\u00edntese formativa, com Fr. Amedeo Cencini, e em outra institucional, com o Ministro Geral e seu Definit\u00f3rio. Os participantes s\u00e3o divididos em grupos, de acordo com as tr\u00eas l\u00ednguas oficiais, e seu trabalho \u00e9 orientado pelos conferencistas, no sentido de chegar a propostas para um texto final, a ser trabalhado depois do Congresso. Este texto poder\u00e1 ser um complemento \u00e0 <i>Ratio Formationis Franciscanae<\/i>, com orienta\u00e7\u00f5es para o acompanhamento formativo franciscano, na forma\u00e7\u00e3o inicial e permanente.<\/p>\n","protected":false},"excerpt":{"rendered":"<p>OFM<\/p>\n","protected":false},"author":1,"featured_media":217593,"comment_status":"closed","ping_status":"open","sticky":false,"template":"","format":"standard","meta":[],"categories":[1],"tags":[453,454,128],"acf":[],"yoast_head":"<!-- This site is optimized with the Yoast SEO plugin v19.2 - https:\/\/yoast.com\/wordpress\/plugins\/seo\/ -->\n<title>Congresso discute Forma\u00e7\u00e3o e Estudos na Ordem - Not\u00edcias - Franciscanos<\/title>\n<meta name=\"robots\" content=\"index, follow, max-snippet:-1, max-image-preview:large, max-video-preview:-1\" \/>\n<link rel=\"canonical\" href=\"https:\/\/franciscanos.org.br\/noticias\/ofm-realiza-congresso-internacional-de-formacao-e-estudos.html\" \/>\n<meta property=\"og:locale\" content=\"pt_BR\" \/>\n<meta property=\"og:type\" content=\"article\" \/>\n<meta property=\"og:title\" content=\"Congresso discute Forma\u00e7\u00e3o e Estudos na Ordem - Not\u00edcias - Franciscanos\" \/>\n<meta property=\"og:description\" content=\"OFM\" \/>\n<meta property=\"og:url\" content=\"https:\/\/franciscanos.org.br\/noticias\/ofm-realiza-congresso-internacional-de-formacao-e-estudos.html\" \/>\n<meta property=\"og:site_name\" content=\"Not\u00edcias - Franciscanos\" \/>\n<meta property=\"article:published_time\" content=\"2013-09-30T04:36:12+00:00\" \/>\n<meta property=\"article:modified_time\" content=\"2020-11-11T13:37:30+00:00\" \/>\n<meta property=\"og:image\" content=\"https:\/\/franciscanos.org.br\/noticias\/wp-content\/uploads\/2013\/09\/frades_franciscanos.org_.br_.jpg\" \/>\n\t<meta property=\"og:image:width\" content=\"273\" \/>\n\t<meta property=\"og:image:height\" content=\"181\" \/>\n\t<meta property=\"og:image:type\" content=\"image\/jpeg\" \/>\n<meta name=\"author\" content=\"admin\" \/>\n<meta name=\"twitter:card\" content=\"summary_large_image\" \/>\n<meta name=\"twitter:label1\" content=\"Escrito por\" \/>\n\t<meta name=\"twitter:data1\" content=\"admin\" \/>\n\t<meta name=\"twitter:label2\" content=\"Est. tempo de leitura\" \/>\n\t<meta name=\"twitter:data2\" content=\"4 minutos\" \/>\n<script type=\"application\/ld+json\" class=\"yoast-schema-graph\">{\"@context\":\"https:\/\/schema.org\",\"@graph\":[{\"@type\":\"WebSite\",\"@id\":\"https:\/\/franciscanos.org.br\/noticias\/#website\",\"url\":\"https:\/\/franciscanos.org.br\/noticias\/\",\"name\":\"Not\u00edcias - Franciscanos\",\"description\":\"Prov\u00edncia Franciscana da Imaculada Concei\u00e7\u00e3o do Brasil - Ordem dos Frades Menores - OFM\",\"potentialAction\":[{\"@type\":\"SearchAction\",\"target\":{\"@type\":\"EntryPoint\",\"urlTemplate\":\"https:\/\/franciscanos.org.br\/noticias\/?s={search_term_string}\"},\"query-input\":\"required name=search_term_string\"}],\"inLanguage\":\"pt-BR\"},{\"@type\":\"ImageObject\",\"inLanguage\":\"pt-BR\",\"@id\":\"https:\/\/franciscanos.org.br\/noticias\/ofm-realiza-congresso-internacional-de-formacao-e-estudos.html#primaryimage\",\"url\":\"https:\/\/franciscanos.org.br\/noticias\/wp-content\/uploads\/2013\/09\/frades_franciscanos.org_.br_.jpg\",\"contentUrl\":\"https:\/\/franciscanos.org.br\/noticias\/wp-content\/uploads\/2013\/09\/frades_franciscanos.org_.br_.jpg\",\"width\":273,\"height\":181},{\"@type\":\"WebPage\",\"@id\":\"https:\/\/franciscanos.org.br\/noticias\/ofm-realiza-congresso-internacional-de-formacao-e-estudos.html#webpage\",\"url\":\"https:\/\/franciscanos.org.br\/noticias\/ofm-realiza-congresso-internacional-de-formacao-e-estudos.html\",\"name\":\"Congresso discute Forma\u00e7\u00e3o e Estudos na Ordem - Not\u00edcias - Franciscanos\",\"isPartOf\":{\"@id\":\"https:\/\/franciscanos.org.br\/noticias\/#website\"},\"primaryImageOfPage\":{\"@id\":\"https:\/\/franciscanos.org.br\/noticias\/ofm-realiza-congresso-internacional-de-formacao-e-estudos.html#primaryimage\"},\"datePublished\":\"2013-09-30T04:36:12+00:00\",\"dateModified\":\"2020-11-11T13:37:30+00:00\",\"author\":{\"@id\":\"https:\/\/franciscanos.org.br\/noticias\/#\/schema\/person\/b38fbf43118f02820bd932f2e4b14ad3\"},\"breadcrumb\":{\"@id\":\"https:\/\/franciscanos.org.br\/noticias\/ofm-realiza-congresso-internacional-de-formacao-e-estudos.html#breadcrumb\"},\"inLanguage\":\"pt-BR\",\"potentialAction\":[{\"@type\":\"ReadAction\",\"target\":[\"https:\/\/franciscanos.org.br\/noticias\/ofm-realiza-congresso-internacional-de-formacao-e-estudos.html\"]}]},{\"@type\":\"BreadcrumbList\",\"@id\":\"https:\/\/franciscanos.org.br\/noticias\/ofm-realiza-congresso-internacional-de-formacao-e-estudos.html#breadcrumb\",\"itemListElement\":[{\"@type\":\"ListItem\",\"position\":1,\"name\":\"Home\",\"item\":\"https:\/\/franciscanos.org.br\/noticias\"},{\"@type\":\"ListItem\",\"position\":2,\"name\":\"Congresso discute Forma\u00e7\u00e3o e Estudos na Ordem\"}]},{\"@type\":\"Person\",\"@id\":\"https:\/\/franciscanos.org.br\/noticias\/#\/schema\/person\/b38fbf43118f02820bd932f2e4b14ad3\",\"name\":\"admin\",\"image\":{\"@type\":\"ImageObject\",\"inLanguage\":\"pt-BR\",\"@id\":\"https:\/\/franciscanos.org.br\/noticias\/#\/schema\/person\/image\/\",\"url\":\"https:\/\/secure.gravatar.com\/avatar\/e8495742d34d0ba6448ea1c628263b3e?s=96&d=mm&r=g\",\"contentUrl\":\"https:\/\/secure.gravatar.com\/avatar\/e8495742d34d0ba6448ea1c628263b3e?s=96&d=mm&r=g\",\"caption\":\"admin\"},\"url\":\"https:\/\/franciscanos.org.br\/noticias\/author\/admin\"}]}<\/script>\n<!-- \/ Yoast SEO plugin. -->","yoast_head_json":{"title":"Congresso discute Forma\u00e7\u00e3o e Estudos na Ordem - Not\u00edcias - Franciscanos","robots":{"index":"index","follow":"follow","max-snippet":"max-snippet:-1","max-image-preview":"max-image-preview:large","max-video-preview":"max-video-preview:-1"},"canonical":"https:\/\/franciscanos.org.br\/noticias\/ofm-realiza-congresso-internacional-de-formacao-e-estudos.html","og_locale":"pt_BR","og_type":"article","og_title":"Congresso discute Forma\u00e7\u00e3o e Estudos na Ordem - Not\u00edcias - Franciscanos","og_description":"OFM","og_url":"https:\/\/franciscanos.org.br\/noticias\/ofm-realiza-congresso-internacional-de-formacao-e-estudos.html","og_site_name":"Not\u00edcias - Franciscanos","article_published_time":"2013-09-30T04:36:12+00:00","article_modified_time":"2020-11-11T13:37:30+00:00","og_image":[{"width":273,"height":181,"url":"https:\/\/franciscanos.org.br\/noticias\/wp-content\/uploads\/2013\/09\/frades_franciscanos.org_.br_.jpg","type":"image\/jpeg"}],"author":"admin","twitter_card":"summary_large_image","twitter_misc":{"Escrito por":"admin","Est. tempo de leitura":"4 minutos"},"schema":{"@context":"https:\/\/schema.org","@graph":[{"@type":"WebSite","@id":"https:\/\/franciscanos.org.br\/noticias\/#website","url":"https:\/\/franciscanos.org.br\/noticias\/","name":"Not\u00edcias - Franciscanos","description":"Prov\u00edncia Franciscana da Imaculada Concei\u00e7\u00e3o do Brasil - Ordem dos Frades Menores - OFM","potentialAction":[{"@type":"SearchAction","target":{"@type":"EntryPoint","urlTemplate":"https:\/\/franciscanos.org.br\/noticias\/?s={search_term_string}"},"query-input":"required name=search_term_string"}],"inLanguage":"pt-BR"},{"@type":"ImageObject","inLanguage":"pt-BR","@id":"https:\/\/franciscanos.org.br\/noticias\/ofm-realiza-congresso-internacional-de-formacao-e-estudos.html#primaryimage","url":"https:\/\/franciscanos.org.br\/noticias\/wp-content\/uploads\/2013\/09\/frades_franciscanos.org_.br_.jpg","contentUrl":"https:\/\/franciscanos.org.br\/noticias\/wp-content\/uploads\/2013\/09\/frades_franciscanos.org_.br_.jpg","width":273,"height":181},{"@type":"WebPage","@id":"https:\/\/franciscanos.org.br\/noticias\/ofm-realiza-congresso-internacional-de-formacao-e-estudos.html#webpage","url":"https:\/\/franciscanos.org.br\/noticias\/ofm-realiza-congresso-internacional-de-formacao-e-estudos.html","name":"Congresso discute Forma\u00e7\u00e3o e Estudos na Ordem - Not\u00edcias - Franciscanos","isPartOf":{"@id":"https:\/\/franciscanos.org.br\/noticias\/#website"},"primaryImageOfPage":{"@id":"https:\/\/franciscanos.org.br\/noticias\/ofm-realiza-congresso-internacional-de-formacao-e-estudos.html#primaryimage"},"datePublished":"2013-09-30T04:36:12+00:00","dateModified":"2020-11-11T13:37:30+00:00","author":{"@id":"https:\/\/franciscanos.org.br\/noticias\/#\/schema\/person\/b38fbf43118f02820bd932f2e4b14ad3"},"breadcrumb":{"@id":"https:\/\/franciscanos.org.br\/noticias\/ofm-realiza-congresso-internacional-de-formacao-e-estudos.html#breadcrumb"},"inLanguage":"pt-BR","potentialAction":[{"@type":"ReadAction","target":["https:\/\/franciscanos.org.br\/noticias\/ofm-realiza-congresso-internacional-de-formacao-e-estudos.html"]}]},{"@type":"BreadcrumbList","@id":"https:\/\/franciscanos.org.br\/noticias\/ofm-realiza-congresso-internacional-de-formacao-e-estudos.html#breadcrumb","itemListElement":[{"@type":"ListItem","position":1,"name":"Home","item":"https:\/\/franciscanos.org.br\/noticias"},{"@type":"ListItem","position":2,"name":"Congresso discute Forma\u00e7\u00e3o e Estudos na Ordem"}]},{"@type":"Person","@id":"https:\/\/franciscanos.org.br\/noticias\/#\/schema\/person\/b38fbf43118f02820bd932f2e4b14ad3","name":"admin","image":{"@type":"ImageObject","inLanguage":"pt-BR","@id":"https:\/\/franciscanos.org.br\/noticias\/#\/schema\/person\/image\/","url":"https:\/\/secure.gravatar.com\/avatar\/e8495742d34d0ba6448ea1c628263b3e?s=96&d=mm&r=g","contentUrl":"https:\/\/secure.gravatar.com\/avatar\/e8495742d34d0ba6448ea1c628263b3e?s=96&d=mm&r=g","caption":"admin"},"url":"https:\/\/franciscanos.org.br\/noticias\/author\/admin"}]}},"_links":{"self":[{"href":"https:\/\/franciscanos.org.br\/noticias\/wp-json\/wp\/v2\/posts\/45774"}],"collection":[{"href":"https:\/\/franciscanos.org.br\/noticias\/wp-json\/wp\/v2\/posts"}],"about":[{"href":"https:\/\/franciscanos.org.br\/noticias\/wp-json\/wp\/v2\/types\/post"}],"author":[{"embeddable":true,"href":"https:\/\/franciscanos.org.br\/noticias\/wp-json\/wp\/v2\/users\/1"}],"replies":[{"embeddable":true,"href":"https:\/\/franciscanos.org.br\/noticias\/wp-json\/wp\/v2\/comments?post=45774"}],"version-history":[{"count":1,"href":"https:\/\/franciscanos.org.br\/noticias\/wp-json\/wp\/v2\/posts\/45774\/revisions"}],"predecessor-version":[{"id":229279,"href":"https:\/\/franciscanos.org.br\/noticias\/wp-json\/wp\/v2\/posts\/45774\/revisions\/229279"}],"wp:featuredmedia":[{"embeddable":true,"href":"https:\/\/franciscanos.org.br\/noticias\/wp-json\/wp\/v2\/media\/217593"}],"wp:attachment":[{"href":"https:\/\/franciscanos.org.br\/noticias\/wp-json\/wp\/v2\/media?parent=45774"}],"wp:term":[{"taxonomy":"category","embeddable":true,"href":"https:\/\/franciscanos.org.br\/noticias\/wp-json\/wp\/v2\/categories?post=45774"},{"taxonomy":"post_tag","embeddable":true,"href":"https:\/\/franciscanos.org.br\/noticias\/wp-json\/wp\/v2\/tags?post=45774"}],"curies":[{"name":"wp","href":"https:\/\/api.w.org\/{rel}","templated":true}]}}