{"id":45745,"date":"2013-09-19T10:58:34","date_gmt":"2013-09-19T13:58:34","guid":{"rendered":"http:\/\/new.franciscanos.org.br\/?p=45745"},"modified":"2020-11-11T10:33:43","modified_gmt":"2020-11-11T13:33:43","slug":"o-rosto-da-frente-de-comunicacao-na-provincia","status":"publish","type":"post","link":"https:\/\/franciscanos.org.br\/noticias\/o-rosto-da-frente-de-comunicacao-na-provincia.html","title":{"rendered":"O rosto da Frente de Comunica\u00e7\u00e3o na Prov\u00edncia"},"content":{"rendered":"<p><img loading=\"lazy\" src=\"http:\/\/franciscanos.org.br\/wp-content\/uploads\/2013\/09\/encontro_franciscanos.org_.br_.jpg\" alt=\"encontro_franciscanos.org.br\" width=\"830\" height=\"268\" \/><\/p>\n<p><strong>Por Moacir Beggo<\/strong><\/p>\n<p>A Frente de Comunica\u00e7\u00e3o, criada h\u00e1 cerca de um ano no Cap\u00edtulo Provincial, come\u00e7a a definir o seu rosto. Isso ficou claro durante o 1\u00ba Encontro Provincial que reuniu, em Rondinha (PR), todos os servi\u00e7os e frentes no campo da comunica\u00e7\u00e3o na Prov\u00edncia da Imaculada Concei\u00e7\u00e3o.<\/p>\n<p>O Ministro Provincial, Frei Fid\u00eancio Vanboemmel, que abriu o encontro durante a celebra\u00e7\u00e3o eucar\u00edstica da Festa da Impress\u00e3o das Chagas de S\u00e3o Francisco de Assis, no dia 17 de setembro, disse que n\u00e3o poderia haver data mais significativa para realizar este evento. &#8220;S\u00e3o Francisco soube como ningu\u00e9m ser o comunicador de Deus e o fez de tal forma que se assemelhou em tudo a Cristo&#8221;.<\/p>\n<p>O encontro reuniu profissionais e pessoas ligadas \u00e0 comunica\u00e7\u00e3o em diferentes \u00e1reas da Prov\u00edncia: Pr\u00f3-Voca\u00e7\u00f5es, Servi\u00e7o Franciscano de Solidariedade (Sefras), Funda\u00e7\u00e3o Celinauta de Pato Branco, (TV e R\u00e1dio), Funda\u00e7\u00e3o Frei Rog\u00e9rio (Curitibanos), Par\u00f3quias e Santu\u00e1rios, Editora Vozes, Associa\u00e7\u00e3o Bom Jesus e FAE, Universidade S\u00e3o Francisco, Comunica\u00e7\u00e3o do Instituto Teol\u00f3gico Franciscano (ITF), Secretaria e Comunica\u00e7\u00e3o da Sede Provincial.<\/p>\n<p>O Ministro Provincial confessou que estava &#8220;assustado&#8221; com o panorama de todo o trabalho na \u00e1rea da Comunica\u00e7\u00e3o feito na Prov\u00edncia. &#8220;Estou muito feliz, porque conseguimos dar o primeiro passo ao nos reunirmos, conhecermos melhor e conferirmos as grandezas dessas obras&#8221;, confessou.<\/p>\n<p>&#8220;Agora, se n\u00f3s facilitarmos mais a nossa linguagem, a nossa express\u00e3o, nos ajudarmos ainda mais, poderemos ser uma grande express\u00e3o na \u00e1rea onde n\u00f3s atuamos enquanto Prov\u00edncia da Imaculada. A gente sai um pouco das nossas gavetinhas isoladas, onde um grupo trabalhava mais para si ou para determinada institui\u00e7\u00e3o. De repente, aqui, nos sentimos como fam\u00edlia, irm\u00e3os dentro de um grande projeto. Se n\u00f3s nos reunirmos mais e qualificarmos mais a nossa miss\u00e3o evangelizadora atrav\u00e9s da comunica\u00e7\u00e3o, creio que poderemos ser uma grande express\u00e3o na Igreja de Deus, neste espa\u00e7o onde a Prov\u00edncia se faz presente&#8221;, convocou Frei Fid\u00eancio.<\/p>\n<p>Segundo o Ministro, os frades n\u00e3o fazem tudo sozinhos. &#8220;Precisamos muito da parceria de todos os leigos e leigas. Ent\u00e3o, s\u00f3 queria dizer que estou muito feliz por este trabalho. Conseguimos dar um passo muito importante que tamb\u00e9m ser\u00e1 dado por outras frentes de evangeliza\u00e7\u00e3o da Prov\u00edncia. A Frente de Comunica\u00e7\u00e3o entrou &#8216;de cheio&#8217; naquilo que n\u00f3s sonhamos no Cap\u00edtulo de 2012, quando diz\u00edamos que &#8216;n\u00f3s precisamos trabalhar muito mais em rede&#8217;.\u00a0 Por \u00faltimo, como Ministro Provincial, quero deixar uma palavra de incentivo: vamos acreditar no potencial que temos nesse grande empreendimento da evangeliza\u00e7\u00e3o franciscana&#8221;, motivou.<\/p>\n<p>O Coordenador da Frente de Comunica\u00e7\u00e3o, Frei Gustavo Medella, tamb\u00e9m n\u00e3o escondia a sua alegria pelo bom andamento do encontro: &#8220;As palavras de Frei Fid\u00eancio resumiram bem o que trazemos no cora\u00e7\u00e3o. Eu tamb\u00e9m s\u00f3 tenho a agradecer a cada um a participa\u00e7\u00e3o ativa, interessada, diretiva, porque reconhe\u00e7o que \u00e9 dif\u00edcil deixar a rotina, deslocar-se e deixar afazeres de urg\u00eancia para estarmos juntos.<\/p>\n<p>A meu ver valeu muito a pena pela qualidade da assembleia que conseguimos constituir aqui. T\u00e3o representativa e de gente t\u00e3o disposta de fato a dar passos. Nosso muito obrigado a todos, em especial \u00e0 Fraternidade, na pessoa do guardi\u00e3o Frei Jo\u00e3o Mannes, que acolheu e esteve sempre \u00e0 disposi\u00e7\u00e3o e zelando pelo bom andamento da assembleia&#8221;, completou Frei Medella.<\/p>\n<h4><b><img loading=\"lazy\" class=\"alignright size-full wp-image-45751\" src=\"http:\/\/franciscanos.org.br\/wp-content\/uploads\/2013\/09\/professor_Ciro_Marcondes_franciscanos.org_.br_.jpg\" alt=\"professor_Ciro_Marcondes_franciscanos.org.br\" width=\"450\" height=\"382\" \/>A assessoria do Professor Ciro<\/b><\/h4>\n<p>Formado em Ci\u00eancias Sociais e Jornalismo na USP, com doutorado pela Universidade de Frankfurt (Alemanha), e p\u00f3s-doutorado pela Universidade Grenoble (Fran\u00e7a), autor de mais de 40 obras, o professor Ciro Marcondes Filho foi o convidado para assessorar este primeiro encontro da Frente de Comunica\u00e7\u00e3o. Ele abordou o tema &#8220;Afinal, o que \u00e9 Comunica\u00e7\u00e3o?&#8221;, provocando e instigando os participantes.<\/p>\n<p>Segundo o professor, comunica\u00e7\u00e3o \u00e9 uma palavra da moda. &#8220;Todos falam em comunicar, pessoas comunicam, animais, plantas, sistemas comunicam. Tudo comunica. O pesquisador Gregory Bateson e seus colegas do Col\u00e9gio Invis\u00edvel, nos Estados Unidos, t\u00eam uma frase radical: \u2018N\u00e3o d\u00e1 para n\u00e3o comunicar\u2019. Viver \u00e9 estar comunicando, emitindo sinais, demonstrando participar do mundo&#8221;, colocou.<\/p>\n<p>Mas esse pensamento de comunica\u00e7\u00e3o \u00e9 uma farsa segundo o professor. &#8220;Logramos de fato nos comunicar quando preenchemos alguns requisitos pouco frequentes; mesmo assim, essa comunica\u00e7\u00e3o jamais poder\u00e1 ser absoluta ou plena\u201d.<\/p>\n<p>Segundo Ciro, para haver a comunica\u00e7\u00e3o \u00e9 preciso &#8216;algo mais&#8217;. &#8220;Comunica\u00e7\u00e3o \u00e9 antes um processo, um acontecimento, um encontro feliz, o momento m\u00e1gico entre duas intencionalidades&#8221;, disse, lembrando, por exemplo, que a escolha de um jornal para leitura s\u00f3 acontece quando ele est\u00e1 sintonizado &#8220;com o que penso&#8221;. Ou seja, o jornal tem a fun\u00e7\u00e3o de somar ao que penso.<\/p>\n<p>A comunica\u00e7\u00e3o depende do ambiente, dos humores, do clima, de como falo ao outro e de como ele me ouve, explica o palestrante. &#8220;Para haver comunica\u00e7\u00e3o necessitamos do outro, precisamos do outro para nos transformar. Para isso acontecer preciso sair do meu casulo, abrir-me para o diferente, deixar v\u00edcios e sistemas fechados. \u00c9 preciso fazer uma imers\u00e3o e n\u00e3o passar pelas coisas superficialmente&#8221;, destacou.<\/p>\n<p>Ele fez uma distin\u00e7\u00e3o entre informa\u00e7\u00e3o e comunica\u00e7\u00e3o: a primeira \u00e9 algo relacional, ou seja, s\u00f3 ocorre quando h\u00e1 interesse; j\u00e1 a segunda, n\u00e3o \u00e9 s\u00f3 amplia\u00e7\u00e3o de informa\u00e7\u00e3o, mas \u00e9 algo mais significativo, pois de alguma forma ela altera e transforma o ser humano.<\/p>\n<p>Partindo dessa reflex\u00e3o, Ciro desmitificou a ideia de que n\u00e3o existe nada mais importante no momento do que as redes sociais para se comunicar e interagir. Para ele, \u00e9 o paradoxo da presen\u00e7a: estamos no lugar sem estarmos no lugar. &#8220;N\u00e3o estou na cena, apenas fotografo para o meu Facebook; n\u00e3o vivo a vida; o outro n\u00e3o passa de um sinal de luz no meu computador&#8221;, questionou. Segundo Ciro Marcondes, com a comunica\u00e7\u00e3o queremos que o outro nos ache, queremos tamb\u00e9m estar s\u00f3s, \u00e0s vezes; enfim, queremos a presen\u00e7a real&#8221;.<\/p>\n<p>\u00c0 tarde, o Professor Ciro trouxe o tema &#8220;O impacto da tecnologia na configura\u00e7\u00e3o do ser humano e da sociedade&#8221;, complementando o que falou de manh\u00e3. Segundo ele, por mais paradoxal que possa parecer, com as novas tecnologias, &#8220;estamos indo para o fechamento&#8221;. O homem, segundo o professor, \u00e9 t\u00e3o fascinado pela m\u00e1quina, que fica em segundo plano. Vivemos no mundo irreal dos meios de comunica\u00e7\u00e3o de massa. &#8220;Tudo constr\u00f3i e se destr\u00f3i ao toque de uma tecla&#8221;.<\/p>\n<p>Segundo o palestrante, a sociedade n\u00e3o pode viver sem os meios tecnol\u00f3gicos, mas estes n\u00e3o devem tomar o espa\u00e7o da comunica\u00e7\u00e3o interpessoal e presencial, pois o uso deliberado de tais meios \u00e9 prejudicial \u00e0 comunica\u00e7\u00e3o. Ciro enfatizou que a comunica\u00e7\u00e3o s\u00f3 acontece com alteridade (concep\u00e7\u00e3o que parte do pressuposto b\u00e1sico de que todo o homem social interage e interdepende do outro). Para ele, a alteridade n\u00e3o pode ser &#8220;confiscada&#8221;: \u00e9 preciso ver a face do outro e este outro deve ocupar o primeiro lugar. O desafio \u00e9 buscar o equil\u00edbrio.<\/p>\n<p>Depois de um momento de Espiritualidade, na quarta-feira, dia 18, os participantes do encontro foram divididos em cinco grupos para, a partir das provoca\u00e7\u00f5es do Professor Ciro, levantar pistas visando uma comunica\u00e7\u00e3o efetiva na Prov\u00edncia. No plen\u00e1rio, em seguida, muitas pontua\u00e7\u00f5es e pautas para a pr\u00f3xima reuni\u00e3o, que j\u00e1 dever\u00e1 acontecer no primeiro semestre do ano que vem. As conclus\u00f5es do encontro e avalia\u00e7\u00f5es ser\u00e3o publicadas em outro momento.<\/p>\n","protected":false},"excerpt":{"rendered":"<p>1\u00ba Encontro Provincial <\/p>\n","protected":false},"author":1,"featured_media":213176,"comment_status":"closed","ping_status":"open","sticky":false,"template":"","format":"standard","meta":[],"categories":[1],"tags":[451],"acf":[],"yoast_head":"<!-- This site is optimized with the Yoast SEO plugin v19.2 - https:\/\/yoast.com\/wordpress\/plugins\/seo\/ -->\n<title>O rosto da Frente de Comunica\u00e7\u00e3o na Prov\u00edncia - Not\u00edcias - Franciscanos<\/title>\n<meta name=\"robots\" content=\"index, follow, max-snippet:-1, max-image-preview:large, max-video-preview:-1\" \/>\n<link rel=\"canonical\" href=\"https:\/\/franciscanos.org.br\/noticias\/o-rosto-da-frente-de-comunicacao-na-provincia.html\" \/>\n<meta property=\"og:locale\" content=\"pt_BR\" \/>\n<meta property=\"og:type\" content=\"article\" \/>\n<meta property=\"og:title\" content=\"O rosto da Frente de Comunica\u00e7\u00e3o na Prov\u00edncia - Not\u00edcias - Franciscanos\" \/>\n<meta property=\"og:description\" content=\"1\u00ba Encontro Provincial\" \/>\n<meta property=\"og:url\" content=\"https:\/\/franciscanos.org.br\/noticias\/o-rosto-da-frente-de-comunicacao-na-provincia.html\" \/>\n<meta property=\"og:site_name\" content=\"Not\u00edcias - Franciscanos\" \/>\n<meta property=\"article:published_time\" content=\"2013-09-19T13:58:34+00:00\" \/>\n<meta property=\"article:modified_time\" content=\"2020-11-11T13:33:43+00:00\" \/>\n<meta property=\"og:image\" content=\"https:\/\/franciscanos.org.br\/noticias\/wp-content\/uploads\/2013\/09\/encontro_franciscanos.org_.br_.jpg\" \/>\n\t<meta property=\"og:image:width\" content=\"273\" \/>\n\t<meta property=\"og:image:height\" content=\"181\" \/>\n\t<meta property=\"og:image:type\" content=\"image\/jpeg\" \/>\n<meta name=\"author\" content=\"admin\" \/>\n<meta name=\"twitter:card\" content=\"summary_large_image\" \/>\n<meta name=\"twitter:label1\" content=\"Escrito por\" \/>\n\t<meta name=\"twitter:data1\" content=\"admin\" \/>\n\t<meta name=\"twitter:label2\" content=\"Est. tempo de leitura\" \/>\n\t<meta name=\"twitter:data2\" content=\"6 minutos\" \/>\n<script type=\"application\/ld+json\" class=\"yoast-schema-graph\">{\"@context\":\"https:\/\/schema.org\",\"@graph\":[{\"@type\":\"WebSite\",\"@id\":\"https:\/\/franciscanos.org.br\/noticias\/#website\",\"url\":\"https:\/\/franciscanos.org.br\/noticias\/\",\"name\":\"Not\u00edcias - Franciscanos\",\"description\":\"Prov\u00edncia Franciscana da Imaculada Concei\u00e7\u00e3o do Brasil - Ordem dos Frades Menores - OFM\",\"potentialAction\":[{\"@type\":\"SearchAction\",\"target\":{\"@type\":\"EntryPoint\",\"urlTemplate\":\"https:\/\/franciscanos.org.br\/noticias\/?s={search_term_string}\"},\"query-input\":\"required name=search_term_string\"}],\"inLanguage\":\"pt-BR\"},{\"@type\":\"ImageObject\",\"inLanguage\":\"pt-BR\",\"@id\":\"https:\/\/franciscanos.org.br\/noticias\/o-rosto-da-frente-de-comunicacao-na-provincia.html#primaryimage\",\"url\":\"https:\/\/franciscanos.org.br\/noticias\/wp-content\/uploads\/2013\/09\/encontro_franciscanos.org_.br_.jpg\",\"contentUrl\":\"https:\/\/franciscanos.org.br\/noticias\/wp-content\/uploads\/2013\/09\/encontro_franciscanos.org_.br_.jpg\",\"width\":273,\"height\":181},{\"@type\":\"WebPage\",\"@id\":\"https:\/\/franciscanos.org.br\/noticias\/o-rosto-da-frente-de-comunicacao-na-provincia.html#webpage\",\"url\":\"https:\/\/franciscanos.org.br\/noticias\/o-rosto-da-frente-de-comunicacao-na-provincia.html\",\"name\":\"O rosto da Frente de Comunica\u00e7\u00e3o na Prov\u00edncia - Not\u00edcias - Franciscanos\",\"isPartOf\":{\"@id\":\"https:\/\/franciscanos.org.br\/noticias\/#website\"},\"primaryImageOfPage\":{\"@id\":\"https:\/\/franciscanos.org.br\/noticias\/o-rosto-da-frente-de-comunicacao-na-provincia.html#primaryimage\"},\"datePublished\":\"2013-09-19T13:58:34+00:00\",\"dateModified\":\"2020-11-11T13:33:43+00:00\",\"author\":{\"@id\":\"https:\/\/franciscanos.org.br\/noticias\/#\/schema\/person\/b38fbf43118f02820bd932f2e4b14ad3\"},\"breadcrumb\":{\"@id\":\"https:\/\/franciscanos.org.br\/noticias\/o-rosto-da-frente-de-comunicacao-na-provincia.html#breadcrumb\"},\"inLanguage\":\"pt-BR\",\"potentialAction\":[{\"@type\":\"ReadAction\",\"target\":[\"https:\/\/franciscanos.org.br\/noticias\/o-rosto-da-frente-de-comunicacao-na-provincia.html\"]}]},{\"@type\":\"BreadcrumbList\",\"@id\":\"https:\/\/franciscanos.org.br\/noticias\/o-rosto-da-frente-de-comunicacao-na-provincia.html#breadcrumb\",\"itemListElement\":[{\"@type\":\"ListItem\",\"position\":1,\"name\":\"Home\",\"item\":\"https:\/\/franciscanos.org.br\/noticias\"},{\"@type\":\"ListItem\",\"position\":2,\"name\":\"O rosto da Frente de Comunica\u00e7\u00e3o na Prov\u00edncia\"}]},{\"@type\":\"Person\",\"@id\":\"https:\/\/franciscanos.org.br\/noticias\/#\/schema\/person\/b38fbf43118f02820bd932f2e4b14ad3\",\"name\":\"admin\",\"image\":{\"@type\":\"ImageObject\",\"inLanguage\":\"pt-BR\",\"@id\":\"https:\/\/franciscanos.org.br\/noticias\/#\/schema\/person\/image\/\",\"url\":\"https:\/\/secure.gravatar.com\/avatar\/e8495742d34d0ba6448ea1c628263b3e?s=96&d=mm&r=g\",\"contentUrl\":\"https:\/\/secure.gravatar.com\/avatar\/e8495742d34d0ba6448ea1c628263b3e?s=96&d=mm&r=g\",\"caption\":\"admin\"},\"url\":\"https:\/\/franciscanos.org.br\/noticias\/author\/admin\"}]}<\/script>\n<!-- \/ Yoast SEO plugin. -->","yoast_head_json":{"title":"O rosto da Frente de Comunica\u00e7\u00e3o na Prov\u00edncia - Not\u00edcias - Franciscanos","robots":{"index":"index","follow":"follow","max-snippet":"max-snippet:-1","max-image-preview":"max-image-preview:large","max-video-preview":"max-video-preview:-1"},"canonical":"https:\/\/franciscanos.org.br\/noticias\/o-rosto-da-frente-de-comunicacao-na-provincia.html","og_locale":"pt_BR","og_type":"article","og_title":"O rosto da Frente de Comunica\u00e7\u00e3o na Prov\u00edncia - Not\u00edcias - Franciscanos","og_description":"1\u00ba Encontro Provincial","og_url":"https:\/\/franciscanos.org.br\/noticias\/o-rosto-da-frente-de-comunicacao-na-provincia.html","og_site_name":"Not\u00edcias - Franciscanos","article_published_time":"2013-09-19T13:58:34+00:00","article_modified_time":"2020-11-11T13:33:43+00:00","og_image":[{"width":273,"height":181,"url":"https:\/\/franciscanos.org.br\/noticias\/wp-content\/uploads\/2013\/09\/encontro_franciscanos.org_.br_.jpg","type":"image\/jpeg"}],"author":"admin","twitter_card":"summary_large_image","twitter_misc":{"Escrito por":"admin","Est. tempo de leitura":"6 minutos"},"schema":{"@context":"https:\/\/schema.org","@graph":[{"@type":"WebSite","@id":"https:\/\/franciscanos.org.br\/noticias\/#website","url":"https:\/\/franciscanos.org.br\/noticias\/","name":"Not\u00edcias - Franciscanos","description":"Prov\u00edncia Franciscana da Imaculada Concei\u00e7\u00e3o do Brasil - Ordem dos Frades Menores - OFM","potentialAction":[{"@type":"SearchAction","target":{"@type":"EntryPoint","urlTemplate":"https:\/\/franciscanos.org.br\/noticias\/?s={search_term_string}"},"query-input":"required name=search_term_string"}],"inLanguage":"pt-BR"},{"@type":"ImageObject","inLanguage":"pt-BR","@id":"https:\/\/franciscanos.org.br\/noticias\/o-rosto-da-frente-de-comunicacao-na-provincia.html#primaryimage","url":"https:\/\/franciscanos.org.br\/noticias\/wp-content\/uploads\/2013\/09\/encontro_franciscanos.org_.br_.jpg","contentUrl":"https:\/\/franciscanos.org.br\/noticias\/wp-content\/uploads\/2013\/09\/encontro_franciscanos.org_.br_.jpg","width":273,"height":181},{"@type":"WebPage","@id":"https:\/\/franciscanos.org.br\/noticias\/o-rosto-da-frente-de-comunicacao-na-provincia.html#webpage","url":"https:\/\/franciscanos.org.br\/noticias\/o-rosto-da-frente-de-comunicacao-na-provincia.html","name":"O rosto da Frente de Comunica\u00e7\u00e3o na Prov\u00edncia - Not\u00edcias - Franciscanos","isPartOf":{"@id":"https:\/\/franciscanos.org.br\/noticias\/#website"},"primaryImageOfPage":{"@id":"https:\/\/franciscanos.org.br\/noticias\/o-rosto-da-frente-de-comunicacao-na-provincia.html#primaryimage"},"datePublished":"2013-09-19T13:58:34+00:00","dateModified":"2020-11-11T13:33:43+00:00","author":{"@id":"https:\/\/franciscanos.org.br\/noticias\/#\/schema\/person\/b38fbf43118f02820bd932f2e4b14ad3"},"breadcrumb":{"@id":"https:\/\/franciscanos.org.br\/noticias\/o-rosto-da-frente-de-comunicacao-na-provincia.html#breadcrumb"},"inLanguage":"pt-BR","potentialAction":[{"@type":"ReadAction","target":["https:\/\/franciscanos.org.br\/noticias\/o-rosto-da-frente-de-comunicacao-na-provincia.html"]}]},{"@type":"BreadcrumbList","@id":"https:\/\/franciscanos.org.br\/noticias\/o-rosto-da-frente-de-comunicacao-na-provincia.html#breadcrumb","itemListElement":[{"@type":"ListItem","position":1,"name":"Home","item":"https:\/\/franciscanos.org.br\/noticias"},{"@type":"ListItem","position":2,"name":"O rosto da Frente de Comunica\u00e7\u00e3o na Prov\u00edncia"}]},{"@type":"Person","@id":"https:\/\/franciscanos.org.br\/noticias\/#\/schema\/person\/b38fbf43118f02820bd932f2e4b14ad3","name":"admin","image":{"@type":"ImageObject","inLanguage":"pt-BR","@id":"https:\/\/franciscanos.org.br\/noticias\/#\/schema\/person\/image\/","url":"https:\/\/secure.gravatar.com\/avatar\/e8495742d34d0ba6448ea1c628263b3e?s=96&d=mm&r=g","contentUrl":"https:\/\/secure.gravatar.com\/avatar\/e8495742d34d0ba6448ea1c628263b3e?s=96&d=mm&r=g","caption":"admin"},"url":"https:\/\/franciscanos.org.br\/noticias\/author\/admin"}]}},"_links":{"self":[{"href":"https:\/\/franciscanos.org.br\/noticias\/wp-json\/wp\/v2\/posts\/45745"}],"collection":[{"href":"https:\/\/franciscanos.org.br\/noticias\/wp-json\/wp\/v2\/posts"}],"about":[{"href":"https:\/\/franciscanos.org.br\/noticias\/wp-json\/wp\/v2\/types\/post"}],"author":[{"embeddable":true,"href":"https:\/\/franciscanos.org.br\/noticias\/wp-json\/wp\/v2\/users\/1"}],"replies":[{"embeddable":true,"href":"https:\/\/franciscanos.org.br\/noticias\/wp-json\/wp\/v2\/comments?post=45745"}],"version-history":[{"count":1,"href":"https:\/\/franciscanos.org.br\/noticias\/wp-json\/wp\/v2\/posts\/45745\/revisions"}],"predecessor-version":[{"id":229275,"href":"https:\/\/franciscanos.org.br\/noticias\/wp-json\/wp\/v2\/posts\/45745\/revisions\/229275"}],"wp:featuredmedia":[{"embeddable":true,"href":"https:\/\/franciscanos.org.br\/noticias\/wp-json\/wp\/v2\/media\/213176"}],"wp:attachment":[{"href":"https:\/\/franciscanos.org.br\/noticias\/wp-json\/wp\/v2\/media?parent=45745"}],"wp:term":[{"taxonomy":"category","embeddable":true,"href":"https:\/\/franciscanos.org.br\/noticias\/wp-json\/wp\/v2\/categories?post=45745"},{"taxonomy":"post_tag","embeddable":true,"href":"https:\/\/franciscanos.org.br\/noticias\/wp-json\/wp\/v2\/tags?post=45745"}],"curies":[{"name":"wp","href":"https:\/\/api.w.org\/{rel}","templated":true}]}}