{"id":45731,"date":"2013-11-11T05:03:55","date_gmt":"2013-11-11T07:03:55","guid":{"rendered":"http:\/\/new.franciscanos.org.br\/?p=45731"},"modified":"2020-01-31T12:43:37","modified_gmt":"2020-01-31T15:43:37","slug":"dom-jaime-toma-posse-no-dia-15-de-novembro","status":"publish","type":"post","link":"https:\/\/franciscanos.org.br\/noticias\/dom-jaime-toma-posse-no-dia-15-de-novembro.html","title":{"rendered":"Dom Jaime toma posse no dia 15 de novembro"},"content":{"rendered":"<p><img loading=\"lazy\" class=\"alignright size-full wp-image-45733\" src=\"http:\/\/franciscanos.org.br\/wp-content\/uploads\/2013\/09\/freijaime_bispo_franciscanos.org_.br_.jpg\" alt=\"freijaime_bispo_franciscanos.org.br\" width=\"500\" height=\"464\" \/>A posse do novo arcebispo de Porto Alegre, Dom Jaime Spengler, est\u00e1 marcada para o dia 15 de novembro, feriado da Proclama\u00e7\u00e3o da Rep\u00fablica, \u00e0s 9h30, na Catedral Metropolitana da capital ga\u00facha.\u00a0 Com 53 anos, o religioso franciscano ser\u00e1 o mais jovem arcebispo do Brasil e o s\u00e9timo da Arquidiocese. At\u00e9 a posse,\u00a0arcebispo em\u00e9rito, Dom Dadeus Grings \u00e9 o administrador arquidiocesano.<\/p>\n<p>Logo ap\u00f3s a nomea\u00e7\u00e3o, Dom Jaime agradeceu as manifesta\u00e7\u00f5es de carinho e falou da nova etapa que se inicia na sua vida religiosa. &#8220;\u00c9 uma nova etapa ainda mais vigorosamente inserida no cotidiano da vida desta Igreja Particular, presente em Porto Alegre. Como Pastor desta Igreja, me disponho a empenhar o melhor de minhas for\u00e7as em prol da \u201cSalus\u201d (salva\u00e7\u00e3o, sa\u00fade!) desta por\u00e7\u00e3o do Povo de Deus. Fazemos parte, agora, com empenho ainda maior, de um presbit\u00e9rio bem formado, bem disposto; de um presbit\u00e9rio que reconhece suas fragilidades e limita\u00e7\u00f5es, mas que tamb\u00e9m \u00e9 marcado de forma distinta por muitos valores e virtudes. Creio que todos juntos e unidos, haveremos de continuar a nos empenhar por construir uma Igreja mais acolhedora, vigorosa, viva, alegre, mission\u00e1ria e evangelizadora. A comunh\u00e3o (co-m\u00fanus) favorecida, buscada e assumida haver\u00e1 de nos auxiliar a todos, para que o presbit\u00e9rio resplande\u00e7a na sua dignidade e possa cumprir da melhor forma poss\u00edvel a miss\u00e3o que lhe \u00e9 caracter\u00edstica&#8221;, espera o novo arcebispo.<\/p>\n<p>Mas frisou que essa nova miss\u00e3o precisa da comunh\u00e3o de todos. &#8220;Desejamos poder compor com as diversas for\u00e7as da sociedade, a fim de colaborar de forma harmoniosa e eficaz, para que todos tenham mais vida. Nosso povo \u00e9 bom, pac\u00edfico e trabalhador; possui utopia, desejo de construir uma Terra verdadeiramente sem males. A f\u00e9 que nos caracteriza, haver\u00e1 de orientar nossas escolhas e decis\u00f5es. N\u00e3o podemos abrir m\u00e3o de tudo aquilo que julgamos necess\u00e1rio para uma exist\u00eancia digna. Atrav\u00e9s do di\u00e1logo e do estudo das quest\u00f5es importantes, e que dizem respeito a uma exist\u00eancia autenticamente humana e crist\u00e3, poderemos nos tornar colaboradores da gra\u00e7a do Senhor! A alegria de Deus e em Deus \u00e9 a realiza\u00e7\u00e3o plena do ser humano&#8221;, disse.<\/p>\n<p>Sintonizado com o Papa Francisco, Dom Jaime fez a defesa de uma institui\u00e7\u00e3o mais humilde: &#8220;A Igreja precisa ser mais simples e ir ao encontro das periferias e dos pobres. \u00c9 o que prega o evangelho&#8221;. O novo arcebispo faz uma aposta nos jovens porque v\u00ea uma transforma\u00e7\u00e3o no mundo atual, que levam a questionamentos sobre as atuais refer\u00eancias da humanidade: &#8220;Para que isso chegue a um bom termo, algo precisa ser constru\u00eddo junto: o discernimento. Tr\u00eas pontos s\u00e3o fundamentais: estudo, ora\u00e7\u00e3o e disposi\u00e7\u00e3o ao di\u00e1logo&#8221;, destacou.<\/p>\n<p>Dom Jaime recebeu carta de Dom Leonardo Ulrich Steiner, Secret\u00e1rio Geral da CNBB e seu confrade na Prov\u00edncia da Imaculada Concei\u00e7\u00e3o. &#8220;Nossa Senhora, a M\u00e3e das Dores, S\u00e3o Francisco de Assis, o apaixonado pelo Crucificado, acompanhem o nosso irm\u00e3o na sua nova miss\u00e3o na Arquidiocese de Porto Alegre&#8221;, disse.<\/p>\n","protected":false},"excerpt":{"rendered":"<p>Arcebispo<\/p>\n","protected":false},"author":1,"featured_media":204490,"comment_status":"closed","ping_status":"open","sticky":false,"template":"","format":"standard","meta":[],"categories":[1],"tags":[447,449,450],"acf":[],"yoast_head":"<!-- This site is optimized with the Yoast SEO plugin v19.2 - https:\/\/yoast.com\/wordpress\/plugins\/seo\/ -->\n<title>Dom Jaime toma posse no dia 15 de novembro - Not\u00edcias - Franciscanos<\/title>\n<meta name=\"robots\" content=\"index, follow, max-snippet:-1, max-image-preview:large, max-video-preview:-1\" \/>\n<link rel=\"canonical\" href=\"https:\/\/franciscanos.org.br\/noticias\/dom-jaime-toma-posse-no-dia-15-de-novembro.html\" \/>\n<meta property=\"og:locale\" content=\"pt_BR\" \/>\n<meta property=\"og:type\" content=\"article\" \/>\n<meta property=\"og:title\" content=\"Dom Jaime toma posse no dia 15 de novembro - Not\u00edcias - Franciscanos\" \/>\n<meta property=\"og:description\" content=\"Arcebispo\" \/>\n<meta property=\"og:url\" content=\"https:\/\/franciscanos.org.br\/noticias\/dom-jaime-toma-posse-no-dia-15-de-novembro.html\" \/>\n<meta property=\"og:site_name\" content=\"Not\u00edcias - Franciscanos\" \/>\n<meta property=\"article:published_time\" content=\"2013-11-11T07:03:55+00:00\" \/>\n<meta property=\"article:modified_time\" content=\"2020-01-31T15:43:37+00:00\" \/>\n<meta property=\"og:image\" content=\"https:\/\/franciscanos.org.br\/noticias\/wp-content\/uploads\/2013\/11\/jaime_1.jpg\" \/>\n\t<meta property=\"og:image:width\" content=\"273\" \/>\n\t<meta property=\"og:image:height\" content=\"181\" \/>\n\t<meta property=\"og:image:type\" content=\"image\/jpeg\" \/>\n<meta name=\"author\" content=\"admin\" \/>\n<meta name=\"twitter:card\" content=\"summary_large_image\" \/>\n<meta name=\"twitter:label1\" content=\"Escrito por\" \/>\n\t<meta name=\"twitter:data1\" content=\"admin\" \/>\n\t<meta name=\"twitter:label2\" content=\"Est. tempo de leitura\" \/>\n\t<meta name=\"twitter:data2\" content=\"3 minutos\" \/>\n<script type=\"application\/ld+json\" class=\"yoast-schema-graph\">{\"@context\":\"https:\/\/schema.org\",\"@graph\":[{\"@type\":\"WebSite\",\"@id\":\"https:\/\/franciscanos.org.br\/noticias\/#website\",\"url\":\"https:\/\/franciscanos.org.br\/noticias\/\",\"name\":\"Not\u00edcias - Franciscanos\",\"description\":\"Prov\u00edncia Franciscana da Imaculada Concei\u00e7\u00e3o do Brasil - Ordem dos Frades Menores - OFM\",\"potentialAction\":[{\"@type\":\"SearchAction\",\"target\":{\"@type\":\"EntryPoint\",\"urlTemplate\":\"https:\/\/franciscanos.org.br\/noticias\/?s={search_term_string}\"},\"query-input\":\"required name=search_term_string\"}],\"inLanguage\":\"pt-BR\"},{\"@type\":\"ImageObject\",\"inLanguage\":\"pt-BR\",\"@id\":\"https:\/\/franciscanos.org.br\/noticias\/dom-jaime-toma-posse-no-dia-15-de-novembro.html#primaryimage\",\"url\":\"https:\/\/franciscanos.org.br\/noticias\/wp-content\/uploads\/2013\/11\/jaime_1.jpg\",\"contentUrl\":\"https:\/\/franciscanos.org.br\/noticias\/wp-content\/uploads\/2013\/11\/jaime_1.jpg\",\"width\":273,\"height\":181},{\"@type\":\"WebPage\",\"@id\":\"https:\/\/franciscanos.org.br\/noticias\/dom-jaime-toma-posse-no-dia-15-de-novembro.html#webpage\",\"url\":\"https:\/\/franciscanos.org.br\/noticias\/dom-jaime-toma-posse-no-dia-15-de-novembro.html\",\"name\":\"Dom Jaime toma posse no dia 15 de novembro - Not\u00edcias - Franciscanos\",\"isPartOf\":{\"@id\":\"https:\/\/franciscanos.org.br\/noticias\/#website\"},\"primaryImageOfPage\":{\"@id\":\"https:\/\/franciscanos.org.br\/noticias\/dom-jaime-toma-posse-no-dia-15-de-novembro.html#primaryimage\"},\"datePublished\":\"2013-11-11T07:03:55+00:00\",\"dateModified\":\"2020-01-31T15:43:37+00:00\",\"author\":{\"@id\":\"https:\/\/franciscanos.org.br\/noticias\/#\/schema\/person\/b38fbf43118f02820bd932f2e4b14ad3\"},\"breadcrumb\":{\"@id\":\"https:\/\/franciscanos.org.br\/noticias\/dom-jaime-toma-posse-no-dia-15-de-novembro.html#breadcrumb\"},\"inLanguage\":\"pt-BR\",\"potentialAction\":[{\"@type\":\"ReadAction\",\"target\":[\"https:\/\/franciscanos.org.br\/noticias\/dom-jaime-toma-posse-no-dia-15-de-novembro.html\"]}]},{\"@type\":\"BreadcrumbList\",\"@id\":\"https:\/\/franciscanos.org.br\/noticias\/dom-jaime-toma-posse-no-dia-15-de-novembro.html#breadcrumb\",\"itemListElement\":[{\"@type\":\"ListItem\",\"position\":1,\"name\":\"Home\",\"item\":\"https:\/\/franciscanos.org.br\/noticias\"},{\"@type\":\"ListItem\",\"position\":2,\"name\":\"Dom Jaime toma posse no dia 15 de novembro\"}]},{\"@type\":\"Person\",\"@id\":\"https:\/\/franciscanos.org.br\/noticias\/#\/schema\/person\/b38fbf43118f02820bd932f2e4b14ad3\",\"name\":\"admin\",\"image\":{\"@type\":\"ImageObject\",\"inLanguage\":\"pt-BR\",\"@id\":\"https:\/\/franciscanos.org.br\/noticias\/#\/schema\/person\/image\/\",\"url\":\"https:\/\/secure.gravatar.com\/avatar\/e8495742d34d0ba6448ea1c628263b3e?s=96&d=mm&r=g\",\"contentUrl\":\"https:\/\/secure.gravatar.com\/avatar\/e8495742d34d0ba6448ea1c628263b3e?s=96&d=mm&r=g\",\"caption\":\"admin\"},\"url\":\"https:\/\/franciscanos.org.br\/noticias\/author\/admin\"}]}<\/script>\n<!-- \/ Yoast SEO plugin. -->","yoast_head_json":{"title":"Dom Jaime toma posse no dia 15 de novembro - Not\u00edcias - Franciscanos","robots":{"index":"index","follow":"follow","max-snippet":"max-snippet:-1","max-image-preview":"max-image-preview:large","max-video-preview":"max-video-preview:-1"},"canonical":"https:\/\/franciscanos.org.br\/noticias\/dom-jaime-toma-posse-no-dia-15-de-novembro.html","og_locale":"pt_BR","og_type":"article","og_title":"Dom Jaime toma posse no dia 15 de novembro - Not\u00edcias - Franciscanos","og_description":"Arcebispo","og_url":"https:\/\/franciscanos.org.br\/noticias\/dom-jaime-toma-posse-no-dia-15-de-novembro.html","og_site_name":"Not\u00edcias - Franciscanos","article_published_time":"2013-11-11T07:03:55+00:00","article_modified_time":"2020-01-31T15:43:37+00:00","og_image":[{"width":273,"height":181,"url":"https:\/\/franciscanos.org.br\/noticias\/wp-content\/uploads\/2013\/11\/jaime_1.jpg","type":"image\/jpeg"}],"author":"admin","twitter_card":"summary_large_image","twitter_misc":{"Escrito por":"admin","Est. tempo de leitura":"3 minutos"},"schema":{"@context":"https:\/\/schema.org","@graph":[{"@type":"WebSite","@id":"https:\/\/franciscanos.org.br\/noticias\/#website","url":"https:\/\/franciscanos.org.br\/noticias\/","name":"Not\u00edcias - Franciscanos","description":"Prov\u00edncia Franciscana da Imaculada Concei\u00e7\u00e3o do Brasil - Ordem dos Frades Menores - OFM","potentialAction":[{"@type":"SearchAction","target":{"@type":"EntryPoint","urlTemplate":"https:\/\/franciscanos.org.br\/noticias\/?s={search_term_string}"},"query-input":"required name=search_term_string"}],"inLanguage":"pt-BR"},{"@type":"ImageObject","inLanguage":"pt-BR","@id":"https:\/\/franciscanos.org.br\/noticias\/dom-jaime-toma-posse-no-dia-15-de-novembro.html#primaryimage","url":"https:\/\/franciscanos.org.br\/noticias\/wp-content\/uploads\/2013\/11\/jaime_1.jpg","contentUrl":"https:\/\/franciscanos.org.br\/noticias\/wp-content\/uploads\/2013\/11\/jaime_1.jpg","width":273,"height":181},{"@type":"WebPage","@id":"https:\/\/franciscanos.org.br\/noticias\/dom-jaime-toma-posse-no-dia-15-de-novembro.html#webpage","url":"https:\/\/franciscanos.org.br\/noticias\/dom-jaime-toma-posse-no-dia-15-de-novembro.html","name":"Dom Jaime toma posse no dia 15 de novembro - Not\u00edcias - Franciscanos","isPartOf":{"@id":"https:\/\/franciscanos.org.br\/noticias\/#website"},"primaryImageOfPage":{"@id":"https:\/\/franciscanos.org.br\/noticias\/dom-jaime-toma-posse-no-dia-15-de-novembro.html#primaryimage"},"datePublished":"2013-11-11T07:03:55+00:00","dateModified":"2020-01-31T15:43:37+00:00","author":{"@id":"https:\/\/franciscanos.org.br\/noticias\/#\/schema\/person\/b38fbf43118f02820bd932f2e4b14ad3"},"breadcrumb":{"@id":"https:\/\/franciscanos.org.br\/noticias\/dom-jaime-toma-posse-no-dia-15-de-novembro.html#breadcrumb"},"inLanguage":"pt-BR","potentialAction":[{"@type":"ReadAction","target":["https:\/\/franciscanos.org.br\/noticias\/dom-jaime-toma-posse-no-dia-15-de-novembro.html"]}]},{"@type":"BreadcrumbList","@id":"https:\/\/franciscanos.org.br\/noticias\/dom-jaime-toma-posse-no-dia-15-de-novembro.html#breadcrumb","itemListElement":[{"@type":"ListItem","position":1,"name":"Home","item":"https:\/\/franciscanos.org.br\/noticias"},{"@type":"ListItem","position":2,"name":"Dom Jaime toma posse no dia 15 de novembro"}]},{"@type":"Person","@id":"https:\/\/franciscanos.org.br\/noticias\/#\/schema\/person\/b38fbf43118f02820bd932f2e4b14ad3","name":"admin","image":{"@type":"ImageObject","inLanguage":"pt-BR","@id":"https:\/\/franciscanos.org.br\/noticias\/#\/schema\/person\/image\/","url":"https:\/\/secure.gravatar.com\/avatar\/e8495742d34d0ba6448ea1c628263b3e?s=96&d=mm&r=g","contentUrl":"https:\/\/secure.gravatar.com\/avatar\/e8495742d34d0ba6448ea1c628263b3e?s=96&d=mm&r=g","caption":"admin"},"url":"https:\/\/franciscanos.org.br\/noticias\/author\/admin"}]}},"_links":{"self":[{"href":"https:\/\/franciscanos.org.br\/noticias\/wp-json\/wp\/v2\/posts\/45731"}],"collection":[{"href":"https:\/\/franciscanos.org.br\/noticias\/wp-json\/wp\/v2\/posts"}],"about":[{"href":"https:\/\/franciscanos.org.br\/noticias\/wp-json\/wp\/v2\/types\/post"}],"author":[{"embeddable":true,"href":"https:\/\/franciscanos.org.br\/noticias\/wp-json\/wp\/v2\/users\/1"}],"replies":[{"embeddable":true,"href":"https:\/\/franciscanos.org.br\/noticias\/wp-json\/wp\/v2\/comments?post=45731"}],"version-history":[{"count":0,"href":"https:\/\/franciscanos.org.br\/noticias\/wp-json\/wp\/v2\/posts\/45731\/revisions"}],"wp:featuredmedia":[{"embeddable":true,"href":"https:\/\/franciscanos.org.br\/noticias\/wp-json\/wp\/v2\/media\/204490"}],"wp:attachment":[{"href":"https:\/\/franciscanos.org.br\/noticias\/wp-json\/wp\/v2\/media?parent=45731"}],"wp:term":[{"taxonomy":"category","embeddable":true,"href":"https:\/\/franciscanos.org.br\/noticias\/wp-json\/wp\/v2\/categories?post=45731"},{"taxonomy":"post_tag","embeddable":true,"href":"https:\/\/franciscanos.org.br\/noticias\/wp-json\/wp\/v2\/tags?post=45731"}],"curies":[{"name":"wp","href":"https:\/\/api.w.org\/{rel}","templated":true}]}}