{"id":45716,"date":"2013-09-18T07:15:53","date_gmt":"2013-09-18T10:15:53","guid":{"rendered":"http:\/\/new.franciscanos.org.br\/?p=45716"},"modified":"2019-05-06T21:10:30","modified_gmt":"2019-05-07T00:10:30","slug":"dom-jaime-e-nomeado-arcebispo-de-porto-alegre","status":"publish","type":"post","link":"https:\/\/franciscanos.org.br\/noticias\/dom-jaime-e-nomeado-arcebispo-de-porto-alegre.html","title":{"rendered":"Dom Jaime \u00e9 nomeado Arcebispo de Porto Alegre"},"content":{"rendered":"<p><img loading=\"lazy\" class=\"alignright size-full wp-image-45727\" src=\"http:\/\/franciscanos.org.br\/wp-content\/uploads\/2013\/09\/jaime3.gif\" alt=\"jaime3\" width=\"450\" height=\"552\" \/>Menos de tr\u00eas anos da sua nomea\u00e7\u00e3o como bispo auxiliar da Arquidiocese de Porto Alegre, Dom Jaime Spengler surpreende a todos ao ser nomeado Arcebispo da Arquidiocese de Porto Alegre. Nesta quarta-feira, dia 18 de setembro, o Papa Francisco aceitou a ren\u00fancia ao governo pastoral da Arquidiocese de Porto Alegre, apresentada por Dom Dadeus Grings, por motivo de idade, e elevou Dom Jaime Spengler \u00e0 dignidade de arcebispo, nomeando-o como novo titular de Porto Alegre. O comunicado foi feito pelo site da Santa S\u00e9.<\/p>\n<p>&#8220;N\u00e3o esperava por essa nomea\u00e7\u00e3o, pois estou aqui h\u00e1 menos de tr\u00eas anos&#8221;, confessou Dom Jaime, que foi nomeado bispo em 10 de novembro de 2010 pelo Papa Em\u00e9rito Bento 16. Desde o 15 de agosto do ano passado, ele exerce o cargo de Administrador da Arquidiocese de Porto Alegre.<\/p>\n<p>Aos 53 anos, Dom Jaime ser\u00e1 o 7\u00ba arcebispo da hist\u00f3ria da Arquidiocese de Porto Alegre. Seu lema episcopal \u00e9: \u201c<em>In Cruce Gloriari<\/em> \u2013 Gloriar-se na Cruz &#8211; inspirado na carta de S\u00e3o Paulo aos Colossenses. A data da posse can\u00f4nica ainda ser\u00e1 definida.<\/p>\n<p>Dom Jaime, que \u00e9 franciscano, assume no lugar de Dom Dadeus Grings. Em 2011, ao completar 75 anos e, conforme prev\u00ea o C\u00f3digo de Direito Can\u00f4nico, Dom Dadeus apresentou ao Vaticano a ren\u00fancia do cargo de arcebispo metropolitano. O processo de escolha levou dois anos at\u00e9 a decis\u00e3o final do Papa Francisco. Considerada pela Igreja como a quinta mais importante do Brasil, a Arquidiocese de Porto Alegre abrange 29 munic\u00edpios, em quatro vicariatos territoriais: Porto Alegre, Canoas, Gravata\u00ed e Gua\u00edba. Al\u00e9m disso, a Sede Metropolitana de Porto Alegre tamb\u00e9m congrega as Dioceses sufrag\u00e2neas de Montenegro, Novo Hamburgo, Os\u00f3rio e Caxias do Sul.<\/p>\n<p>Natural de Gaspar (SC), Frei Jaime nasceu no dia 6 de setembro de 1960. Voca\u00e7\u00e3o adulta, ingressou na Ordem dos Frades Menores no dia 20 de janeiro de 1982, quando fez o Noviciado nesta Prov\u00edncia da Imaculada Concei\u00e7\u00e3o do Brasil. Fez a Profiss\u00e3o Solene, no dia 8 de dezembro de 1985; nos anos de 1986 e 1987 cursou Filosofia no Instituto Filos\u00f3fico S\u00e3o Boaventura de Campo Largo (PR), posteriormente iniciou o curso de Teologia no Instituto Teol\u00f3gico Franciscano de Petr\u00f3polis (RJ), que depois concluiu no Instituto Teol\u00f3gico de Jerusal\u00e9m em Israel, no qual, em 1990, obteve a especializa\u00e7\u00e3o em Sagradas Escrituras. Recebeu a ordena\u00e7\u00e3o diaconal no dia 29 de junho de 1989, na cidade de Nazar\u00e9, em Israel. Regressando ao Brasil, foi ordenado sacerdote no dia 17 de dezembro de 1990.<\/p>\n<p>Para Frei Jaime, a nomea\u00e7\u00e3o \u00e9 um grande desafio para sua vida religiosa, j\u00e1 que vai assumir uma Arquidiocese que tem mais de 3 milh\u00f5es de habitantes e possui 738 comunidades reunidas em 156 par\u00f3quias, 199 sacerdotes, cerca de 25 institutos masculinos e 44 \u00a0femininos de vida religiosa, al\u00e9m dos institutos seculares. A Diocese de S\u00e3o Pedro do Rio Grande do Sul, desmembrada da Diocese de S\u00e3o Sebasti\u00e3o do Rio de Janeiro, foi criada em 7 de maio de 1848 pela Bula Ad Oves Dominicas rite Pascendas, do Beato Pio IX. &#8220;\u00c9 uma Arquidiocese muito grande e nesse tempo n\u00e3o consegui ir a todos os lugares&#8221;, conta.<\/p>\n<p>Apesar do desafio, Dom Jaime n\u00e3o esconde a felicidade por ser tornar arcebispo num momento hist\u00f3rico e de muita esperan\u00e7a para a Igreja com o in\u00edcio do Pontificado do Papa Francisco. Para ele, dois momentos durante a Jornada Mundial da Juventude no Rio de Janeiro &#8211; no encontro com os religiosos na Candel\u00e1ria e com os Bispos do Celam &#8211; s\u00e3o um programa de vida para conduzir a Igreja de Cristo.<\/p>\n<p>No exerc\u00edcio do seu minist\u00e9rio episcopal no Rio Grande do Sul, Dom Jaime atuou na CNBB Regional Sul 3 como referencial para o setor de Juventude. Em 25 de junho de 2011, foi escolhido para integrar a Comiss\u00e3o Episcopal Pastoral para os Minist\u00e9rios Ordenados e a Vida Consagrada da CNBB, sendo o Bispo Referencial para a Vida Consagrada no Brasil. No dia 15 de agosto de 2012, foi nomeado pelo Arcebispo Dom Dadeus Grings como Procurador e Ec\u00f4nomo da Arquidiocese de Porto Alegre. Durante a 49\u00aa Assembleia Anual do Episcopado Brasileiro, em Aparecida, em maio de 2013, foi escolhido pelos bispos do Rio Grande do Sul para ser o Bispo Referencial da Pastoral da Educa\u00e7\u00e3o e Cultura, no Regional Sul-3 da CNBB.<\/p>\n","protected":false},"excerpt":{"rendered":"<p>Nomea\u00e7\u00e3o<\/p>\n","protected":false},"author":1,"featured_media":204486,"comment_status":"closed","ping_status":"open","sticky":false,"template":"","format":"standard","meta":[],"categories":[1],"tags":[447],"acf":[],"yoast_head":"<!-- This site is optimized with the Yoast SEO plugin v19.2 - https:\/\/yoast.com\/wordpress\/plugins\/seo\/ -->\n<title>Dom Jaime \u00e9 nomeado Arcebispo de Porto Alegre - Not\u00edcias - Franciscanos<\/title>\n<meta name=\"robots\" content=\"index, follow, max-snippet:-1, max-image-preview:large, max-video-preview:-1\" \/>\n<link rel=\"canonical\" href=\"https:\/\/franciscanos.org.br\/noticias\/dom-jaime-e-nomeado-arcebispo-de-porto-alegre.html\" \/>\n<meta property=\"og:locale\" content=\"pt_BR\" \/>\n<meta property=\"og:type\" content=\"article\" \/>\n<meta property=\"og:title\" content=\"Dom Jaime \u00e9 nomeado Arcebispo de Porto Alegre - Not\u00edcias - Franciscanos\" \/>\n<meta property=\"og:description\" content=\"Nomea\u00e7\u00e3o\" \/>\n<meta property=\"og:url\" content=\"https:\/\/franciscanos.org.br\/noticias\/dom-jaime-e-nomeado-arcebispo-de-porto-alegre.html\" \/>\n<meta property=\"og:site_name\" content=\"Not\u00edcias - Franciscanos\" \/>\n<meta property=\"article:published_time\" content=\"2013-09-18T10:15:53+00:00\" \/>\n<meta property=\"article:modified_time\" content=\"2019-05-07T00:10:30+00:00\" \/>\n<meta property=\"og:image\" content=\"https:\/\/franciscanos.org.br\/noticias\/wp-content\/uploads\/2013\/09\/jaime.jpg\" \/>\n\t<meta property=\"og:image:width\" content=\"273\" \/>\n\t<meta property=\"og:image:height\" content=\"181\" \/>\n\t<meta property=\"og:image:type\" content=\"image\/jpeg\" \/>\n<meta name=\"author\" content=\"admin\" \/>\n<meta name=\"twitter:card\" content=\"summary_large_image\" \/>\n<meta name=\"twitter:label1\" content=\"Escrito por\" \/>\n\t<meta name=\"twitter:data1\" content=\"admin\" \/>\n\t<meta name=\"twitter:label2\" content=\"Est. tempo de leitura\" \/>\n\t<meta name=\"twitter:data2\" content=\"4 minutos\" \/>\n<script type=\"application\/ld+json\" class=\"yoast-schema-graph\">{\"@context\":\"https:\/\/schema.org\",\"@graph\":[{\"@type\":\"WebSite\",\"@id\":\"https:\/\/franciscanos.org.br\/noticias\/#website\",\"url\":\"https:\/\/franciscanos.org.br\/noticias\/\",\"name\":\"Not\u00edcias - Franciscanos\",\"description\":\"Prov\u00edncia Franciscana da Imaculada Concei\u00e7\u00e3o do Brasil - Ordem dos Frades Menores - OFM\",\"potentialAction\":[{\"@type\":\"SearchAction\",\"target\":{\"@type\":\"EntryPoint\",\"urlTemplate\":\"https:\/\/franciscanos.org.br\/noticias\/?s={search_term_string}\"},\"query-input\":\"required name=search_term_string\"}],\"inLanguage\":\"pt-BR\"},{\"@type\":\"ImageObject\",\"inLanguage\":\"pt-BR\",\"@id\":\"https:\/\/franciscanos.org.br\/noticias\/dom-jaime-e-nomeado-arcebispo-de-porto-alegre.html#primaryimage\",\"url\":\"https:\/\/franciscanos.org.br\/noticias\/wp-content\/uploads\/2013\/09\/jaime.jpg\",\"contentUrl\":\"https:\/\/franciscanos.org.br\/noticias\/wp-content\/uploads\/2013\/09\/jaime.jpg\",\"width\":273,\"height\":181},{\"@type\":\"WebPage\",\"@id\":\"https:\/\/franciscanos.org.br\/noticias\/dom-jaime-e-nomeado-arcebispo-de-porto-alegre.html#webpage\",\"url\":\"https:\/\/franciscanos.org.br\/noticias\/dom-jaime-e-nomeado-arcebispo-de-porto-alegre.html\",\"name\":\"Dom Jaime \u00e9 nomeado Arcebispo de Porto Alegre - Not\u00edcias - Franciscanos\",\"isPartOf\":{\"@id\":\"https:\/\/franciscanos.org.br\/noticias\/#website\"},\"primaryImageOfPage\":{\"@id\":\"https:\/\/franciscanos.org.br\/noticias\/dom-jaime-e-nomeado-arcebispo-de-porto-alegre.html#primaryimage\"},\"datePublished\":\"2013-09-18T10:15:53+00:00\",\"dateModified\":\"2019-05-07T00:10:30+00:00\",\"author\":{\"@id\":\"https:\/\/franciscanos.org.br\/noticias\/#\/schema\/person\/b38fbf43118f02820bd932f2e4b14ad3\"},\"breadcrumb\":{\"@id\":\"https:\/\/franciscanos.org.br\/noticias\/dom-jaime-e-nomeado-arcebispo-de-porto-alegre.html#breadcrumb\"},\"inLanguage\":\"pt-BR\",\"potentialAction\":[{\"@type\":\"ReadAction\",\"target\":[\"https:\/\/franciscanos.org.br\/noticias\/dom-jaime-e-nomeado-arcebispo-de-porto-alegre.html\"]}]},{\"@type\":\"BreadcrumbList\",\"@id\":\"https:\/\/franciscanos.org.br\/noticias\/dom-jaime-e-nomeado-arcebispo-de-porto-alegre.html#breadcrumb\",\"itemListElement\":[{\"@type\":\"ListItem\",\"position\":1,\"name\":\"Home\",\"item\":\"https:\/\/franciscanos.org.br\/noticias\"},{\"@type\":\"ListItem\",\"position\":2,\"name\":\"Dom Jaime \u00e9 nomeado Arcebispo de Porto Alegre\"}]},{\"@type\":\"Person\",\"@id\":\"https:\/\/franciscanos.org.br\/noticias\/#\/schema\/person\/b38fbf43118f02820bd932f2e4b14ad3\",\"name\":\"admin\",\"image\":{\"@type\":\"ImageObject\",\"inLanguage\":\"pt-BR\",\"@id\":\"https:\/\/franciscanos.org.br\/noticias\/#\/schema\/person\/image\/\",\"url\":\"https:\/\/secure.gravatar.com\/avatar\/e8495742d34d0ba6448ea1c628263b3e?s=96&d=mm&r=g\",\"contentUrl\":\"https:\/\/secure.gravatar.com\/avatar\/e8495742d34d0ba6448ea1c628263b3e?s=96&d=mm&r=g\",\"caption\":\"admin\"},\"url\":\"https:\/\/franciscanos.org.br\/noticias\/author\/admin\"}]}<\/script>\n<!-- \/ Yoast SEO plugin. -->","yoast_head_json":{"title":"Dom Jaime \u00e9 nomeado Arcebispo de Porto Alegre - Not\u00edcias - Franciscanos","robots":{"index":"index","follow":"follow","max-snippet":"max-snippet:-1","max-image-preview":"max-image-preview:large","max-video-preview":"max-video-preview:-1"},"canonical":"https:\/\/franciscanos.org.br\/noticias\/dom-jaime-e-nomeado-arcebispo-de-porto-alegre.html","og_locale":"pt_BR","og_type":"article","og_title":"Dom Jaime \u00e9 nomeado Arcebispo de Porto Alegre - Not\u00edcias - Franciscanos","og_description":"Nomea\u00e7\u00e3o","og_url":"https:\/\/franciscanos.org.br\/noticias\/dom-jaime-e-nomeado-arcebispo-de-porto-alegre.html","og_site_name":"Not\u00edcias - Franciscanos","article_published_time":"2013-09-18T10:15:53+00:00","article_modified_time":"2019-05-07T00:10:30+00:00","og_image":[{"width":273,"height":181,"url":"https:\/\/franciscanos.org.br\/noticias\/wp-content\/uploads\/2013\/09\/jaime.jpg","type":"image\/jpeg"}],"author":"admin","twitter_card":"summary_large_image","twitter_misc":{"Escrito por":"admin","Est. tempo de leitura":"4 minutos"},"schema":{"@context":"https:\/\/schema.org","@graph":[{"@type":"WebSite","@id":"https:\/\/franciscanos.org.br\/noticias\/#website","url":"https:\/\/franciscanos.org.br\/noticias\/","name":"Not\u00edcias - Franciscanos","description":"Prov\u00edncia Franciscana da Imaculada Concei\u00e7\u00e3o do Brasil - Ordem dos Frades Menores - OFM","potentialAction":[{"@type":"SearchAction","target":{"@type":"EntryPoint","urlTemplate":"https:\/\/franciscanos.org.br\/noticias\/?s={search_term_string}"},"query-input":"required name=search_term_string"}],"inLanguage":"pt-BR"},{"@type":"ImageObject","inLanguage":"pt-BR","@id":"https:\/\/franciscanos.org.br\/noticias\/dom-jaime-e-nomeado-arcebispo-de-porto-alegre.html#primaryimage","url":"https:\/\/franciscanos.org.br\/noticias\/wp-content\/uploads\/2013\/09\/jaime.jpg","contentUrl":"https:\/\/franciscanos.org.br\/noticias\/wp-content\/uploads\/2013\/09\/jaime.jpg","width":273,"height":181},{"@type":"WebPage","@id":"https:\/\/franciscanos.org.br\/noticias\/dom-jaime-e-nomeado-arcebispo-de-porto-alegre.html#webpage","url":"https:\/\/franciscanos.org.br\/noticias\/dom-jaime-e-nomeado-arcebispo-de-porto-alegre.html","name":"Dom Jaime \u00e9 nomeado Arcebispo de Porto Alegre - Not\u00edcias - Franciscanos","isPartOf":{"@id":"https:\/\/franciscanos.org.br\/noticias\/#website"},"primaryImageOfPage":{"@id":"https:\/\/franciscanos.org.br\/noticias\/dom-jaime-e-nomeado-arcebispo-de-porto-alegre.html#primaryimage"},"datePublished":"2013-09-18T10:15:53+00:00","dateModified":"2019-05-07T00:10:30+00:00","author":{"@id":"https:\/\/franciscanos.org.br\/noticias\/#\/schema\/person\/b38fbf43118f02820bd932f2e4b14ad3"},"breadcrumb":{"@id":"https:\/\/franciscanos.org.br\/noticias\/dom-jaime-e-nomeado-arcebispo-de-porto-alegre.html#breadcrumb"},"inLanguage":"pt-BR","potentialAction":[{"@type":"ReadAction","target":["https:\/\/franciscanos.org.br\/noticias\/dom-jaime-e-nomeado-arcebispo-de-porto-alegre.html"]}]},{"@type":"BreadcrumbList","@id":"https:\/\/franciscanos.org.br\/noticias\/dom-jaime-e-nomeado-arcebispo-de-porto-alegre.html#breadcrumb","itemListElement":[{"@type":"ListItem","position":1,"name":"Home","item":"https:\/\/franciscanos.org.br\/noticias"},{"@type":"ListItem","position":2,"name":"Dom Jaime \u00e9 nomeado Arcebispo de Porto Alegre"}]},{"@type":"Person","@id":"https:\/\/franciscanos.org.br\/noticias\/#\/schema\/person\/b38fbf43118f02820bd932f2e4b14ad3","name":"admin","image":{"@type":"ImageObject","inLanguage":"pt-BR","@id":"https:\/\/franciscanos.org.br\/noticias\/#\/schema\/person\/image\/","url":"https:\/\/secure.gravatar.com\/avatar\/e8495742d34d0ba6448ea1c628263b3e?s=96&d=mm&r=g","contentUrl":"https:\/\/secure.gravatar.com\/avatar\/e8495742d34d0ba6448ea1c628263b3e?s=96&d=mm&r=g","caption":"admin"},"url":"https:\/\/franciscanos.org.br\/noticias\/author\/admin"}]}},"_links":{"self":[{"href":"https:\/\/franciscanos.org.br\/noticias\/wp-json\/wp\/v2\/posts\/45716"}],"collection":[{"href":"https:\/\/franciscanos.org.br\/noticias\/wp-json\/wp\/v2\/posts"}],"about":[{"href":"https:\/\/franciscanos.org.br\/noticias\/wp-json\/wp\/v2\/types\/post"}],"author":[{"embeddable":true,"href":"https:\/\/franciscanos.org.br\/noticias\/wp-json\/wp\/v2\/users\/1"}],"replies":[{"embeddable":true,"href":"https:\/\/franciscanos.org.br\/noticias\/wp-json\/wp\/v2\/comments?post=45716"}],"version-history":[{"count":0,"href":"https:\/\/franciscanos.org.br\/noticias\/wp-json\/wp\/v2\/posts\/45716\/revisions"}],"wp:featuredmedia":[{"embeddable":true,"href":"https:\/\/franciscanos.org.br\/noticias\/wp-json\/wp\/v2\/media\/204486"}],"wp:attachment":[{"href":"https:\/\/franciscanos.org.br\/noticias\/wp-json\/wp\/v2\/media?parent=45716"}],"wp:term":[{"taxonomy":"category","embeddable":true,"href":"https:\/\/franciscanos.org.br\/noticias\/wp-json\/wp\/v2\/categories?post=45716"},{"taxonomy":"post_tag","embeddable":true,"href":"https:\/\/franciscanos.org.br\/noticias\/wp-json\/wp\/v2\/tags?post=45716"}],"curies":[{"name":"wp","href":"https:\/\/api.w.org\/{rel}","templated":true}]}}