{"id":45643,"date":"2013-09-13T07:08:46","date_gmt":"2013-09-13T10:08:46","guid":{"rendered":"http:\/\/new.franciscanos.org.br\/?p=45643"},"modified":"2020-06-10T19:43:24","modified_gmt":"2020-06-10T22:43:24","slug":"os-primeiros-seis-meses-do-pontificado-de-francisco","status":"publish","type":"post","link":"https:\/\/franciscanos.org.br\/noticias\/os-primeiros-seis-meses-do-pontificado-de-francisco.html","title":{"rendered":"Os primeiros seis meses do Pontificado de Francisco"},"content":{"rendered":"<p><a href=\"http:\/\/franciscanos.org.br\/wp-content\/uploads\/2013\/09\/lombardi.jpg\"><img loading=\"lazy\" class=\"alignright size-full wp-image-45644\" src=\"http:\/\/franciscanos.org.br\/wp-content\/uploads\/2013\/09\/lombardi.jpg\" alt=\"lombardi\" width=\"400\" height=\"336\" \/><\/a>Papa Francisco completa neste dia 13 seis meses de Pontificado. Foi eleito no Conclave a 13 de mar\u00e7o e a Missa de in\u00edcio de Pontificado foi a 19 de mar\u00e7o. Pe. Federico Lombardi, diretor da R\u00e1dio Vaticano e da Sala de Imprensa da Santa S\u00e9, fala desse in\u00edcio de Pontificado, apresentando as tr\u00eas principais novidades:<\/p>\n<p>\u201cEu diria que a primeira novidade \u00e9 o nome, que me tocou desde o in\u00edcio: Francisco, um nome certamente novo; nenhum Papa o havia usado antes. E, com o nome de Francisco, existe a sua explica\u00e7\u00e3o, dada pelo pr\u00f3prio Papa: \u201cpobres, paz, cust\u00f3dia da Cria\u00e7\u00e3o\u201d. E temos j\u00e1 visto \u2013 ao menos sobre pobres e a paz \u2013 que verdadeiramente s\u00e3o marcas fundamentais deste Pontificado. Tamb\u00e9m de extrema atualidade, como nas \u00faltimas semanas, este empenho extremamente corajoso pela paz no M\u00e9dio Oriente&#8221;.<\/p>\n<p>&#8220;Depois, uma segunda novidade parece-me ser o fim do eurocentrismo da Igreja, isto \u00e9, o fato de que temos um Papa latino-americano. Na realidade, isto \u00e9 visto num sentido positivo, de amplia\u00e7\u00e3o dos horizontes: vimo-lo em particular no decorrer da Jornada Mundial da Juventude, em que vimos o Papa no seu continente de proveni\u00eancia e aprendemos que tamb\u00e9m o seu estilo \u00e9 pastoral, o seu modo de relacionar-se direto, com as pessoas, a sua linguagem muito simples&#8230; Tamb\u00e9m os seus temas de aten\u00e7\u00e3o \u00e0 pobreza e assim por diante, v\u00eam de um contexto eclesial muito rico, com uma grande tradi\u00e7\u00e3o, que agora vem ao cora\u00e7\u00e3o da Igreja com uma for\u00e7a e uma presen\u00e7a maior. Todos os Papas foram &#8216;universais&#8217;, foram Papas que tiveram o mundo no cora\u00e7\u00e3o e n\u00e3o \u00e9 que fossem \u201cparciais\u201d. Por\u00e9m, eu acredito que se percebe o fato que a escolha de um Papa que vem de outro continente, efetivamente traz alguma coisa de espec\u00edfico no estilo, na perspectiva e \u00e9 alguma coisa desejada pela Igreja universal, desejado pelos Cardeais e n\u00f3s apreciamos isto, como um enriquecimento ulterior no caminho da Igreja universal&#8221;.<\/p>\n<p>&#8220;Depois, uma terceira caracter\u00edstica, parece-me aquela da missionariedade. O Papa Francisco fala muito de uma Igreja n\u00e3o autorreferencial, de uma Igreja de miss\u00e3o, de uma Igreja que olha para al\u00e9m de si mesma e a todo o mundo. A mim, veio-me \u00e0 mem\u00f3ria a bel\u00edssima Carta de Jo\u00e3o Paulo II no final do Jubileu, <i>Duc in altum<\/i>, dirigida \u00e0 Igreja do terceiro mil\u00eanio. Assim, parece-me que efetivamente, com o Papa Francisco, a barca da Igreja esteja viajando sem medo e mesmo com alegria de poder encontrar o mist\u00e9rio de Deus em novos horizontes\u201d.<\/p>\n<p>O Pe. Lombardi recordou ainda que o Papa Francisco desperta um forte interesse e entusiasmo porque fala insistentemente de um Deus que ama, um Deus de miseric\u00f3rdia e pronto a perdoar.<\/p>\n<p>\u201cDigamos que o seu estilo, a linguagem direta do Papa, as suas atitudes, tamb\u00e9m as novidades do seu estilo de vida, tocam em profundidade e suscitam um grande interesse, um grande entusiasmo. Eu, por\u00e9m, acredito e espero que o motivo fundamental deste interesse seja profundo e seja o fato de que o Papa insiste muit\u00edssimo sobre um Deus que ama, um Deus de miseric\u00f3rdia, um Deus sempre pronto a perdoar a quem se dirige a Ele com humildade. E com isto, parece-me que toque o homem em profundidade \u2013 o homem, as mulheres do nosso tempo \u2013 que ele sabe o quanto, frequentemente, s\u00e3o feridos: s\u00e3o feridos por tantas experi\u00eancias dif\u00edceis, por tantas frustra\u00e7\u00f5es, por tantas injusti\u00e7as, por tanta pobreza e marginaliza\u00e7\u00e3o no mundo de hoje. Assim, este falar com tanta efici\u00eancia e este saber comunicar tamb\u00e9m atrav\u00e9s das palavras e dos gestos, num modo direto, afirma que o amor de Deus \u00e9 para todos, e a proximidade, o interesse humano, a ternura \u2013 \u00e9 uma outra palavra entre aquelas que agradam muito a este Papa e que s\u00e3o a express\u00e3o do seu modo de ser \u2013 seja qualquer coisa que toque e mova em profundidade as pessoas, todas: crentes e n\u00e3o crentes. Porque todas as pessoas humanas s\u00e3o amadas por Deus, s\u00e3o verdadeiramente as pessoas a quem \u00e9 dirigida esta grande mensagem do amor de Deus e do amor de Cristo. Portanto, para todos fala na sua verdade, no seu concreto e na sua proximidade ao cora\u00e7\u00e3o do homem\u201d.<\/p>\n<hr \/>\n<p><em>Fonte: R\u00e1dio Vaticano<\/em><\/p>\n","protected":false},"excerpt":{"rendered":"<p>Pontificado do Papa Francisco<\/p>\n","protected":false},"author":1,"featured_media":211093,"comment_status":"closed","ping_status":"open","sticky":false,"template":"","format":"standard","meta":[],"categories":[1428],"tags":[445],"acf":[],"yoast_head":"<!-- This site is optimized with the Yoast SEO plugin v19.2 - https:\/\/yoast.com\/wordpress\/plugins\/seo\/ -->\n<title>Os primeiros seis meses do Pontificado de Francisco - Not\u00edcias - Franciscanos<\/title>\n<meta name=\"robots\" content=\"index, follow, max-snippet:-1, max-image-preview:large, max-video-preview:-1\" \/>\n<link rel=\"canonical\" href=\"https:\/\/franciscanos.org.br\/noticias\/os-primeiros-seis-meses-do-pontificado-de-francisco.html\" \/>\n<meta property=\"og:locale\" content=\"pt_BR\" \/>\n<meta property=\"og:type\" content=\"article\" \/>\n<meta property=\"og:title\" content=\"Os primeiros seis meses do Pontificado de Francisco - Not\u00edcias - Franciscanos\" \/>\n<meta property=\"og:description\" content=\"Pontificado do Papa Francisco\" \/>\n<meta property=\"og:url\" content=\"https:\/\/franciscanos.org.br\/noticias\/os-primeiros-seis-meses-do-pontificado-de-francisco.html\" \/>\n<meta property=\"og:site_name\" content=\"Not\u00edcias - Franciscanos\" \/>\n<meta property=\"article:published_time\" content=\"2013-09-13T10:08:46+00:00\" \/>\n<meta property=\"article:modified_time\" content=\"2020-06-10T22:43:24+00:00\" \/>\n<meta property=\"og:image\" content=\"https:\/\/franciscanos.org.br\/noticias\/wp-content\/uploads\/2013\/09\/lombardi.jpg\" \/>\n\t<meta property=\"og:image:width\" content=\"273\" \/>\n\t<meta property=\"og:image:height\" content=\"182\" \/>\n\t<meta property=\"og:image:type\" content=\"image\/jpeg\" \/>\n<meta name=\"author\" content=\"admin\" \/>\n<meta name=\"twitter:card\" content=\"summary_large_image\" \/>\n<meta name=\"twitter:label1\" content=\"Escrito por\" \/>\n\t<meta name=\"twitter:data1\" content=\"admin\" \/>\n\t<meta name=\"twitter:label2\" content=\"Est. tempo de leitura\" \/>\n\t<meta name=\"twitter:data2\" content=\"4 minutos\" \/>\n<script type=\"application\/ld+json\" class=\"yoast-schema-graph\">{\"@context\":\"https:\/\/schema.org\",\"@graph\":[{\"@type\":\"WebSite\",\"@id\":\"https:\/\/franciscanos.org.br\/noticias\/#website\",\"url\":\"https:\/\/franciscanos.org.br\/noticias\/\",\"name\":\"Not\u00edcias - Franciscanos\",\"description\":\"Prov\u00edncia Franciscana da Imaculada Concei\u00e7\u00e3o do Brasil - Ordem dos Frades Menores - OFM\",\"potentialAction\":[{\"@type\":\"SearchAction\",\"target\":{\"@type\":\"EntryPoint\",\"urlTemplate\":\"https:\/\/franciscanos.org.br\/noticias\/?s={search_term_string}\"},\"query-input\":\"required name=search_term_string\"}],\"inLanguage\":\"pt-BR\"},{\"@type\":\"ImageObject\",\"inLanguage\":\"pt-BR\",\"@id\":\"https:\/\/franciscanos.org.br\/noticias\/os-primeiros-seis-meses-do-pontificado-de-francisco.html#primaryimage\",\"url\":\"https:\/\/franciscanos.org.br\/noticias\/wp-content\/uploads\/2013\/09\/lombardi.jpg\",\"contentUrl\":\"https:\/\/franciscanos.org.br\/noticias\/wp-content\/uploads\/2013\/09\/lombardi.jpg\",\"width\":273,\"height\":182},{\"@type\":\"WebPage\",\"@id\":\"https:\/\/franciscanos.org.br\/noticias\/os-primeiros-seis-meses-do-pontificado-de-francisco.html#webpage\",\"url\":\"https:\/\/franciscanos.org.br\/noticias\/os-primeiros-seis-meses-do-pontificado-de-francisco.html\",\"name\":\"Os primeiros seis meses do Pontificado de Francisco - Not\u00edcias - Franciscanos\",\"isPartOf\":{\"@id\":\"https:\/\/franciscanos.org.br\/noticias\/#website\"},\"primaryImageOfPage\":{\"@id\":\"https:\/\/franciscanos.org.br\/noticias\/os-primeiros-seis-meses-do-pontificado-de-francisco.html#primaryimage\"},\"datePublished\":\"2013-09-13T10:08:46+00:00\",\"dateModified\":\"2020-06-10T22:43:24+00:00\",\"author\":{\"@id\":\"https:\/\/franciscanos.org.br\/noticias\/#\/schema\/person\/b38fbf43118f02820bd932f2e4b14ad3\"},\"breadcrumb\":{\"@id\":\"https:\/\/franciscanos.org.br\/noticias\/os-primeiros-seis-meses-do-pontificado-de-francisco.html#breadcrumb\"},\"inLanguage\":\"pt-BR\",\"potentialAction\":[{\"@type\":\"ReadAction\",\"target\":[\"https:\/\/franciscanos.org.br\/noticias\/os-primeiros-seis-meses-do-pontificado-de-francisco.html\"]}]},{\"@type\":\"BreadcrumbList\",\"@id\":\"https:\/\/franciscanos.org.br\/noticias\/os-primeiros-seis-meses-do-pontificado-de-francisco.html#breadcrumb\",\"itemListElement\":[{\"@type\":\"ListItem\",\"position\":1,\"name\":\"Home\",\"item\":\"https:\/\/franciscanos.org.br\/noticias\"},{\"@type\":\"ListItem\",\"position\":2,\"name\":\"Os primeiros seis meses do Pontificado de Francisco\"}]},{\"@type\":\"Person\",\"@id\":\"https:\/\/franciscanos.org.br\/noticias\/#\/schema\/person\/b38fbf43118f02820bd932f2e4b14ad3\",\"name\":\"admin\",\"image\":{\"@type\":\"ImageObject\",\"inLanguage\":\"pt-BR\",\"@id\":\"https:\/\/franciscanos.org.br\/noticias\/#\/schema\/person\/image\/\",\"url\":\"https:\/\/secure.gravatar.com\/avatar\/e8495742d34d0ba6448ea1c628263b3e?s=96&d=mm&r=g\",\"contentUrl\":\"https:\/\/secure.gravatar.com\/avatar\/e8495742d34d0ba6448ea1c628263b3e?s=96&d=mm&r=g\",\"caption\":\"admin\"},\"url\":\"https:\/\/franciscanos.org.br\/noticias\/author\/admin\"}]}<\/script>\n<!-- \/ Yoast SEO plugin. -->","yoast_head_json":{"title":"Os primeiros seis meses do Pontificado de Francisco - Not\u00edcias - Franciscanos","robots":{"index":"index","follow":"follow","max-snippet":"max-snippet:-1","max-image-preview":"max-image-preview:large","max-video-preview":"max-video-preview:-1"},"canonical":"https:\/\/franciscanos.org.br\/noticias\/os-primeiros-seis-meses-do-pontificado-de-francisco.html","og_locale":"pt_BR","og_type":"article","og_title":"Os primeiros seis meses do Pontificado de Francisco - Not\u00edcias - Franciscanos","og_description":"Pontificado do Papa Francisco","og_url":"https:\/\/franciscanos.org.br\/noticias\/os-primeiros-seis-meses-do-pontificado-de-francisco.html","og_site_name":"Not\u00edcias - Franciscanos","article_published_time":"2013-09-13T10:08:46+00:00","article_modified_time":"2020-06-10T22:43:24+00:00","og_image":[{"width":273,"height":182,"url":"https:\/\/franciscanos.org.br\/noticias\/wp-content\/uploads\/2013\/09\/lombardi.jpg","type":"image\/jpeg"}],"author":"admin","twitter_card":"summary_large_image","twitter_misc":{"Escrito por":"admin","Est. tempo de leitura":"4 minutos"},"schema":{"@context":"https:\/\/schema.org","@graph":[{"@type":"WebSite","@id":"https:\/\/franciscanos.org.br\/noticias\/#website","url":"https:\/\/franciscanos.org.br\/noticias\/","name":"Not\u00edcias - Franciscanos","description":"Prov\u00edncia Franciscana da Imaculada Concei\u00e7\u00e3o do Brasil - Ordem dos Frades Menores - OFM","potentialAction":[{"@type":"SearchAction","target":{"@type":"EntryPoint","urlTemplate":"https:\/\/franciscanos.org.br\/noticias\/?s={search_term_string}"},"query-input":"required name=search_term_string"}],"inLanguage":"pt-BR"},{"@type":"ImageObject","inLanguage":"pt-BR","@id":"https:\/\/franciscanos.org.br\/noticias\/os-primeiros-seis-meses-do-pontificado-de-francisco.html#primaryimage","url":"https:\/\/franciscanos.org.br\/noticias\/wp-content\/uploads\/2013\/09\/lombardi.jpg","contentUrl":"https:\/\/franciscanos.org.br\/noticias\/wp-content\/uploads\/2013\/09\/lombardi.jpg","width":273,"height":182},{"@type":"WebPage","@id":"https:\/\/franciscanos.org.br\/noticias\/os-primeiros-seis-meses-do-pontificado-de-francisco.html#webpage","url":"https:\/\/franciscanos.org.br\/noticias\/os-primeiros-seis-meses-do-pontificado-de-francisco.html","name":"Os primeiros seis meses do Pontificado de Francisco - Not\u00edcias - Franciscanos","isPartOf":{"@id":"https:\/\/franciscanos.org.br\/noticias\/#website"},"primaryImageOfPage":{"@id":"https:\/\/franciscanos.org.br\/noticias\/os-primeiros-seis-meses-do-pontificado-de-francisco.html#primaryimage"},"datePublished":"2013-09-13T10:08:46+00:00","dateModified":"2020-06-10T22:43:24+00:00","author":{"@id":"https:\/\/franciscanos.org.br\/noticias\/#\/schema\/person\/b38fbf43118f02820bd932f2e4b14ad3"},"breadcrumb":{"@id":"https:\/\/franciscanos.org.br\/noticias\/os-primeiros-seis-meses-do-pontificado-de-francisco.html#breadcrumb"},"inLanguage":"pt-BR","potentialAction":[{"@type":"ReadAction","target":["https:\/\/franciscanos.org.br\/noticias\/os-primeiros-seis-meses-do-pontificado-de-francisco.html"]}]},{"@type":"BreadcrumbList","@id":"https:\/\/franciscanos.org.br\/noticias\/os-primeiros-seis-meses-do-pontificado-de-francisco.html#breadcrumb","itemListElement":[{"@type":"ListItem","position":1,"name":"Home","item":"https:\/\/franciscanos.org.br\/noticias"},{"@type":"ListItem","position":2,"name":"Os primeiros seis meses do Pontificado de Francisco"}]},{"@type":"Person","@id":"https:\/\/franciscanos.org.br\/noticias\/#\/schema\/person\/b38fbf43118f02820bd932f2e4b14ad3","name":"admin","image":{"@type":"ImageObject","inLanguage":"pt-BR","@id":"https:\/\/franciscanos.org.br\/noticias\/#\/schema\/person\/image\/","url":"https:\/\/secure.gravatar.com\/avatar\/e8495742d34d0ba6448ea1c628263b3e?s=96&d=mm&r=g","contentUrl":"https:\/\/secure.gravatar.com\/avatar\/e8495742d34d0ba6448ea1c628263b3e?s=96&d=mm&r=g","caption":"admin"},"url":"https:\/\/franciscanos.org.br\/noticias\/author\/admin"}]}},"_links":{"self":[{"href":"https:\/\/franciscanos.org.br\/noticias\/wp-json\/wp\/v2\/posts\/45643"}],"collection":[{"href":"https:\/\/franciscanos.org.br\/noticias\/wp-json\/wp\/v2\/posts"}],"about":[{"href":"https:\/\/franciscanos.org.br\/noticias\/wp-json\/wp\/v2\/types\/post"}],"author":[{"embeddable":true,"href":"https:\/\/franciscanos.org.br\/noticias\/wp-json\/wp\/v2\/users\/1"}],"replies":[{"embeddable":true,"href":"https:\/\/franciscanos.org.br\/noticias\/wp-json\/wp\/v2\/comments?post=45643"}],"version-history":[{"count":1,"href":"https:\/\/franciscanos.org.br\/noticias\/wp-json\/wp\/v2\/posts\/45643\/revisions"}],"predecessor-version":[{"id":226291,"href":"https:\/\/franciscanos.org.br\/noticias\/wp-json\/wp\/v2\/posts\/45643\/revisions\/226291"}],"wp:featuredmedia":[{"embeddable":true,"href":"https:\/\/franciscanos.org.br\/noticias\/wp-json\/wp\/v2\/media\/211093"}],"wp:attachment":[{"href":"https:\/\/franciscanos.org.br\/noticias\/wp-json\/wp\/v2\/media?parent=45643"}],"wp:term":[{"taxonomy":"category","embeddable":true,"href":"https:\/\/franciscanos.org.br\/noticias\/wp-json\/wp\/v2\/categories?post=45643"},{"taxonomy":"post_tag","embeddable":true,"href":"https:\/\/franciscanos.org.br\/noticias\/wp-json\/wp\/v2\/tags?post=45643"}],"curies":[{"name":"wp","href":"https:\/\/api.w.org\/{rel}","templated":true}]}}