{"id":45564,"date":"2013-09-11T07:48:38","date_gmt":"2013-09-11T10:48:38","guid":{"rendered":"http:\/\/new.franciscanos.org.br\/?p=45564"},"modified":"2020-06-10T19:45:41","modified_gmt":"2020-06-10T22:45:41","slug":"todos-participamos-da-maternidade-da-igreja","status":"publish","type":"post","link":"https:\/\/franciscanos.org.br\/noticias\/todos-participamos-da-maternidade-da-igreja.html","title":{"rendered":"&#8220;Todos participamos da maternidade da Igreja!&#8221;"},"content":{"rendered":"<p><img loading=\"lazy\" src=\"http:\/\/franciscanos.org.br\/wp-content\/uploads\/2013\/09\/papa_1109.jpg\" alt=\"papa_1109\" width=\"820\" height=\"277\" \/><\/p>\n<p><strong>Cidade do Vaticano<\/strong> \u2013 Milhares de fi\u00e9is e peregrinos lotaram a Pra\u00e7a S\u00e3o Pedro na manh\u00e3 desta quarta-feira (11\/9) para a Audi\u00eancia Geral com o Papa Francisco.<\/p>\n<p>Esta semana, o Pont\u00edfice retomou as catequese sobre a Igreja no Ano da F\u00e9, dedicando-a a uma imagem que nos ajuda a entender melhor a sua natureza: a Igreja como M\u00e3e. \u201cPara mim, \u00e9 a imagem mais bela\u201d, disse o Papa.<\/p>\n<p>O que faz uma m\u00e3e? \u2013 pergunta Francisco. Em primeiro lugar, uma m\u00e3e gera a vida. Assim tamb\u00e9m faz a Igreja, que no Batismo nos gera como filhos de Deus, nos gera na f\u00e9. Todavia, \u201co crist\u00e3o n\u00e3o \u00e9 uma ilha!\u201d. N\u00e3o nos tornamos crist\u00e3os sozinhos e com as nossas for\u00e7as, mas a f\u00e9 \u00e9 um dom de Deus que nos \u00e9 dado na Igreja e atrav\u00e9s da Igreja. Portanto, n\u00e3o fazemos parte da Igreja como pertencemos a uma sociedade, a um partido ou a uma organiza\u00e7\u00e3o. O v\u00ednculo que nos une \u00e0 Igreja \u00e9 uma realidade vital.<\/p>\n<p>O Papa se dirigiu \u00e0 multid\u00e3o, perguntando quantos crist\u00e3os se lembram da data do Batismo, recordando que esta \u00e9 a data em que a \u201cIgreja no pariu\u201d. E deu \u201cuma tarefa\u201d aos fi\u00e9is presentes, que, ao voltarem para casa, procurem saber a data do pr\u00f3prio Batismo, para record\u00e1-la no cora\u00e7\u00e3o e festej\u00e1-la.<\/p>\n<p>Al\u00e9m de dar a vida, uma m\u00e3e tamb\u00e9m nutre os seus filhos, lhes d\u00e1 educa\u00e7\u00e3o, os corrige. E n\u00f3s a amamos, apesar de seus defeitos. A Igreja, como m\u00e3e, tamb\u00e9m tem seus defeitos. Entretanto, \u201cuma boa m\u00e3e ajuda os filhos a sa\u00edrem de si mesmo, a n\u00e3o permanecerem comodamente sob as asas maternas, como uma ninhada de pintinhos sob as asas da galinha.\u201d A Igreja, como boa m\u00e3e, faz a mesma coisa: acompanha o nosso crescimento, transmitindo a Palavra de Deus e administrando os sacramentos. Nos nutre com a Eucaristia, nos oferece o perd\u00e3o de Deus, nos ampara no momento da doen\u00e7a.<\/p>\n<p>Por \u00faltimo, \u00e9 importante lembrar que, ainda que a Igreja forme os crist\u00e3os, Ela tamb\u00e9m \u00e9 formada por eles. \u201cEla n\u00e3o diferente de n\u00f3s mesmos, mas \u00e9 vista como a totalidade dos fi\u00e9is: eu, voc\u00ea, n\u00f3s somos parte da Igreja. \u00c0s vezes, ou\u00e7o: acredito em Deus, mas n\u00e3o na Igreja. A Igreja n\u00e3o s\u00e3o os padres. Isso \u00e9 uma contradi\u00e7\u00e3o, pois dizer que n\u00e3o acredito na Igreja, significa que n\u00e3o acredito em mim mesmo, porque todos somos Igreja e todos somos iguais aos olhos de Deus.\u201d<\/p>\n<p>Portanto, concluiu o Papa, todos somos chamados a colaborar para o nascimento \u00e0 f\u00e9 de novos crist\u00e3os, a anunciar o Evangelho, para que a luz de Cristo alcance os extremos confins da terra.<\/p>\n<p>Dirigindo-se aos grupos presentes na Pra\u00e7a, o Papa saudou de modo especial os brasileiros das Dioceses de Piracicaba, Serrinha e Colatina, acompanhados pelos seus Bispos.<\/p>\n<p><strong>Visita ao Centro de Refugiados de Roma<\/strong><\/p>\n<p>O Papa Francisco visitou na tarde de ter\u00e7a-feira, 10, o Centro dos jesu\u00edtas para os refugiados na It\u00e1lia \u2013 chamado Centro Astalli. A visita foi realizada de forma privada.<\/p>\n<p>O Pont\u00edfice chegou ao refeit\u00f3rio no hor\u00e1rio em que todos os dias existe uma fila de cerca de 400 pessoas que esperam para fazer uma refei\u00e7\u00e3o quente. O Pont\u00edfice saudou os refugiados e falou com alguns deles. Ao final de sua visita ao refeit\u00f3rio, o Santo Padre dirigiu-se \u00e0 Igreja do Jesus, onde se encontra o t\u00famulo do Padre Pedro Arrupe, fundador do Servi\u00e7o dos Jesu\u00edtas para os Refugiados. O Papa Francisco foi acolhido pelos refugiados assistidos pelo Centro Astalli e escutou a hist\u00f3ria de Adam e Carol, dois refugiados. Ap\u00f3s, pronunciou um discurso.<\/p>\n<p>Inicialmente, o Santo Padre saudou \u201csobretudo os refugiados e refugiadas\u201d, agradecendo os testemunhos que havia acabado de escutar, ressaltando que cada um de voc\u00eas \u201ctraz uma hist\u00f3ria que nos fala de dramas de guerra, de conflitos, muitas vezes ligados \u00e0 pol\u00edticas internacionais. Mas cada um de voc\u00eas traz consigo \u2013 sobretudo \u2013 uma riqueza humana e religiosa, uma riqueza a ser acolhida, n\u00e3o para ter medo\u201d. Muitos de voc\u00eas s\u00e3o mu\u00e7ulmanos, de outras religi\u00f5es, v\u00eam de diversos pa\u00edses, de situa\u00e7\u00f5es diferentes. \u201cN\u00e3o devemos ter medo das diferen\u00e7as. Vivamos a fraternidade\u201d, afirmou o Papa.<\/p>\n<p>O Pont\u00edfice recordou que ap\u00f3s Lampedusa e outros locais de chegada, Roma significa uma segunda etapa e deveria ser a cidade que permite reencontrar a dimens\u00e3o humana, de recome\u00e7ar a sorrir. Mas observou: \u201cQuantas vezes, ao inv\u00e9s disto, tantas pessoas que tem escrito na sua \u2018permiss\u00e3o de estadia\u2019 \u201cprote\u00e7\u00e3o internacional\u201d s\u00e3o obrigadas a viver em situa\u00e7\u00f5es degradantes, sem poder iniciar uma vida com dignidade, de pensar num futuro\u201d.<\/p>\n<p>Ao agradecer a todos do Centro Astalli e a todos que se doam na acolhida aos refugiados com este projeto &#8211; entrando em rela\u00e7\u00e3o com eles e reconhecendo-os como pessoas -, o Papa Francisco ressaltou que \u201ca acolhida e a fraternidade podem abrir uma janela pro futuro\u201d. E ressaltou \u201co quanto \u00e9 bonito\u201d que junto aos jesu\u00edtas existam homens e mulheres crist\u00e3os, n\u00e3o-crentes e pessoas de outras religi\u00f5es que trabalham pelo bem comum. \u201cPara n\u00f3s crist\u00e3o isto \u201c\u00e9 a express\u00e3o do amor do Pai em Cristo Jesus\u201d.<\/p>\n<p>O Papa resumiu ent\u00e3o, em tr\u00eas palavras o programa de trabalho dos jesu\u00edtas e seus colaboradores: Servir, acompanhar e defender.<\/p>\n<p>Ao explicar o significado de servir, o Papa disse que \u00e9 acolher a pessoa que chega com aten\u00e7\u00e3o, curvando-se sobre quem tem necessidade, estendendo-lhe a m\u00e3o, sem c\u00e1lculos, sem temor, com ternura e compreens\u00e3o, como Jesus inclinou-se e lavou os p\u00e9s dos ap\u00f3stolos:<\/p>\n<p>\u201cO pobres s\u00e3o tamb\u00e9m mestres privilegiados do nosso conhecimento de Deus; a sua fragilidade e simplicidade desmascaram os nossos ego\u00edsmos, as nossas falsas seguran\u00e7as, as nossas pretens\u00f5es de auto-sufici\u00eancia e nos guiam \u00e0 experi\u00eancia da proximidade e da ternura de Deus, a receber na nossa vida o seu amor, a sua miseric\u00f3rdia de Pai que, com discri\u00e7\u00e3o e paciente confian\u00e7a, cuida de n\u00f3s, de todos n\u00f3s\u201d.<\/p>\n<p>E interpelou a todos: \u201dMe curvo diante de quem est\u00e1 em dificuldades ou tenho medo de sujar as m\u00e3os? Sou fechado em mim mesmo, nas minhas coisas ou me dou conta daqueles que t\u00eam necessidade de ajuda? Sirvo somente a mim mesmo ou sei servir aos outros como a Cristo, que veio para servir at\u00e9 dar a sua vida? Olho nos olhos daqueles que pedem justi\u00e7a ou viro o olhar para outro lado, para n\u00e3o olhar os olhos?<\/p>\n<p>Ao deter-se no segundo ponto, acompanhar, Francisco destacou a evolu\u00e7\u00e3o no caminho do Centro, que passou de uma primeira acolhida ao acompanhamento das pessoas e inser\u00e7\u00e3o social:<\/p>\n<p>\u201cN\u00e3o basta dar o p\u00e3o se n\u00e3o vem acompanhado da possibilidade de aprender a caminhar com as pr\u00f3prias pernas. A caridade que deixa o pobre assim como \u00e9, n\u00e3o \u00e9 suficiente. A miseric\u00f3rdia verdadeira, aquela que Deus nos d\u00e1 e nos ensina, pede a justi\u00e7a, pede que o pobre encontre o caminho para n\u00e3o ser como tal. Pede \u2013 e pede a n\u00f3s Igreja, a n\u00f3s cidade de Roma, \u00e0s Institui\u00e7\u00f5es \u2013 que ningu\u00e9m deva mais ter necessidade de uma refei\u00e7\u00e3o, de um alojamento por sorte, de um servi\u00e7o de assist\u00eancia legal, para ter reconhecido o pr\u00f3prio direito a viver e trabalhar e ser pessoa em plenitude. Isto \u00e9 integra\u00e7\u00e3o\u201d.<\/p>\n<p>Francisco disse que servir, acompanhar, quer dizer tamb\u00e9m defender, o terceiro ponto da sua reflex\u00e3o. \u201cQuantas vezes levantamos a voz para defender nossos direitos, e quantas vezes somos indiferentes para com os direitos dos outros!\u201d<\/p>\n<p>E ressaltou, que para a Igreja \u201c\u00e9 importante que a acolhida do pobre, a promo\u00e7\u00e3o da justi\u00e7a, n\u00e3o seja confiado somente a \u2018especialistas\u2019, mas seja uma aten\u00e7\u00e3o de toda a pastoral, da forma\u00e7\u00e3o dos futuros sacerdotes e religiosos, do compromisso normal de todas as par\u00f3quias, movimentos e agrega\u00e7\u00f5es eclesiais:<\/p>\n<p>\u201cEm particular gostaria de convidar tamb\u00e9m os Institutos religiosos a ler seriamente e com responsabilidade este sinal dos tempos. O Senhor chama a viver com mais coragem e generosidade a acolhida nas comunidades, nas casas, nos conventos vazios. Car\u00edssimos religiosos e religiosas, os conventos vazios n\u00e3o servem \u00e0 Igreja para transformar-lhes em albergues e ganhar algum dinheiro. Os conventos vazios n\u00e3o s\u00e3o nossos, s\u00e3o para a carne de Cristo que s\u00e3o os refugiados. O Senhor chama a viver com generosidade e coragem a acolhida nos conventos vazios\u201d.<\/p>\n<p>O Santo Padre acrescentou saber que n\u00e3o \u00e9 uma coisa simples, \u201cdevem existir crit\u00e9rios, responsabilidade, mas \u00e9 necess\u00e1rio tamb\u00e9m coragem\u201d. Devemos \u201csuperar a mundanidade espiritual para sermos pr\u00f3ximos \u00e0s pessoas simples e sobretudo aos homens. Temos necessidade de comunidades solid\u00e1rias que vivam o amor de forma concreta\u201d.<\/p>\n<hr \/>\n<p><em>Fonte: Site R\u00e1dio Vaticano<\/em><\/p>\n","protected":false},"excerpt":{"rendered":"<p>Audi\u00eancia Geral<\/p>\n","protected":false},"author":1,"featured_media":0,"comment_status":"closed","ping_status":"open","sticky":false,"template":"","format":"standard","meta":[],"categories":[1428],"tags":[487],"acf":[],"yoast_head":"<!-- This site is optimized with the Yoast SEO plugin v19.2 - https:\/\/yoast.com\/wordpress\/plugins\/seo\/ -->\n<title>&quot;Todos participamos da maternidade da Igreja!&quot; - Not\u00edcias - Franciscanos<\/title>\n<meta name=\"robots\" content=\"index, follow, max-snippet:-1, max-image-preview:large, max-video-preview:-1\" \/>\n<link rel=\"canonical\" href=\"https:\/\/franciscanos.org.br\/noticias\/todos-participamos-da-maternidade-da-igreja.html\" \/>\n<meta property=\"og:locale\" content=\"pt_BR\" \/>\n<meta property=\"og:type\" content=\"article\" \/>\n<meta property=\"og:title\" content=\"&quot;Todos participamos da maternidade da Igreja!&quot; - Not\u00edcias - Franciscanos\" \/>\n<meta property=\"og:description\" content=\"Audi\u00eancia Geral\" \/>\n<meta property=\"og:url\" content=\"https:\/\/franciscanos.org.br\/noticias\/todos-participamos-da-maternidade-da-igreja.html\" \/>\n<meta property=\"og:site_name\" content=\"Not\u00edcias - Franciscanos\" \/>\n<meta property=\"article:published_time\" content=\"2013-09-11T10:48:38+00:00\" \/>\n<meta property=\"article:modified_time\" content=\"2020-06-10T22:45:41+00:00\" \/>\n<meta property=\"og:image\" content=\"http:\/\/franciscanos.org.br\/wp-content\/uploads\/2013\/09\/papa_1109.jpg\" \/>\n<meta name=\"author\" content=\"admin\" \/>\n<meta name=\"twitter:card\" content=\"summary_large_image\" \/>\n<meta name=\"twitter:label1\" content=\"Escrito por\" \/>\n\t<meta name=\"twitter:data1\" content=\"admin\" \/>\n\t<meta name=\"twitter:label2\" content=\"Est. tempo de leitura\" \/>\n\t<meta name=\"twitter:data2\" content=\"8 minutos\" \/>\n<script type=\"application\/ld+json\" class=\"yoast-schema-graph\">{\"@context\":\"https:\/\/schema.org\",\"@graph\":[{\"@type\":\"WebSite\",\"@id\":\"https:\/\/franciscanos.org.br\/noticias\/#website\",\"url\":\"https:\/\/franciscanos.org.br\/noticias\/\",\"name\":\"Not\u00edcias - Franciscanos\",\"description\":\"Prov\u00edncia Franciscana da Imaculada Concei\u00e7\u00e3o do Brasil - Ordem dos Frades Menores - OFM\",\"potentialAction\":[{\"@type\":\"SearchAction\",\"target\":{\"@type\":\"EntryPoint\",\"urlTemplate\":\"https:\/\/franciscanos.org.br\/noticias\/?s={search_term_string}\"},\"query-input\":\"required name=search_term_string\"}],\"inLanguage\":\"pt-BR\"},{\"@type\":\"ImageObject\",\"inLanguage\":\"pt-BR\",\"@id\":\"https:\/\/franciscanos.org.br\/noticias\/todos-participamos-da-maternidade-da-igreja.html#primaryimage\",\"url\":\"http:\/\/franciscanos.org.br\/wp-content\/uploads\/2013\/09\/papa_1109.jpg\",\"contentUrl\":\"http:\/\/franciscanos.org.br\/wp-content\/uploads\/2013\/09\/papa_1109.jpg\"},{\"@type\":\"WebPage\",\"@id\":\"https:\/\/franciscanos.org.br\/noticias\/todos-participamos-da-maternidade-da-igreja.html#webpage\",\"url\":\"https:\/\/franciscanos.org.br\/noticias\/todos-participamos-da-maternidade-da-igreja.html\",\"name\":\"\\\"Todos participamos da maternidade da Igreja!\\\" - Not\u00edcias - Franciscanos\",\"isPartOf\":{\"@id\":\"https:\/\/franciscanos.org.br\/noticias\/#website\"},\"primaryImageOfPage\":{\"@id\":\"https:\/\/franciscanos.org.br\/noticias\/todos-participamos-da-maternidade-da-igreja.html#primaryimage\"},\"datePublished\":\"2013-09-11T10:48:38+00:00\",\"dateModified\":\"2020-06-10T22:45:41+00:00\",\"author\":{\"@id\":\"https:\/\/franciscanos.org.br\/noticias\/#\/schema\/person\/b38fbf43118f02820bd932f2e4b14ad3\"},\"breadcrumb\":{\"@id\":\"https:\/\/franciscanos.org.br\/noticias\/todos-participamos-da-maternidade-da-igreja.html#breadcrumb\"},\"inLanguage\":\"pt-BR\",\"potentialAction\":[{\"@type\":\"ReadAction\",\"target\":[\"https:\/\/franciscanos.org.br\/noticias\/todos-participamos-da-maternidade-da-igreja.html\"]}]},{\"@type\":\"BreadcrumbList\",\"@id\":\"https:\/\/franciscanos.org.br\/noticias\/todos-participamos-da-maternidade-da-igreja.html#breadcrumb\",\"itemListElement\":[{\"@type\":\"ListItem\",\"position\":1,\"name\":\"Home\",\"item\":\"https:\/\/franciscanos.org.br\/noticias\"},{\"@type\":\"ListItem\",\"position\":2,\"name\":\"&#8220;Todos participamos da maternidade da Igreja!&#8221;\"}]},{\"@type\":\"Person\",\"@id\":\"https:\/\/franciscanos.org.br\/noticias\/#\/schema\/person\/b38fbf43118f02820bd932f2e4b14ad3\",\"name\":\"admin\",\"image\":{\"@type\":\"ImageObject\",\"inLanguage\":\"pt-BR\",\"@id\":\"https:\/\/franciscanos.org.br\/noticias\/#\/schema\/person\/image\/\",\"url\":\"https:\/\/secure.gravatar.com\/avatar\/e8495742d34d0ba6448ea1c628263b3e?s=96&d=mm&r=g\",\"contentUrl\":\"https:\/\/secure.gravatar.com\/avatar\/e8495742d34d0ba6448ea1c628263b3e?s=96&d=mm&r=g\",\"caption\":\"admin\"},\"url\":\"https:\/\/franciscanos.org.br\/noticias\/author\/admin\"}]}<\/script>\n<!-- \/ Yoast SEO plugin. -->","yoast_head_json":{"title":"\"Todos participamos da maternidade da Igreja!\" - Not\u00edcias - Franciscanos","robots":{"index":"index","follow":"follow","max-snippet":"max-snippet:-1","max-image-preview":"max-image-preview:large","max-video-preview":"max-video-preview:-1"},"canonical":"https:\/\/franciscanos.org.br\/noticias\/todos-participamos-da-maternidade-da-igreja.html","og_locale":"pt_BR","og_type":"article","og_title":"\"Todos participamos da maternidade da Igreja!\" - Not\u00edcias - Franciscanos","og_description":"Audi\u00eancia Geral","og_url":"https:\/\/franciscanos.org.br\/noticias\/todos-participamos-da-maternidade-da-igreja.html","og_site_name":"Not\u00edcias - Franciscanos","article_published_time":"2013-09-11T10:48:38+00:00","article_modified_time":"2020-06-10T22:45:41+00:00","og_image":[{"url":"http:\/\/franciscanos.org.br\/wp-content\/uploads\/2013\/09\/papa_1109.jpg"}],"author":"admin","twitter_card":"summary_large_image","twitter_misc":{"Escrito por":"admin","Est. tempo de leitura":"8 minutos"},"schema":{"@context":"https:\/\/schema.org","@graph":[{"@type":"WebSite","@id":"https:\/\/franciscanos.org.br\/noticias\/#website","url":"https:\/\/franciscanos.org.br\/noticias\/","name":"Not\u00edcias - Franciscanos","description":"Prov\u00edncia Franciscana da Imaculada Concei\u00e7\u00e3o do Brasil - Ordem dos Frades Menores - OFM","potentialAction":[{"@type":"SearchAction","target":{"@type":"EntryPoint","urlTemplate":"https:\/\/franciscanos.org.br\/noticias\/?s={search_term_string}"},"query-input":"required name=search_term_string"}],"inLanguage":"pt-BR"},{"@type":"ImageObject","inLanguage":"pt-BR","@id":"https:\/\/franciscanos.org.br\/noticias\/todos-participamos-da-maternidade-da-igreja.html#primaryimage","url":"http:\/\/franciscanos.org.br\/wp-content\/uploads\/2013\/09\/papa_1109.jpg","contentUrl":"http:\/\/franciscanos.org.br\/wp-content\/uploads\/2013\/09\/papa_1109.jpg"},{"@type":"WebPage","@id":"https:\/\/franciscanos.org.br\/noticias\/todos-participamos-da-maternidade-da-igreja.html#webpage","url":"https:\/\/franciscanos.org.br\/noticias\/todos-participamos-da-maternidade-da-igreja.html","name":"\"Todos participamos da maternidade da Igreja!\" - Not\u00edcias - Franciscanos","isPartOf":{"@id":"https:\/\/franciscanos.org.br\/noticias\/#website"},"primaryImageOfPage":{"@id":"https:\/\/franciscanos.org.br\/noticias\/todos-participamos-da-maternidade-da-igreja.html#primaryimage"},"datePublished":"2013-09-11T10:48:38+00:00","dateModified":"2020-06-10T22:45:41+00:00","author":{"@id":"https:\/\/franciscanos.org.br\/noticias\/#\/schema\/person\/b38fbf43118f02820bd932f2e4b14ad3"},"breadcrumb":{"@id":"https:\/\/franciscanos.org.br\/noticias\/todos-participamos-da-maternidade-da-igreja.html#breadcrumb"},"inLanguage":"pt-BR","potentialAction":[{"@type":"ReadAction","target":["https:\/\/franciscanos.org.br\/noticias\/todos-participamos-da-maternidade-da-igreja.html"]}]},{"@type":"BreadcrumbList","@id":"https:\/\/franciscanos.org.br\/noticias\/todos-participamos-da-maternidade-da-igreja.html#breadcrumb","itemListElement":[{"@type":"ListItem","position":1,"name":"Home","item":"https:\/\/franciscanos.org.br\/noticias"},{"@type":"ListItem","position":2,"name":"&#8220;Todos participamos da maternidade da Igreja!&#8221;"}]},{"@type":"Person","@id":"https:\/\/franciscanos.org.br\/noticias\/#\/schema\/person\/b38fbf43118f02820bd932f2e4b14ad3","name":"admin","image":{"@type":"ImageObject","inLanguage":"pt-BR","@id":"https:\/\/franciscanos.org.br\/noticias\/#\/schema\/person\/image\/","url":"https:\/\/secure.gravatar.com\/avatar\/e8495742d34d0ba6448ea1c628263b3e?s=96&d=mm&r=g","contentUrl":"https:\/\/secure.gravatar.com\/avatar\/e8495742d34d0ba6448ea1c628263b3e?s=96&d=mm&r=g","caption":"admin"},"url":"https:\/\/franciscanos.org.br\/noticias\/author\/admin"}]}},"_links":{"self":[{"href":"https:\/\/franciscanos.org.br\/noticias\/wp-json\/wp\/v2\/posts\/45564"}],"collection":[{"href":"https:\/\/franciscanos.org.br\/noticias\/wp-json\/wp\/v2\/posts"}],"about":[{"href":"https:\/\/franciscanos.org.br\/noticias\/wp-json\/wp\/v2\/types\/post"}],"author":[{"embeddable":true,"href":"https:\/\/franciscanos.org.br\/noticias\/wp-json\/wp\/v2\/users\/1"}],"replies":[{"embeddable":true,"href":"https:\/\/franciscanos.org.br\/noticias\/wp-json\/wp\/v2\/comments?post=45564"}],"version-history":[{"count":1,"href":"https:\/\/franciscanos.org.br\/noticias\/wp-json\/wp\/v2\/posts\/45564\/revisions"}],"predecessor-version":[{"id":226294,"href":"https:\/\/franciscanos.org.br\/noticias\/wp-json\/wp\/v2\/posts\/45564\/revisions\/226294"}],"wp:attachment":[{"href":"https:\/\/franciscanos.org.br\/noticias\/wp-json\/wp\/v2\/media?parent=45564"}],"wp:term":[{"taxonomy":"category","embeddable":true,"href":"https:\/\/franciscanos.org.br\/noticias\/wp-json\/wp\/v2\/categories?post=45564"},{"taxonomy":"post_tag","embeddable":true,"href":"https:\/\/franciscanos.org.br\/noticias\/wp-json\/wp\/v2\/tags?post=45564"}],"curies":[{"name":"wp","href":"https:\/\/api.w.org\/{rel}","templated":true}]}}