{"id":44927,"date":"2013-09-03T06:58:17","date_gmt":"2013-09-03T09:58:17","guid":{"rendered":"http:\/\/new.franciscanos.org.br\/?p=44927"},"modified":"2020-06-11T16:01:47","modified_gmt":"2020-06-11T19:01:47","slug":"papa-pede-jornada-de-jejum-e-oracao-pela-paz","status":"publish","type":"post","link":"https:\/\/franciscanos.org.br\/noticias\/papa-pede-jornada-de-jejum-e-oracao-pela-paz.html","title":{"rendered":"Papa Francisco pede Jornada de Jejum e Ora\u00e7\u00e3o pela Paz"},"content":{"rendered":"<p><img loading=\"lazy\" class=\"alignnone size-full wp-image-226304\" src=\"https:\/\/franciscanos.org.br\/noticias\/wp-content\/uploads\/2013\/09\/angelus_11.jpg\" alt=\"\" width=\"1000\" height=\"563\" \/><\/p>\n<p>Um forte apelo \u00e0 paz, retomando as c\u00e9lebres palavras do seu predecessor, Paulo VI, \u201cNunca mais a guerra!\u201d, marcou o discurso do Papa Francisco no domingo passado por ocasi\u00e3o da Ora\u00e7\u00e3o Mariana do<i> Angelus<\/i>, em que sublinhou que \u201ca paz \u00e9 um dom muito precioso que deve ser promovido e tutelado\u201d<\/p>\n<p>Os numerosos fi\u00e9is que, mais do que nunca, enchiam a Pra\u00e7a de S\u00e3o Pedro, reagiam com aplausos de consentimento \u00e0s vibrantes palavras do Papa que disse estar profundamente preocupado com as diversas situa\u00e7\u00f5es de conflito que se vivem no mundo, de modo particular na S\u00edria.<\/p>\n<p>\u201cVivo com particular sofrimento e preocupa\u00e7\u00e3o as tantas situa\u00e7\u00f5es de conflito que h\u00e1 nesta terra, mas, nestes dias, o meu cora\u00e7\u00e3o est\u00e1 profundamente ferido por aquilo que est\u00e1 a acontecer na S\u00edria, e angustiado pelas dram\u00e1ticas evolu\u00e7\u00f5es que se prospectam\u201d.<\/p>\n<p>&nbsp;<\/p>\n<p>O Papa dirigiu por isso, do fundo do cora\u00e7\u00e3o, um forte apelo \u00e0 paz: \u201cDirijo um forte apelo \u00e0 paz, um apelo que nasce do \u00edntimo de mim mesmo! Quanto sofrimento, quanta devasta\u00e7\u00e3o, quanta dor trouxe e trar\u00e1 o uso das armas naquele martirizado pa\u00eds, especialmente entre a popula\u00e7\u00e3o civil, inerme! Pensemos em quantas crian\u00e7as n\u00e3o poder\u00e3o ver a luz no futuro!\u201d<\/p>\n<p>E o Pont\u00edfice condenou firmemente o uso das armas qu\u00edmicas, recordando que h\u00e1 um julgamento de Deus e tamb\u00e9m da Hist\u00f3ria a que n\u00e3o se pode escapar: \u201cCom particular firmeza, condeno o uso das armas qu\u00edmicas: digo-vos que tenho ainda fixas na mente e no cora\u00e7\u00e3o as terr\u00edveis imagens dos dias passados! H\u00e1 um julgamento de Deus e um julgamento da Hist\u00f3ria sobre as nossas a\u00e7\u00f5es a que n\u00e3o se pode fugir! N\u00e3o \u00e9 nunca o uso da viol\u00eancia que leva \u00e0 paz. Guerra chama guerra, viol\u00eancia chama viol\u00eancia!\u201d<\/p>\n<p>\u00c0s partes em conflito o Papa pediu para n\u00e3o se fecharem nos seus interesses, e a empreenderem com coragem e decis\u00e3o a via do dialogo\u2026 \u201cCom toda a minha for\u00e7a, pe\u00e7o \u00e0s partes em conflito para ouvirem a voz da pr\u00f3pria consci\u00eancia, a n\u00e3o se fecharem nos seus interesses, mas a olharem para o outro como irm\u00e3o e a empreender, com coragem e decis\u00e3o, a via do encontro, da negocia\u00e7\u00e3o, ultrapassando a cega contraposi\u00e7\u00e3o\u201d.<\/p>\n<p>N\u00e3o faltou uma palavra em rela\u00e7\u00e3o \u00e0 comunidade Internacional: \u201cCom igual energia exorto tamb\u00e9m a Comunidade Internacional a envidar todos os esfor\u00e7os poss\u00edveis a fim de promover, sem demoras, iniciativas claras para a paz naquela Na\u00e7\u00e3o, baseadas no dialogo e na negocia\u00e7\u00e3o, para o bem de toda a popula\u00e7\u00e3o s\u00edria\u201d .<\/p>\n<p>O Papa pediu ainda que n\u00e3o se poupem esfor\u00e7os no sentido de garantir assist\u00eancia humanit\u00e1ria \u00e0s pessoas afetadas por este terr\u00edvel conflito, especialmente os que ainda est\u00e3o no pa\u00eds e os numerosos refugiados nos pa\u00edses vizinhos.<\/p>\n<p>Por fim, o Santo Padre anunciou algumas iniciativas que a Igreja vai empreender a favor da paz na S\u00edria e no mundo. Tudo para que o grito de paz se eleve bem alto em todos os cora\u00e7\u00f5es: \u201cPor isso, irm\u00e3os e irm\u00e3s, decidi proclamar para toda a Igreja, no dia 7 de Setembro pr\u00f3ximo, v\u00e9spera da Natividade de Nossa Senhora, Rainha da Paz, uma jornada de jejum e de ora\u00e7\u00e3o para a paz na S\u00edria, no M\u00e9dio Oriente, e no mundo inteiro\u201d.<\/p>\n<p>O Papa convidou a aderir a esta iniciativa os \u201cirm\u00e3os crist\u00e3os n\u00e3o cat\u00f3licos, aos membros doutras Religi\u00f5es e pessoas de boa vontade&#8221;. E acrescentou: \u201cNo dia 7 de Setembro na Pra\u00e7a de S\u00e3o Pedro, aqui das 19 \u00e0s 24 horas, nos reuniremos em ora\u00e7\u00e3o e em esp\u00edrito de penit\u00eancia para invocar de Deus este grande dom para a amada Na\u00e7\u00e3o s\u00edria e para todas as situa\u00e7\u00f5es de conflito e de viol\u00eancia no mundo. A humanidade precisa de ver gestos de paz e de ouvir palavras de esperan\u00e7a de paz!\u201d.<\/p>\n<p>E ao deixar a cada Igreja local a possibilidade de organizar como melhor entenderem esta iniciativa de paz, o Papa rezou, juntamente com os fieis, a Nossa Senhora, Rainha da Paz, para que nos ajude a responder \u00e0 viol\u00eancia, aos conflitos e \u00e0s guerras, com a for\u00e7a do di\u00e1logo, da reconcilia\u00e7\u00e3o, do amor.<\/p>\n<p>\u201cEla \u00e9 m\u00e3e: que nos ajude a encontrar a paz\u201d.<\/p>\n<p><b>As outras armas<\/b><\/p>\n<p>\u201cOnde Deus est\u00e1 n\u00e3o h\u00e1 \u00f3dio, inveja e ci\u00fames e n\u00e3o se dizem palavras que matam os irm\u00e3os\u201d: foi o que disse o Papa Francisco na manh\u00e3 desta segunda-feira, 2 de setembro, na Eucaristia na Capela da Casa Santa Marta, onde recome\u00e7ou a celebrar a missa com a presen\u00e7a de grupos, depois da pausa de Ver\u00e3o.<\/p>\n<p>O encontro de Jesus com os seus conterr\u00e2neos, os moradores de Nazar\u00e9, na narra\u00e7\u00e3o do Evangelho de S\u00e3o Lucas proposta pela liturgia do dia foi o tema da homilia do Papa. Os nazarenos admiravam Jesus \u2013 observou o Papa \u2013 mas esperavam dele algo grandioso para acreditarem nele: \u201cqueriam um milagre, queriam um espet\u00e1culo\u201d. Quando Jesus disse que eles n\u00e3o tinham f\u00e9, ficaram furiosos. Levantaram-se e levaram Jesus at\u00e9 ao monte para empurr\u00e1-lo e mat\u00e1-lo\u201d:<\/p>\n<p>\u201cPrestem aten\u00e7\u00e3o como as coisas mudaram: come\u00e7aram com a beleza, com a admira\u00e7\u00e3o, e terminaram com um crime; queriam matar Jesus por ci\u00fames, inveja, estas coisas&#8230; Esta coisa n\u00e3o aconteceu dois mil anos atr\u00e1s&#8230; isto acontece todos os dias em nossos cora\u00e7\u00f5es, em nossas comunidades. \u00c9 assim: no primeiro dia, as pessoas dizem: \u201cQue boa esta pessoa que chegou aqui \u00e0 nossa comunidade\u201d. No primeiro dia falam bem, no segundo n\u00e3o tanto, no terceiro j\u00e1 come\u00e7am as intrigas e acabam por acabar com ele\u201d.<\/p>\n<p>\u201cUma comunidade, uma fam\u00edlia \u2013 prosseguiu o Papa \u2013 \u00e9 destru\u00edda por esta inveja, que semeia o diabo nos cora\u00e7\u00f5es e faz com que se fale mal uns dos outros\u201d. \u201cNestes dias \u2013 sublinhou \u2013 estamos falando tanto sobre a paz, vemos as v\u00edtimas das armas&#8230; mas \u00e9 preciso pensar tamb\u00e9m nas nossas armas quotidianas: a l\u00edngua, os mexericos, as intrigas\u201d. \u201cAs comunidades \u2013 concluiu \u2013 devem viver com o Senhor e ser como o C\u00e9u\u201d.<\/p>\n<p>\u201cPara que haja paz numa comunidade, numa fam\u00edlia, num pa\u00eds e no mundo, temos que estar com o Senhor. Onde o Senhor estiver, n\u00e3o existe inveja nem criminalidade, \u00f3dio e nem ci\u00fames. Existe fraternidade\u201d. \u201cPe\u00e7amos ao Senhor para n\u00e3o matarmos jamais o pr\u00f3ximo com a nossa l\u00edngua e estar com Ele como todos n\u00f3s estaremos no C\u00e9u\u201d.<\/p>\n<hr \/>\n<p><em>\u00a0Fonte: R\u00e1dio Vaticano<\/em><\/p>\n","protected":false},"excerpt":{"rendered":"<p>Angelus<\/p>\n","protected":false},"author":1,"featured_media":0,"comment_status":"closed","ping_status":"open","sticky":false,"template":"","format":"standard","meta":[],"categories":[1428],"tags":[403],"acf":[],"yoast_head":"<!-- This site is optimized with the Yoast SEO plugin v19.2 - https:\/\/yoast.com\/wordpress\/plugins\/seo\/ -->\n<title>Papa Francisco pede Jornada de Jejum e Ora\u00e7\u00e3o pela Paz - Not\u00edcias - Franciscanos<\/title>\n<meta name=\"robots\" content=\"index, follow, max-snippet:-1, max-image-preview:large, max-video-preview:-1\" \/>\n<link rel=\"canonical\" href=\"https:\/\/franciscanos.org.br\/noticias\/papa-pede-jornada-de-jejum-e-oracao-pela-paz.html\" \/>\n<meta property=\"og:locale\" content=\"pt_BR\" \/>\n<meta property=\"og:type\" content=\"article\" \/>\n<meta property=\"og:title\" content=\"Papa Francisco pede Jornada de Jejum e Ora\u00e7\u00e3o pela Paz - Not\u00edcias - Franciscanos\" \/>\n<meta property=\"og:description\" content=\"Angelus\" \/>\n<meta property=\"og:url\" content=\"https:\/\/franciscanos.org.br\/noticias\/papa-pede-jornada-de-jejum-e-oracao-pela-paz.html\" \/>\n<meta property=\"og:site_name\" content=\"Not\u00edcias - Franciscanos\" \/>\n<meta property=\"article:published_time\" content=\"2013-09-03T09:58:17+00:00\" \/>\n<meta property=\"article:modified_time\" content=\"2020-06-11T19:01:47+00:00\" \/>\n<meta property=\"og:image\" content=\"https:\/\/franciscanos.org.br\/noticias\/wp-content\/uploads\/2013\/09\/angelus_11.jpg\" \/>\n<meta name=\"author\" content=\"admin\" \/>\n<meta name=\"twitter:card\" content=\"summary_large_image\" \/>\n<meta name=\"twitter:label1\" content=\"Escrito por\" \/>\n\t<meta name=\"twitter:data1\" content=\"admin\" \/>\n\t<meta name=\"twitter:label2\" content=\"Est. tempo de leitura\" \/>\n\t<meta name=\"twitter:data2\" content=\"6 minutos\" \/>\n<script type=\"application\/ld+json\" class=\"yoast-schema-graph\">{\"@context\":\"https:\/\/schema.org\",\"@graph\":[{\"@type\":\"WebSite\",\"@id\":\"https:\/\/franciscanos.org.br\/noticias\/#website\",\"url\":\"https:\/\/franciscanos.org.br\/noticias\/\",\"name\":\"Not\u00edcias - Franciscanos\",\"description\":\"Prov\u00edncia Franciscana da Imaculada Concei\u00e7\u00e3o do Brasil - Ordem dos Frades Menores - OFM\",\"potentialAction\":[{\"@type\":\"SearchAction\",\"target\":{\"@type\":\"EntryPoint\",\"urlTemplate\":\"https:\/\/franciscanos.org.br\/noticias\/?s={search_term_string}\"},\"query-input\":\"required name=search_term_string\"}],\"inLanguage\":\"pt-BR\"},{\"@type\":\"ImageObject\",\"inLanguage\":\"pt-BR\",\"@id\":\"https:\/\/franciscanos.org.br\/noticias\/papa-pede-jornada-de-jejum-e-oracao-pela-paz.html#primaryimage\",\"url\":\"https:\/\/franciscanos.org.br\/noticias\/wp-content\/uploads\/2013\/09\/angelus_11.jpg\",\"contentUrl\":\"https:\/\/franciscanos.org.br\/noticias\/wp-content\/uploads\/2013\/09\/angelus_11.jpg\"},{\"@type\":\"WebPage\",\"@id\":\"https:\/\/franciscanos.org.br\/noticias\/papa-pede-jornada-de-jejum-e-oracao-pela-paz.html#webpage\",\"url\":\"https:\/\/franciscanos.org.br\/noticias\/papa-pede-jornada-de-jejum-e-oracao-pela-paz.html\",\"name\":\"Papa Francisco pede Jornada de Jejum e Ora\u00e7\u00e3o pela Paz - Not\u00edcias - Franciscanos\",\"isPartOf\":{\"@id\":\"https:\/\/franciscanos.org.br\/noticias\/#website\"},\"primaryImageOfPage\":{\"@id\":\"https:\/\/franciscanos.org.br\/noticias\/papa-pede-jornada-de-jejum-e-oracao-pela-paz.html#primaryimage\"},\"datePublished\":\"2013-09-03T09:58:17+00:00\",\"dateModified\":\"2020-06-11T19:01:47+00:00\",\"author\":{\"@id\":\"https:\/\/franciscanos.org.br\/noticias\/#\/schema\/person\/b38fbf43118f02820bd932f2e4b14ad3\"},\"breadcrumb\":{\"@id\":\"https:\/\/franciscanos.org.br\/noticias\/papa-pede-jornada-de-jejum-e-oracao-pela-paz.html#breadcrumb\"},\"inLanguage\":\"pt-BR\",\"potentialAction\":[{\"@type\":\"ReadAction\",\"target\":[\"https:\/\/franciscanos.org.br\/noticias\/papa-pede-jornada-de-jejum-e-oracao-pela-paz.html\"]}]},{\"@type\":\"BreadcrumbList\",\"@id\":\"https:\/\/franciscanos.org.br\/noticias\/papa-pede-jornada-de-jejum-e-oracao-pela-paz.html#breadcrumb\",\"itemListElement\":[{\"@type\":\"ListItem\",\"position\":1,\"name\":\"Home\",\"item\":\"https:\/\/franciscanos.org.br\/noticias\"},{\"@type\":\"ListItem\",\"position\":2,\"name\":\"Papa Francisco pede Jornada de Jejum e Ora\u00e7\u00e3o pela Paz\"}]},{\"@type\":\"Person\",\"@id\":\"https:\/\/franciscanos.org.br\/noticias\/#\/schema\/person\/b38fbf43118f02820bd932f2e4b14ad3\",\"name\":\"admin\",\"image\":{\"@type\":\"ImageObject\",\"inLanguage\":\"pt-BR\",\"@id\":\"https:\/\/franciscanos.org.br\/noticias\/#\/schema\/person\/image\/\",\"url\":\"https:\/\/secure.gravatar.com\/avatar\/e8495742d34d0ba6448ea1c628263b3e?s=96&d=mm&r=g\",\"contentUrl\":\"https:\/\/secure.gravatar.com\/avatar\/e8495742d34d0ba6448ea1c628263b3e?s=96&d=mm&r=g\",\"caption\":\"admin\"},\"url\":\"https:\/\/franciscanos.org.br\/noticias\/author\/admin\"}]}<\/script>\n<!-- \/ Yoast SEO plugin. -->","yoast_head_json":{"title":"Papa Francisco pede Jornada de Jejum e Ora\u00e7\u00e3o pela Paz - Not\u00edcias - Franciscanos","robots":{"index":"index","follow":"follow","max-snippet":"max-snippet:-1","max-image-preview":"max-image-preview:large","max-video-preview":"max-video-preview:-1"},"canonical":"https:\/\/franciscanos.org.br\/noticias\/papa-pede-jornada-de-jejum-e-oracao-pela-paz.html","og_locale":"pt_BR","og_type":"article","og_title":"Papa Francisco pede Jornada de Jejum e Ora\u00e7\u00e3o pela Paz - Not\u00edcias - Franciscanos","og_description":"Angelus","og_url":"https:\/\/franciscanos.org.br\/noticias\/papa-pede-jornada-de-jejum-e-oracao-pela-paz.html","og_site_name":"Not\u00edcias - Franciscanos","article_published_time":"2013-09-03T09:58:17+00:00","article_modified_time":"2020-06-11T19:01:47+00:00","og_image":[{"url":"https:\/\/franciscanos.org.br\/noticias\/wp-content\/uploads\/2013\/09\/angelus_11.jpg"}],"author":"admin","twitter_card":"summary_large_image","twitter_misc":{"Escrito por":"admin","Est. tempo de leitura":"6 minutos"},"schema":{"@context":"https:\/\/schema.org","@graph":[{"@type":"WebSite","@id":"https:\/\/franciscanos.org.br\/noticias\/#website","url":"https:\/\/franciscanos.org.br\/noticias\/","name":"Not\u00edcias - Franciscanos","description":"Prov\u00edncia Franciscana da Imaculada Concei\u00e7\u00e3o do Brasil - Ordem dos Frades Menores - OFM","potentialAction":[{"@type":"SearchAction","target":{"@type":"EntryPoint","urlTemplate":"https:\/\/franciscanos.org.br\/noticias\/?s={search_term_string}"},"query-input":"required name=search_term_string"}],"inLanguage":"pt-BR"},{"@type":"ImageObject","inLanguage":"pt-BR","@id":"https:\/\/franciscanos.org.br\/noticias\/papa-pede-jornada-de-jejum-e-oracao-pela-paz.html#primaryimage","url":"https:\/\/franciscanos.org.br\/noticias\/wp-content\/uploads\/2013\/09\/angelus_11.jpg","contentUrl":"https:\/\/franciscanos.org.br\/noticias\/wp-content\/uploads\/2013\/09\/angelus_11.jpg"},{"@type":"WebPage","@id":"https:\/\/franciscanos.org.br\/noticias\/papa-pede-jornada-de-jejum-e-oracao-pela-paz.html#webpage","url":"https:\/\/franciscanos.org.br\/noticias\/papa-pede-jornada-de-jejum-e-oracao-pela-paz.html","name":"Papa Francisco pede Jornada de Jejum e Ora\u00e7\u00e3o pela Paz - Not\u00edcias - Franciscanos","isPartOf":{"@id":"https:\/\/franciscanos.org.br\/noticias\/#website"},"primaryImageOfPage":{"@id":"https:\/\/franciscanos.org.br\/noticias\/papa-pede-jornada-de-jejum-e-oracao-pela-paz.html#primaryimage"},"datePublished":"2013-09-03T09:58:17+00:00","dateModified":"2020-06-11T19:01:47+00:00","author":{"@id":"https:\/\/franciscanos.org.br\/noticias\/#\/schema\/person\/b38fbf43118f02820bd932f2e4b14ad3"},"breadcrumb":{"@id":"https:\/\/franciscanos.org.br\/noticias\/papa-pede-jornada-de-jejum-e-oracao-pela-paz.html#breadcrumb"},"inLanguage":"pt-BR","potentialAction":[{"@type":"ReadAction","target":["https:\/\/franciscanos.org.br\/noticias\/papa-pede-jornada-de-jejum-e-oracao-pela-paz.html"]}]},{"@type":"BreadcrumbList","@id":"https:\/\/franciscanos.org.br\/noticias\/papa-pede-jornada-de-jejum-e-oracao-pela-paz.html#breadcrumb","itemListElement":[{"@type":"ListItem","position":1,"name":"Home","item":"https:\/\/franciscanos.org.br\/noticias"},{"@type":"ListItem","position":2,"name":"Papa Francisco pede Jornada de Jejum e Ora\u00e7\u00e3o pela Paz"}]},{"@type":"Person","@id":"https:\/\/franciscanos.org.br\/noticias\/#\/schema\/person\/b38fbf43118f02820bd932f2e4b14ad3","name":"admin","image":{"@type":"ImageObject","inLanguage":"pt-BR","@id":"https:\/\/franciscanos.org.br\/noticias\/#\/schema\/person\/image\/","url":"https:\/\/secure.gravatar.com\/avatar\/e8495742d34d0ba6448ea1c628263b3e?s=96&d=mm&r=g","contentUrl":"https:\/\/secure.gravatar.com\/avatar\/e8495742d34d0ba6448ea1c628263b3e?s=96&d=mm&r=g","caption":"admin"},"url":"https:\/\/franciscanos.org.br\/noticias\/author\/admin"}]}},"_links":{"self":[{"href":"https:\/\/franciscanos.org.br\/noticias\/wp-json\/wp\/v2\/posts\/44927"}],"collection":[{"href":"https:\/\/franciscanos.org.br\/noticias\/wp-json\/wp\/v2\/posts"}],"about":[{"href":"https:\/\/franciscanos.org.br\/noticias\/wp-json\/wp\/v2\/types\/post"}],"author":[{"embeddable":true,"href":"https:\/\/franciscanos.org.br\/noticias\/wp-json\/wp\/v2\/users\/1"}],"replies":[{"embeddable":true,"href":"https:\/\/franciscanos.org.br\/noticias\/wp-json\/wp\/v2\/comments?post=44927"}],"version-history":[{"count":2,"href":"https:\/\/franciscanos.org.br\/noticias\/wp-json\/wp\/v2\/posts\/44927\/revisions"}],"predecessor-version":[{"id":226306,"href":"https:\/\/franciscanos.org.br\/noticias\/wp-json\/wp\/v2\/posts\/44927\/revisions\/226306"}],"wp:attachment":[{"href":"https:\/\/franciscanos.org.br\/noticias\/wp-json\/wp\/v2\/media?parent=44927"}],"wp:term":[{"taxonomy":"category","embeddable":true,"href":"https:\/\/franciscanos.org.br\/noticias\/wp-json\/wp\/v2\/categories?post=44927"},{"taxonomy":"post_tag","embeddable":true,"href":"https:\/\/franciscanos.org.br\/noticias\/wp-json\/wp\/v2\/tags?post=44927"}],"curies":[{"name":"wp","href":"https:\/\/api.w.org\/{rel}","templated":true}]}}