{"id":44629,"date":"2013-08-30T11:20:25","date_gmt":"2013-08-30T14:20:25","guid":{"rendered":"http:\/\/new.franciscanos.org.br\/?p=44629"},"modified":"2019-01-29T10:37:36","modified_gmt":"2019-01-29T12:37:36","slug":"mensagem-aos-assistentes-espirituais","status":"publish","type":"post","link":"https:\/\/franciscanos.org.br\/noticias\/mensagem-aos-assistentes-espirituais.html","title":{"rendered":"Mensagem aos assistentes espirituais da OFS"},"content":{"rendered":"<blockquote>\n<p style=\"text-align: left;\" align=\"center\"><b><i><img loading=\"lazy\" class=\"size-full wp-image-44630 alignright\" src=\"http:\/\/franciscanos.org.br\/wp-content\/uploads\/2013\/08\/MeetingOfFrancisAndClare.jpg\" alt=\"MeetingOfFrancisAndClare\" width=\"450\" height=\"656\" \/>\u00c9 sinal concreto de comunh\u00e3o e de corresponsabilidade, os Conselhos, dos diversos n\u00edveis, solicitar\u00e3o aos Superiores das quatro Fam\u00edlias Religiosas Franciscanas, \u00e0s quais desde s\u00e9culos a Fraternidade Secular est\u00e1 ligada, religiosos id\u00f4neos e preparados para a assist\u00eancia espiritual, favorecendo a fidelidade ao carisma e a observ\u00e2ncia da Regra\u201d.<\/i><\/b><i>\u00a0<\/i><i>\u00a0<\/i><\/p>\n<\/blockquote>\n<p>Comemoramos em todas as Fraternidades da OFS e JUFRA, no primeiro domingo de setembro, o <b><i>Dia Nacional do Assistente Espiritual<\/i><\/b>. Assim, numa demonstra\u00e7\u00e3o de gratid\u00e3o, queremos expressar o nosso apre\u00e7o e o nosso carinho por esses irm\u00e3os e irm\u00e3s, que cuidam das Fraternidades Locais, Regional e Nacional, testemunhando a consci\u00eancia de perten\u00e7a e amor \u00e0 grande fam\u00edlia que formamos: herdeiros leg\u00edtimos de Francisco e Clara de Assis.<\/p>\n<p>A minha sauda\u00e7\u00e3o aos frades da Primeira Ordem e da TOR e, \u00e0s Irm\u00e3s Religiosas Franciscanas \u00e9 de gratid\u00e3o e de s\u00faplicas ao Pai, para que sempre os cumule de b\u00ean\u00e7\u00e3os e gra\u00e7as pelo trabalho pastoral que realizam na OFS e na JUFRA, para que os irm\u00e3os e irm\u00e3s mantenham-se fi\u00e9is ao carisma franciscano, <b><i>\u201csem perder de vista o ponto de partida\u201d.<\/i><\/b><\/p>\n<p>Junto as minhas ora\u00e7\u00f5es, nesse momento, a tantas Fraternidades que ainda caminham com dificuldades pela falta de assist\u00eancia e, que necessitam de maior aten\u00e7\u00e3o e cuidado para que n\u00e3o se percam no \u201ccaminho da santa voca\u00e7\u00e3o\u201d. Talvez, seja este, o maior desafio que teremos de enfrentar em mais esse tri\u00eanio, no Regional Sudeste III &#8211; SP.<\/p>\n<p>Juntos, pe\u00e7amos ao Senhor mais oper\u00e1rios para a messe.<\/p>\n<p>Meu abra\u00e7o fraterno,<\/p>\n<p><b>Denize Aparecida Marum Gusm\u00e3o<br \/>\n<\/b><em>(Ministra Regional)<\/em><\/p>\n","protected":false},"excerpt":{"rendered":"<p>OFS<\/p>\n","protected":false},"author":1,"featured_media":197779,"comment_status":"closed","ping_status":"open","sticky":false,"template":"","format":"standard","meta":[],"categories":[1],"tags":[60],"acf":[],"yoast_head":"<!-- This site is optimized with the Yoast SEO plugin v19.2 - https:\/\/yoast.com\/wordpress\/plugins\/seo\/ -->\n<title>Mensagem aos assistentes espirituais da OFS - Not\u00edcias - Franciscanos<\/title>\n<meta name=\"robots\" content=\"index, follow, max-snippet:-1, max-image-preview:large, max-video-preview:-1\" \/>\n<link rel=\"canonical\" href=\"https:\/\/franciscanos.org.br\/noticias\/mensagem-aos-assistentes-espirituais.html\" \/>\n<meta property=\"og:locale\" content=\"pt_BR\" \/>\n<meta property=\"og:type\" content=\"article\" \/>\n<meta property=\"og:title\" content=\"Mensagem aos assistentes espirituais da OFS - Not\u00edcias - Franciscanos\" \/>\n<meta property=\"og:description\" content=\"OFS\" \/>\n<meta property=\"og:url\" content=\"https:\/\/franciscanos.org.br\/noticias\/mensagem-aos-assistentes-espirituais.html\" \/>\n<meta property=\"og:site_name\" content=\"Not\u00edcias - Franciscanos\" \/>\n<meta property=\"article:published_time\" content=\"2013-08-30T14:20:25+00:00\" \/>\n<meta property=\"article:modified_time\" content=\"2019-01-29T12:37:36+00:00\" \/>\n<meta property=\"og:image\" content=\"https:\/\/franciscanos.org.br\/noticias\/wp-content\/uploads\/2013\/08\/francisco_clara.jpg\" \/>\n\t<meta property=\"og:image:width\" content=\"273\" \/>\n\t<meta property=\"og:image:height\" content=\"181\" \/>\n\t<meta property=\"og:image:type\" content=\"image\/jpeg\" \/>\n<meta name=\"author\" content=\"admin\" \/>\n<meta name=\"twitter:card\" content=\"summary_large_image\" \/>\n<meta name=\"twitter:label1\" content=\"Escrito por\" \/>\n\t<meta name=\"twitter:data1\" content=\"admin\" \/>\n\t<meta name=\"twitter:label2\" content=\"Est. tempo de leitura\" \/>\n\t<meta name=\"twitter:data2\" content=\"1 minuto\" \/>\n<script type=\"application\/ld+json\" class=\"yoast-schema-graph\">{\"@context\":\"https:\/\/schema.org\",\"@graph\":[{\"@type\":\"WebSite\",\"@id\":\"https:\/\/franciscanos.org.br\/noticias\/#website\",\"url\":\"https:\/\/franciscanos.org.br\/noticias\/\",\"name\":\"Not\u00edcias - Franciscanos\",\"description\":\"Prov\u00edncia Franciscana da Imaculada Concei\u00e7\u00e3o do Brasil - Ordem dos Frades Menores - OFM\",\"potentialAction\":[{\"@type\":\"SearchAction\",\"target\":{\"@type\":\"EntryPoint\",\"urlTemplate\":\"https:\/\/franciscanos.org.br\/noticias\/?s={search_term_string}\"},\"query-input\":\"required name=search_term_string\"}],\"inLanguage\":\"pt-BR\"},{\"@type\":\"ImageObject\",\"inLanguage\":\"pt-BR\",\"@id\":\"https:\/\/franciscanos.org.br\/noticias\/mensagem-aos-assistentes-espirituais.html#primaryimage\",\"url\":\"https:\/\/franciscanos.org.br\/noticias\/wp-content\/uploads\/2013\/08\/francisco_clara.jpg\",\"contentUrl\":\"https:\/\/franciscanos.org.br\/noticias\/wp-content\/uploads\/2013\/08\/francisco_clara.jpg\",\"width\":273,\"height\":181},{\"@type\":\"WebPage\",\"@id\":\"https:\/\/franciscanos.org.br\/noticias\/mensagem-aos-assistentes-espirituais.html#webpage\",\"url\":\"https:\/\/franciscanos.org.br\/noticias\/mensagem-aos-assistentes-espirituais.html\",\"name\":\"Mensagem aos assistentes espirituais da OFS - Not\u00edcias - Franciscanos\",\"isPartOf\":{\"@id\":\"https:\/\/franciscanos.org.br\/noticias\/#website\"},\"primaryImageOfPage\":{\"@id\":\"https:\/\/franciscanos.org.br\/noticias\/mensagem-aos-assistentes-espirituais.html#primaryimage\"},\"datePublished\":\"2013-08-30T14:20:25+00:00\",\"dateModified\":\"2019-01-29T12:37:36+00:00\",\"author\":{\"@id\":\"https:\/\/franciscanos.org.br\/noticias\/#\/schema\/person\/b38fbf43118f02820bd932f2e4b14ad3\"},\"breadcrumb\":{\"@id\":\"https:\/\/franciscanos.org.br\/noticias\/mensagem-aos-assistentes-espirituais.html#breadcrumb\"},\"inLanguage\":\"pt-BR\",\"potentialAction\":[{\"@type\":\"ReadAction\",\"target\":[\"https:\/\/franciscanos.org.br\/noticias\/mensagem-aos-assistentes-espirituais.html\"]}]},{\"@type\":\"BreadcrumbList\",\"@id\":\"https:\/\/franciscanos.org.br\/noticias\/mensagem-aos-assistentes-espirituais.html#breadcrumb\",\"itemListElement\":[{\"@type\":\"ListItem\",\"position\":1,\"name\":\"Home\",\"item\":\"https:\/\/franciscanos.org.br\/noticias\"},{\"@type\":\"ListItem\",\"position\":2,\"name\":\"Mensagem aos assistentes espirituais da OFS\"}]},{\"@type\":\"Person\",\"@id\":\"https:\/\/franciscanos.org.br\/noticias\/#\/schema\/person\/b38fbf43118f02820bd932f2e4b14ad3\",\"name\":\"admin\",\"image\":{\"@type\":\"ImageObject\",\"inLanguage\":\"pt-BR\",\"@id\":\"https:\/\/franciscanos.org.br\/noticias\/#\/schema\/person\/image\/\",\"url\":\"https:\/\/secure.gravatar.com\/avatar\/e8495742d34d0ba6448ea1c628263b3e?s=96&d=mm&r=g\",\"contentUrl\":\"https:\/\/secure.gravatar.com\/avatar\/e8495742d34d0ba6448ea1c628263b3e?s=96&d=mm&r=g\",\"caption\":\"admin\"},\"url\":\"https:\/\/franciscanos.org.br\/noticias\/author\/admin\"}]}<\/script>\n<!-- \/ Yoast SEO plugin. -->","yoast_head_json":{"title":"Mensagem aos assistentes espirituais da OFS - Not\u00edcias - Franciscanos","robots":{"index":"index","follow":"follow","max-snippet":"max-snippet:-1","max-image-preview":"max-image-preview:large","max-video-preview":"max-video-preview:-1"},"canonical":"https:\/\/franciscanos.org.br\/noticias\/mensagem-aos-assistentes-espirituais.html","og_locale":"pt_BR","og_type":"article","og_title":"Mensagem aos assistentes espirituais da OFS - Not\u00edcias - Franciscanos","og_description":"OFS","og_url":"https:\/\/franciscanos.org.br\/noticias\/mensagem-aos-assistentes-espirituais.html","og_site_name":"Not\u00edcias - Franciscanos","article_published_time":"2013-08-30T14:20:25+00:00","article_modified_time":"2019-01-29T12:37:36+00:00","og_image":[{"width":273,"height":181,"url":"https:\/\/franciscanos.org.br\/noticias\/wp-content\/uploads\/2013\/08\/francisco_clara.jpg","type":"image\/jpeg"}],"author":"admin","twitter_card":"summary_large_image","twitter_misc":{"Escrito por":"admin","Est. tempo de leitura":"1 minuto"},"schema":{"@context":"https:\/\/schema.org","@graph":[{"@type":"WebSite","@id":"https:\/\/franciscanos.org.br\/noticias\/#website","url":"https:\/\/franciscanos.org.br\/noticias\/","name":"Not\u00edcias - Franciscanos","description":"Prov\u00edncia Franciscana da Imaculada Concei\u00e7\u00e3o do Brasil - Ordem dos Frades Menores - OFM","potentialAction":[{"@type":"SearchAction","target":{"@type":"EntryPoint","urlTemplate":"https:\/\/franciscanos.org.br\/noticias\/?s={search_term_string}"},"query-input":"required name=search_term_string"}],"inLanguage":"pt-BR"},{"@type":"ImageObject","inLanguage":"pt-BR","@id":"https:\/\/franciscanos.org.br\/noticias\/mensagem-aos-assistentes-espirituais.html#primaryimage","url":"https:\/\/franciscanos.org.br\/noticias\/wp-content\/uploads\/2013\/08\/francisco_clara.jpg","contentUrl":"https:\/\/franciscanos.org.br\/noticias\/wp-content\/uploads\/2013\/08\/francisco_clara.jpg","width":273,"height":181},{"@type":"WebPage","@id":"https:\/\/franciscanos.org.br\/noticias\/mensagem-aos-assistentes-espirituais.html#webpage","url":"https:\/\/franciscanos.org.br\/noticias\/mensagem-aos-assistentes-espirituais.html","name":"Mensagem aos assistentes espirituais da OFS - Not\u00edcias - Franciscanos","isPartOf":{"@id":"https:\/\/franciscanos.org.br\/noticias\/#website"},"primaryImageOfPage":{"@id":"https:\/\/franciscanos.org.br\/noticias\/mensagem-aos-assistentes-espirituais.html#primaryimage"},"datePublished":"2013-08-30T14:20:25+00:00","dateModified":"2019-01-29T12:37:36+00:00","author":{"@id":"https:\/\/franciscanos.org.br\/noticias\/#\/schema\/person\/b38fbf43118f02820bd932f2e4b14ad3"},"breadcrumb":{"@id":"https:\/\/franciscanos.org.br\/noticias\/mensagem-aos-assistentes-espirituais.html#breadcrumb"},"inLanguage":"pt-BR","potentialAction":[{"@type":"ReadAction","target":["https:\/\/franciscanos.org.br\/noticias\/mensagem-aos-assistentes-espirituais.html"]}]},{"@type":"BreadcrumbList","@id":"https:\/\/franciscanos.org.br\/noticias\/mensagem-aos-assistentes-espirituais.html#breadcrumb","itemListElement":[{"@type":"ListItem","position":1,"name":"Home","item":"https:\/\/franciscanos.org.br\/noticias"},{"@type":"ListItem","position":2,"name":"Mensagem aos assistentes espirituais da OFS"}]},{"@type":"Person","@id":"https:\/\/franciscanos.org.br\/noticias\/#\/schema\/person\/b38fbf43118f02820bd932f2e4b14ad3","name":"admin","image":{"@type":"ImageObject","inLanguage":"pt-BR","@id":"https:\/\/franciscanos.org.br\/noticias\/#\/schema\/person\/image\/","url":"https:\/\/secure.gravatar.com\/avatar\/e8495742d34d0ba6448ea1c628263b3e?s=96&d=mm&r=g","contentUrl":"https:\/\/secure.gravatar.com\/avatar\/e8495742d34d0ba6448ea1c628263b3e?s=96&d=mm&r=g","caption":"admin"},"url":"https:\/\/franciscanos.org.br\/noticias\/author\/admin"}]}},"_links":{"self":[{"href":"https:\/\/franciscanos.org.br\/noticias\/wp-json\/wp\/v2\/posts\/44629"}],"collection":[{"href":"https:\/\/franciscanos.org.br\/noticias\/wp-json\/wp\/v2\/posts"}],"about":[{"href":"https:\/\/franciscanos.org.br\/noticias\/wp-json\/wp\/v2\/types\/post"}],"author":[{"embeddable":true,"href":"https:\/\/franciscanos.org.br\/noticias\/wp-json\/wp\/v2\/users\/1"}],"replies":[{"embeddable":true,"href":"https:\/\/franciscanos.org.br\/noticias\/wp-json\/wp\/v2\/comments?post=44629"}],"version-history":[{"count":0,"href":"https:\/\/franciscanos.org.br\/noticias\/wp-json\/wp\/v2\/posts\/44629\/revisions"}],"wp:featuredmedia":[{"embeddable":true,"href":"https:\/\/franciscanos.org.br\/noticias\/wp-json\/wp\/v2\/media\/197779"}],"wp:attachment":[{"href":"https:\/\/franciscanos.org.br\/noticias\/wp-json\/wp\/v2\/media?parent=44629"}],"wp:term":[{"taxonomy":"category","embeddable":true,"href":"https:\/\/franciscanos.org.br\/noticias\/wp-json\/wp\/v2\/categories?post=44629"},{"taxonomy":"post_tag","embeddable":true,"href":"https:\/\/franciscanos.org.br\/noticias\/wp-json\/wp\/v2\/tags?post=44629"}],"curies":[{"name":"wp","href":"https:\/\/api.w.org\/{rel}","templated":true}]}}