{"id":44477,"date":"2013-10-09T08:22:59","date_gmt":"2013-10-09T11:22:59","guid":{"rendered":"http:\/\/new.franciscanos.org.br\/?p=44477"},"modified":"2019-07-02T08:27:08","modified_gmt":"2019-07-02T11:27:08","slug":"veja-os-ultimos-lancamentos-2","status":"publish","type":"post","link":"https:\/\/franciscanos.org.br\/noticias\/veja-os-ultimos-lancamentos-2.html","title":{"rendered":"&#8220;Miss\u00e3o do presb\u00edtero&#8221; entre os lan\u00e7amentos"},"content":{"rendered":"<p><img loading=\"lazy\" class=\"alignright size-full wp-image-46926\" src=\"http:\/\/franciscanos.org.br\/wp-content\/uploads\/2013\/10\/vozes.jpg\" alt=\"vozes\" width=\"500\" height=\"766\" \/>A Editora Vozes apresenta seus \u00faltimos lan\u00e7amentos. Confira:<\/p>\n<h4><strong>Miss\u00e3o do presb\u00edtero (A) &#8211; Servir como pastor<\/strong><\/h4>\n<p><strong>ISBN<\/strong>: 9788532646248<br \/>\n160 p\u00e1ginas<br \/>\n<strong>autor<\/strong>: Juan Maria Uriarte<br \/>\n<strong>Peso<\/strong>: 182 gramas<br \/>\n1\u00aa edi\u00e7\u00e3o<br \/>\n<strong>Assunto<\/strong>: Espiritualidade e M\u00edstica<\/p>\n<p><em>Este livro aborda o minist\u00e9rio sacerdotal do ponto de vista da miss\u00e3o e da espiritualidade do presb\u00edtero, que, apesar de ovelha e disc\u00edpulo, tamb\u00e9m \u00e9 chamado a ser pastor. \u00c9, ao mesmo tempo, uma an\u00e1lise da realidade da Igreja e do contexto sociocultural da atualidade em que o presb\u00edtero \u00e9 chamado a viver e realizar sua miss\u00e3o.<\/em><\/p>\n<h4><strong>Gincana B\u00edblica &#8211; Uma forma de evangelizar crian\u00e7as, jovens e adultos<\/strong><\/h4>\n<p><strong><img loading=\"lazy\" class=\"size-full wp-image-46952 alignleft\" src=\"http:\/\/franciscanos.org.br\/wp-content\/uploads\/2013\/10\/biblia.jpg\" alt=\"biblia\" width=\"90\" height=\"150\" \/>ISBN<\/strong>: 9788532646200<br \/>\n80 p\u00e1ginas<br \/>\n<strong>autor<\/strong>: Frei Ludovico Garmus e Corn\u00e9lia Fantini Kucek<br \/>\n<strong>Peso<\/strong>: 122 gramas<br \/>\n1\u00aa edi\u00e7\u00e3o<br \/>\n<strong>Assunto<\/strong>: Catequese &#8211; Outros livros<\/p>\n<p><em>As gincanas b\u00edblicas constituem um marco no que se refere \u00e0 evangeliza\u00e7\u00e3o nas comunidades, e partindo da experi\u00eancia dos autores na realiza\u00e7\u00e3o destas gincanas, eles constataram a necessidade de oferecer fundamenta\u00e7\u00e3o b\u00edblica \u00e0s pessoas que lideram e participam delas. Por isso elaboraram este livro, que com uma posposta de forma bem clara, apresenta uma gincana b\u00edblica para auxiliar no processo de evangeliza\u00e7\u00e3o.<\/em><\/p>\n<h4><strong><img loading=\"lazy\" class=\"size-full wp-image-46958 alignleft\" src=\"http:\/\/franciscanos.org.br\/wp-content\/uploads\/2013\/10\/caminhoaberto.jpg\" alt=\"caminhoaberto\" width=\"90\" height=\"150\" \/>Caminho Aberto por Jesus (O) &#8211; Mateus<\/strong><\/h4>\n<p><strong>ISBN<\/strong>: 9788532646071<br \/>\n368 p\u00e1ginas<br \/>\n<strong>autor<\/strong>: Jos\u00e9 Antonio Pagola<br \/>\n<strong>Peso<\/strong>: 406 gramas<br \/>\n1\u00aa edi\u00e7\u00e3o<br \/>\n<strong>Assunto<\/strong>: Espiritualidade e M\u00edstica<\/p>\n<p><em>O caminho aberto por Jesus, em quatro volumes, dedica-se a comentar os quatro evangelhos com a preocupa\u00e7\u00e3o de oferecer acesso ao Jesus hist\u00f3rico. Nesse volume temos o evangelho de Mateus. A t\u00f4nica dos coment\u00e1rios \u00e9 de aproximar o leitor da pessoa de Jesus Cristo, suas palavras e gestos, bem como indicar como viv\u00ea-la hoje.<\/em><\/p>\n<h4><strong><img loading=\"lazy\" class=\"size-full wp-image-46959 alignleft\" src=\"http:\/\/franciscanos.org.br\/wp-content\/uploads\/2013\/10\/biblia1.jpg\" alt=\"biblia\" width=\"90\" height=\"150\" \/>B\u00edblia em pequenos goles (A)<\/strong><\/h4>\n<p><strong>ISBN<\/strong>: 9788532646255<br \/>\n160 p\u00e1ginas<br \/>\n<strong>autor<\/strong>: David Winter<br \/>\n<strong>Peso<\/strong>: 122 gramas<br \/>\n1\u00aa edi\u00e7\u00e3o<br \/>\n<strong>Assunto<\/strong>: Espiritualidade e M\u00edstica<\/p>\n<p><em>Em pequenos textos, a b\u00edblia de forma r\u00e1pida, simples e concentrada. O livro apresenta uma vers\u00e3o condensada da b\u00edblia para leitura de forma r\u00e1pida e simples. A colet\u00e2nea faz uma sele\u00e7\u00e3o de passagens mais marcantes e que permitem conhecer a ess\u00eancia de toda a mensagem b\u00edblica &#8211; do G\u00eanesis ao Apocalipse &#8211; com um breve coment\u00e1rio introdut\u00f3rio para cada livro.<\/em><\/p>\n<h4><strong style=\"font-size: 1em;\"><img loading=\"lazy\" class=\"size-full wp-image-46968 alignleft\" src=\"http:\/\/franciscanos.org.br\/wp-content\/uploads\/2013\/10\/amor.jpg\" alt=\"amor\" width=\"90\" height=\"150\" \/>Amor, Exist\u00eancia e Morte<\/strong><\/h4>\n<p><strong>ISBN<\/strong>: 9788532641625<br \/>\n80 p\u00e1ginas<br \/>\n<strong>Autor<\/strong>: Fl\u00e1vio Tonnetti e Arthur Meucci<br \/>\n<strong>Peso<\/strong>: 52 gramas<br \/>\n1\u00aa edi\u00e7\u00e3o<br \/>\n<strong>Assunto<\/strong>: Filosofia<br \/>\n<strong>Cole\u00e7\u00e3o<\/strong>: Miniensaios de Filosofia<\/p>\n<p><em>A s\u00e9rie Miniensaios de Filosofia \u00e9 um conjunto de livros voltado para um p\u00fablico amplo. Cada livro da cole\u00e7\u00e3o possui pequenos textos curtos sobre grandes temas da filosofia, escritos de forma liter\u00e1ria para estimular a criatividade e de forma clara para aproximar o leitor do universo filos\u00f3fico. Cada livro possui 33 ensaios sobre 3 temas diferentes de acordo com os t\u00edtulos presentes nas capas.<\/em><\/p>\n<p><em><img loading=\"lazy\" class=\"size-full wp-image-46969 alignleft\" src=\"http:\/\/franciscanos.org.br\/wp-content\/uploads\/2013\/10\/desejo.jpg\" alt=\"desejo\" width=\"90\" height=\"150\" \/><\/em><strong>Desejo, Vontade e Racionalidade<\/strong><\/p>\n<p><strong>ISBN<\/strong>: 9788532642721<br \/>\n80 p\u00e1ginas<br \/>\n<strong>Autor<\/strong>: Fl\u00e1vio Tonnetti e Arthur Meucci<br \/>\n<strong>Peso<\/strong>: 52 gramas<br \/>\n1\u00aa edi\u00e7\u00e3o<br \/>\n<strong>Assunto<\/strong>: Filosofia<br \/>\n<strong>Cole\u00e7\u00e3o<\/strong>: Miniensaios de Filosofia<\/p>\n<p><em>A s\u00e9rie Miniensaios de Filosofia \u00e9 um conjunto de livros voltado para um p\u00fablico amplo. Cada livro da cole\u00e7\u00e3o possui pequenos textos curtos sobre grandes temas da filosofia, escritos de forma liter\u00e1ria para estimular a criatividade e de forma clara para aproximar o leitor do universo filos\u00f3fico. Cada livro possui 33 ensaios sobre 3 temas diferentes de acordo com os t\u00edtulos presentes nas capas.<\/em><\/p>\n<h4><strong><img loading=\"lazy\" class=\"size-full wp-image-46970 alignleft\" src=\"http:\/\/franciscanos.org.br\/wp-content\/uploads\/2013\/10\/etica.jpg\" alt=\"etica\" width=\"90\" height=\"150\" \/>\u00c9tica, Medo e Esperan\u00e7a<\/strong><\/h4>\n<p><strong>ISBN<\/strong>: 9788532643636<br \/>\n80 p\u00e1ginas<br \/>\n<strong>Autor<\/strong>: Fl\u00e1vio Tonnetti e Arthur Meucci<br \/>\n<strong>Peso<\/strong>: 52 gramas<br \/>\n1\u00aa edi\u00e7\u00e3o<br \/>\n<strong>Assunto<\/strong>: Filosofia<br \/>\n<strong>Cole\u00e7\u00e3o<\/strong>: Miniensaios de Filosofia<\/p>\n<p><em>A s\u00e9rie Miniensaios de Filosofia \u00e9 um conjunto de livros voltado para um p\u00fablico amplo. Cada livro da cole\u00e7\u00e3o possui pequenos textos curtos sobre grandes temas da filosofia, escritos de forma liter\u00e1ria para estimular a criatividade e de forma clara para aproximar o leitor do universo filos\u00f3fico. Cada livro possui 33 ensaios sobre 3 temas diferentes de acordo com os t\u00edtulos presentes nas capas.<\/em><\/p>\n<p><em><img loading=\"lazy\" class=\"size-full wp-image-46971 alignleft\" src=\"http:\/\/franciscanos.org.br\/wp-content\/uploads\/2013\/10\/posescritos.jpg\" alt=\"posescritos\" width=\"90\" height=\"150\" \/><\/em><strong>P\u00f3s-Escritos \u00e0s Migalhas Filos\u00f3ficas Vol. 1<\/strong><\/p>\n<p><strong>ISBN<\/strong>: 9788532646286<br \/>\n320 p\u00e1ginas<br \/>\n<strong>Autor<\/strong>: S\u00f6ren A. Kierkegaard<br \/>\n<strong>Peso<\/strong>: 336 gramas<br \/>\n1\u00aa edi\u00e7\u00e3o<br \/>\n<strong>Assunto<\/strong>: Filosofia<\/p>\n<p><em>Esta obra constitui um dos mais importantes escritos de S\u00f8ren Kierkegaard, com que o autor, usando o pseud\u00f4nimo Johannes Climacus, tentava encerrar, aos 33 anos, sua j\u00e1 alentada produ\u00e7\u00e3o. O ano de 1846 foi cr\u00edtico para Kierkegaard, pois ele revisou seu projeto existencial e autoral. Em termos filos\u00f3ficos, este livro, que durante sua composi\u00e7\u00e3o usava o t\u00edtulo provis\u00f3rio de &#8220;Problemas l\u00f3gicos de Johannes Climacus, editados por S. Kierkegaard&#8221; cont\u00e9m o n\u00facleo de sua cr\u00edtica \u00e0 l\u00f3gica hegeliana.<\/em><\/p>\n<h4><strong><img loading=\"lazy\" class=\"size-full wp-image-46972 alignleft\" src=\"http:\/\/franciscanos.org.br\/wp-content\/uploads\/2013\/10\/educacao.jpg\" alt=\"educacao\" width=\"90\" height=\"150\" \/>Educa\u00e7\u00e3o Popular &#8211; Lugar de constru\u00e7\u00e3o social coletiva<\/strong><\/h4>\n<p><strong>ISBN<\/strong>: 9788532646385<br \/>\n408 p\u00e1ginas<br \/>\n<strong>Autor<\/strong>: Danilo R. Streck e Maria Teresa Esteban (Orgs)<br \/>\n<strong>Peso<\/strong>: 610 gramas<br \/>\n1\u00aa edi\u00e7\u00e3o<br \/>\n<strong>Assunto<\/strong>: Educa\u00e7\u00e3o e pedagogia<\/p>\n<p>O livro mostra que os lugares da educa\u00e7\u00e3o popular n\u00e3o s\u00e3o est\u00e1ticos, ela se reinventa em outros espa\u00e7os quando institui\u00e7\u00f5es e grupos procuram domestic\u00e1-la. Ela tem tamb\u00e9m a capacidade de incorporar novos referenciais te\u00f3ricos, sem perder o esp\u00edrito que a alimenta. Os textos que comp\u00f5em esta colet\u00e2nea representam uma amostra da vig\u00eancia e da abrang\u00eancia de um movimento pol\u00edtico-pedag\u00f3gico de profissionais de diversas \u00e1reas que encontram na educa\u00e7\u00e3o as ferramentas te\u00f3rico-metodol\u00f3gicas para uma a\u00e7\u00e3o criativa e transformadora na sociedade.<\/p>\n<h4><strong><img loading=\"lazy\" class=\"size-full wp-image-46967 alignleft\" src=\"http:\/\/franciscanos.org.br\/wp-content\/uploads\/2013\/10\/compreender.jpg\" alt=\"compreender\" width=\"90\" height=\"150\" \/>Compreender e Interpretar Desenhos Infantis<\/strong><\/h4>\n<p><strong>ISBN<\/strong>: 9788532645968<br \/>\n240 p\u00e1ginas<br \/>\n<strong>Autor<\/strong>: Georges Cognet<br \/>\n<strong>Peso<\/strong>: 342 gramas<br \/>\n1\u00aa edi\u00e7\u00e3o<br \/>\n<strong>Assunto:<\/strong> Psicologia<\/p>\n<p><em id=\"__mceDel\">O objetivo deste livro \u00e9 permitir, atrav\u00e9s da an\u00e1lise de desenhos, que os profissionais ligados \u00e0 inf\u00e2ncia vejam de perto, percebam com sensibilidade e intelig\u00eancia, e apreendam o funcionamento ps\u00edquico de um sujeito com base nos esclarecimentos oriundos da pesquisa e experi\u00eancia cl\u00ednica do autor, que divide com o leitor mais de vinte anos de estudo e pr\u00e1tica do desenho com crian\u00e7as e jovens adolescentes.<\/em><\/p>\n<h4><strong><img loading=\"lazy\" class=\"size-full wp-image-46973 alignleft\" src=\"http:\/\/franciscanos.org.br\/wp-content\/uploads\/2013\/10\/construindo.jpg\" alt=\"construindo\" width=\"90\" height=\"150\" \/>Construindo La\u00e7os de Amizade<\/strong><\/h4>\n<p><strong>ISBN:<\/strong> 9788532646194<br \/>\n120 p\u00e1ginas<br \/>\n<strong>Autor:<\/strong> In\u00e1cio Dantas<br \/>\n<strong>Peso:<\/strong> 86 gramas<br \/>\n1\u00aa edi\u00e7\u00e3o<br \/>\n<strong>Assunto:<\/strong> Literatura de autoconhecimento<\/p>\n<p><em id=\"__mceDel\">&#8220;Construindo La\u00e7os de Amizade&#8221; \u00e9 um livro que tem como objetivo, ajud\u00e1-lo na tarefa de conquistar novos amigos, preservar os que j\u00e1 possui, e reconquistar os que por qualquer raz\u00e3o se afastaram. Tem nas suas p\u00e1ginas uma singela miss\u00e3o: abrir seu \u00e2ngulo de vis\u00e3o para enxergar nas pessoas que o rodeiam poss\u00edveis novos amigos, e, por outro lado, fortalecer ainda mais os la\u00e7os das amizades conquistadas.<\/em><\/p>\n<h4><strong><img loading=\"lazy\" class=\"size-full wp-image-46960 alignleft\" src=\"http:\/\/franciscanos.org.br\/wp-content\/uploads\/2013\/10\/corpofala.jpg\" alt=\"corpofala\" width=\"90\" height=\"150\" \/>Corpo fala (O) &#8211; Ilustrado &#8211; Gestos reveladores e sinais eficazes<\/strong><\/h4>\n<p><strong>ISBN<\/strong>: 9788532645975<br \/>\n200 p\u00e1ginas<br \/>\n<strong>autor<\/strong>: Monika Matschinig<br \/>\n<strong>Peso<\/strong>: 496 gramas<br \/>\n1\u00aa edi\u00e7\u00e3o<br \/>\n<strong>Assunto<\/strong>: Nobilis<\/p>\n<p><em>O Corpo Fala &#8211; Ilustrado mostra que as palavras podem enganar, mas o corpo revela os verdadeiros sentimentos e pensamentos, pois ele \u00e9 o espelho da alma. Segundo a autora, \u00e9 poss\u00edvel fazer a leitura do seu estado emocional por meio do comportamento e, adotando diferentes posturas, voc\u00ea pode alterar esse estado emocional. Seguindo as ilustra\u00e7\u00f5es presentes no livro, voc\u00ea pode aprender a ter uma atitude convincente, empregando os seus sinais corporais com objetividade.<\/em><\/p>\n<h4><strong><img loading=\"lazy\" class=\"size-full wp-image-46961 alignleft\" src=\"http:\/\/franciscanos.org.br\/wp-content\/uploads\/2013\/10\/pensarfazbem1.jpg\" alt=\"pensarfazbem1\" width=\"90\" height=\"150\" \/>Pensar bem nos faz bem! 1. Filosofia, religi\u00e3o, ci\u00eancia, educa\u00e7\u00e3o<\/strong><\/h4>\n<p><strong>ISBN<\/strong>: 9788532646552<br \/>\n144 p\u00e1ginas<br \/>\n<strong>autor<\/strong>: Mario Sergio Cortella<br \/>\n<strong>Peso<\/strong>: 166 gramas<br \/>\n1\u00aa edi\u00e7\u00e3o<br \/>\n<strong>Assunto<\/strong>: Nobilis<\/p>\n<p><em>Filosofia, religi\u00e3o, ci\u00eancia e educa\u00e7\u00e3o, s\u00e3o temas bastante discutidos e relevantes na sociedade atual, e pode n\u00e3o parecer, mas eles t\u00eam liga\u00e7\u00e3o entre si. Tendo como inspira\u00e7\u00e3o esses temas, o autor Mario Sergio Cortella elaborou seu mais novo trabalho, &#8220;Pensar bem nos faz bem! &#8211; Pequenas reflex\u00f5es sobre grandes temas&#8221;. Os livros s\u00e3o baseados nas falas di\u00e1rias do autor na r\u00e1dio CBN e trazem o olhar da Filosofia sobre temas do quotidiano.<\/em><\/p>\n<h4><strong><img loading=\"lazy\" class=\"size-full wp-image-46962 alignleft\" src=\"http:\/\/franciscanos.org.br\/wp-content\/uploads\/2013\/10\/pensarfazbem2.jpg\" alt=\"pensarfazbem2\" width=\"90\" height=\"150\" \/>Pensar bem nos faz bem! 2. Fam\u00edlia, carreira, conviv\u00eancia, \u00e9tica<\/strong><\/h4>\n<p><strong>ISBN<\/strong>: 9788532646545<br \/>\n144 p\u00e1ginas<br \/>\n<strong>autor<\/strong>: Mario Sergio Cortella<br \/>\n<strong>Peso<\/strong>: 166 gramas<br \/>\n2\u00aa edi\u00e7\u00e3o<br \/>\n<strong>Assunto<\/strong>: Nobilis<\/p>\n<p><em>Fam\u00edlia, carreira, conviv\u00eancia e \u00e9tica, s\u00e3o temas bastante discutidos e relevantes na sociedade atual, e pode n\u00e3o parecer, mas eles t\u00eam liga\u00e7\u00e3o entre si. Tendo como inspira\u00e7\u00e3o esses temas, o autor Mario Sergio Cortella elaborou seu mais novo trabalho, &#8220;Pensar bem nos faz bem! &#8211; Pequenas reflex\u00f5es sobre grandes temas&#8221;. Os livros s\u00e3o baseados nas falas di\u00e1rias do autor na r\u00e1dio CBN e trazem o olhar da Filosofia sobre temas do quotidiano.<\/em><\/p>\n<h4><strong><img loading=\"lazy\" class=\"size-full wp-image-46963 alignleft\" src=\"http:\/\/franciscanos.org.br\/wp-content\/uploads\/2013\/10\/virilidade1.jpg\" alt=\"virilidade1\" width=\"90\" height=\"150\" \/>Hist\u00f3ria da Virilidade vol. 1 &#8211; A inven\u00e7\u00e3o da virilidade da antiguidade \u00e1s luzes<\/strong><\/h4>\n<p><strong>ISBN<\/strong>: 9788532645906<br \/>\n616 p\u00e1ginas<br \/>\n<strong>autor<\/strong>: Jean-Jacques Courtine<br \/>\n<strong>Peso<\/strong>: 938 gramas<br \/>\n1\u00aa edi\u00e7\u00e3o<br \/>\n<strong>Assunto<\/strong>: Hist\u00f3ria<\/p>\n<p><em>Dividido em tr\u00eas volumes, Hist\u00f3ria da Virilidade busca retra\u00e7ar um per\u00edodo esquecido da hist\u00f3ria. Os livros tratam de virilidade e n\u00e3o de masculinidade, pois segundo os autores, quando se quer fazer a hist\u00f3ria de estruturas de origem arcaica, definidas pela desigualdade, somente h\u00e1 uma palavra, na nossa l\u00edngua, que conv\u00e9m, &#8220;virilidade&#8221;.<\/em><\/p>\n<h4><strong><img loading=\"lazy\" class=\"size-full wp-image-46964 alignleft\" src=\"http:\/\/franciscanos.org.br\/wp-content\/uploads\/2013\/10\/virilidade2.jpg\" alt=\"virilidade2\" width=\"90\" height=\"150\" \/>Hist\u00f3ria da Virilidade vol. 2 &#8211; O Triunfo da virilidade o s\u00e9culo XIX<\/strong><\/h4>\n<p><strong>ISBN<\/strong>: 9788532645913<br \/>\n536 p\u00e1ginas<br \/>\n<strong>autor<\/strong>: Alain Corbin<br \/>\n<strong>Peso<\/strong>: 812 gramas<br \/>\n1\u00aa edi\u00e7\u00e3o<br \/>\n<strong>Assunto<\/strong>: Hist\u00f3ria<\/p>\n<p><em>Dividido em tr\u00eas volumes, Hist\u00f3ria da Virilidade busca retra\u00e7ar um per\u00edodo esquecido da hist\u00f3ria. Os livros tratam de virilidade e n\u00e3o de masculinidade, pois segundo os autores, quando se quer fazer a hist\u00f3ria de estruturas de origem arcaica, definidas pela desigualdade, somente h\u00e1 uma palavra, na nossa l\u00edngua, que conv\u00e9m, &#8220;virilidade&#8221;.<\/em><\/p>\n<h4><strong><img loading=\"lazy\" class=\"size-full wp-image-46965 alignleft\" src=\"http:\/\/franciscanos.org.br\/wp-content\/uploads\/2013\/10\/virilidade3.jpg\" alt=\"virilidade3\" width=\"90\" height=\"150\" \/>Hist\u00f3ria da Virilidade vol. 3 &#8211; A virilidade em crise?<\/strong><\/h4>\n<p><strong>ISBN<\/strong>: 9788532645920<br \/>\n616 p\u00e1ginas<br \/>\n<strong>autor<\/strong>: Jean-Jacques Courtine<br \/>\n<strong>Peso<\/strong>: 934 gramas<br \/>\n1\u00aa edi\u00e7\u00e3o<br \/>\n<strong>Assunto<\/strong>: Hist\u00f3ria<\/p>\n<p><em>Dividido em tr\u00eas volumes, Hist\u00f3ria da Virilidade busca retra\u00e7ar um per\u00edodo esquecido da hist\u00f3ria. Os livros tratam de virilidade e n\u00e3o de masculinidade, pois segundo os autores, quando se quer fazer a hist\u00f3ria de estruturas de origem arcaica, definidas pela desigualdade, somente h\u00e1 uma palavra, na nossa l\u00edngua, que conv\u00e9m, &#8220;virilidade&#8221;.<\/em><\/p>\n<h4><strong><img loading=\"lazy\" class=\"size-full wp-image-46956 alignleft\" src=\"http:\/\/franciscanos.org.br\/wp-content\/uploads\/2013\/10\/corpo.jpg\" alt=\"corpo\" width=\"90\" height=\"150\" \/>Decifrar o Corpo &#8211; Pensar com Foucaut<\/strong><\/h4>\n<p><strong>ISBN<\/strong>: 9788532646323<br \/>\n176 p\u00e1ginas<br \/>\n<strong>autor<\/strong>: Jean-Jacques Courtine<br \/>\n<strong>Peso<\/strong>: 198 gramas<br \/>\n1\u00aa edi\u00e7\u00e3o<br \/>\n<strong>Assunto<\/strong>: Antropologia<\/p>\n<p><em>Este livro percorre livremente, entre a Idade Cl\u00e1ssica e a contempor\u00e2nea, a hist\u00f3ria do corpo. Ele partilha com o trabalho foucaultiano um paradoxo fundador: ao se interrogar a respeito do enigma da carne, \u00e9 tanto a espessura sedimentada da linguagem quanto os incessantes deslocamentos do olhar que respondem. N\u00e3o h\u00e1 hist\u00f3ria do corpo que n\u00e3o seja uma arqueologia dos discursos e uma genealogia dos olhares.<\/em><\/p>\n<h4><strong><img loading=\"lazy\" class=\"size-full wp-image-46955 alignleft\" src=\"http:\/\/franciscanos.org.br\/wp-content\/uploads\/2013\/10\/transcendencia.jpg\" alt=\"transcendencia\" width=\"90\" height=\"150\" \/>Transcend\u00eancia do Ego (A)<\/strong><\/h4>\n<p><strong>ISBN<\/strong>: 9788532646415<br \/>\n72 p\u00e1ginas<br \/>\n<strong>autor<\/strong>: Jean Paul Sartre<br \/>\n<strong>Peso<\/strong>: 96 gramas<br \/>\n1\u00aa edi\u00e7\u00e3o<br \/>\n<strong>Assunto<\/strong>: Filosofia<br \/>\n<strong>Cole\u00e7\u00e3o<\/strong>: Textos filos\u00f3ficos<\/p>\n<p><em>A Transcend\u00eancia do Ego \u00e9 considerada a primeira obra propriamente filos\u00f3fica de Jean-Paul Sartre. Foi escrita em 1934 e publicada em 1936, alguns anos antes, portanto, de seu magistral O Ser e o Nada, que o consagraria entre os grandes nomes da filosofia contempor\u00e2nea e, particularmente, do Existencialismo. Aqui Sartre d\u00e1 in\u00edcio ao seu projeto filos\u00f3fico, combatendo as teses da presen\u00e7a formal e material do Eu na consci\u00eancia, defendidas por Kant e Husserl, respectivamente.<\/em><\/p>\n<h4><strong><img loading=\"lazy\" class=\"size-full wp-image-46954 alignleft\" src=\"http:\/\/franciscanos.org.br\/wp-content\/uploads\/2013\/10\/avaliacao.jpg\" alt=\"avaliacao\" width=\"90\" height=\"150\" \/>Avalia\u00e7\u00e3o e Monitoramento do Trabalho Educacional<\/strong><\/h4>\n<p><strong>ISBN<\/strong>: 9788532646408<br \/>\n192 p\u00e1ginas<br \/>\n<strong>autor<\/strong>: Helo\u00edsa L\u00fcck<br \/>\n<strong>Peso<\/strong>: 164 gramas<br \/>\n1\u00aa edi\u00e7\u00e3o<br \/>\n<strong>Assunto<\/strong>: Educa\u00e7\u00e3o e pedagogia<br \/>\n<strong>Cole\u00e7\u00e3o<\/strong>: Cadernos de gest\u00e3o<\/p>\n<p><em>A S\u00e9rie Cadernos de Gest\u00e3o contribui para que gestores educacionais dos sistemas de ensino e profissionais respons\u00e1veis pela gest\u00e3o escolar &#8211; diretores escolares, supervisores e orientadores educacionais, secret\u00e1rios escolares e tamb\u00e9m professores &#8211; possam refletir sobre suas pr\u00e1ticas profissionais. Neste s\u00e9timo volume da S\u00e9rie, destaca-se que monitoramento e avalia\u00e7\u00e3o s\u00e3o componentes imprescind\u00edveis de gest\u00e3o, e de grande contribui\u00e7\u00e3o para o desenvolvimento da compet\u00eancia dos profissionais da educa\u00e7\u00e3o envolvidos no processo, assim como para a efetividade do trabalho educacional realizado nas escolas e redes de ensino.<\/em><\/p>\n<h4><strong><img loading=\"lazy\" class=\"size-full wp-image-46953 alignleft\" src=\"http:\/\/franciscanos.org.br\/wp-content\/uploads\/2013\/10\/psico.jpg\" alt=\"psico\" width=\"90\" height=\"150\" \/>Psicologia da intelig\u00eancia (A)<\/strong><\/h4>\n<p><strong>ISBN<\/strong>: 9788532646392<br \/>\n256 p\u00e1ginas<br \/>\n<strong>autor<\/strong>: Jean Piaget<br \/>\n<strong>Peso<\/strong>: 278 gramas<br \/>\n1\u00aa edi\u00e7\u00e3o<br \/>\n<strong>Assunto<\/strong>: Educa\u00e7\u00e3o e pedagogia<\/p>\n<p><em>Este livro cont\u00e9m a subst\u00e2ncia das aulas que Piaget ministrou em 1942 no Coll\u00e9ge de France, em um momento em que os professores universit\u00e1rios tinham necessidade de demonstrar tanto sua solidariedade diante das viol\u00eancias suportadas, quanto sua fidelidade aos valores permanentes. O livro se limita a esbo\u00e7ar um ponto de vista &#8211; ou seja, o da constitui\u00e7\u00e3o das &#8220;opera\u00e7\u00f5es&#8221; &#8211; e a situ\u00e1-lo, o mais objetivamente poss\u00edvel, no conjunto daqueles que j\u00e1 t\u00eam sido propostos.<\/em><em id=\"__mceDel\">\u00a0<\/em><\/p>\n","protected":false},"excerpt":{"rendered":"<p>Editora Vozes<\/p>\n","protected":false},"author":1,"featured_media":207063,"comment_status":"closed","ping_status":"open","sticky":false,"template":"","format":"standard","meta":[],"categories":[1],"tags":[238],"acf":[],"yoast_head":"<!-- This site is optimized with the Yoast SEO plugin v19.2 - https:\/\/yoast.com\/wordpress\/plugins\/seo\/ -->\n<title>&quot;Miss\u00e3o do presb\u00edtero&quot; entre os lan\u00e7amentos - Not\u00edcias - Franciscanos<\/title>\n<meta name=\"robots\" content=\"index, follow, max-snippet:-1, max-image-preview:large, max-video-preview:-1\" \/>\n<link rel=\"canonical\" href=\"https:\/\/franciscanos.org.br\/noticias\/veja-os-ultimos-lancamentos-2.html\" \/>\n<meta property=\"og:locale\" content=\"pt_BR\" \/>\n<meta property=\"og:type\" content=\"article\" \/>\n<meta property=\"og:title\" content=\"&quot;Miss\u00e3o do presb\u00edtero&quot; entre os lan\u00e7amentos - Not\u00edcias - Franciscanos\" \/>\n<meta property=\"og:description\" content=\"Editora Vozes\" \/>\n<meta property=\"og:url\" content=\"https:\/\/franciscanos.org.br\/noticias\/veja-os-ultimos-lancamentos-2.html\" \/>\n<meta property=\"og:site_name\" content=\"Not\u00edcias - Franciscanos\" \/>\n<meta property=\"article:published_time\" content=\"2013-10-09T11:22:59+00:00\" \/>\n<meta property=\"article:modified_time\" content=\"2019-07-02T11:27:08+00:00\" \/>\n<meta property=\"og:image\" content=\"https:\/\/franciscanos.org.br\/noticias\/wp-content\/uploads\/2013\/10\/vozes.jpg\" \/>\n\t<meta property=\"og:image:width\" content=\"273\" \/>\n\t<meta property=\"og:image:height\" content=\"181\" \/>\n\t<meta property=\"og:image:type\" content=\"image\/jpeg\" \/>\n<meta name=\"author\" content=\"admin\" \/>\n<meta name=\"twitter:card\" content=\"summary_large_image\" \/>\n<meta name=\"twitter:label1\" content=\"Escrito por\" \/>\n\t<meta name=\"twitter:data1\" content=\"admin\" \/>\n\t<meta name=\"twitter:label2\" content=\"Est. tempo de leitura\" \/>\n\t<meta name=\"twitter:data2\" content=\"10 minutos\" \/>\n<script type=\"application\/ld+json\" class=\"yoast-schema-graph\">{\"@context\":\"https:\/\/schema.org\",\"@graph\":[{\"@type\":\"WebSite\",\"@id\":\"https:\/\/franciscanos.org.br\/noticias\/#website\",\"url\":\"https:\/\/franciscanos.org.br\/noticias\/\",\"name\":\"Not\u00edcias - Franciscanos\",\"description\":\"Prov\u00edncia Franciscana da Imaculada Concei\u00e7\u00e3o do Brasil - Ordem dos Frades Menores - OFM\",\"potentialAction\":[{\"@type\":\"SearchAction\",\"target\":{\"@type\":\"EntryPoint\",\"urlTemplate\":\"https:\/\/franciscanos.org.br\/noticias\/?s={search_term_string}\"},\"query-input\":\"required name=search_term_string\"}],\"inLanguage\":\"pt-BR\"},{\"@type\":\"ImageObject\",\"inLanguage\":\"pt-BR\",\"@id\":\"https:\/\/franciscanos.org.br\/noticias\/veja-os-ultimos-lancamentos-2.html#primaryimage\",\"url\":\"https:\/\/franciscanos.org.br\/noticias\/wp-content\/uploads\/2013\/10\/vozes.jpg\",\"contentUrl\":\"https:\/\/franciscanos.org.br\/noticias\/wp-content\/uploads\/2013\/10\/vozes.jpg\",\"width\":273,\"height\":181},{\"@type\":\"WebPage\",\"@id\":\"https:\/\/franciscanos.org.br\/noticias\/veja-os-ultimos-lancamentos-2.html#webpage\",\"url\":\"https:\/\/franciscanos.org.br\/noticias\/veja-os-ultimos-lancamentos-2.html\",\"name\":\"\\\"Miss\u00e3o do presb\u00edtero\\\" entre os lan\u00e7amentos - Not\u00edcias - Franciscanos\",\"isPartOf\":{\"@id\":\"https:\/\/franciscanos.org.br\/noticias\/#website\"},\"primaryImageOfPage\":{\"@id\":\"https:\/\/franciscanos.org.br\/noticias\/veja-os-ultimos-lancamentos-2.html#primaryimage\"},\"datePublished\":\"2013-10-09T11:22:59+00:00\",\"dateModified\":\"2019-07-02T11:27:08+00:00\",\"author\":{\"@id\":\"https:\/\/franciscanos.org.br\/noticias\/#\/schema\/person\/b38fbf43118f02820bd932f2e4b14ad3\"},\"breadcrumb\":{\"@id\":\"https:\/\/franciscanos.org.br\/noticias\/veja-os-ultimos-lancamentos-2.html#breadcrumb\"},\"inLanguage\":\"pt-BR\",\"potentialAction\":[{\"@type\":\"ReadAction\",\"target\":[\"https:\/\/franciscanos.org.br\/noticias\/veja-os-ultimos-lancamentos-2.html\"]}]},{\"@type\":\"BreadcrumbList\",\"@id\":\"https:\/\/franciscanos.org.br\/noticias\/veja-os-ultimos-lancamentos-2.html#breadcrumb\",\"itemListElement\":[{\"@type\":\"ListItem\",\"position\":1,\"name\":\"Home\",\"item\":\"https:\/\/franciscanos.org.br\/noticias\"},{\"@type\":\"ListItem\",\"position\":2,\"name\":\"&#8220;Miss\u00e3o do presb\u00edtero&#8221; entre os lan\u00e7amentos\"}]},{\"@type\":\"Person\",\"@id\":\"https:\/\/franciscanos.org.br\/noticias\/#\/schema\/person\/b38fbf43118f02820bd932f2e4b14ad3\",\"name\":\"admin\",\"image\":{\"@type\":\"ImageObject\",\"inLanguage\":\"pt-BR\",\"@id\":\"https:\/\/franciscanos.org.br\/noticias\/#\/schema\/person\/image\/\",\"url\":\"https:\/\/secure.gravatar.com\/avatar\/e8495742d34d0ba6448ea1c628263b3e?s=96&d=mm&r=g\",\"contentUrl\":\"https:\/\/secure.gravatar.com\/avatar\/e8495742d34d0ba6448ea1c628263b3e?s=96&d=mm&r=g\",\"caption\":\"admin\"},\"url\":\"https:\/\/franciscanos.org.br\/noticias\/author\/admin\"}]}<\/script>\n<!-- \/ Yoast SEO plugin. -->","yoast_head_json":{"title":"\"Miss\u00e3o do presb\u00edtero\" entre os lan\u00e7amentos - Not\u00edcias - Franciscanos","robots":{"index":"index","follow":"follow","max-snippet":"max-snippet:-1","max-image-preview":"max-image-preview:large","max-video-preview":"max-video-preview:-1"},"canonical":"https:\/\/franciscanos.org.br\/noticias\/veja-os-ultimos-lancamentos-2.html","og_locale":"pt_BR","og_type":"article","og_title":"\"Miss\u00e3o do presb\u00edtero\" entre os lan\u00e7amentos - Not\u00edcias - Franciscanos","og_description":"Editora Vozes","og_url":"https:\/\/franciscanos.org.br\/noticias\/veja-os-ultimos-lancamentos-2.html","og_site_name":"Not\u00edcias - Franciscanos","article_published_time":"2013-10-09T11:22:59+00:00","article_modified_time":"2019-07-02T11:27:08+00:00","og_image":[{"width":273,"height":181,"url":"https:\/\/franciscanos.org.br\/noticias\/wp-content\/uploads\/2013\/10\/vozes.jpg","type":"image\/jpeg"}],"author":"admin","twitter_card":"summary_large_image","twitter_misc":{"Escrito por":"admin","Est. tempo de leitura":"10 minutos"},"schema":{"@context":"https:\/\/schema.org","@graph":[{"@type":"WebSite","@id":"https:\/\/franciscanos.org.br\/noticias\/#website","url":"https:\/\/franciscanos.org.br\/noticias\/","name":"Not\u00edcias - Franciscanos","description":"Prov\u00edncia Franciscana da Imaculada Concei\u00e7\u00e3o do Brasil - Ordem dos Frades Menores - OFM","potentialAction":[{"@type":"SearchAction","target":{"@type":"EntryPoint","urlTemplate":"https:\/\/franciscanos.org.br\/noticias\/?s={search_term_string}"},"query-input":"required name=search_term_string"}],"inLanguage":"pt-BR"},{"@type":"ImageObject","inLanguage":"pt-BR","@id":"https:\/\/franciscanos.org.br\/noticias\/veja-os-ultimos-lancamentos-2.html#primaryimage","url":"https:\/\/franciscanos.org.br\/noticias\/wp-content\/uploads\/2013\/10\/vozes.jpg","contentUrl":"https:\/\/franciscanos.org.br\/noticias\/wp-content\/uploads\/2013\/10\/vozes.jpg","width":273,"height":181},{"@type":"WebPage","@id":"https:\/\/franciscanos.org.br\/noticias\/veja-os-ultimos-lancamentos-2.html#webpage","url":"https:\/\/franciscanos.org.br\/noticias\/veja-os-ultimos-lancamentos-2.html","name":"\"Miss\u00e3o do presb\u00edtero\" entre os lan\u00e7amentos - Not\u00edcias - Franciscanos","isPartOf":{"@id":"https:\/\/franciscanos.org.br\/noticias\/#website"},"primaryImageOfPage":{"@id":"https:\/\/franciscanos.org.br\/noticias\/veja-os-ultimos-lancamentos-2.html#primaryimage"},"datePublished":"2013-10-09T11:22:59+00:00","dateModified":"2019-07-02T11:27:08+00:00","author":{"@id":"https:\/\/franciscanos.org.br\/noticias\/#\/schema\/person\/b38fbf43118f02820bd932f2e4b14ad3"},"breadcrumb":{"@id":"https:\/\/franciscanos.org.br\/noticias\/veja-os-ultimos-lancamentos-2.html#breadcrumb"},"inLanguage":"pt-BR","potentialAction":[{"@type":"ReadAction","target":["https:\/\/franciscanos.org.br\/noticias\/veja-os-ultimos-lancamentos-2.html"]}]},{"@type":"BreadcrumbList","@id":"https:\/\/franciscanos.org.br\/noticias\/veja-os-ultimos-lancamentos-2.html#breadcrumb","itemListElement":[{"@type":"ListItem","position":1,"name":"Home","item":"https:\/\/franciscanos.org.br\/noticias"},{"@type":"ListItem","position":2,"name":"&#8220;Miss\u00e3o do presb\u00edtero&#8221; entre os lan\u00e7amentos"}]},{"@type":"Person","@id":"https:\/\/franciscanos.org.br\/noticias\/#\/schema\/person\/b38fbf43118f02820bd932f2e4b14ad3","name":"admin","image":{"@type":"ImageObject","inLanguage":"pt-BR","@id":"https:\/\/franciscanos.org.br\/noticias\/#\/schema\/person\/image\/","url":"https:\/\/secure.gravatar.com\/avatar\/e8495742d34d0ba6448ea1c628263b3e?s=96&d=mm&r=g","contentUrl":"https:\/\/secure.gravatar.com\/avatar\/e8495742d34d0ba6448ea1c628263b3e?s=96&d=mm&r=g","caption":"admin"},"url":"https:\/\/franciscanos.org.br\/noticias\/author\/admin"}]}},"_links":{"self":[{"href":"https:\/\/franciscanos.org.br\/noticias\/wp-json\/wp\/v2\/posts\/44477"}],"collection":[{"href":"https:\/\/franciscanos.org.br\/noticias\/wp-json\/wp\/v2\/posts"}],"about":[{"href":"https:\/\/franciscanos.org.br\/noticias\/wp-json\/wp\/v2\/types\/post"}],"author":[{"embeddable":true,"href":"https:\/\/franciscanos.org.br\/noticias\/wp-json\/wp\/v2\/users\/1"}],"replies":[{"embeddable":true,"href":"https:\/\/franciscanos.org.br\/noticias\/wp-json\/wp\/v2\/comments?post=44477"}],"version-history":[{"count":0,"href":"https:\/\/franciscanos.org.br\/noticias\/wp-json\/wp\/v2\/posts\/44477\/revisions"}],"wp:featuredmedia":[{"embeddable":true,"href":"https:\/\/franciscanos.org.br\/noticias\/wp-json\/wp\/v2\/media\/207063"}],"wp:attachment":[{"href":"https:\/\/franciscanos.org.br\/noticias\/wp-json\/wp\/v2\/media?parent=44477"}],"wp:term":[{"taxonomy":"category","embeddable":true,"href":"https:\/\/franciscanos.org.br\/noticias\/wp-json\/wp\/v2\/categories?post=44477"},{"taxonomy":"post_tag","embeddable":true,"href":"https:\/\/franciscanos.org.br\/noticias\/wp-json\/wp\/v2\/tags?post=44477"}],"curies":[{"name":"wp","href":"https:\/\/api.w.org\/{rel}","templated":true}]}}