{"id":44404,"date":"2013-08-26T07:26:22","date_gmt":"2013-08-26T10:26:22","guid":{"rendered":"http:\/\/new.franciscanos.org.br\/?p=44404"},"modified":"2020-06-11T16:06:36","modified_gmt":"2020-06-11T19:06:36","slug":"nao-devemos-ser-cristaos-de-etiqueta","status":"publish","type":"post","link":"https:\/\/franciscanos.org.br\/noticias\/nao-devemos-ser-cristaos-de-etiqueta.html","title":{"rendered":"Papa Francisco: &#8220;N\u00e3o devemos ser crist\u00e3os de etiqueta&#8221;"},"content":{"rendered":"<p><strong><img loading=\"lazy\" class=\"alignright size-full wp-image-44405\" src=\"http:\/\/franciscanos.org.br\/wp-content\/uploads\/2013\/08\/papa3.jpg\" alt=\"papa\" width=\"500\" height=\"695\" \/><\/strong><\/p>\n<p><strong>Cidade do Vaticano \u2013<\/strong> O Papa Francisco recitou a Ora\u00e7\u00e3o mariana do Angelus neste domingo, 25 de agosto, desde a janela do apartamento Pontif\u00edcio, diante de milhares de fi\u00e9is e turistas reunidos na Pra\u00e7a S\u00e3o Pedro. Antes de lan\u00e7ar um novo apelo pela paz na S\u00edria, o Santo Padre falou sobre a salva\u00e7\u00e3o eterna e o convite de Jesus para passarmos pela porta estreita.<\/p>\n<p>\u201cEsfor\u00e7ai-vos para entrar pela porta estreita\u201d, respondeu Jesus a algu\u00e9m que lhe interpelou no caminho para Jerusal\u00e9m sobre quantos seriam salvos. \u201cO Senhor \u2013 observou o Papa \u2013 indica assim qual \u00e9 o caminho da salva\u00e7\u00e3o. Mas qual \u00e9 a porta que devemos entrar?\u201d.<\/p>\n<p>O Papa explicou que a imagem da porta aparece v\u00e1rias vezes no Evangelho \u201ce evoca aquela da casa, do lar dom\u00e9stico, onde encontramos seguran\u00e7a, amor, calor. Jesus nos diz que existe uma porta que nos faz entrar para a fam\u00edlia de Deus, no calor da casa de Deus, da comunh\u00e3o com Ele.<\/p>\n<p>\u201cEsta porta \u00e9 o pr\u00f3prio Jesus. Ele \u00e9 a porta. Ele \u00e9 a passagem para a salva\u00e7\u00e3o. Ele nos conduz ao Pai. E a porta, que \u00e9 Jesus, nunca est\u00e1 fechada, est\u00e1 sempre aberta a todos, sem distin\u00e7\u00e3o, sem exclus\u00e3o, sem privil\u00e9gios. Porque voc\u00eas sabem, Jesus n\u00e3o exclui ningu\u00e9m. Algu\u00e9m entre voc\u00eas poderia me dizer: \u2018Mas, Padre, eu sou exclu\u00eddo porque sou um grande pecador: fiz coisas erradas, fiz tantas coisas erradas, na vida&#8230;\u2019. N\u00e3o. Voc\u00ea n\u00e3o est\u00e1 exclu\u00eddo\u201d Precisamente por isto \u00e9s o preferido, porque Jesus prefere o pecador, sempre. Para perdo\u00e1-lo, para am\u00e1-lo&#8230;Jesus est\u00e1 te esperando para abra\u00e7ar-te, para perdoar-te..N\u00e3o tenha medo. Ele te espera. Tenha \u00e2nimo, tenha coragem para entrar na sua porta\u201d.<\/p>\n<p>\u201cTodos \u2013 acrescentou o Papa &#8211; s\u00e3o convidados a passar por esta porta, passar pela porta da f\u00e9, entrar na sua vida e deix\u00e1-Lo entrar na nossa vida, para que a transforme, renove, d\u00ea a ela alegria plena e duradoura\u201d.<\/p>\n<p>Ap\u00f3s, Francisco observou que \u201cpassamos diante de tantas portas que nos convidam a entrar e prometem uma felicidade que dura um instante, se esgota em si mesma e n\u00e3o tem futuro\u201d. E exortou:<\/p>\n<p>\u201cGostaria de dizer com for\u00e7a: n\u00e3o tenhamos medo de passar pela porta da f\u00e9 em Jesus, de deix\u00e1-lo entrar sempre mais na nossa vida, de sairmos dos nossos ego\u00edsmos, dos nossos fechamentos, das nossas indiferen\u00e7as em rela\u00e7\u00e3o aos outros. Porque Jesus ilumina a nossa vida com uma luz que n\u00e3o se apaga nunca. N\u00e3o \u00e9 um fogo de artif\u00edcio, n\u00e3o \u00e9 um flash, n\u00e3o! \u00c9 uma luz tranq\u00fcila que dura para sempre e nos d\u00e1 paz. Assim \u00e9 a luz que encontramos se entramos pela porta de Jesus\u201d.<\/p>\n<p>O Papa explica ent\u00e3o, que \u201ca porta de Jesus \u00e9 uma porta estreita, n\u00e3o porque seja uma sala de tortura, mas porque exige abrir o nosso cora\u00e7\u00e3o a Ele, reconhecermo-nos pecadores, necessitados de sua salva\u00e7\u00e3o, do seu perd\u00e3o, do seu amor, de ter a humildade em acolher a sua miseric\u00f3rdia e de nos deixar renovar por Ele\u201d, e recorda que \u201cJesus no Evangelho nos diz que ser crist\u00e3o n\u00e3o \u00e9 ter uma \u2018etiqueta\u2019\u201d:<\/p>\n<p>\u201cE eu pergunto a voc\u00eas: voc\u00eas s\u00e3o crist\u00e3os de etiqueta ou de verdade? Mas cada um de n\u00f3s responda dentro de si mesmo, eh&#8230;? Nunca crist\u00e3os de etiqueta! Mas crist\u00e3os de verdade, de cora\u00e7\u00e3o. Ser crist\u00e3o \u00e9 viver e testemunhar a f\u00e9 na ora\u00e7\u00e3o, nas obras de caridade, na promo\u00e7\u00e3o da justi\u00e7a, no fazer o bem. Pela porta estreita que \u00e9 Cristo deve passar toda a nossa vida\u201d.<\/p>\n<p>A Virgem Maria, Porta do C\u00e9u, o Papa Francisco pediu \u201cque nos ajude a atravessar a porta da f\u00e9, a deixar que o seu Filho transforme a nossa exist\u00eancia como transformou a sua para levar a todos a alegrai do Evangelho\u201d.<br \/>\nNa sauda\u00e7\u00e3o final aos diversos grupos, incluindo um grupo vindo de S\u00e3o Paulo, o Santo Padre recordou que para muitos este per\u00edodo marca o fim do per\u00edodo de f\u00e9rias de ver\u00e3o, desejando \u201cum retorno sereno aos compromissos da vida cotidiana, olhando o futuro com esperan\u00e7a\u201d.<\/p>\n<p><strong>S\u00cdRIA<\/strong><\/p>\n<p>O Papa Francisco lan\u00e7ou um novo apelo pela paz na S\u00edria, especialmente ap\u00f3s as not\u00edcias e imagens vindas daquele pa\u00eds ao longo desta semana. No pa\u00eds, ap\u00f3s quase dois anos e meio de guerra civil, morreram mais de 100 mil pessoas, das quais 7 mil crian\u00e7as. Mais de 4 milh\u00f5es de refugiados e deslocados, 1\/5 da popula\u00e7\u00e3o s\u00edria.<\/p>\n<p>\u201cCom grande sofrimento e preocupa\u00e7\u00e3o continuo a acompanhar a situa\u00e7\u00e3o na S\u00edria. O aumento da viol\u00eancia em uma guerra entre irm\u00e3os, com o multiplicar-se de trag\u00e9dias e atos atrozes, que todos pudemos ver tamb\u00e9m nas terr\u00edveis imagens destes dias, me impele uma vez mais a exortar para que cesse o barulho das armas. N\u00e3o \u00e9 o conflito que oferece perspectivas de esperan\u00e7a para resolver os problemas, mas a capacidade de encontro e de di\u00e1logo\u201d.<\/p>\n<p>Do fundo do seu cora\u00e7\u00e3o o Papa exprime a sua proximidade com a ora\u00e7\u00e3o e a solidariedade para com todas as v\u00edtimas deste conflito, para com todos aqueles que sofrem, especialmente as crian\u00e7as e convida a manterem sempre acesa a chama da esperan\u00e7a de paz:<\/p>\n<p>\u201cFa\u00e7o um apelo \u00e0 Comunidade Internacional para que se mostre mais sens\u00edvel para com esta tr\u00e1gica situa\u00e7\u00e3o e fa\u00e7a tudo o que for necess\u00e1rio para ajudar a cara Na\u00e7\u00e3o s\u00edria a encontrar uma solu\u00e7\u00e3o para a uma guerra que semeia destrui\u00e7\u00e3o e morte\u201d.<\/p>\n<hr \/>\n<p><em>Fonte: R\u00e1dio Vaticano<\/em><\/p>\n<p><strong>\u00a0<\/strong><\/p>\n","protected":false},"excerpt":{"rendered":"<p>Angelus<\/p>\n","protected":false},"author":1,"featured_media":208862,"comment_status":"closed","ping_status":"open","sticky":false,"template":"","format":"standard","meta":[],"categories":[1428],"tags":[403],"acf":[],"yoast_head":"<!-- This site is optimized with the Yoast SEO plugin v19.2 - https:\/\/yoast.com\/wordpress\/plugins\/seo\/ -->\n<title>Papa Francisco: &quot;N\u00e3o devemos ser crist\u00e3os de etiqueta&quot; - Not\u00edcias - Franciscanos<\/title>\n<meta name=\"robots\" content=\"index, follow, max-snippet:-1, max-image-preview:large, max-video-preview:-1\" \/>\n<link rel=\"canonical\" href=\"https:\/\/franciscanos.org.br\/noticias\/nao-devemos-ser-cristaos-de-etiqueta.html\" \/>\n<meta property=\"og:locale\" content=\"pt_BR\" \/>\n<meta property=\"og:type\" content=\"article\" \/>\n<meta property=\"og:title\" content=\"Papa Francisco: &quot;N\u00e3o devemos ser crist\u00e3os de etiqueta&quot; - Not\u00edcias - Franciscanos\" \/>\n<meta property=\"og:description\" content=\"Angelus\" \/>\n<meta property=\"og:url\" content=\"https:\/\/franciscanos.org.br\/noticias\/nao-devemos-ser-cristaos-de-etiqueta.html\" \/>\n<meta property=\"og:site_name\" content=\"Not\u00edcias - Franciscanos\" \/>\n<meta property=\"article:published_time\" content=\"2013-08-26T10:26:22+00:00\" \/>\n<meta property=\"article:modified_time\" content=\"2020-06-11T19:06:36+00:00\" \/>\n<meta property=\"og:image\" content=\"https:\/\/franciscanos.org.br\/noticias\/wp-content\/uploads\/2013\/08\/papa3.jpg\" \/>\n\t<meta property=\"og:image:width\" content=\"273\" \/>\n\t<meta property=\"og:image:height\" content=\"181\" \/>\n\t<meta property=\"og:image:type\" content=\"image\/jpeg\" \/>\n<meta name=\"author\" content=\"admin\" \/>\n<meta name=\"twitter:card\" content=\"summary_large_image\" \/>\n<meta name=\"twitter:label1\" content=\"Escrito por\" \/>\n\t<meta name=\"twitter:data1\" content=\"admin\" \/>\n\t<meta name=\"twitter:label2\" content=\"Est. tempo de leitura\" \/>\n\t<meta name=\"twitter:data2\" content=\"5 minutos\" \/>\n<script type=\"application\/ld+json\" class=\"yoast-schema-graph\">{\"@context\":\"https:\/\/schema.org\",\"@graph\":[{\"@type\":\"WebSite\",\"@id\":\"https:\/\/franciscanos.org.br\/noticias\/#website\",\"url\":\"https:\/\/franciscanos.org.br\/noticias\/\",\"name\":\"Not\u00edcias - Franciscanos\",\"description\":\"Prov\u00edncia Franciscana da Imaculada Concei\u00e7\u00e3o do Brasil - Ordem dos Frades Menores - OFM\",\"potentialAction\":[{\"@type\":\"SearchAction\",\"target\":{\"@type\":\"EntryPoint\",\"urlTemplate\":\"https:\/\/franciscanos.org.br\/noticias\/?s={search_term_string}\"},\"query-input\":\"required name=search_term_string\"}],\"inLanguage\":\"pt-BR\"},{\"@type\":\"ImageObject\",\"inLanguage\":\"pt-BR\",\"@id\":\"https:\/\/franciscanos.org.br\/noticias\/nao-devemos-ser-cristaos-de-etiqueta.html#primaryimage\",\"url\":\"https:\/\/franciscanos.org.br\/noticias\/wp-content\/uploads\/2013\/08\/papa3.jpg\",\"contentUrl\":\"https:\/\/franciscanos.org.br\/noticias\/wp-content\/uploads\/2013\/08\/papa3.jpg\",\"width\":273,\"height\":181},{\"@type\":\"WebPage\",\"@id\":\"https:\/\/franciscanos.org.br\/noticias\/nao-devemos-ser-cristaos-de-etiqueta.html#webpage\",\"url\":\"https:\/\/franciscanos.org.br\/noticias\/nao-devemos-ser-cristaos-de-etiqueta.html\",\"name\":\"Papa Francisco: \\\"N\u00e3o devemos ser crist\u00e3os de etiqueta\\\" - Not\u00edcias - Franciscanos\",\"isPartOf\":{\"@id\":\"https:\/\/franciscanos.org.br\/noticias\/#website\"},\"primaryImageOfPage\":{\"@id\":\"https:\/\/franciscanos.org.br\/noticias\/nao-devemos-ser-cristaos-de-etiqueta.html#primaryimage\"},\"datePublished\":\"2013-08-26T10:26:22+00:00\",\"dateModified\":\"2020-06-11T19:06:36+00:00\",\"author\":{\"@id\":\"https:\/\/franciscanos.org.br\/noticias\/#\/schema\/person\/b38fbf43118f02820bd932f2e4b14ad3\"},\"breadcrumb\":{\"@id\":\"https:\/\/franciscanos.org.br\/noticias\/nao-devemos-ser-cristaos-de-etiqueta.html#breadcrumb\"},\"inLanguage\":\"pt-BR\",\"potentialAction\":[{\"@type\":\"ReadAction\",\"target\":[\"https:\/\/franciscanos.org.br\/noticias\/nao-devemos-ser-cristaos-de-etiqueta.html\"]}]},{\"@type\":\"BreadcrumbList\",\"@id\":\"https:\/\/franciscanos.org.br\/noticias\/nao-devemos-ser-cristaos-de-etiqueta.html#breadcrumb\",\"itemListElement\":[{\"@type\":\"ListItem\",\"position\":1,\"name\":\"Home\",\"item\":\"https:\/\/franciscanos.org.br\/noticias\"},{\"@type\":\"ListItem\",\"position\":2,\"name\":\"Papa Francisco: &#8220;N\u00e3o devemos ser crist\u00e3os de etiqueta&#8221;\"}]},{\"@type\":\"Person\",\"@id\":\"https:\/\/franciscanos.org.br\/noticias\/#\/schema\/person\/b38fbf43118f02820bd932f2e4b14ad3\",\"name\":\"admin\",\"image\":{\"@type\":\"ImageObject\",\"inLanguage\":\"pt-BR\",\"@id\":\"https:\/\/franciscanos.org.br\/noticias\/#\/schema\/person\/image\/\",\"url\":\"https:\/\/secure.gravatar.com\/avatar\/e8495742d34d0ba6448ea1c628263b3e?s=96&d=mm&r=g\",\"contentUrl\":\"https:\/\/secure.gravatar.com\/avatar\/e8495742d34d0ba6448ea1c628263b3e?s=96&d=mm&r=g\",\"caption\":\"admin\"},\"url\":\"https:\/\/franciscanos.org.br\/noticias\/author\/admin\"}]}<\/script>\n<!-- \/ Yoast SEO plugin. -->","yoast_head_json":{"title":"Papa Francisco: \"N\u00e3o devemos ser crist\u00e3os de etiqueta\" - Not\u00edcias - Franciscanos","robots":{"index":"index","follow":"follow","max-snippet":"max-snippet:-1","max-image-preview":"max-image-preview:large","max-video-preview":"max-video-preview:-1"},"canonical":"https:\/\/franciscanos.org.br\/noticias\/nao-devemos-ser-cristaos-de-etiqueta.html","og_locale":"pt_BR","og_type":"article","og_title":"Papa Francisco: \"N\u00e3o devemos ser crist\u00e3os de etiqueta\" - Not\u00edcias - Franciscanos","og_description":"Angelus","og_url":"https:\/\/franciscanos.org.br\/noticias\/nao-devemos-ser-cristaos-de-etiqueta.html","og_site_name":"Not\u00edcias - Franciscanos","article_published_time":"2013-08-26T10:26:22+00:00","article_modified_time":"2020-06-11T19:06:36+00:00","og_image":[{"width":273,"height":181,"url":"https:\/\/franciscanos.org.br\/noticias\/wp-content\/uploads\/2013\/08\/papa3.jpg","type":"image\/jpeg"}],"author":"admin","twitter_card":"summary_large_image","twitter_misc":{"Escrito por":"admin","Est. tempo de leitura":"5 minutos"},"schema":{"@context":"https:\/\/schema.org","@graph":[{"@type":"WebSite","@id":"https:\/\/franciscanos.org.br\/noticias\/#website","url":"https:\/\/franciscanos.org.br\/noticias\/","name":"Not\u00edcias - Franciscanos","description":"Prov\u00edncia Franciscana da Imaculada Concei\u00e7\u00e3o do Brasil - Ordem dos Frades Menores - OFM","potentialAction":[{"@type":"SearchAction","target":{"@type":"EntryPoint","urlTemplate":"https:\/\/franciscanos.org.br\/noticias\/?s={search_term_string}"},"query-input":"required name=search_term_string"}],"inLanguage":"pt-BR"},{"@type":"ImageObject","inLanguage":"pt-BR","@id":"https:\/\/franciscanos.org.br\/noticias\/nao-devemos-ser-cristaos-de-etiqueta.html#primaryimage","url":"https:\/\/franciscanos.org.br\/noticias\/wp-content\/uploads\/2013\/08\/papa3.jpg","contentUrl":"https:\/\/franciscanos.org.br\/noticias\/wp-content\/uploads\/2013\/08\/papa3.jpg","width":273,"height":181},{"@type":"WebPage","@id":"https:\/\/franciscanos.org.br\/noticias\/nao-devemos-ser-cristaos-de-etiqueta.html#webpage","url":"https:\/\/franciscanos.org.br\/noticias\/nao-devemos-ser-cristaos-de-etiqueta.html","name":"Papa Francisco: \"N\u00e3o devemos ser crist\u00e3os de etiqueta\" - Not\u00edcias - Franciscanos","isPartOf":{"@id":"https:\/\/franciscanos.org.br\/noticias\/#website"},"primaryImageOfPage":{"@id":"https:\/\/franciscanos.org.br\/noticias\/nao-devemos-ser-cristaos-de-etiqueta.html#primaryimage"},"datePublished":"2013-08-26T10:26:22+00:00","dateModified":"2020-06-11T19:06:36+00:00","author":{"@id":"https:\/\/franciscanos.org.br\/noticias\/#\/schema\/person\/b38fbf43118f02820bd932f2e4b14ad3"},"breadcrumb":{"@id":"https:\/\/franciscanos.org.br\/noticias\/nao-devemos-ser-cristaos-de-etiqueta.html#breadcrumb"},"inLanguage":"pt-BR","potentialAction":[{"@type":"ReadAction","target":["https:\/\/franciscanos.org.br\/noticias\/nao-devemos-ser-cristaos-de-etiqueta.html"]}]},{"@type":"BreadcrumbList","@id":"https:\/\/franciscanos.org.br\/noticias\/nao-devemos-ser-cristaos-de-etiqueta.html#breadcrumb","itemListElement":[{"@type":"ListItem","position":1,"name":"Home","item":"https:\/\/franciscanos.org.br\/noticias"},{"@type":"ListItem","position":2,"name":"Papa Francisco: &#8220;N\u00e3o devemos ser crist\u00e3os de etiqueta&#8221;"}]},{"@type":"Person","@id":"https:\/\/franciscanos.org.br\/noticias\/#\/schema\/person\/b38fbf43118f02820bd932f2e4b14ad3","name":"admin","image":{"@type":"ImageObject","inLanguage":"pt-BR","@id":"https:\/\/franciscanos.org.br\/noticias\/#\/schema\/person\/image\/","url":"https:\/\/secure.gravatar.com\/avatar\/e8495742d34d0ba6448ea1c628263b3e?s=96&d=mm&r=g","contentUrl":"https:\/\/secure.gravatar.com\/avatar\/e8495742d34d0ba6448ea1c628263b3e?s=96&d=mm&r=g","caption":"admin"},"url":"https:\/\/franciscanos.org.br\/noticias\/author\/admin"}]}},"_links":{"self":[{"href":"https:\/\/franciscanos.org.br\/noticias\/wp-json\/wp\/v2\/posts\/44404"}],"collection":[{"href":"https:\/\/franciscanos.org.br\/noticias\/wp-json\/wp\/v2\/posts"}],"about":[{"href":"https:\/\/franciscanos.org.br\/noticias\/wp-json\/wp\/v2\/types\/post"}],"author":[{"embeddable":true,"href":"https:\/\/franciscanos.org.br\/noticias\/wp-json\/wp\/v2\/users\/1"}],"replies":[{"embeddable":true,"href":"https:\/\/franciscanos.org.br\/noticias\/wp-json\/wp\/v2\/comments?post=44404"}],"version-history":[{"count":1,"href":"https:\/\/franciscanos.org.br\/noticias\/wp-json\/wp\/v2\/posts\/44404\/revisions"}],"predecessor-version":[{"id":226312,"href":"https:\/\/franciscanos.org.br\/noticias\/wp-json\/wp\/v2\/posts\/44404\/revisions\/226312"}],"wp:featuredmedia":[{"embeddable":true,"href":"https:\/\/franciscanos.org.br\/noticias\/wp-json\/wp\/v2\/media\/208862"}],"wp:attachment":[{"href":"https:\/\/franciscanos.org.br\/noticias\/wp-json\/wp\/v2\/media?parent=44404"}],"wp:term":[{"taxonomy":"category","embeddable":true,"href":"https:\/\/franciscanos.org.br\/noticias\/wp-json\/wp\/v2\/categories?post=44404"},{"taxonomy":"post_tag","embeddable":true,"href":"https:\/\/franciscanos.org.br\/noticias\/wp-json\/wp\/v2\/tags?post=44404"}],"curies":[{"name":"wp","href":"https:\/\/api.w.org\/{rel}","templated":true}]}}