{"id":44214,"date":"2013-08-22T08:47:00","date_gmt":"2013-08-22T11:47:00","guid":{"rendered":"http:\/\/new.franciscanos.org.br\/?p=44214"},"modified":"2020-01-30T13:56:33","modified_gmt":"2020-01-30T16:56:33","slug":"revista-digital-sobre-catequese-e-lancada-no-dia-do-catequista","status":"publish","type":"post","link":"https:\/\/franciscanos.org.br\/noticias\/revista-digital-sobre-catequese-e-lancada-no-dia-do-catequista.html","title":{"rendered":"Revista digital sobre catequese \u00e9 lan\u00e7ada no Dia do Catequista"},"content":{"rendered":"<p><img loading=\"lazy\" class=\"size-full wp-image-44215 alignright\" src=\"http:\/\/franciscanos.org.br\/wp-content\/uploads\/2013\/08\/soucatequista_revista.jpg\" alt=\"soucatequista_revista\" width=\"450\" height=\"637\" \/>\u00c0s v\u00e9speras do Dia do Catequista, celebrado no pr\u00f3ximo dia 25 de agosto, a empresa Minha Par\u00f3quia sai na frente e oferece \u00e0 Igreja do Brasil um servi\u00e7o voltado exclusivamente para os catequistas: a revista digital \u201c<em>Sou Catequista\u201d<\/em>.<\/p>\n<p>A publica\u00e7\u00e3o \u00e9 assessorada pelo \u00a0Pe. Jose Alem, com o apoio da Arquidiocese de Campinas. O aplicativo est\u00e1 dispon\u00edvel gratuitamente para tablets e smartphones com os sistemas Android e IOS (iPad, iPhone e iPod touch) e tamb\u00e9m h\u00e1 uma vers\u00e3o para leitura interativa no site <a href=\"http:\/\/sementesdoespirito.us1.list-manage2.com\/track\/click?u=987914d1c2d3b57217ca661ae&amp;id=729b141052&amp;e=f7d0ca6f3d\" target=\"_blank\" rel=\"noopener noreferrer\">www.soucatequista.com.br<\/a>, que permite fazer o download em PDF (Acrobat Reader).<\/p>\n<p>Segundo Ana Paula, jornalista respons\u00e1vel pelo projeto, a ideia da revista digital surgiu com a inten\u00e7\u00e3o de oferecer conte\u00fados aprofundados para catequistas, mas com uma linguagem nova e atrav\u00e9s de mecanismos modernos. \u201cNossa maior preocupa\u00e7\u00e3o \u00e9 apresentar conte\u00fados que estejam alinhados \u00e0s quest\u00f5es atuais da sociedade, com total abertura aos sinais dos tempos; por esse motivo, optamos por inovar, trazendo uma revista digital direcionada aos catequistas \u2014 n\u00e3o somente do Brasil, mas dos demais pa\u00edses de l\u00edngua portuguesa \u2014, aproveitando essa abertura que nos d\u00e1 a internet\u201d, explica no editorial da revista.<\/p>\n<p>O acesso \u00e0s novas tecnologias na rotina das pessoas tem provocado diversos debates entre estudiosos. Um dos \u00faltimos levantamentos realizados pela consultoria Nielsen revelou que o Brasil j\u00e1 \u00e9 o 4\u00ba no mundo a utilizar tablets e smartphones: 3 em cada 10 pessoas possuem um desses dispositivos para acessar redes sociais, e-mails e ler publica\u00e7\u00f5es. \u201cComo nossa inten\u00e7\u00e3o \u00e9 chegar ao m\u00e1ximo de catequistas com esse material de qualidade, focamos o trabalho 100% digital e, com isso, ampliamos as possibilidades al\u00e9m do texto, inserindo conte\u00fados multim\u00eddia. \u00c9 bom tamb\u00e9m perceber a vantagem em ter algo que pode ser lido com facilidade, por exemplo, no \u00f4nibus ou no intervalo da faculdade\u201d, explica a jornalista.<\/p>\n<p>A primeira edi\u00e7\u00e3o traz 80 p\u00e1ginas com textos exclusivos feitos com a colabora\u00e7\u00e3o de 20 colunistas, dentre eles Dom Eduardo Pinheiro, presidente da Comiss\u00e3o Episcopal Pastoral para a Juventude da CNBB, e sacerdotes e catequistas membros da Comiss\u00e3o Episcopal Pastoral para a Anima\u00e7\u00e3o B\u00edblico-Catequ\u00e9tica.<\/p>\n<p><strong>Identidade e voca\u00e7\u00e3o do catequista<\/strong><\/p>\n<p>Dom Jacinto Bergmann, arcebispo de Pelotas e presidente da Comiss\u00e3o Episcopal Pastoral para a Anima\u00e7\u00e3o B\u00edblico-Catequ\u00e9tica, iniciou sua mensagem pelo Dia do Catequista, publicada nesta semana, com a pergunta: \u201cO que seria da Igreja no Brasil sem a pl\u00eaiade de catequistas espalhados por todas as \u2018periferias existenciais\u2019 do seu imenso territ\u00f3rio?\u201d. Este grupo conta com cerca de 800 mil pessoas, segundo dados da comiss\u00e3o liderada por Dom Jacinto, e desempenha um papel \u00fanico na evangeliza\u00e7\u00e3o.<\/p>\n<p>A mat\u00e9ria de capa da primeira edi\u00e7\u00e3o da revista digital <em>Sou Catequista<\/em> \u00a0traz como manchete &#8220;Catequistas: jardineiros que cultivam o jardim da f\u00e9&#8221;, segundo reflex\u00e3o de Frei Almir Guimar\u00e3es e depoimentos de seis catequistas de diferentes localidades do Brasil sobre a identidade e voca\u00e7\u00e3o do catequista.<\/p>\n<p>\u201cO nome da revista j\u00e1 expressa identidade: \u2018sou catequista\u2019. Buscamos um grupo muito especial da Igreja que, antes de qualquer coisa, possui um chamado de Deus para servir, ser inspirado e inspirar pessoas. Queremos levar, com esta mat\u00e9ria de capa e com os v\u00e1rios artigos desta edi\u00e7\u00e3o, o \u00e2nimo para seguir em frente, dizer que vale a pena tanto esfor\u00e7o e que agora podem contar com mais um apoio: uma revista digital, rica em conte\u00fado e interatividade\u201d, conclui Ana Paula.<\/p>\n<p><strong>Servi\u00e7o<\/strong><br \/>\nRevista digital <em>Sou Catequista<\/em><br \/>\nPublica\u00e7\u00e3o mensal gratuita<br \/>\nSite: <a href=\"http:\/\/sementesdoespirito.us1.list-manage.com\/track\/click?u=987914d1c2d3b57217ca661ae&amp;id=7003baa741&amp;e=f7d0ca6f3d\" target=\"_blank\" rel=\"noopener noreferrer\">www.soucatequista.com.br<\/a><br \/>\nVers\u00e3o para Android: <a href=\"http:\/\/sementesdoespirito.us1.list-manage.com\/track\/click?u=987914d1c2d3b57217ca661ae&amp;id=fff65374a8&amp;e=f7d0ca6f3d\" target=\"_blank\" rel=\"noopener noreferrer\">http:\/\/goo.gl\/UWg9U0<\/a><\/p>\n","protected":false},"excerpt":{"rendered":"<p>Novidade<\/p>\n","protected":false},"author":1,"featured_media":217413,"comment_status":"closed","ping_status":"open","sticky":false,"template":"","format":"standard","meta":[],"categories":[1],"tags":[],"acf":[],"yoast_head":"<!-- This site is optimized with the Yoast SEO plugin v19.2 - https:\/\/yoast.com\/wordpress\/plugins\/seo\/ -->\n<title>Revista digital sobre catequese \u00e9 lan\u00e7ada no Dia do Catequista - Not\u00edcias - Franciscanos<\/title>\n<meta name=\"robots\" content=\"index, follow, max-snippet:-1, max-image-preview:large, max-video-preview:-1\" \/>\n<link rel=\"canonical\" href=\"https:\/\/franciscanos.org.br\/noticias\/revista-digital-sobre-catequese-e-lancada-no-dia-do-catequista.html\" \/>\n<meta property=\"og:locale\" content=\"pt_BR\" \/>\n<meta property=\"og:type\" content=\"article\" \/>\n<meta property=\"og:title\" content=\"Revista digital sobre catequese \u00e9 lan\u00e7ada no Dia do Catequista - Not\u00edcias - Franciscanos\" \/>\n<meta property=\"og:description\" content=\"Novidade\" \/>\n<meta property=\"og:url\" content=\"https:\/\/franciscanos.org.br\/noticias\/revista-digital-sobre-catequese-e-lancada-no-dia-do-catequista.html\" \/>\n<meta property=\"og:site_name\" content=\"Not\u00edcias - Franciscanos\" \/>\n<meta property=\"article:published_time\" content=\"2013-08-22T11:47:00+00:00\" \/>\n<meta property=\"article:modified_time\" content=\"2020-01-30T16:56:33+00:00\" \/>\n<meta property=\"og:image\" content=\"https:\/\/franciscanos.org.br\/noticias\/wp-content\/uploads\/2013\/08\/soucatequista_revista.jpg\" \/>\n\t<meta property=\"og:image:width\" content=\"273\" \/>\n\t<meta property=\"og:image:height\" content=\"181\" \/>\n\t<meta property=\"og:image:type\" content=\"image\/jpeg\" \/>\n<meta name=\"author\" content=\"admin\" \/>\n<meta name=\"twitter:card\" content=\"summary_large_image\" \/>\n<meta name=\"twitter:label1\" content=\"Escrito por\" \/>\n\t<meta name=\"twitter:data1\" content=\"admin\" \/>\n\t<meta name=\"twitter:label2\" content=\"Est. tempo de leitura\" \/>\n\t<meta name=\"twitter:data2\" content=\"3 minutos\" \/>\n<script type=\"application\/ld+json\" class=\"yoast-schema-graph\">{\"@context\":\"https:\/\/schema.org\",\"@graph\":[{\"@type\":\"WebSite\",\"@id\":\"https:\/\/franciscanos.org.br\/noticias\/#website\",\"url\":\"https:\/\/franciscanos.org.br\/noticias\/\",\"name\":\"Not\u00edcias - Franciscanos\",\"description\":\"Prov\u00edncia Franciscana da Imaculada Concei\u00e7\u00e3o do Brasil - Ordem dos Frades Menores - OFM\",\"potentialAction\":[{\"@type\":\"SearchAction\",\"target\":{\"@type\":\"EntryPoint\",\"urlTemplate\":\"https:\/\/franciscanos.org.br\/noticias\/?s={search_term_string}\"},\"query-input\":\"required name=search_term_string\"}],\"inLanguage\":\"pt-BR\"},{\"@type\":\"ImageObject\",\"inLanguage\":\"pt-BR\",\"@id\":\"https:\/\/franciscanos.org.br\/noticias\/revista-digital-sobre-catequese-e-lancada-no-dia-do-catequista.html#primaryimage\",\"url\":\"https:\/\/franciscanos.org.br\/noticias\/wp-content\/uploads\/2013\/08\/soucatequista_revista.jpg\",\"contentUrl\":\"https:\/\/franciscanos.org.br\/noticias\/wp-content\/uploads\/2013\/08\/soucatequista_revista.jpg\",\"width\":273,\"height\":181},{\"@type\":\"WebPage\",\"@id\":\"https:\/\/franciscanos.org.br\/noticias\/revista-digital-sobre-catequese-e-lancada-no-dia-do-catequista.html#webpage\",\"url\":\"https:\/\/franciscanos.org.br\/noticias\/revista-digital-sobre-catequese-e-lancada-no-dia-do-catequista.html\",\"name\":\"Revista digital sobre catequese \u00e9 lan\u00e7ada no Dia do Catequista - Not\u00edcias - Franciscanos\",\"isPartOf\":{\"@id\":\"https:\/\/franciscanos.org.br\/noticias\/#website\"},\"primaryImageOfPage\":{\"@id\":\"https:\/\/franciscanos.org.br\/noticias\/revista-digital-sobre-catequese-e-lancada-no-dia-do-catequista.html#primaryimage\"},\"datePublished\":\"2013-08-22T11:47:00+00:00\",\"dateModified\":\"2020-01-30T16:56:33+00:00\",\"author\":{\"@id\":\"https:\/\/franciscanos.org.br\/noticias\/#\/schema\/person\/b38fbf43118f02820bd932f2e4b14ad3\"},\"breadcrumb\":{\"@id\":\"https:\/\/franciscanos.org.br\/noticias\/revista-digital-sobre-catequese-e-lancada-no-dia-do-catequista.html#breadcrumb\"},\"inLanguage\":\"pt-BR\",\"potentialAction\":[{\"@type\":\"ReadAction\",\"target\":[\"https:\/\/franciscanos.org.br\/noticias\/revista-digital-sobre-catequese-e-lancada-no-dia-do-catequista.html\"]}]},{\"@type\":\"BreadcrumbList\",\"@id\":\"https:\/\/franciscanos.org.br\/noticias\/revista-digital-sobre-catequese-e-lancada-no-dia-do-catequista.html#breadcrumb\",\"itemListElement\":[{\"@type\":\"ListItem\",\"position\":1,\"name\":\"Home\",\"item\":\"https:\/\/franciscanos.org.br\/noticias\"},{\"@type\":\"ListItem\",\"position\":2,\"name\":\"Revista digital sobre catequese \u00e9 lan\u00e7ada no Dia do Catequista\"}]},{\"@type\":\"Person\",\"@id\":\"https:\/\/franciscanos.org.br\/noticias\/#\/schema\/person\/b38fbf43118f02820bd932f2e4b14ad3\",\"name\":\"admin\",\"image\":{\"@type\":\"ImageObject\",\"inLanguage\":\"pt-BR\",\"@id\":\"https:\/\/franciscanos.org.br\/noticias\/#\/schema\/person\/image\/\",\"url\":\"https:\/\/secure.gravatar.com\/avatar\/e8495742d34d0ba6448ea1c628263b3e?s=96&d=mm&r=g\",\"contentUrl\":\"https:\/\/secure.gravatar.com\/avatar\/e8495742d34d0ba6448ea1c628263b3e?s=96&d=mm&r=g\",\"caption\":\"admin\"},\"url\":\"https:\/\/franciscanos.org.br\/noticias\/author\/admin\"}]}<\/script>\n<!-- \/ Yoast SEO plugin. -->","yoast_head_json":{"title":"Revista digital sobre catequese \u00e9 lan\u00e7ada no Dia do Catequista - Not\u00edcias - Franciscanos","robots":{"index":"index","follow":"follow","max-snippet":"max-snippet:-1","max-image-preview":"max-image-preview:large","max-video-preview":"max-video-preview:-1"},"canonical":"https:\/\/franciscanos.org.br\/noticias\/revista-digital-sobre-catequese-e-lancada-no-dia-do-catequista.html","og_locale":"pt_BR","og_type":"article","og_title":"Revista digital sobre catequese \u00e9 lan\u00e7ada no Dia do Catequista - Not\u00edcias - Franciscanos","og_description":"Novidade","og_url":"https:\/\/franciscanos.org.br\/noticias\/revista-digital-sobre-catequese-e-lancada-no-dia-do-catequista.html","og_site_name":"Not\u00edcias - Franciscanos","article_published_time":"2013-08-22T11:47:00+00:00","article_modified_time":"2020-01-30T16:56:33+00:00","og_image":[{"width":273,"height":181,"url":"https:\/\/franciscanos.org.br\/noticias\/wp-content\/uploads\/2013\/08\/soucatequista_revista.jpg","type":"image\/jpeg"}],"author":"admin","twitter_card":"summary_large_image","twitter_misc":{"Escrito por":"admin","Est. tempo de leitura":"3 minutos"},"schema":{"@context":"https:\/\/schema.org","@graph":[{"@type":"WebSite","@id":"https:\/\/franciscanos.org.br\/noticias\/#website","url":"https:\/\/franciscanos.org.br\/noticias\/","name":"Not\u00edcias - Franciscanos","description":"Prov\u00edncia Franciscana da Imaculada Concei\u00e7\u00e3o do Brasil - Ordem dos Frades Menores - OFM","potentialAction":[{"@type":"SearchAction","target":{"@type":"EntryPoint","urlTemplate":"https:\/\/franciscanos.org.br\/noticias\/?s={search_term_string}"},"query-input":"required name=search_term_string"}],"inLanguage":"pt-BR"},{"@type":"ImageObject","inLanguage":"pt-BR","@id":"https:\/\/franciscanos.org.br\/noticias\/revista-digital-sobre-catequese-e-lancada-no-dia-do-catequista.html#primaryimage","url":"https:\/\/franciscanos.org.br\/noticias\/wp-content\/uploads\/2013\/08\/soucatequista_revista.jpg","contentUrl":"https:\/\/franciscanos.org.br\/noticias\/wp-content\/uploads\/2013\/08\/soucatequista_revista.jpg","width":273,"height":181},{"@type":"WebPage","@id":"https:\/\/franciscanos.org.br\/noticias\/revista-digital-sobre-catequese-e-lancada-no-dia-do-catequista.html#webpage","url":"https:\/\/franciscanos.org.br\/noticias\/revista-digital-sobre-catequese-e-lancada-no-dia-do-catequista.html","name":"Revista digital sobre catequese \u00e9 lan\u00e7ada no Dia do Catequista - Not\u00edcias - Franciscanos","isPartOf":{"@id":"https:\/\/franciscanos.org.br\/noticias\/#website"},"primaryImageOfPage":{"@id":"https:\/\/franciscanos.org.br\/noticias\/revista-digital-sobre-catequese-e-lancada-no-dia-do-catequista.html#primaryimage"},"datePublished":"2013-08-22T11:47:00+00:00","dateModified":"2020-01-30T16:56:33+00:00","author":{"@id":"https:\/\/franciscanos.org.br\/noticias\/#\/schema\/person\/b38fbf43118f02820bd932f2e4b14ad3"},"breadcrumb":{"@id":"https:\/\/franciscanos.org.br\/noticias\/revista-digital-sobre-catequese-e-lancada-no-dia-do-catequista.html#breadcrumb"},"inLanguage":"pt-BR","potentialAction":[{"@type":"ReadAction","target":["https:\/\/franciscanos.org.br\/noticias\/revista-digital-sobre-catequese-e-lancada-no-dia-do-catequista.html"]}]},{"@type":"BreadcrumbList","@id":"https:\/\/franciscanos.org.br\/noticias\/revista-digital-sobre-catequese-e-lancada-no-dia-do-catequista.html#breadcrumb","itemListElement":[{"@type":"ListItem","position":1,"name":"Home","item":"https:\/\/franciscanos.org.br\/noticias"},{"@type":"ListItem","position":2,"name":"Revista digital sobre catequese \u00e9 lan\u00e7ada no Dia do Catequista"}]},{"@type":"Person","@id":"https:\/\/franciscanos.org.br\/noticias\/#\/schema\/person\/b38fbf43118f02820bd932f2e4b14ad3","name":"admin","image":{"@type":"ImageObject","inLanguage":"pt-BR","@id":"https:\/\/franciscanos.org.br\/noticias\/#\/schema\/person\/image\/","url":"https:\/\/secure.gravatar.com\/avatar\/e8495742d34d0ba6448ea1c628263b3e?s=96&d=mm&r=g","contentUrl":"https:\/\/secure.gravatar.com\/avatar\/e8495742d34d0ba6448ea1c628263b3e?s=96&d=mm&r=g","caption":"admin"},"url":"https:\/\/franciscanos.org.br\/noticias\/author\/admin"}]}},"_links":{"self":[{"href":"https:\/\/franciscanos.org.br\/noticias\/wp-json\/wp\/v2\/posts\/44214"}],"collection":[{"href":"https:\/\/franciscanos.org.br\/noticias\/wp-json\/wp\/v2\/posts"}],"about":[{"href":"https:\/\/franciscanos.org.br\/noticias\/wp-json\/wp\/v2\/types\/post"}],"author":[{"embeddable":true,"href":"https:\/\/franciscanos.org.br\/noticias\/wp-json\/wp\/v2\/users\/1"}],"replies":[{"embeddable":true,"href":"https:\/\/franciscanos.org.br\/noticias\/wp-json\/wp\/v2\/comments?post=44214"}],"version-history":[{"count":0,"href":"https:\/\/franciscanos.org.br\/noticias\/wp-json\/wp\/v2\/posts\/44214\/revisions"}],"wp:featuredmedia":[{"embeddable":true,"href":"https:\/\/franciscanos.org.br\/noticias\/wp-json\/wp\/v2\/media\/217413"}],"wp:attachment":[{"href":"https:\/\/franciscanos.org.br\/noticias\/wp-json\/wp\/v2\/media?parent=44214"}],"wp:term":[{"taxonomy":"category","embeddable":true,"href":"https:\/\/franciscanos.org.br\/noticias\/wp-json\/wp\/v2\/categories?post=44214"},{"taxonomy":"post_tag","embeddable":true,"href":"https:\/\/franciscanos.org.br\/noticias\/wp-json\/wp\/v2\/tags?post=44214"}],"curies":[{"name":"wp","href":"https:\/\/api.w.org\/{rel}","templated":true}]}}