{"id":44111,"date":"2013-08-20T09:25:36","date_gmt":"2013-08-20T12:25:36","guid":{"rendered":"http:\/\/new.franciscanos.org.br\/?p=44111"},"modified":"2020-01-30T13:44:07","modified_gmt":"2020-01-30T16:44:07","slug":"festa-a-nossa-senhora-da-muxima-espera-quase-um-milhao-de-fieis","status":"publish","type":"post","link":"https:\/\/franciscanos.org.br\/noticias\/festa-a-nossa-senhora-da-muxima-espera-quase-um-milhao-de-fieis.html","title":{"rendered":"Festa de Nossa Senhora da Muxima espera quase um milh\u00e3o de fi\u00e9is"},"content":{"rendered":"<p><a href=\"http:\/\/franciscanos.org.br\/wp-content\/uploads\/2013\/08\/muxima.jpg\"><img loading=\"lazy\" class=\"alignright size-full wp-image-44116\" src=\"http:\/\/franciscanos.org.br\/wp-content\/uploads\/2013\/08\/muxima.jpg\" alt=\"Santu\u00e1rio de Angola\" width=\"450\" height=\"338\" \/><\/a><strong>Angola<\/strong> &#8211; O Santu\u00e1rio de Nossa Senhora da Muxima, o maior espa\u00e7o de devo\u00e7\u00e3o cat\u00f3lica em Angola, est\u00e1 preparado para receber, de 31 de agosto a 1\u00ba de setembro, cerca de um milh\u00e3o de pessoas para a peregrina\u00e7\u00e3o que tem neste ano o tema \u201cFam\u00edlia levanta-te e caminha, fam\u00edlia e cultura\u201d e o lema \u201cCreio senhor, aumenta a minha F\u00e9; Mam\u00e3 Muxima, intercede pelos que t\u00eam f\u00e9\u201d. Segundo o reitor do Santu\u00e1rio, Pe. Albino Reis Gonzalo, um programa religioso ser\u00e1 desenvolvido com vig\u00edlia, ter\u00e7o, catequeses, confiss\u00f5es e via-sacra, culminando com a grande celebra\u00e7\u00e3o da Santa Missa no \u00faltimo dia da festa.<\/p>\n<p>Segundo o reitor, existe uma comiss\u00e3o e subcomiss\u00f5es da Igreja Cat\u00f3lica e do Governo de Luanda para garantir a infraestrutura em transportes, deslocamentos, energia, \u00e1gua, sa\u00fade, alojamento, altar-mor e ilumina\u00e7\u00e3o, comunica\u00e7\u00e3o social e uma zona comercial para venda de artigos religiosos.<\/p>\n<p>Pe. Albino informou que v\u00e1rias par\u00f3quias est\u00e3o em prepara\u00e7\u00e3o para esta peregrina\u00e7\u00e3o ao Santu\u00e1rio e pediu para que se empenhem pelo bom andamento da festa. &#8220;O objetivo \u00e9 oferecer aos peregrinos uma experi\u00eancia de f\u00e9 e de ora\u00e7\u00e3o, pela reconcilia\u00e7\u00e3o pessoal, familiar e social&#8221;, explicou.<\/p>\n<p><a href=\"http:\/\/franciscanos.org.br\/wp-content\/uploads\/2013\/08\/imagem.jpg\"><img loading=\"lazy\" class=\"alignleft size-full wp-image-44118\" src=\"http:\/\/franciscanos.org.br\/wp-content\/uploads\/2013\/08\/imagem.jpg\" alt=\"imagem\" width=\"305\" height=\"458\" \/><\/a>N\u00e3o se conhece a data da sua constru\u00e7\u00e3o do Santu\u00e1rio. Estima-se que a Igreja da Nossa Senhora da Muxima foi fundada em 1599, por Baltazar Rebelo de Arag\u00e3o.<\/p>\n<p>A Igreja foi classificada como &#8220;monumento provincial&#8221; em 12 de Janeiro de 1924, quando o pa\u00eds era prov\u00edncia de Portugal. Hoje tem car\u00e1ter nacional, assim como o Forte da Muxima.<\/p>\n<p>Em 1647, Muxima caiu nas m\u00e3os dos holandeses, mas as tropas portuguesas reconquistaram-na algum tempo depois. Existem outros santu\u00e1rios em Angola, mas Muxima \u00e9 o que mais re\u00fane cat\u00f3licos. \u00c9 uma devo\u00e7\u00e3o que remonta ao ano de 1833. Crist\u00e3os percorriam quil\u00f4metros e quil\u00f4metros durante cinco dias para fazer chegarem as suas preces a Mam\u00e3 Muxima. Tudo se pedia na Igreja da Senhora Concei\u00e7\u00e3o da Muxima, desde chuva, sa\u00fade e filhos; uma tradi\u00e7\u00e3o que se conserva at\u00e9 hoje.<\/p>\n<p>Os crist\u00e3os cat\u00f3licos das povoa\u00e7\u00f5es do Kwanza refor\u00e7aram a sua devo\u00e7\u00e3o a Mam\u00e3 Muxima, no final do s\u00e9culo XIX, quando essas regi\u00f5es foram \u201cgravemente afetadas pela doen\u00e7a do sono (ou tripanossom\u00edase africana) que dizimou popula\u00e7\u00f5es inteiras\u201d, conta o sacerdote angolano Padre Agostinho de Sousa, que foi p\u00e1roco da Muxima.<\/p>\n<p>Situado a 130 quil\u00f4metros de Luanda e a 90 de Calumbo, na margem esquerda do rio Kwanza, para se chegar \u00e0 Igreja de Nossa Senhora de Muxima leva-se cerca de tr\u00eas horas, um privil\u00e9gio que os devotos dos s\u00e9culos passados n\u00e3o tinham. Antes, de Calumbo a Muxima fazia-se em tr\u00eas dias, pelo Rio Kwanza. A regi\u00e3o tem um\u00a0 clima tropical, quente e \u00famido, e o per\u00edodo do ano \u00a0mais quente vai de dezembro a abril.<\/p>\n<p><b>Novo Santu\u00e1rio<\/b><\/p>\n<p><a href=\"http:\/\/franciscanos.org.br\/wp-content\/uploads\/2013\/08\/nova.jpg\"><img loading=\"lazy\" class=\"alignright size-full wp-image-44119\" src=\"http:\/\/franciscanos.org.br\/wp-content\/uploads\/2013\/08\/nova.jpg\" alt=\"nova\" width=\"305\" height=\"402\" \/><\/a>A nova igreja est\u00e1 sendo constru\u00edda para acolher no seu interior 4 mil fi\u00e9is e uma ampla pra\u00e7a central capaz de receber 120 mil peregrinos. A igreja tem um formato circular tal como \u00e9 tradicional nos monumentos religiosos ligados ao culto mariano, cuja padroeira \u00e9 Nossa Senhora da Concei\u00e7\u00e3o, a quem o povo chama Nossa Senhora da Muxima ou Mam\u00e3 Muxima.<\/p>\n<p>Segundo as maquetes, o santu\u00e1rio, localizado na margem esquerda do rio Kwanza, em frente \u00e0 velha igreja, tem uma arquitetura imponente. No alto do edif\u00edcio est\u00e1 uma enorme cruz deitada, iluminada durante a noite, que se ver\u00e1 dos c\u00e9us e dos morros da Kissama. Uma torre com sete sinos eleva-se ao lado do templo. Por detr\u00e1s do altar, estar\u00e3o 15 vitrais, captando o Sol do Norte.<\/p>\n<p>\u201cO projeto teve in\u00edcio em agosto do ano passado, com filmagens do espa\u00e7o e da forma como os fi\u00e9is praticam a sua religiosidade. Esse exaustivo trabalho de campo foi uma pe\u00e7a essencial para as solu\u00e7\u00f5es arquitet\u00f4nicas escolhidas\u201d, justifica o projetista portugu\u00eas J\u00falio Quaresma.<\/p>\n<p>Mas este projeto de cerca de 40 milh\u00f5es de euros \u00e9 muito mais do que um santu\u00e1rio. A vila do Muxima ganhar\u00e1 uma escola, um posto de pol\u00edcia, centro de sa\u00fade, restaurante, hotel com duas ou tr\u00eas estrelas, zona comercial formal e informal, centro comunit\u00e1rio, parque de campismo, espa\u00e7os verdes e infraestruturas (redes el\u00e9ctricas, esgotos e \u00e1gua) e ainda uma \u00e1rea agr\u00edcola para os habitantes da vila poderem explorar. No plano tecnol\u00f3gico est\u00e1 ainda inclu\u00eddo o uso de pain\u00e9is solares. Na margem oposta ser\u00e1 constru\u00eddo um complexo tur\u00edstico.<\/p>\n<p><b>Presen\u00e7a franciscana em Angola<\/b><\/p>\n<p>O trabalho mission\u00e1rio da Prov\u00edncia da Imaculada Concei\u00e7\u00e3o come\u00e7ou em Angola em 1990, quando enviou para Luanda os seus primeiros mission\u00e1rios. Hoje, a Miss\u00e3o Franciscana de Angola \u00e9 um celeiro de voca\u00e7\u00f5es.<\/p>\n<p>Em 23 anos de Miss\u00e3o em Angola, a Funda\u00e7\u00e3o Imaculada M\u00e3e de Deus colhe os frutos desta presen\u00e7a evangelizadora. Al\u00e9m dos sete novi\u00e7os que est\u00e3o em Rodeio (SC), a Funda\u00e7\u00e3o j\u00e1 formou dois sacerdotes: Frei Afonso Quessongo e Frei Ant\u00f3nio Baza, e tem como professos tempor\u00e1rios: Frei Alfredo Epalanga Prego, Frei Jo\u00e3o Alberto Bunga, Frei Quintino Viqui Samayenje, Frei Santana Sebasti\u00e3o Cafunda, Frei Tiago Manuel Quingando, Frei Gaud\u00eancio Numa, Frei Jo\u00e3o Batista Canjenjenga, Frei Jos\u00e9 MOrais Combolo, Frei Manuel Ramos e Frei Mvula Andr\u00e9.<\/p>\n<p>A Miss\u00e3o de Angola foi elevada \u00e0 condi\u00e7\u00e3o de Funda\u00e7\u00e3o, com o nome de Imaculada M\u00e3e de Deus, no dia 26 de maio de 1998. Hoje, a Funda\u00e7\u00e3o tem cinco fraternidades: S\u00e3o Francisco de Assis, a casa-m\u00e3e que fica em Palanca, e onde os frades atendem a Par\u00f3quia de S\u00e3o Lucas (fundada em 2000); a Fraternidade Porci\u00fancula, que fica em Viana (p\u00f3s-Noviciado), as duas em Luanda, na capital angolana. Em Malange \u2013 a 430 quil\u00f4metros da capital -, existem a Fraternidade do Semin\u00e1rio Monte Alverne e a Fraternidade S\u00e3o Dami\u00e3o, as duas no bairro de Katepa; e em Quibala est\u00e1 a Fraternidade Santo Ant\u00f4nio, que tamb\u00e9m \u00e9 casa de forma\u00e7\u00e3o da etapa do postulantado.<\/p>\n<p>&nbsp;<\/p>\n","protected":false},"excerpt":{"rendered":"<p>Em Angola<\/p>\n","protected":false},"author":1,"featured_media":217394,"comment_status":"closed","ping_status":"open","sticky":false,"template":"","format":"standard","meta":[],"categories":[1],"tags":[360],"acf":[],"yoast_head":"<!-- This site is optimized with the Yoast SEO plugin v19.2 - https:\/\/yoast.com\/wordpress\/plugins\/seo\/ -->\n<title>Festa de Nossa Senhora da Muxima espera quase um milh\u00e3o de fi\u00e9is - Not\u00edcias - Franciscanos<\/title>\n<meta name=\"robots\" content=\"index, follow, max-snippet:-1, max-image-preview:large, max-video-preview:-1\" \/>\n<link rel=\"canonical\" href=\"https:\/\/franciscanos.org.br\/noticias\/festa-a-nossa-senhora-da-muxima-espera-quase-um-milhao-de-fieis.html\" \/>\n<meta property=\"og:locale\" content=\"pt_BR\" \/>\n<meta property=\"og:type\" content=\"article\" \/>\n<meta property=\"og:title\" content=\"Festa de Nossa Senhora da Muxima espera quase um milh\u00e3o de fi\u00e9is - Not\u00edcias - Franciscanos\" \/>\n<meta property=\"og:description\" content=\"Em Angola\" \/>\n<meta property=\"og:url\" content=\"https:\/\/franciscanos.org.br\/noticias\/festa-a-nossa-senhora-da-muxima-espera-quase-um-milhao-de-fieis.html\" \/>\n<meta property=\"og:site_name\" content=\"Not\u00edcias - Franciscanos\" \/>\n<meta property=\"article:published_time\" content=\"2013-08-20T12:25:36+00:00\" \/>\n<meta property=\"article:modified_time\" content=\"2020-01-30T16:44:07+00:00\" \/>\n<meta property=\"og:image\" content=\"https:\/\/franciscanos.org.br\/noticias\/wp-content\/uploads\/2013\/08\/muxima.jpg\" \/>\n\t<meta property=\"og:image:width\" content=\"273\" \/>\n\t<meta property=\"og:image:height\" content=\"181\" \/>\n\t<meta property=\"og:image:type\" content=\"image\/jpeg\" \/>\n<meta name=\"author\" content=\"admin\" \/>\n<meta name=\"twitter:card\" content=\"summary_large_image\" \/>\n<meta name=\"twitter:label1\" content=\"Escrito por\" \/>\n\t<meta name=\"twitter:data1\" content=\"admin\" \/>\n\t<meta name=\"twitter:label2\" content=\"Est. tempo de leitura\" \/>\n\t<meta name=\"twitter:data2\" content=\"5 minutos\" \/>\n<script type=\"application\/ld+json\" class=\"yoast-schema-graph\">{\"@context\":\"https:\/\/schema.org\",\"@graph\":[{\"@type\":\"WebSite\",\"@id\":\"https:\/\/franciscanos.org.br\/noticias\/#website\",\"url\":\"https:\/\/franciscanos.org.br\/noticias\/\",\"name\":\"Not\u00edcias - Franciscanos\",\"description\":\"Prov\u00edncia Franciscana da Imaculada Concei\u00e7\u00e3o do Brasil - Ordem dos Frades Menores - OFM\",\"potentialAction\":[{\"@type\":\"SearchAction\",\"target\":{\"@type\":\"EntryPoint\",\"urlTemplate\":\"https:\/\/franciscanos.org.br\/noticias\/?s={search_term_string}\"},\"query-input\":\"required name=search_term_string\"}],\"inLanguage\":\"pt-BR\"},{\"@type\":\"ImageObject\",\"inLanguage\":\"pt-BR\",\"@id\":\"https:\/\/franciscanos.org.br\/noticias\/festa-a-nossa-senhora-da-muxima-espera-quase-um-milhao-de-fieis.html#primaryimage\",\"url\":\"https:\/\/franciscanos.org.br\/noticias\/wp-content\/uploads\/2013\/08\/muxima.jpg\",\"contentUrl\":\"https:\/\/franciscanos.org.br\/noticias\/wp-content\/uploads\/2013\/08\/muxima.jpg\",\"width\":273,\"height\":181},{\"@type\":\"WebPage\",\"@id\":\"https:\/\/franciscanos.org.br\/noticias\/festa-a-nossa-senhora-da-muxima-espera-quase-um-milhao-de-fieis.html#webpage\",\"url\":\"https:\/\/franciscanos.org.br\/noticias\/festa-a-nossa-senhora-da-muxima-espera-quase-um-milhao-de-fieis.html\",\"name\":\"Festa de Nossa Senhora da Muxima espera quase um milh\u00e3o de fi\u00e9is - Not\u00edcias - Franciscanos\",\"isPartOf\":{\"@id\":\"https:\/\/franciscanos.org.br\/noticias\/#website\"},\"primaryImageOfPage\":{\"@id\":\"https:\/\/franciscanos.org.br\/noticias\/festa-a-nossa-senhora-da-muxima-espera-quase-um-milhao-de-fieis.html#primaryimage\"},\"datePublished\":\"2013-08-20T12:25:36+00:00\",\"dateModified\":\"2020-01-30T16:44:07+00:00\",\"author\":{\"@id\":\"https:\/\/franciscanos.org.br\/noticias\/#\/schema\/person\/b38fbf43118f02820bd932f2e4b14ad3\"},\"breadcrumb\":{\"@id\":\"https:\/\/franciscanos.org.br\/noticias\/festa-a-nossa-senhora-da-muxima-espera-quase-um-milhao-de-fieis.html#breadcrumb\"},\"inLanguage\":\"pt-BR\",\"potentialAction\":[{\"@type\":\"ReadAction\",\"target\":[\"https:\/\/franciscanos.org.br\/noticias\/festa-a-nossa-senhora-da-muxima-espera-quase-um-milhao-de-fieis.html\"]}]},{\"@type\":\"BreadcrumbList\",\"@id\":\"https:\/\/franciscanos.org.br\/noticias\/festa-a-nossa-senhora-da-muxima-espera-quase-um-milhao-de-fieis.html#breadcrumb\",\"itemListElement\":[{\"@type\":\"ListItem\",\"position\":1,\"name\":\"Home\",\"item\":\"https:\/\/franciscanos.org.br\/noticias\"},{\"@type\":\"ListItem\",\"position\":2,\"name\":\"Festa de Nossa Senhora da Muxima espera quase um milh\u00e3o de fi\u00e9is\"}]},{\"@type\":\"Person\",\"@id\":\"https:\/\/franciscanos.org.br\/noticias\/#\/schema\/person\/b38fbf43118f02820bd932f2e4b14ad3\",\"name\":\"admin\",\"image\":{\"@type\":\"ImageObject\",\"inLanguage\":\"pt-BR\",\"@id\":\"https:\/\/franciscanos.org.br\/noticias\/#\/schema\/person\/image\/\",\"url\":\"https:\/\/secure.gravatar.com\/avatar\/e8495742d34d0ba6448ea1c628263b3e?s=96&d=mm&r=g\",\"contentUrl\":\"https:\/\/secure.gravatar.com\/avatar\/e8495742d34d0ba6448ea1c628263b3e?s=96&d=mm&r=g\",\"caption\":\"admin\"},\"url\":\"https:\/\/franciscanos.org.br\/noticias\/author\/admin\"}]}<\/script>\n<!-- \/ Yoast SEO plugin. -->","yoast_head_json":{"title":"Festa de Nossa Senhora da Muxima espera quase um milh\u00e3o de fi\u00e9is - Not\u00edcias - Franciscanos","robots":{"index":"index","follow":"follow","max-snippet":"max-snippet:-1","max-image-preview":"max-image-preview:large","max-video-preview":"max-video-preview:-1"},"canonical":"https:\/\/franciscanos.org.br\/noticias\/festa-a-nossa-senhora-da-muxima-espera-quase-um-milhao-de-fieis.html","og_locale":"pt_BR","og_type":"article","og_title":"Festa de Nossa Senhora da Muxima espera quase um milh\u00e3o de fi\u00e9is - Not\u00edcias - Franciscanos","og_description":"Em Angola","og_url":"https:\/\/franciscanos.org.br\/noticias\/festa-a-nossa-senhora-da-muxima-espera-quase-um-milhao-de-fieis.html","og_site_name":"Not\u00edcias - Franciscanos","article_published_time":"2013-08-20T12:25:36+00:00","article_modified_time":"2020-01-30T16:44:07+00:00","og_image":[{"width":273,"height":181,"url":"https:\/\/franciscanos.org.br\/noticias\/wp-content\/uploads\/2013\/08\/muxima.jpg","type":"image\/jpeg"}],"author":"admin","twitter_card":"summary_large_image","twitter_misc":{"Escrito por":"admin","Est. tempo de leitura":"5 minutos"},"schema":{"@context":"https:\/\/schema.org","@graph":[{"@type":"WebSite","@id":"https:\/\/franciscanos.org.br\/noticias\/#website","url":"https:\/\/franciscanos.org.br\/noticias\/","name":"Not\u00edcias - Franciscanos","description":"Prov\u00edncia Franciscana da Imaculada Concei\u00e7\u00e3o do Brasil - Ordem dos Frades Menores - OFM","potentialAction":[{"@type":"SearchAction","target":{"@type":"EntryPoint","urlTemplate":"https:\/\/franciscanos.org.br\/noticias\/?s={search_term_string}"},"query-input":"required name=search_term_string"}],"inLanguage":"pt-BR"},{"@type":"ImageObject","inLanguage":"pt-BR","@id":"https:\/\/franciscanos.org.br\/noticias\/festa-a-nossa-senhora-da-muxima-espera-quase-um-milhao-de-fieis.html#primaryimage","url":"https:\/\/franciscanos.org.br\/noticias\/wp-content\/uploads\/2013\/08\/muxima.jpg","contentUrl":"https:\/\/franciscanos.org.br\/noticias\/wp-content\/uploads\/2013\/08\/muxima.jpg","width":273,"height":181},{"@type":"WebPage","@id":"https:\/\/franciscanos.org.br\/noticias\/festa-a-nossa-senhora-da-muxima-espera-quase-um-milhao-de-fieis.html#webpage","url":"https:\/\/franciscanos.org.br\/noticias\/festa-a-nossa-senhora-da-muxima-espera-quase-um-milhao-de-fieis.html","name":"Festa de Nossa Senhora da Muxima espera quase um milh\u00e3o de fi\u00e9is - Not\u00edcias - Franciscanos","isPartOf":{"@id":"https:\/\/franciscanos.org.br\/noticias\/#website"},"primaryImageOfPage":{"@id":"https:\/\/franciscanos.org.br\/noticias\/festa-a-nossa-senhora-da-muxima-espera-quase-um-milhao-de-fieis.html#primaryimage"},"datePublished":"2013-08-20T12:25:36+00:00","dateModified":"2020-01-30T16:44:07+00:00","author":{"@id":"https:\/\/franciscanos.org.br\/noticias\/#\/schema\/person\/b38fbf43118f02820bd932f2e4b14ad3"},"breadcrumb":{"@id":"https:\/\/franciscanos.org.br\/noticias\/festa-a-nossa-senhora-da-muxima-espera-quase-um-milhao-de-fieis.html#breadcrumb"},"inLanguage":"pt-BR","potentialAction":[{"@type":"ReadAction","target":["https:\/\/franciscanos.org.br\/noticias\/festa-a-nossa-senhora-da-muxima-espera-quase-um-milhao-de-fieis.html"]}]},{"@type":"BreadcrumbList","@id":"https:\/\/franciscanos.org.br\/noticias\/festa-a-nossa-senhora-da-muxima-espera-quase-um-milhao-de-fieis.html#breadcrumb","itemListElement":[{"@type":"ListItem","position":1,"name":"Home","item":"https:\/\/franciscanos.org.br\/noticias"},{"@type":"ListItem","position":2,"name":"Festa de Nossa Senhora da Muxima espera quase um milh\u00e3o de fi\u00e9is"}]},{"@type":"Person","@id":"https:\/\/franciscanos.org.br\/noticias\/#\/schema\/person\/b38fbf43118f02820bd932f2e4b14ad3","name":"admin","image":{"@type":"ImageObject","inLanguage":"pt-BR","@id":"https:\/\/franciscanos.org.br\/noticias\/#\/schema\/person\/image\/","url":"https:\/\/secure.gravatar.com\/avatar\/e8495742d34d0ba6448ea1c628263b3e?s=96&d=mm&r=g","contentUrl":"https:\/\/secure.gravatar.com\/avatar\/e8495742d34d0ba6448ea1c628263b3e?s=96&d=mm&r=g","caption":"admin"},"url":"https:\/\/franciscanos.org.br\/noticias\/author\/admin"}]}},"_links":{"self":[{"href":"https:\/\/franciscanos.org.br\/noticias\/wp-json\/wp\/v2\/posts\/44111"}],"collection":[{"href":"https:\/\/franciscanos.org.br\/noticias\/wp-json\/wp\/v2\/posts"}],"about":[{"href":"https:\/\/franciscanos.org.br\/noticias\/wp-json\/wp\/v2\/types\/post"}],"author":[{"embeddable":true,"href":"https:\/\/franciscanos.org.br\/noticias\/wp-json\/wp\/v2\/users\/1"}],"replies":[{"embeddable":true,"href":"https:\/\/franciscanos.org.br\/noticias\/wp-json\/wp\/v2\/comments?post=44111"}],"version-history":[{"count":0,"href":"https:\/\/franciscanos.org.br\/noticias\/wp-json\/wp\/v2\/posts\/44111\/revisions"}],"wp:featuredmedia":[{"embeddable":true,"href":"https:\/\/franciscanos.org.br\/noticias\/wp-json\/wp\/v2\/media\/217394"}],"wp:attachment":[{"href":"https:\/\/franciscanos.org.br\/noticias\/wp-json\/wp\/v2\/media?parent=44111"}],"wp:term":[{"taxonomy":"category","embeddable":true,"href":"https:\/\/franciscanos.org.br\/noticias\/wp-json\/wp\/v2\/categories?post=44111"},{"taxonomy":"post_tag","embeddable":true,"href":"https:\/\/franciscanos.org.br\/noticias\/wp-json\/wp\/v2\/tags?post=44111"}],"curies":[{"name":"wp","href":"https:\/\/api.w.org\/{rel}","templated":true}]}}