{"id":43807,"date":"2013-08-17T10:45:28","date_gmt":"2013-08-17T13:45:28","guid":{"rendered":"http:\/\/new.franciscanos.org.br\/?p=43807"},"modified":"2020-01-30T13:36:47","modified_gmt":"2020-01-30T16:36:47","slug":"deserto-e-procissao-luminosa-no-retiro-dos-benfeitores","status":"publish","type":"post","link":"https:\/\/franciscanos.org.br\/noticias\/deserto-e-procissao-luminosa-no-retiro-dos-benfeitores.html","title":{"rendered":"Deserto e prociss\u00e3o luminosa no Retiro de Agudos"},"content":{"rendered":"<p><strong><a href=\"http:\/\/franciscanos.org.br\/wp-content\/uploads\/2013\/08\/retiro3.jpg\"><img loading=\"lazy\" class=\"alignright size-full wp-image-43809\" src=\"http:\/\/franciscanos.org.br\/wp-content\/uploads\/2013\/08\/retiro3.jpg\" alt=\"retiro\" width=\"500\" height=\"331\" \/><\/a>Frei Alvaci Mendes<\/strong><\/p>\n<p><strong>Agudos (SP)<\/strong> &#8211; Eram 6h30 da manh\u00e3, quando se ouviram, nos corredores do Semin\u00e1rio Santo Ant\u00f4nio, os primeiros acordes do viol\u00e3o de Frei Xand\u00e3o e equipe: estava come\u00e7ando o segundo dia do Retiro dos Benfeitores Franciscanos.<\/p>\n<p>Este dia teve toda uma din\u00e2mica especial sobre a vida franciscana e os v\u00e1rios ramos que a espiritualidade de Francisco e Clara inspiraram ao longo de oitocentos anos de hist\u00f3ria. Frei Gustavo Medella conduziu os momentos de partilha, levando os participantes a conhecerem um pouco mais da riqueza do carisma franciscano. Eles s\u00e3o os inspiradores de um ideal de vida nobre, que pode ser seguido por homens e mulheres, no claustro ou no mundo, de diversos modos e em diferentes tempos.<\/p>\n<p>Um dos momentos significativos foi o \u201ccaminho de Ema\u00fas\u201d, ou deserto, que os benfeitores fizeram dois a dois pelos arredores do Semin\u00e1rio. Orientados por Frei Diego, cada benfeitor escolheu o seu companheiro de partilha e \u201cdisc\u00edpulo\u201d na estrada rumo a Ema\u00fas. Segundo o Frei Diego, eles n\u00e3o seguiam e conversavam sozinhos, havia uma terceira pessoa com eles: o pr\u00f3prio Jesus. Do mesmo modo, o Senhor estava ali, com cada um daqueles que caminhavam e partilhavam sua vida, suas alegrias e suas ang\u00fastias. Na partilha que se seguiu, \u00e0 tarde, pode-se sentir o quanto este momento foi valioso para cada benfeitor.<\/p>\n<p><img loading=\"lazy\" class=\"size-full wp-image-43810 alignleft\" src=\"http:\/\/franciscanos.org.br\/wp-content\/uploads\/2013\/08\/retiro21.jpg\" alt=\"retiro2\" width=\"400\" height=\"275\" \/>\u00a0\u00a0\u00a0 E como n\u00e3o poderia deixar de ser, os momentos devocionais sempre fazem parte de um retiro como este. Desde a ora\u00e7\u00e3o da manh\u00e3, conduzida por Frei Xand\u00e3o, at\u00e9 a Caminhada com Maria, ou prociss\u00e3o luminosa, rumo \u00e0 gruta do Semin\u00e1rio. Na caminhada, meditando as sete alegrias de Nossa Senhora, cada um dos participantes, p\u00f4de colocar, diante de Deus e de Maria, sua vida, sua fam\u00edlia, seus amigos, p\u00f4de agradecer e pedir, enfim, rezar e meditar.<\/p>\n<p>Nada melhor, para terminar este segundo dia, do que conhecer melhor a vida de Francisco e Clara. E foi assistindo a um filme, com o t\u00edtulo: \u201cFrancisco de Assis\u201d, no Sal\u00e3o Nobre do Semin\u00e1rio, que se encerraram as atividades desta sexta-feira.<\/p>\n<p>O retiro segue at\u00e9 domingo, dia 18 de agosto.<\/p>\n","protected":false},"excerpt":{"rendered":"<p>PVF<\/p>\n","protected":false},"author":1,"featured_media":217379,"comment_status":"closed","ping_status":"open","sticky":false,"template":"","format":"standard","meta":[],"categories":[1],"tags":[254],"acf":[],"yoast_head":"<!-- This site is optimized with the Yoast SEO plugin v19.2 - https:\/\/yoast.com\/wordpress\/plugins\/seo\/ -->\n<title>Deserto e prociss\u00e3o luminosa no Retiro de Agudos - Not\u00edcias - Franciscanos<\/title>\n<meta name=\"robots\" content=\"index, follow, max-snippet:-1, max-image-preview:large, max-video-preview:-1\" \/>\n<link rel=\"canonical\" href=\"https:\/\/franciscanos.org.br\/noticias\/deserto-e-procissao-luminosa-no-retiro-dos-benfeitores.html\" \/>\n<meta property=\"og:locale\" content=\"pt_BR\" \/>\n<meta property=\"og:type\" content=\"article\" \/>\n<meta property=\"og:title\" content=\"Deserto e prociss\u00e3o luminosa no Retiro de Agudos - Not\u00edcias - Franciscanos\" \/>\n<meta property=\"og:description\" content=\"PVF\" \/>\n<meta property=\"og:url\" content=\"https:\/\/franciscanos.org.br\/noticias\/deserto-e-procissao-luminosa-no-retiro-dos-benfeitores.html\" \/>\n<meta property=\"og:site_name\" content=\"Not\u00edcias - Franciscanos\" \/>\n<meta property=\"article:published_time\" content=\"2013-08-17T13:45:28+00:00\" \/>\n<meta property=\"article:modified_time\" content=\"2020-01-30T16:36:47+00:00\" \/>\n<meta property=\"og:image\" content=\"https:\/\/franciscanos.org.br\/noticias\/wp-content\/uploads\/2013\/08\/retiro3.jpg\" \/>\n\t<meta property=\"og:image:width\" content=\"273\" \/>\n\t<meta property=\"og:image:height\" content=\"181\" \/>\n\t<meta property=\"og:image:type\" content=\"image\/jpeg\" \/>\n<meta name=\"author\" content=\"admin\" \/>\n<meta name=\"twitter:card\" content=\"summary_large_image\" \/>\n<meta name=\"twitter:label1\" content=\"Escrito por\" \/>\n\t<meta name=\"twitter:data1\" content=\"admin\" \/>\n\t<meta name=\"twitter:label2\" content=\"Est. tempo de leitura\" \/>\n\t<meta name=\"twitter:data2\" content=\"2 minutos\" \/>\n<script type=\"application\/ld+json\" class=\"yoast-schema-graph\">{\"@context\":\"https:\/\/schema.org\",\"@graph\":[{\"@type\":\"WebSite\",\"@id\":\"https:\/\/franciscanos.org.br\/noticias\/#website\",\"url\":\"https:\/\/franciscanos.org.br\/noticias\/\",\"name\":\"Not\u00edcias - Franciscanos\",\"description\":\"Prov\u00edncia Franciscana da Imaculada Concei\u00e7\u00e3o do Brasil - Ordem dos Frades Menores - OFM\",\"potentialAction\":[{\"@type\":\"SearchAction\",\"target\":{\"@type\":\"EntryPoint\",\"urlTemplate\":\"https:\/\/franciscanos.org.br\/noticias\/?s={search_term_string}\"},\"query-input\":\"required name=search_term_string\"}],\"inLanguage\":\"pt-BR\"},{\"@type\":\"ImageObject\",\"inLanguage\":\"pt-BR\",\"@id\":\"https:\/\/franciscanos.org.br\/noticias\/deserto-e-procissao-luminosa-no-retiro-dos-benfeitores.html#primaryimage\",\"url\":\"https:\/\/franciscanos.org.br\/noticias\/wp-content\/uploads\/2013\/08\/retiro3.jpg\",\"contentUrl\":\"https:\/\/franciscanos.org.br\/noticias\/wp-content\/uploads\/2013\/08\/retiro3.jpg\",\"width\":273,\"height\":181},{\"@type\":\"WebPage\",\"@id\":\"https:\/\/franciscanos.org.br\/noticias\/deserto-e-procissao-luminosa-no-retiro-dos-benfeitores.html#webpage\",\"url\":\"https:\/\/franciscanos.org.br\/noticias\/deserto-e-procissao-luminosa-no-retiro-dos-benfeitores.html\",\"name\":\"Deserto e prociss\u00e3o luminosa no Retiro de Agudos - Not\u00edcias - Franciscanos\",\"isPartOf\":{\"@id\":\"https:\/\/franciscanos.org.br\/noticias\/#website\"},\"primaryImageOfPage\":{\"@id\":\"https:\/\/franciscanos.org.br\/noticias\/deserto-e-procissao-luminosa-no-retiro-dos-benfeitores.html#primaryimage\"},\"datePublished\":\"2013-08-17T13:45:28+00:00\",\"dateModified\":\"2020-01-30T16:36:47+00:00\",\"author\":{\"@id\":\"https:\/\/franciscanos.org.br\/noticias\/#\/schema\/person\/b38fbf43118f02820bd932f2e4b14ad3\"},\"breadcrumb\":{\"@id\":\"https:\/\/franciscanos.org.br\/noticias\/deserto-e-procissao-luminosa-no-retiro-dos-benfeitores.html#breadcrumb\"},\"inLanguage\":\"pt-BR\",\"potentialAction\":[{\"@type\":\"ReadAction\",\"target\":[\"https:\/\/franciscanos.org.br\/noticias\/deserto-e-procissao-luminosa-no-retiro-dos-benfeitores.html\"]}]},{\"@type\":\"BreadcrumbList\",\"@id\":\"https:\/\/franciscanos.org.br\/noticias\/deserto-e-procissao-luminosa-no-retiro-dos-benfeitores.html#breadcrumb\",\"itemListElement\":[{\"@type\":\"ListItem\",\"position\":1,\"name\":\"Home\",\"item\":\"https:\/\/franciscanos.org.br\/noticias\"},{\"@type\":\"ListItem\",\"position\":2,\"name\":\"Deserto e prociss\u00e3o luminosa no Retiro de Agudos\"}]},{\"@type\":\"Person\",\"@id\":\"https:\/\/franciscanos.org.br\/noticias\/#\/schema\/person\/b38fbf43118f02820bd932f2e4b14ad3\",\"name\":\"admin\",\"image\":{\"@type\":\"ImageObject\",\"inLanguage\":\"pt-BR\",\"@id\":\"https:\/\/franciscanos.org.br\/noticias\/#\/schema\/person\/image\/\",\"url\":\"https:\/\/secure.gravatar.com\/avatar\/e8495742d34d0ba6448ea1c628263b3e?s=96&d=mm&r=g\",\"contentUrl\":\"https:\/\/secure.gravatar.com\/avatar\/e8495742d34d0ba6448ea1c628263b3e?s=96&d=mm&r=g\",\"caption\":\"admin\"},\"url\":\"https:\/\/franciscanos.org.br\/noticias\/author\/admin\"}]}<\/script>\n<!-- \/ Yoast SEO plugin. -->","yoast_head_json":{"title":"Deserto e prociss\u00e3o luminosa no Retiro de Agudos - Not\u00edcias - Franciscanos","robots":{"index":"index","follow":"follow","max-snippet":"max-snippet:-1","max-image-preview":"max-image-preview:large","max-video-preview":"max-video-preview:-1"},"canonical":"https:\/\/franciscanos.org.br\/noticias\/deserto-e-procissao-luminosa-no-retiro-dos-benfeitores.html","og_locale":"pt_BR","og_type":"article","og_title":"Deserto e prociss\u00e3o luminosa no Retiro de Agudos - Not\u00edcias - Franciscanos","og_description":"PVF","og_url":"https:\/\/franciscanos.org.br\/noticias\/deserto-e-procissao-luminosa-no-retiro-dos-benfeitores.html","og_site_name":"Not\u00edcias - Franciscanos","article_published_time":"2013-08-17T13:45:28+00:00","article_modified_time":"2020-01-30T16:36:47+00:00","og_image":[{"width":273,"height":181,"url":"https:\/\/franciscanos.org.br\/noticias\/wp-content\/uploads\/2013\/08\/retiro3.jpg","type":"image\/jpeg"}],"author":"admin","twitter_card":"summary_large_image","twitter_misc":{"Escrito por":"admin","Est. tempo de leitura":"2 minutos"},"schema":{"@context":"https:\/\/schema.org","@graph":[{"@type":"WebSite","@id":"https:\/\/franciscanos.org.br\/noticias\/#website","url":"https:\/\/franciscanos.org.br\/noticias\/","name":"Not\u00edcias - Franciscanos","description":"Prov\u00edncia Franciscana da Imaculada Concei\u00e7\u00e3o do Brasil - Ordem dos Frades Menores - OFM","potentialAction":[{"@type":"SearchAction","target":{"@type":"EntryPoint","urlTemplate":"https:\/\/franciscanos.org.br\/noticias\/?s={search_term_string}"},"query-input":"required name=search_term_string"}],"inLanguage":"pt-BR"},{"@type":"ImageObject","inLanguage":"pt-BR","@id":"https:\/\/franciscanos.org.br\/noticias\/deserto-e-procissao-luminosa-no-retiro-dos-benfeitores.html#primaryimage","url":"https:\/\/franciscanos.org.br\/noticias\/wp-content\/uploads\/2013\/08\/retiro3.jpg","contentUrl":"https:\/\/franciscanos.org.br\/noticias\/wp-content\/uploads\/2013\/08\/retiro3.jpg","width":273,"height":181},{"@type":"WebPage","@id":"https:\/\/franciscanos.org.br\/noticias\/deserto-e-procissao-luminosa-no-retiro-dos-benfeitores.html#webpage","url":"https:\/\/franciscanos.org.br\/noticias\/deserto-e-procissao-luminosa-no-retiro-dos-benfeitores.html","name":"Deserto e prociss\u00e3o luminosa no Retiro de Agudos - Not\u00edcias - Franciscanos","isPartOf":{"@id":"https:\/\/franciscanos.org.br\/noticias\/#website"},"primaryImageOfPage":{"@id":"https:\/\/franciscanos.org.br\/noticias\/deserto-e-procissao-luminosa-no-retiro-dos-benfeitores.html#primaryimage"},"datePublished":"2013-08-17T13:45:28+00:00","dateModified":"2020-01-30T16:36:47+00:00","author":{"@id":"https:\/\/franciscanos.org.br\/noticias\/#\/schema\/person\/b38fbf43118f02820bd932f2e4b14ad3"},"breadcrumb":{"@id":"https:\/\/franciscanos.org.br\/noticias\/deserto-e-procissao-luminosa-no-retiro-dos-benfeitores.html#breadcrumb"},"inLanguage":"pt-BR","potentialAction":[{"@type":"ReadAction","target":["https:\/\/franciscanos.org.br\/noticias\/deserto-e-procissao-luminosa-no-retiro-dos-benfeitores.html"]}]},{"@type":"BreadcrumbList","@id":"https:\/\/franciscanos.org.br\/noticias\/deserto-e-procissao-luminosa-no-retiro-dos-benfeitores.html#breadcrumb","itemListElement":[{"@type":"ListItem","position":1,"name":"Home","item":"https:\/\/franciscanos.org.br\/noticias"},{"@type":"ListItem","position":2,"name":"Deserto e prociss\u00e3o luminosa no Retiro de Agudos"}]},{"@type":"Person","@id":"https:\/\/franciscanos.org.br\/noticias\/#\/schema\/person\/b38fbf43118f02820bd932f2e4b14ad3","name":"admin","image":{"@type":"ImageObject","inLanguage":"pt-BR","@id":"https:\/\/franciscanos.org.br\/noticias\/#\/schema\/person\/image\/","url":"https:\/\/secure.gravatar.com\/avatar\/e8495742d34d0ba6448ea1c628263b3e?s=96&d=mm&r=g","contentUrl":"https:\/\/secure.gravatar.com\/avatar\/e8495742d34d0ba6448ea1c628263b3e?s=96&d=mm&r=g","caption":"admin"},"url":"https:\/\/franciscanos.org.br\/noticias\/author\/admin"}]}},"_links":{"self":[{"href":"https:\/\/franciscanos.org.br\/noticias\/wp-json\/wp\/v2\/posts\/43807"}],"collection":[{"href":"https:\/\/franciscanos.org.br\/noticias\/wp-json\/wp\/v2\/posts"}],"about":[{"href":"https:\/\/franciscanos.org.br\/noticias\/wp-json\/wp\/v2\/types\/post"}],"author":[{"embeddable":true,"href":"https:\/\/franciscanos.org.br\/noticias\/wp-json\/wp\/v2\/users\/1"}],"replies":[{"embeddable":true,"href":"https:\/\/franciscanos.org.br\/noticias\/wp-json\/wp\/v2\/comments?post=43807"}],"version-history":[{"count":0,"href":"https:\/\/franciscanos.org.br\/noticias\/wp-json\/wp\/v2\/posts\/43807\/revisions"}],"wp:featuredmedia":[{"embeddable":true,"href":"https:\/\/franciscanos.org.br\/noticias\/wp-json\/wp\/v2\/media\/217379"}],"wp:attachment":[{"href":"https:\/\/franciscanos.org.br\/noticias\/wp-json\/wp\/v2\/media?parent=43807"}],"wp:term":[{"taxonomy":"category","embeddable":true,"href":"https:\/\/franciscanos.org.br\/noticias\/wp-json\/wp\/v2\/categories?post=43807"},{"taxonomy":"post_tag","embeddable":true,"href":"https:\/\/franciscanos.org.br\/noticias\/wp-json\/wp\/v2\/tags?post=43807"}],"curies":[{"name":"wp","href":"https:\/\/api.w.org\/{rel}","templated":true}]}}