{"id":43782,"date":"2013-08-16T13:25:31","date_gmt":"2013-08-16T16:25:31","guid":{"rendered":"http:\/\/new.franciscanos.org.br\/?p=43782"},"modified":"2020-01-30T13:23:03","modified_gmt":"2020-01-30T16:23:03","slug":"o-cuidado-total-do-humano","status":"publish","type":"post","link":"https:\/\/franciscanos.org.br\/noticias\/o-cuidado-total-do-humano.html","title":{"rendered":"O cuidado total do humano"},"content":{"rendered":"<p><img loading=\"lazy\" src=\"http:\/\/franciscanos.org.br\/wp-content\/uploads\/2013\/08\/palestra.jpg\" alt=\"palestra\" width=\"830\" height=\"266\" \/><\/p>\n<p><img loading=\"lazy\" class=\"alignright size-full wp-image-43784\" src=\"http:\/\/franciscanos.org.br\/wp-content\/uploads\/2013\/08\/palestra1.jpg\" alt=\"palestra1\" width=\"450\" height=\"338\" \/>Na quinta feira, dia 8 de agosto, no Instituto Teol\u00f3gico Franciscano, come\u00e7ou mais um Curso de Extens\u00e3o. O tema do Curso \u00e9 \u201cO Cuidado Total do Humano \u2013 Corpo, Emo\u00e7\u00f5es e Esp\u00edrito\u201d. A boa parceria entre a Faculdade Arthur S\u00e1 Earp \u2013 FASE\/Faculdade de Medicina de Petr\u00f3polis \u2013 FMP, e o Instituto Teol\u00f3gico Franciscano \u2013 ITF une Medicina e Teologia, Sa\u00fade e Espiritualidade, para um curso atraente e essencial.<\/p>\n<p>Mais de 100 pessoas estavam presentes no primeiro encontro. Frei Ant\u00f4nio Everaldo Palubiack Marinho, reitor do ITF, deu boas vindas, Frei Vit\u00f3rio Mazzuco e a professora Miriam Heidemann, coordenadores do Curso, motivaram o tema e o percurso tra\u00e7ado. Os dois primeiros professores a abrirem o Curso foram apresentados, o Professor Paulo Klingelhoefer de S\u00e1, m\u00e9dico; e a professora Fernanda Alice Gomes Vieira, psic\u00f3loga. Eles, com muita compet\u00eancia, ministraram excelente aula, interagindo com os presentes sobre conceitos de sa\u00fade e doen\u00e7a. Noite de conte\u00fado brilhante e boa energia entre todos.<\/p>\n<p>As inscri\u00e7\u00f5es continuam abertas. Venha aprender a vibrar mais com a Sa\u00fade e valorizar o que \u00e9 espiritual e saud\u00e1vel! Sa\u00fade e plenitude! Sa\u00fade e alegria! Venha participar de um Curso que fala sobre todos os aspectos da vida. A doen\u00e7a n\u00e3o \u00e9 um mal a ser combatido, mas sim, integrado em sua vida para gerar uma grande for\u00e7a. Procure informa\u00e7\u00f5es na Secretaria do ITF (24) 2243-9959 ou pelo site www.itf.org.br.<\/p>\n<h4><strong>S\u00edntese da Palestra no ITF dia 08.08.2013<\/strong><\/h4>\n<p><em><img loading=\"lazy\" class=\"alignleft size-full wp-image-43785\" src=\"http:\/\/franciscanos.org.br\/wp-content\/uploads\/2013\/08\/palestra2.jpg\" alt=\"palestra2\" width=\"450\" height=\"319\" \/>A palestra \u201cConceito de Sa\u00fade e Doen\u00e7a\u201d, proferida por Fernanda Alice Gomes Vieira e Paulo Klingelhoefer de S\u00e1, no Curso de Extens\u00e3o &#8220;<b>O cuidado total do humano<\/b>&#8220;, parceria entre o <b>ITF<\/b>\u00a0 e a <b>FASE\/FMP<\/b>, priorizou uma din\u00e2mica participativa entre os palestrantes e a plat\u00e9ia, com foco na discuss\u00e3o sobre os pressupostos te\u00f3ricos e pr\u00e1ticos que permeiam a nossa vis\u00e3o de sa\u00fade e doen\u00e7a. <\/em><\/p>\n<p><em>No in\u00edcio, foi apresentado um trecho do filme <b>&#8220;Quem se importa&#8221;<\/b> de Mara Mour\u00e3o que fala sobre Empreendedorismo Social, mostrando o projeto dos irm\u00e3os Scanavino, que cuidam de forma integral da sa\u00fade das comunidades ribeirinhas, perto de Santar\u00e9m, no Par\u00e1. Neste projeto, que foi espontaneamente batizado pelo m\u00e9dico Eug\u00eanio Scanavino de <b>Sa\u00fade &amp; Alegria<\/b>, uma das moradoras beneficiadas por ele, definiu: &#8220;Sa\u00fade \u00e9 alegria. A alegria do corpo, e alegria \u00e9 sa\u00fade da alma&#8221;. Comparado ao conceito da OMS, que considera sa\u00fade como: &#8220;Sensa\u00e7\u00e3o de completo bem-estar biopsicossocial e ambiental&#8221;, estando em discuss\u00e3o, atualmente, a inclus\u00e3o da dimens\u00e3o espiritual, vemos a amplitude deste conceito. Sa\u00fade n\u00e3o pode ser fragmentada ou dividida em partes do corpo, s\u00f3 pode ser compreendida sistemicamente e na l\u00f3gica de um fluxo din\u00e2mico de vida. <\/em><\/p>\n<p><em>N\u00e3o existe um padr\u00e3o est\u00e1tico idealizado do que \u00e9 sa\u00fade, uma vez que vida \u00e9 movimento. Os participantes do curso relacionaram ao bin\u00f4mio Sa\u00fade\/doen\u00e7a, temas como: perda da dignidade; consumismo; excesso de produtos descart\u00e1veis gerando grande volume de res\u00edduos s\u00f3lidos e promovendo dano ambiental; polui\u00e7\u00e3o ambiental, inclusive refer\u00eancia a estudos que relacionam degrada\u00e7\u00e3o ambiental ao crescimento da viol\u00eancia. Hip\u00f3crates, que \u00e9 considerado o pai da Medicina, foi tamb\u00e9m um dos primeiros a associar corpo e mente, com sua Teoria sobre os 4 temperamentos \u00a0relacionando-os com os flu\u00eddos do corpo. Nesse contexto hist\u00f3rico detectamos hoje a necessidade de se observar o complexo sa\u00fade e doen\u00e7a como uma intera\u00e7\u00e3o din\u00e2mica de perdas epis\u00f3dicas de harmonia, o que caracterizaria a doen\u00e7a, e o seu retorno ao estado de sa\u00fade, que caracterizaria uma cura, n\u00e3o necessariamente biol\u00f3gica. O ser humano tem grande poder para se recuperar e a doen\u00e7a seria um sinal de que se rompeu a harmonia. <\/em><\/p>\n<p><em>A doen\u00e7a \u00e9 uma intelig\u00eancia do organismo, que encontra outra via para nos mantermos vivos. Ela pode se constituir em um aspecto muito positivo quando ela implica em uma mudan\u00e7a de nossa forma de ver o mundo. Como um paciente que entra em surto, que pode ser considerado um profundo momento de transforma\u00e7\u00e3o, muito positivo, assim como o ideograma chin\u00eas que representa crise e representa tamb\u00e9m mudan\u00e7a e oportunidade. Devemos demitir a v\u00edtima que reside em cada um e assumirmos a responsabilidade pelo que fazemos uma vez que a doen\u00e7a \u00e9 co-constru\u00edda por n\u00f3s. Em meio \u00e0 crise civilizat\u00f3ria, devemos olhar para n\u00f3s, para cada um, e buscar uma revis\u00e3o mais profunda de nossos valores e ideais, na perspectiva de uma mudan\u00e7a para uma sociedade mais saud\u00e1vel e sustent\u00e1vel.<\/em><\/p>\n","protected":false},"excerpt":{"rendered":"<p>Palestra no ITF<\/p>\n","protected":false},"author":1,"featured_media":217354,"comment_status":"closed","ping_status":"open","sticky":false,"template":"","format":"standard","meta":[],"categories":[1],"tags":[],"acf":[],"yoast_head":"<!-- This site is optimized with the Yoast SEO plugin v19.2 - https:\/\/yoast.com\/wordpress\/plugins\/seo\/ -->\n<title>O cuidado total do humano - Not\u00edcias - Franciscanos<\/title>\n<meta name=\"robots\" content=\"index, follow, max-snippet:-1, max-image-preview:large, max-video-preview:-1\" \/>\n<link rel=\"canonical\" href=\"https:\/\/franciscanos.org.br\/noticias\/o-cuidado-total-do-humano.html\" \/>\n<meta property=\"og:locale\" content=\"pt_BR\" \/>\n<meta property=\"og:type\" content=\"article\" \/>\n<meta property=\"og:title\" content=\"O cuidado total do humano - Not\u00edcias - Franciscanos\" \/>\n<meta property=\"og:description\" content=\"Palestra no ITF\" \/>\n<meta property=\"og:url\" content=\"https:\/\/franciscanos.org.br\/noticias\/o-cuidado-total-do-humano.html\" \/>\n<meta property=\"og:site_name\" content=\"Not\u00edcias - Franciscanos\" \/>\n<meta property=\"article:published_time\" content=\"2013-08-16T16:25:31+00:00\" \/>\n<meta property=\"article:modified_time\" content=\"2020-01-30T16:23:03+00:00\" \/>\n<meta property=\"og:image\" content=\"https:\/\/franciscanos.org.br\/noticias\/wp-content\/uploads\/2013\/08\/palestra1.jpg\" \/>\n\t<meta property=\"og:image:width\" content=\"273\" \/>\n\t<meta property=\"og:image:height\" content=\"181\" \/>\n\t<meta property=\"og:image:type\" content=\"image\/jpeg\" \/>\n<meta name=\"author\" content=\"admin\" \/>\n<meta name=\"twitter:card\" content=\"summary_large_image\" \/>\n<meta name=\"twitter:label1\" content=\"Escrito por\" \/>\n\t<meta name=\"twitter:data1\" content=\"admin\" \/>\n\t<meta name=\"twitter:label2\" content=\"Est. tempo de leitura\" \/>\n\t<meta name=\"twitter:data2\" content=\"4 minutos\" \/>\n<script type=\"application\/ld+json\" class=\"yoast-schema-graph\">{\"@context\":\"https:\/\/schema.org\",\"@graph\":[{\"@type\":\"WebSite\",\"@id\":\"https:\/\/franciscanos.org.br\/noticias\/#website\",\"url\":\"https:\/\/franciscanos.org.br\/noticias\/\",\"name\":\"Not\u00edcias - Franciscanos\",\"description\":\"Prov\u00edncia Franciscana da Imaculada Concei\u00e7\u00e3o do Brasil - Ordem dos Frades Menores - OFM\",\"potentialAction\":[{\"@type\":\"SearchAction\",\"target\":{\"@type\":\"EntryPoint\",\"urlTemplate\":\"https:\/\/franciscanos.org.br\/noticias\/?s={search_term_string}\"},\"query-input\":\"required name=search_term_string\"}],\"inLanguage\":\"pt-BR\"},{\"@type\":\"ImageObject\",\"inLanguage\":\"pt-BR\",\"@id\":\"https:\/\/franciscanos.org.br\/noticias\/o-cuidado-total-do-humano.html#primaryimage\",\"url\":\"https:\/\/franciscanos.org.br\/noticias\/wp-content\/uploads\/2013\/08\/palestra1.jpg\",\"contentUrl\":\"https:\/\/franciscanos.org.br\/noticias\/wp-content\/uploads\/2013\/08\/palestra1.jpg\",\"width\":273,\"height\":181},{\"@type\":\"WebPage\",\"@id\":\"https:\/\/franciscanos.org.br\/noticias\/o-cuidado-total-do-humano.html#webpage\",\"url\":\"https:\/\/franciscanos.org.br\/noticias\/o-cuidado-total-do-humano.html\",\"name\":\"O cuidado total do humano - Not\u00edcias - Franciscanos\",\"isPartOf\":{\"@id\":\"https:\/\/franciscanos.org.br\/noticias\/#website\"},\"primaryImageOfPage\":{\"@id\":\"https:\/\/franciscanos.org.br\/noticias\/o-cuidado-total-do-humano.html#primaryimage\"},\"datePublished\":\"2013-08-16T16:25:31+00:00\",\"dateModified\":\"2020-01-30T16:23:03+00:00\",\"author\":{\"@id\":\"https:\/\/franciscanos.org.br\/noticias\/#\/schema\/person\/b38fbf43118f02820bd932f2e4b14ad3\"},\"breadcrumb\":{\"@id\":\"https:\/\/franciscanos.org.br\/noticias\/o-cuidado-total-do-humano.html#breadcrumb\"},\"inLanguage\":\"pt-BR\",\"potentialAction\":[{\"@type\":\"ReadAction\",\"target\":[\"https:\/\/franciscanos.org.br\/noticias\/o-cuidado-total-do-humano.html\"]}]},{\"@type\":\"BreadcrumbList\",\"@id\":\"https:\/\/franciscanos.org.br\/noticias\/o-cuidado-total-do-humano.html#breadcrumb\",\"itemListElement\":[{\"@type\":\"ListItem\",\"position\":1,\"name\":\"Home\",\"item\":\"https:\/\/franciscanos.org.br\/noticias\"},{\"@type\":\"ListItem\",\"position\":2,\"name\":\"O cuidado total do humano\"}]},{\"@type\":\"Person\",\"@id\":\"https:\/\/franciscanos.org.br\/noticias\/#\/schema\/person\/b38fbf43118f02820bd932f2e4b14ad3\",\"name\":\"admin\",\"image\":{\"@type\":\"ImageObject\",\"inLanguage\":\"pt-BR\",\"@id\":\"https:\/\/franciscanos.org.br\/noticias\/#\/schema\/person\/image\/\",\"url\":\"https:\/\/secure.gravatar.com\/avatar\/e8495742d34d0ba6448ea1c628263b3e?s=96&d=mm&r=g\",\"contentUrl\":\"https:\/\/secure.gravatar.com\/avatar\/e8495742d34d0ba6448ea1c628263b3e?s=96&d=mm&r=g\",\"caption\":\"admin\"},\"url\":\"https:\/\/franciscanos.org.br\/noticias\/author\/admin\"}]}<\/script>\n<!-- \/ Yoast SEO plugin. -->","yoast_head_json":{"title":"O cuidado total do humano - Not\u00edcias - Franciscanos","robots":{"index":"index","follow":"follow","max-snippet":"max-snippet:-1","max-image-preview":"max-image-preview:large","max-video-preview":"max-video-preview:-1"},"canonical":"https:\/\/franciscanos.org.br\/noticias\/o-cuidado-total-do-humano.html","og_locale":"pt_BR","og_type":"article","og_title":"O cuidado total do humano - Not\u00edcias - Franciscanos","og_description":"Palestra no ITF","og_url":"https:\/\/franciscanos.org.br\/noticias\/o-cuidado-total-do-humano.html","og_site_name":"Not\u00edcias - Franciscanos","article_published_time":"2013-08-16T16:25:31+00:00","article_modified_time":"2020-01-30T16:23:03+00:00","og_image":[{"width":273,"height":181,"url":"https:\/\/franciscanos.org.br\/noticias\/wp-content\/uploads\/2013\/08\/palestra1.jpg","type":"image\/jpeg"}],"author":"admin","twitter_card":"summary_large_image","twitter_misc":{"Escrito por":"admin","Est. tempo de leitura":"4 minutos"},"schema":{"@context":"https:\/\/schema.org","@graph":[{"@type":"WebSite","@id":"https:\/\/franciscanos.org.br\/noticias\/#website","url":"https:\/\/franciscanos.org.br\/noticias\/","name":"Not\u00edcias - Franciscanos","description":"Prov\u00edncia Franciscana da Imaculada Concei\u00e7\u00e3o do Brasil - Ordem dos Frades Menores - OFM","potentialAction":[{"@type":"SearchAction","target":{"@type":"EntryPoint","urlTemplate":"https:\/\/franciscanos.org.br\/noticias\/?s={search_term_string}"},"query-input":"required name=search_term_string"}],"inLanguage":"pt-BR"},{"@type":"ImageObject","inLanguage":"pt-BR","@id":"https:\/\/franciscanos.org.br\/noticias\/o-cuidado-total-do-humano.html#primaryimage","url":"https:\/\/franciscanos.org.br\/noticias\/wp-content\/uploads\/2013\/08\/palestra1.jpg","contentUrl":"https:\/\/franciscanos.org.br\/noticias\/wp-content\/uploads\/2013\/08\/palestra1.jpg","width":273,"height":181},{"@type":"WebPage","@id":"https:\/\/franciscanos.org.br\/noticias\/o-cuidado-total-do-humano.html#webpage","url":"https:\/\/franciscanos.org.br\/noticias\/o-cuidado-total-do-humano.html","name":"O cuidado total do humano - Not\u00edcias - Franciscanos","isPartOf":{"@id":"https:\/\/franciscanos.org.br\/noticias\/#website"},"primaryImageOfPage":{"@id":"https:\/\/franciscanos.org.br\/noticias\/o-cuidado-total-do-humano.html#primaryimage"},"datePublished":"2013-08-16T16:25:31+00:00","dateModified":"2020-01-30T16:23:03+00:00","author":{"@id":"https:\/\/franciscanos.org.br\/noticias\/#\/schema\/person\/b38fbf43118f02820bd932f2e4b14ad3"},"breadcrumb":{"@id":"https:\/\/franciscanos.org.br\/noticias\/o-cuidado-total-do-humano.html#breadcrumb"},"inLanguage":"pt-BR","potentialAction":[{"@type":"ReadAction","target":["https:\/\/franciscanos.org.br\/noticias\/o-cuidado-total-do-humano.html"]}]},{"@type":"BreadcrumbList","@id":"https:\/\/franciscanos.org.br\/noticias\/o-cuidado-total-do-humano.html#breadcrumb","itemListElement":[{"@type":"ListItem","position":1,"name":"Home","item":"https:\/\/franciscanos.org.br\/noticias"},{"@type":"ListItem","position":2,"name":"O cuidado total do humano"}]},{"@type":"Person","@id":"https:\/\/franciscanos.org.br\/noticias\/#\/schema\/person\/b38fbf43118f02820bd932f2e4b14ad3","name":"admin","image":{"@type":"ImageObject","inLanguage":"pt-BR","@id":"https:\/\/franciscanos.org.br\/noticias\/#\/schema\/person\/image\/","url":"https:\/\/secure.gravatar.com\/avatar\/e8495742d34d0ba6448ea1c628263b3e?s=96&d=mm&r=g","contentUrl":"https:\/\/secure.gravatar.com\/avatar\/e8495742d34d0ba6448ea1c628263b3e?s=96&d=mm&r=g","caption":"admin"},"url":"https:\/\/franciscanos.org.br\/noticias\/author\/admin"}]}},"_links":{"self":[{"href":"https:\/\/franciscanos.org.br\/noticias\/wp-json\/wp\/v2\/posts\/43782"}],"collection":[{"href":"https:\/\/franciscanos.org.br\/noticias\/wp-json\/wp\/v2\/posts"}],"about":[{"href":"https:\/\/franciscanos.org.br\/noticias\/wp-json\/wp\/v2\/types\/post"}],"author":[{"embeddable":true,"href":"https:\/\/franciscanos.org.br\/noticias\/wp-json\/wp\/v2\/users\/1"}],"replies":[{"embeddable":true,"href":"https:\/\/franciscanos.org.br\/noticias\/wp-json\/wp\/v2\/comments?post=43782"}],"version-history":[{"count":0,"href":"https:\/\/franciscanos.org.br\/noticias\/wp-json\/wp\/v2\/posts\/43782\/revisions"}],"wp:featuredmedia":[{"embeddable":true,"href":"https:\/\/franciscanos.org.br\/noticias\/wp-json\/wp\/v2\/media\/217354"}],"wp:attachment":[{"href":"https:\/\/franciscanos.org.br\/noticias\/wp-json\/wp\/v2\/media?parent=43782"}],"wp:term":[{"taxonomy":"category","embeddable":true,"href":"https:\/\/franciscanos.org.br\/noticias\/wp-json\/wp\/v2\/categories?post=43782"},{"taxonomy":"post_tag","embeddable":true,"href":"https:\/\/franciscanos.org.br\/noticias\/wp-json\/wp\/v2\/tags?post=43782"}],"curies":[{"name":"wp","href":"https:\/\/api.w.org\/{rel}","templated":true}]}}