{"id":43667,"date":"2013-08-14T10:50:09","date_gmt":"2013-08-14T13:50:09","guid":{"rendered":"http:\/\/new.franciscanos.org.br\/?p=43667"},"modified":"2019-04-23T12:41:31","modified_gmt":"2019-04-23T15:41:31","slug":"regional-sudeste-iii-faz-capitulo-eletivo-neste-final-de-semana","status":"publish","type":"post","link":"https:\/\/franciscanos.org.br\/noticias\/regional-sudeste-iii-faz-capitulo-eletivo-neste-final-de-semana.html","title":{"rendered":"Regional Sudeste III faz Cap\u00edtulo eletivo neste final de semana"},"content":{"rendered":"<div id=\"attachment_43668\" style=\"width: 410px\" class=\"wp-caption alignright\"><img aria-describedby=\"caption-attachment-43668\" loading=\"lazy\" class=\"size-full wp-image-43668\" src=\"http:\/\/franciscanos.org.br\/wp-content\/uploads\/2013\/08\/denize.jpg\" alt=\"Denize\" width=\"400\" height=\"614\" \/><p id=\"caption-attachment-43668\" class=\"wp-caption-text\">A Ministra Regional Denize Gusm\u00e3o<\/p><\/div>\n<p>A Ordem Franciscana Secular (OFS), do Regional Sudeste III, realiza neste final de semana o Cap\u00edtulo Regional Eletivo na Centro Pastoral Santa F\u00e9, em Perus, na Grande S\u00e3o Paulo. Segundo o Ministra Regional, Denize Aparecida Marum Gusm\u00e3o, o encontro &#8220;\u00e9 um momento privilegiado para n\u00f3s franciscanos seculares, porque nessa oportunidade se far\u00e3o presentes os representantes de todas as Fraternidades da Regi\u00e3o&#8221;.<\/p>\n<p>O Cap\u00edtulo ter\u00e1 in\u00edcio na sexta-feira (16\/8) \u00e0 noite com a acolhida dos capitulares, composi\u00e7\u00e3o da mesa e apresenta\u00e7\u00e3o do relat\u00f3rio do tri\u00eanio 2010-2013.<\/p>\n<p>&#8220;A presen\u00e7a de cada membro convocado \u00e9 de suma import\u00e2ncia, pela fun\u00e7\u00e3o de representa\u00e7\u00e3o que exerce, pela participa\u00e7\u00e3o que todos devem ter, principalmente para elegermos o novo Conselho Regional, bem como a apresenta\u00e7\u00e3o do Relat\u00f3rio como cumprimento de nossa miss\u00e3o no tri\u00eanio&#8221;, convocou a Ministra Regional.<\/p>\n<p>No s\u00e1bado (17), Frei Almir Ribeiro Guimar\u00e3es, assistente nacional da OFS, apresentar\u00e1 o tema geral do Cap\u00edtulo: &#8220;OFS, desafios para o mundo de hoje&#8221;. A elei\u00e7\u00e3o do ministro, vice e conselheiros ser\u00e1 feita antes do almo\u00e7o ainda e se estender\u00e1 \u00e0 tarde.\u00a0O encerramento do Cap\u00edtulo acontecer\u00e1 com a Celebra\u00e7\u00e3o Eucar\u00edstica \u00e0s 11 horas do domingo.<\/p>\n<p>A coordena\u00e7\u00e3o do Cap\u00edtulo estar\u00e1 a cargo de Maria Bernadette Amaral Mesquita. Qualquer informa\u00e7\u00e3o ou orienta\u00e7\u00e3o poder\u00e1 ser feita pelos telefones (19) 3657-1584, (19) 9776-8944 ou (11) 3283-1445.<\/p>\n<p>&#8220;Confiantes no aux\u00edlio do Esp\u00edrito Santo, Ministro Geral da Ordem, convido a todos os irm\u00e3os e irm\u00e3s a rezarem pelo bom \u00eaxito do Cap\u00edtulo. A intercess\u00e3o de S\u00e3o Francisco, Santa Clara, Santa Isabel da Hungria e a prote\u00e7\u00e3o de Maria, Senhora dos Anjos, nos ajudem a manter acesa a \u201cchama da nossa voca\u00e7\u00e3o\u201d, pois hoje somos n\u00f3s que temos a miss\u00e3o de tornar realidade, no mundo, aquilo que S\u00e3o Francisco esperava dos &#8216;irm\u00e3os e irm\u00e3s da penit\u00eancia'&#8221;, pediu Denize Gusm\u00e3o.<\/p>\n<p><strong>ORA\u00c7\u00c3O PELO CAP\u00cdTULO REGIONAL ORDIN\u00c1RIO ELETIVO<\/strong><\/p>\n<p><strong>Todos:<\/strong> Senhor, nosso Deus, que nos chamais \u00e0 voca\u00e7\u00e3o franciscana, para seguir-vos na viv\u00eancia do Evangelho de vosso Filho Jesus, queremos apresentar-vos, ansiosos, nosso prop\u00f3sito de estarmos sempre caminhando atentos aos ensinamentos e conselhos do novo Pedro, que hoje dirige nossa Igreja, para que fortalecidos, superemos os desafios que hoje o mundo nos apresenta e, imitando S\u00e3o Francisco, nosso Pai Ser\u00e1fico, possamos juntos restaur\u00e1-la no mundo inteiro.<\/p>\n<p><strong>Homens<\/strong>: Senhor, que saibamos trazer o vosso Filho Jesus em nossos cora\u00e7\u00f5es, para olharmos para os irm\u00e3os, sem perceber ra\u00e7a, credo ou cultura, mas, apenas com a certeza de que Ele habita no cora\u00e7\u00e3o de todos, mesmo que muitos ainda n\u00e3o o tenham percebido.<\/p>\n<p><strong>Mulheres<\/strong>: Que este olhar, Senhor, seja revestido de imparcialidade para conquistarmos o direito de levar a todos o Evangelho, fazendo com que seu nome seja conhecido, respeitado e adorado, com todo o poder, honra e louvor do qual sois merecedor.<\/p>\n<p><strong>Homens<\/strong>: Que saibamos fazer com que todos sintam que sois o Bem, o Sumo Bem e todo o Bem e, descobrir assim, como \u00e9 bom estar intimamente ligado a v\u00f3s, mesmo com nossas limita\u00e7\u00f5es, buscando viver com intensidade a vossa Palavra para transformarmos nossas Fraternidades em Fraternidades vigorosas e cheias de energia crist\u00e3.<\/p>\n<p><strong>Mulheres<\/strong>: Que saibamos viver a pr\u00e1tica do di\u00e1logo, o cultivo do amor fraterno, o compromisso com a ora\u00e7\u00e3o, para que tudo isso se traduza em a\u00e7\u00e3o apost\u00f3lica madura e forte. Que sejamos um s\u00f3, a exemplo da Sant\u00edssima Trindade, tendo uma respeitosa e alegre cumplicidade na grande Fam\u00edlia Franciscana, testemunhando a plenitude do Amor de Deus.<\/p>\n<p><strong>Todos<\/strong>: Alt\u00edssimo, Onipotente e Bom Senhor, pela interse\u00e7\u00e3o de Nossa Senhora dos Anjos, n\u00f3s vos pedimos, que nos ajude a sermos fi\u00e9is \u00e0 Igreja, vivendo a REGRA, amorosamente preparada por S\u00e3o Francisco, que humano como n\u00f3s, mostrou-nos que tudo \u00e9 poss\u00edvel quando nos colocamos nas m\u00e3os de Deus. Aben\u00e7oai os irm\u00e3os e irm\u00e3s que serviram a Fraternidade Regional no mandato que se encerra e ilumine com o vosso Santo Esp\u00edrito os que forem escolhidos para dar prosseguimento ao servi\u00e7o de lavar os p\u00e9s, para o revigoramento das Fraternidades. Que vivamos, em fim, com real amor o ideal abra\u00e7ado no dia de nossa Profiss\u00e3o.<\/p>\n<p>Gl\u00f3ria ao Pai, ao Filho e ao Esp\u00edrito Santo. Am\u00e9m!<\/p>\n<p>&nbsp;<\/p>\n","protected":false},"excerpt":{"rendered":"<p>OFS<\/p>\n","protected":false},"author":1,"featured_media":203033,"comment_status":"closed","ping_status":"open","sticky":false,"template":"","format":"standard","meta":[],"categories":[1],"tags":[60],"acf":[],"yoast_head":"<!-- This site is optimized with the Yoast SEO plugin v19.2 - https:\/\/yoast.com\/wordpress\/plugins\/seo\/ -->\n<title>Regional Sudeste III faz Cap\u00edtulo eletivo neste final de semana - Not\u00edcias - Franciscanos<\/title>\n<meta name=\"robots\" content=\"index, follow, max-snippet:-1, max-image-preview:large, max-video-preview:-1\" \/>\n<link rel=\"canonical\" href=\"https:\/\/franciscanos.org.br\/noticias\/regional-sudeste-iii-faz-capitulo-eletivo-neste-final-de-semana.html\" \/>\n<meta property=\"og:locale\" content=\"pt_BR\" \/>\n<meta property=\"og:type\" content=\"article\" \/>\n<meta property=\"og:title\" content=\"Regional Sudeste III faz Cap\u00edtulo eletivo neste final de semana - Not\u00edcias - Franciscanos\" \/>\n<meta property=\"og:description\" content=\"OFS\" \/>\n<meta property=\"og:url\" content=\"https:\/\/franciscanos.org.br\/noticias\/regional-sudeste-iii-faz-capitulo-eletivo-neste-final-de-semana.html\" \/>\n<meta property=\"og:site_name\" content=\"Not\u00edcias - Franciscanos\" \/>\n<meta property=\"article:published_time\" content=\"2013-08-14T13:50:09+00:00\" \/>\n<meta property=\"article:modified_time\" content=\"2019-04-23T15:41:31+00:00\" \/>\n<meta property=\"og:image\" content=\"https:\/\/franciscanos.org.br\/noticias\/wp-content\/uploads\/2013\/08\/denize.jpg\" \/>\n\t<meta property=\"og:image:width\" content=\"273\" \/>\n\t<meta property=\"og:image:height\" content=\"181\" \/>\n\t<meta property=\"og:image:type\" content=\"image\/jpeg\" \/>\n<meta name=\"author\" content=\"admin\" \/>\n<meta name=\"twitter:card\" content=\"summary_large_image\" \/>\n<meta name=\"twitter:label1\" content=\"Escrito por\" \/>\n\t<meta name=\"twitter:data1\" content=\"admin\" \/>\n\t<meta name=\"twitter:label2\" content=\"Est. tempo de leitura\" \/>\n\t<meta name=\"twitter:data2\" content=\"4 minutos\" \/>\n<script type=\"application\/ld+json\" class=\"yoast-schema-graph\">{\"@context\":\"https:\/\/schema.org\",\"@graph\":[{\"@type\":\"WebSite\",\"@id\":\"https:\/\/franciscanos.org.br\/noticias\/#website\",\"url\":\"https:\/\/franciscanos.org.br\/noticias\/\",\"name\":\"Not\u00edcias - Franciscanos\",\"description\":\"Prov\u00edncia Franciscana da Imaculada Concei\u00e7\u00e3o do Brasil - Ordem dos Frades Menores - OFM\",\"potentialAction\":[{\"@type\":\"SearchAction\",\"target\":{\"@type\":\"EntryPoint\",\"urlTemplate\":\"https:\/\/franciscanos.org.br\/noticias\/?s={search_term_string}\"},\"query-input\":\"required name=search_term_string\"}],\"inLanguage\":\"pt-BR\"},{\"@type\":\"ImageObject\",\"inLanguage\":\"pt-BR\",\"@id\":\"https:\/\/franciscanos.org.br\/noticias\/regional-sudeste-iii-faz-capitulo-eletivo-neste-final-de-semana.html#primaryimage\",\"url\":\"https:\/\/franciscanos.org.br\/noticias\/wp-content\/uploads\/2013\/08\/denize.jpg\",\"contentUrl\":\"https:\/\/franciscanos.org.br\/noticias\/wp-content\/uploads\/2013\/08\/denize.jpg\",\"width\":273,\"height\":181},{\"@type\":\"WebPage\",\"@id\":\"https:\/\/franciscanos.org.br\/noticias\/regional-sudeste-iii-faz-capitulo-eletivo-neste-final-de-semana.html#webpage\",\"url\":\"https:\/\/franciscanos.org.br\/noticias\/regional-sudeste-iii-faz-capitulo-eletivo-neste-final-de-semana.html\",\"name\":\"Regional Sudeste III faz Cap\u00edtulo eletivo neste final de semana - Not\u00edcias - Franciscanos\",\"isPartOf\":{\"@id\":\"https:\/\/franciscanos.org.br\/noticias\/#website\"},\"primaryImageOfPage\":{\"@id\":\"https:\/\/franciscanos.org.br\/noticias\/regional-sudeste-iii-faz-capitulo-eletivo-neste-final-de-semana.html#primaryimage\"},\"datePublished\":\"2013-08-14T13:50:09+00:00\",\"dateModified\":\"2019-04-23T15:41:31+00:00\",\"author\":{\"@id\":\"https:\/\/franciscanos.org.br\/noticias\/#\/schema\/person\/b38fbf43118f02820bd932f2e4b14ad3\"},\"breadcrumb\":{\"@id\":\"https:\/\/franciscanos.org.br\/noticias\/regional-sudeste-iii-faz-capitulo-eletivo-neste-final-de-semana.html#breadcrumb\"},\"inLanguage\":\"pt-BR\",\"potentialAction\":[{\"@type\":\"ReadAction\",\"target\":[\"https:\/\/franciscanos.org.br\/noticias\/regional-sudeste-iii-faz-capitulo-eletivo-neste-final-de-semana.html\"]}]},{\"@type\":\"BreadcrumbList\",\"@id\":\"https:\/\/franciscanos.org.br\/noticias\/regional-sudeste-iii-faz-capitulo-eletivo-neste-final-de-semana.html#breadcrumb\",\"itemListElement\":[{\"@type\":\"ListItem\",\"position\":1,\"name\":\"Home\",\"item\":\"https:\/\/franciscanos.org.br\/noticias\"},{\"@type\":\"ListItem\",\"position\":2,\"name\":\"Regional Sudeste III faz Cap\u00edtulo eletivo neste final de semana\"}]},{\"@type\":\"Person\",\"@id\":\"https:\/\/franciscanos.org.br\/noticias\/#\/schema\/person\/b38fbf43118f02820bd932f2e4b14ad3\",\"name\":\"admin\",\"image\":{\"@type\":\"ImageObject\",\"inLanguage\":\"pt-BR\",\"@id\":\"https:\/\/franciscanos.org.br\/noticias\/#\/schema\/person\/image\/\",\"url\":\"https:\/\/secure.gravatar.com\/avatar\/e8495742d34d0ba6448ea1c628263b3e?s=96&d=mm&r=g\",\"contentUrl\":\"https:\/\/secure.gravatar.com\/avatar\/e8495742d34d0ba6448ea1c628263b3e?s=96&d=mm&r=g\",\"caption\":\"admin\"},\"url\":\"https:\/\/franciscanos.org.br\/noticias\/author\/admin\"}]}<\/script>\n<!-- \/ Yoast SEO plugin. -->","yoast_head_json":{"title":"Regional Sudeste III faz Cap\u00edtulo eletivo neste final de semana - Not\u00edcias - Franciscanos","robots":{"index":"index","follow":"follow","max-snippet":"max-snippet:-1","max-image-preview":"max-image-preview:large","max-video-preview":"max-video-preview:-1"},"canonical":"https:\/\/franciscanos.org.br\/noticias\/regional-sudeste-iii-faz-capitulo-eletivo-neste-final-de-semana.html","og_locale":"pt_BR","og_type":"article","og_title":"Regional Sudeste III faz Cap\u00edtulo eletivo neste final de semana - Not\u00edcias - Franciscanos","og_description":"OFS","og_url":"https:\/\/franciscanos.org.br\/noticias\/regional-sudeste-iii-faz-capitulo-eletivo-neste-final-de-semana.html","og_site_name":"Not\u00edcias - Franciscanos","article_published_time":"2013-08-14T13:50:09+00:00","article_modified_time":"2019-04-23T15:41:31+00:00","og_image":[{"width":273,"height":181,"url":"https:\/\/franciscanos.org.br\/noticias\/wp-content\/uploads\/2013\/08\/denize.jpg","type":"image\/jpeg"}],"author":"admin","twitter_card":"summary_large_image","twitter_misc":{"Escrito por":"admin","Est. tempo de leitura":"4 minutos"},"schema":{"@context":"https:\/\/schema.org","@graph":[{"@type":"WebSite","@id":"https:\/\/franciscanos.org.br\/noticias\/#website","url":"https:\/\/franciscanos.org.br\/noticias\/","name":"Not\u00edcias - Franciscanos","description":"Prov\u00edncia Franciscana da Imaculada Concei\u00e7\u00e3o do Brasil - Ordem dos Frades Menores - OFM","potentialAction":[{"@type":"SearchAction","target":{"@type":"EntryPoint","urlTemplate":"https:\/\/franciscanos.org.br\/noticias\/?s={search_term_string}"},"query-input":"required name=search_term_string"}],"inLanguage":"pt-BR"},{"@type":"ImageObject","inLanguage":"pt-BR","@id":"https:\/\/franciscanos.org.br\/noticias\/regional-sudeste-iii-faz-capitulo-eletivo-neste-final-de-semana.html#primaryimage","url":"https:\/\/franciscanos.org.br\/noticias\/wp-content\/uploads\/2013\/08\/denize.jpg","contentUrl":"https:\/\/franciscanos.org.br\/noticias\/wp-content\/uploads\/2013\/08\/denize.jpg","width":273,"height":181},{"@type":"WebPage","@id":"https:\/\/franciscanos.org.br\/noticias\/regional-sudeste-iii-faz-capitulo-eletivo-neste-final-de-semana.html#webpage","url":"https:\/\/franciscanos.org.br\/noticias\/regional-sudeste-iii-faz-capitulo-eletivo-neste-final-de-semana.html","name":"Regional Sudeste III faz Cap\u00edtulo eletivo neste final de semana - Not\u00edcias - Franciscanos","isPartOf":{"@id":"https:\/\/franciscanos.org.br\/noticias\/#website"},"primaryImageOfPage":{"@id":"https:\/\/franciscanos.org.br\/noticias\/regional-sudeste-iii-faz-capitulo-eletivo-neste-final-de-semana.html#primaryimage"},"datePublished":"2013-08-14T13:50:09+00:00","dateModified":"2019-04-23T15:41:31+00:00","author":{"@id":"https:\/\/franciscanos.org.br\/noticias\/#\/schema\/person\/b38fbf43118f02820bd932f2e4b14ad3"},"breadcrumb":{"@id":"https:\/\/franciscanos.org.br\/noticias\/regional-sudeste-iii-faz-capitulo-eletivo-neste-final-de-semana.html#breadcrumb"},"inLanguage":"pt-BR","potentialAction":[{"@type":"ReadAction","target":["https:\/\/franciscanos.org.br\/noticias\/regional-sudeste-iii-faz-capitulo-eletivo-neste-final-de-semana.html"]}]},{"@type":"BreadcrumbList","@id":"https:\/\/franciscanos.org.br\/noticias\/regional-sudeste-iii-faz-capitulo-eletivo-neste-final-de-semana.html#breadcrumb","itemListElement":[{"@type":"ListItem","position":1,"name":"Home","item":"https:\/\/franciscanos.org.br\/noticias"},{"@type":"ListItem","position":2,"name":"Regional Sudeste III faz Cap\u00edtulo eletivo neste final de semana"}]},{"@type":"Person","@id":"https:\/\/franciscanos.org.br\/noticias\/#\/schema\/person\/b38fbf43118f02820bd932f2e4b14ad3","name":"admin","image":{"@type":"ImageObject","inLanguage":"pt-BR","@id":"https:\/\/franciscanos.org.br\/noticias\/#\/schema\/person\/image\/","url":"https:\/\/secure.gravatar.com\/avatar\/e8495742d34d0ba6448ea1c628263b3e?s=96&d=mm&r=g","contentUrl":"https:\/\/secure.gravatar.com\/avatar\/e8495742d34d0ba6448ea1c628263b3e?s=96&d=mm&r=g","caption":"admin"},"url":"https:\/\/franciscanos.org.br\/noticias\/author\/admin"}]}},"_links":{"self":[{"href":"https:\/\/franciscanos.org.br\/noticias\/wp-json\/wp\/v2\/posts\/43667"}],"collection":[{"href":"https:\/\/franciscanos.org.br\/noticias\/wp-json\/wp\/v2\/posts"}],"about":[{"href":"https:\/\/franciscanos.org.br\/noticias\/wp-json\/wp\/v2\/types\/post"}],"author":[{"embeddable":true,"href":"https:\/\/franciscanos.org.br\/noticias\/wp-json\/wp\/v2\/users\/1"}],"replies":[{"embeddable":true,"href":"https:\/\/franciscanos.org.br\/noticias\/wp-json\/wp\/v2\/comments?post=43667"}],"version-history":[{"count":0,"href":"https:\/\/franciscanos.org.br\/noticias\/wp-json\/wp\/v2\/posts\/43667\/revisions"}],"wp:featuredmedia":[{"embeddable":true,"href":"https:\/\/franciscanos.org.br\/noticias\/wp-json\/wp\/v2\/media\/203033"}],"wp:attachment":[{"href":"https:\/\/franciscanos.org.br\/noticias\/wp-json\/wp\/v2\/media?parent=43667"}],"wp:term":[{"taxonomy":"category","embeddable":true,"href":"https:\/\/franciscanos.org.br\/noticias\/wp-json\/wp\/v2\/categories?post=43667"},{"taxonomy":"post_tag","embeddable":true,"href":"https:\/\/franciscanos.org.br\/noticias\/wp-json\/wp\/v2\/tags?post=43667"}],"curies":[{"name":"wp","href":"https:\/\/api.w.org\/{rel}","templated":true}]}}