{"id":43618,"date":"2013-08-13T07:58:47","date_gmt":"2013-08-13T10:58:47","guid":{"rendered":"http:\/\/new.franciscanos.org.br\/?p=43618"},"modified":"2019-10-30T13:00:12","modified_gmt":"2019-10-30T16:00:12","slug":"primeira-edicao-da-festa-caipira-faz-sucesso-em-guaratingueta","status":"publish","type":"post","link":"https:\/\/franciscanos.org.br\/noticias\/primeira-edicao-da-festa-caipira-faz-sucesso-em-guaratingueta.html","title":{"rendered":"Primeira edi\u00e7\u00e3o da Festa Caipira faz sucesso em Guaratinguet\u00e1"},"content":{"rendered":"<p><img loading=\"lazy\" class=\"alignright size-full wp-image-43621\" src=\"http:franciscanos.org.br\/wp-content\/uploads\/2013\/08\/guara.jpg\" alt=\"guara\" width=\"450\" height=\"252\" \/>Dentro da programa\u00e7\u00e3o do calend\u00e1rio de atividades do Semin\u00e1rio Franciscano Frei Galv\u00e3o, a 1\u00aa Festa Caipira encontrou um espa\u00e7o especial. No dia 10 de agosto, v\u00e9spera do dia de Santa Clara, das 17 \u00e0s 24h, mais de 800 pessoas se participaram desta festa.<\/p>\n<p>Para organizar o evento, estiveram envolvidos os frades e postulantes, os vocacionados, as equipes de Nossa Senhora, a equipe de Liturgia, os nossos colaboradores e um expressivo grupo da nossa comunidade.<\/p>\n<p>Com muita m\u00fasica, brincadeiras e comidas t\u00edpicas, divididas nas 10 barracas ornamentadas, os mais de 50 volunt\u00e1rios se revezaram em dois turnos para, na gra\u00e7a do Senhor, servirem aos convidados do \u201cArrai\u00e1\u201d. No dia da festa contamos ainda com a presen\u00e7a dos frades do Pr\u00f3-Voca\u00e7\u00f5es e da Fam\u00edlia Franciscana de Guaratinguet\u00e1.<\/p>\n<p>O saldo no final da festa era consenso geral: elogios para a organiza\u00e7\u00e3o da festa,\u00a0 alegria pelo bom \u00eaxito das atividades e expectativa para que chegue logo o pr\u00f3ximo evento.<\/p>\n<p>Segundo o guardi\u00e3o, Frei Jo\u00e3o Francisco da Silva, os maiores frutos da Festa Caipira foram os la\u00e7os de fraternidade, generosidade e alegria que uniram a fraternidade do Semin\u00e1rio com a comunidade local e os diversos grupos com que trabalhamos diretamente. Com este intuito, os produtos oferecidos tiveram pre\u00e7os mais baratos, a fim de acolher e permitir a participa\u00e7\u00e3o de todos.<\/p>\n","protected":false},"excerpt":{"rendered":"<p>Semin\u00e1rio Frei Galv\u00e3o<\/p>\n","protected":false},"author":1,"featured_media":213069,"comment_status":"closed","ping_status":"open","sticky":false,"template":"","format":"standard","meta":[],"categories":[1],"tags":[421],"acf":[],"yoast_head":"<!-- This site is optimized with the Yoast SEO plugin v19.2 - https:\/\/yoast.com\/wordpress\/plugins\/seo\/ -->\n<title>Primeira edi\u00e7\u00e3o da Festa Caipira faz sucesso em Guaratinguet\u00e1 - Not\u00edcias - Franciscanos<\/title>\n<meta name=\"robots\" content=\"index, follow, max-snippet:-1, max-image-preview:large, max-video-preview:-1\" \/>\n<link rel=\"canonical\" href=\"https:\/\/franciscanos.org.br\/noticias\/primeira-edicao-da-festa-caipira-faz-sucesso-em-guaratingueta.html\" \/>\n<meta property=\"og:locale\" content=\"pt_BR\" \/>\n<meta property=\"og:type\" content=\"article\" \/>\n<meta property=\"og:title\" content=\"Primeira edi\u00e7\u00e3o da Festa Caipira faz sucesso em Guaratinguet\u00e1 - Not\u00edcias - Franciscanos\" \/>\n<meta property=\"og:description\" content=\"Semin\u00e1rio Frei Galv\u00e3o\" \/>\n<meta property=\"og:url\" content=\"https:\/\/franciscanos.org.br\/noticias\/primeira-edicao-da-festa-caipira-faz-sucesso-em-guaratingueta.html\" \/>\n<meta property=\"og:site_name\" content=\"Not\u00edcias - Franciscanos\" \/>\n<meta property=\"article:published_time\" content=\"2013-08-13T10:58:47+00:00\" \/>\n<meta property=\"article:modified_time\" content=\"2019-10-30T16:00:12+00:00\" \/>\n<meta property=\"og:image\" content=\"https:\/\/franciscanos.org.br\/noticias\/wp-content\/uploads\/2013\/08\/guara.jpg\" \/>\n\t<meta property=\"og:image:width\" content=\"273\" \/>\n\t<meta property=\"og:image:height\" content=\"181\" \/>\n\t<meta property=\"og:image:type\" content=\"image\/jpeg\" \/>\n<meta name=\"author\" content=\"admin\" \/>\n<meta name=\"twitter:card\" content=\"summary_large_image\" \/>\n<meta name=\"twitter:label1\" content=\"Escrito por\" \/>\n\t<meta name=\"twitter:data1\" content=\"admin\" \/>\n\t<meta name=\"twitter:label2\" content=\"Est. tempo de leitura\" \/>\n\t<meta name=\"twitter:data2\" content=\"1 minuto\" \/>\n<script type=\"application\/ld+json\" class=\"yoast-schema-graph\">{\"@context\":\"https:\/\/schema.org\",\"@graph\":[{\"@type\":\"WebSite\",\"@id\":\"https:\/\/franciscanos.org.br\/noticias\/#website\",\"url\":\"https:\/\/franciscanos.org.br\/noticias\/\",\"name\":\"Not\u00edcias - Franciscanos\",\"description\":\"Prov\u00edncia Franciscana da Imaculada Concei\u00e7\u00e3o do Brasil - Ordem dos Frades Menores - OFM\",\"potentialAction\":[{\"@type\":\"SearchAction\",\"target\":{\"@type\":\"EntryPoint\",\"urlTemplate\":\"https:\/\/franciscanos.org.br\/noticias\/?s={search_term_string}\"},\"query-input\":\"required name=search_term_string\"}],\"inLanguage\":\"pt-BR\"},{\"@type\":\"ImageObject\",\"inLanguage\":\"pt-BR\",\"@id\":\"https:\/\/franciscanos.org.br\/noticias\/primeira-edicao-da-festa-caipira-faz-sucesso-em-guaratingueta.html#primaryimage\",\"url\":\"https:\/\/franciscanos.org.br\/noticias\/wp-content\/uploads\/2013\/08\/guara.jpg\",\"contentUrl\":\"https:\/\/franciscanos.org.br\/noticias\/wp-content\/uploads\/2013\/08\/guara.jpg\",\"width\":273,\"height\":181},{\"@type\":\"WebPage\",\"@id\":\"https:\/\/franciscanos.org.br\/noticias\/primeira-edicao-da-festa-caipira-faz-sucesso-em-guaratingueta.html#webpage\",\"url\":\"https:\/\/franciscanos.org.br\/noticias\/primeira-edicao-da-festa-caipira-faz-sucesso-em-guaratingueta.html\",\"name\":\"Primeira edi\u00e7\u00e3o da Festa Caipira faz sucesso em Guaratinguet\u00e1 - Not\u00edcias - Franciscanos\",\"isPartOf\":{\"@id\":\"https:\/\/franciscanos.org.br\/noticias\/#website\"},\"primaryImageOfPage\":{\"@id\":\"https:\/\/franciscanos.org.br\/noticias\/primeira-edicao-da-festa-caipira-faz-sucesso-em-guaratingueta.html#primaryimage\"},\"datePublished\":\"2013-08-13T10:58:47+00:00\",\"dateModified\":\"2019-10-30T16:00:12+00:00\",\"author\":{\"@id\":\"https:\/\/franciscanos.org.br\/noticias\/#\/schema\/person\/b38fbf43118f02820bd932f2e4b14ad3\"},\"breadcrumb\":{\"@id\":\"https:\/\/franciscanos.org.br\/noticias\/primeira-edicao-da-festa-caipira-faz-sucesso-em-guaratingueta.html#breadcrumb\"},\"inLanguage\":\"pt-BR\",\"potentialAction\":[{\"@type\":\"ReadAction\",\"target\":[\"https:\/\/franciscanos.org.br\/noticias\/primeira-edicao-da-festa-caipira-faz-sucesso-em-guaratingueta.html\"]}]},{\"@type\":\"BreadcrumbList\",\"@id\":\"https:\/\/franciscanos.org.br\/noticias\/primeira-edicao-da-festa-caipira-faz-sucesso-em-guaratingueta.html#breadcrumb\",\"itemListElement\":[{\"@type\":\"ListItem\",\"position\":1,\"name\":\"Home\",\"item\":\"https:\/\/franciscanos.org.br\/noticias\"},{\"@type\":\"ListItem\",\"position\":2,\"name\":\"Primeira edi\u00e7\u00e3o da Festa Caipira faz sucesso em Guaratinguet\u00e1\"}]},{\"@type\":\"Person\",\"@id\":\"https:\/\/franciscanos.org.br\/noticias\/#\/schema\/person\/b38fbf43118f02820bd932f2e4b14ad3\",\"name\":\"admin\",\"image\":{\"@type\":\"ImageObject\",\"inLanguage\":\"pt-BR\",\"@id\":\"https:\/\/franciscanos.org.br\/noticias\/#\/schema\/person\/image\/\",\"url\":\"https:\/\/secure.gravatar.com\/avatar\/e8495742d34d0ba6448ea1c628263b3e?s=96&d=mm&r=g\",\"contentUrl\":\"https:\/\/secure.gravatar.com\/avatar\/e8495742d34d0ba6448ea1c628263b3e?s=96&d=mm&r=g\",\"caption\":\"admin\"},\"url\":\"https:\/\/franciscanos.org.br\/noticias\/author\/admin\"}]}<\/script>\n<!-- \/ Yoast SEO plugin. -->","yoast_head_json":{"title":"Primeira edi\u00e7\u00e3o da Festa Caipira faz sucesso em Guaratinguet\u00e1 - Not\u00edcias - Franciscanos","robots":{"index":"index","follow":"follow","max-snippet":"max-snippet:-1","max-image-preview":"max-image-preview:large","max-video-preview":"max-video-preview:-1"},"canonical":"https:\/\/franciscanos.org.br\/noticias\/primeira-edicao-da-festa-caipira-faz-sucesso-em-guaratingueta.html","og_locale":"pt_BR","og_type":"article","og_title":"Primeira edi\u00e7\u00e3o da Festa Caipira faz sucesso em Guaratinguet\u00e1 - Not\u00edcias - Franciscanos","og_description":"Semin\u00e1rio Frei Galv\u00e3o","og_url":"https:\/\/franciscanos.org.br\/noticias\/primeira-edicao-da-festa-caipira-faz-sucesso-em-guaratingueta.html","og_site_name":"Not\u00edcias - Franciscanos","article_published_time":"2013-08-13T10:58:47+00:00","article_modified_time":"2019-10-30T16:00:12+00:00","og_image":[{"width":273,"height":181,"url":"https:\/\/franciscanos.org.br\/noticias\/wp-content\/uploads\/2013\/08\/guara.jpg","type":"image\/jpeg"}],"author":"admin","twitter_card":"summary_large_image","twitter_misc":{"Escrito por":"admin","Est. tempo de leitura":"1 minuto"},"schema":{"@context":"https:\/\/schema.org","@graph":[{"@type":"WebSite","@id":"https:\/\/franciscanos.org.br\/noticias\/#website","url":"https:\/\/franciscanos.org.br\/noticias\/","name":"Not\u00edcias - Franciscanos","description":"Prov\u00edncia Franciscana da Imaculada Concei\u00e7\u00e3o do Brasil - Ordem dos Frades Menores - OFM","potentialAction":[{"@type":"SearchAction","target":{"@type":"EntryPoint","urlTemplate":"https:\/\/franciscanos.org.br\/noticias\/?s={search_term_string}"},"query-input":"required name=search_term_string"}],"inLanguage":"pt-BR"},{"@type":"ImageObject","inLanguage":"pt-BR","@id":"https:\/\/franciscanos.org.br\/noticias\/primeira-edicao-da-festa-caipira-faz-sucesso-em-guaratingueta.html#primaryimage","url":"https:\/\/franciscanos.org.br\/noticias\/wp-content\/uploads\/2013\/08\/guara.jpg","contentUrl":"https:\/\/franciscanos.org.br\/noticias\/wp-content\/uploads\/2013\/08\/guara.jpg","width":273,"height":181},{"@type":"WebPage","@id":"https:\/\/franciscanos.org.br\/noticias\/primeira-edicao-da-festa-caipira-faz-sucesso-em-guaratingueta.html#webpage","url":"https:\/\/franciscanos.org.br\/noticias\/primeira-edicao-da-festa-caipira-faz-sucesso-em-guaratingueta.html","name":"Primeira edi\u00e7\u00e3o da Festa Caipira faz sucesso em Guaratinguet\u00e1 - Not\u00edcias - Franciscanos","isPartOf":{"@id":"https:\/\/franciscanos.org.br\/noticias\/#website"},"primaryImageOfPage":{"@id":"https:\/\/franciscanos.org.br\/noticias\/primeira-edicao-da-festa-caipira-faz-sucesso-em-guaratingueta.html#primaryimage"},"datePublished":"2013-08-13T10:58:47+00:00","dateModified":"2019-10-30T16:00:12+00:00","author":{"@id":"https:\/\/franciscanos.org.br\/noticias\/#\/schema\/person\/b38fbf43118f02820bd932f2e4b14ad3"},"breadcrumb":{"@id":"https:\/\/franciscanos.org.br\/noticias\/primeira-edicao-da-festa-caipira-faz-sucesso-em-guaratingueta.html#breadcrumb"},"inLanguage":"pt-BR","potentialAction":[{"@type":"ReadAction","target":["https:\/\/franciscanos.org.br\/noticias\/primeira-edicao-da-festa-caipira-faz-sucesso-em-guaratingueta.html"]}]},{"@type":"BreadcrumbList","@id":"https:\/\/franciscanos.org.br\/noticias\/primeira-edicao-da-festa-caipira-faz-sucesso-em-guaratingueta.html#breadcrumb","itemListElement":[{"@type":"ListItem","position":1,"name":"Home","item":"https:\/\/franciscanos.org.br\/noticias"},{"@type":"ListItem","position":2,"name":"Primeira edi\u00e7\u00e3o da Festa Caipira faz sucesso em Guaratinguet\u00e1"}]},{"@type":"Person","@id":"https:\/\/franciscanos.org.br\/noticias\/#\/schema\/person\/b38fbf43118f02820bd932f2e4b14ad3","name":"admin","image":{"@type":"ImageObject","inLanguage":"pt-BR","@id":"https:\/\/franciscanos.org.br\/noticias\/#\/schema\/person\/image\/","url":"https:\/\/secure.gravatar.com\/avatar\/e8495742d34d0ba6448ea1c628263b3e?s=96&d=mm&r=g","contentUrl":"https:\/\/secure.gravatar.com\/avatar\/e8495742d34d0ba6448ea1c628263b3e?s=96&d=mm&r=g","caption":"admin"},"url":"https:\/\/franciscanos.org.br\/noticias\/author\/admin"}]}},"_links":{"self":[{"href":"https:\/\/franciscanos.org.br\/noticias\/wp-json\/wp\/v2\/posts\/43618"}],"collection":[{"href":"https:\/\/franciscanos.org.br\/noticias\/wp-json\/wp\/v2\/posts"}],"about":[{"href":"https:\/\/franciscanos.org.br\/noticias\/wp-json\/wp\/v2\/types\/post"}],"author":[{"embeddable":true,"href":"https:\/\/franciscanos.org.br\/noticias\/wp-json\/wp\/v2\/users\/1"}],"replies":[{"embeddable":true,"href":"https:\/\/franciscanos.org.br\/noticias\/wp-json\/wp\/v2\/comments?post=43618"}],"version-history":[{"count":0,"href":"https:\/\/franciscanos.org.br\/noticias\/wp-json\/wp\/v2\/posts\/43618\/revisions"}],"wp:featuredmedia":[{"embeddable":true,"href":"https:\/\/franciscanos.org.br\/noticias\/wp-json\/wp\/v2\/media\/213069"}],"wp:attachment":[{"href":"https:\/\/franciscanos.org.br\/noticias\/wp-json\/wp\/v2\/media?parent=43618"}],"wp:term":[{"taxonomy":"category","embeddable":true,"href":"https:\/\/franciscanos.org.br\/noticias\/wp-json\/wp\/v2\/categories?post=43618"},{"taxonomy":"post_tag","embeddable":true,"href":"https:\/\/franciscanos.org.br\/noticias\/wp-json\/wp\/v2\/tags?post=43618"}],"curies":[{"name":"wp","href":"https:\/\/api.w.org\/{rel}","templated":true}]}}