{"id":43406,"date":"2013-09-10T01:59:26","date_gmt":"2013-09-10T04:59:26","guid":{"rendered":"http:\/\/new.franciscanos.org.br\/?p=43406"},"modified":"2019-03-07T12:27:27","modified_gmt":"2019-03-07T15:27:27","slug":"entrevista-com-frei-michael-perry","status":"publish","type":"post","link":"https:\/\/franciscanos.org.br\/noticias\/entrevista-com-frei-michael-perry.html","title":{"rendered":"Frei Michael Perry, rec\u00e9m-eleito Ministro Geral da OFM"},"content":{"rendered":"<table border=\"0\" width=\"830\" cellspacing=\"2\" cellpadding=\"2\">\n<tbody>\n<tr>\n<td width=\"553\"><strong><img loading=\"lazy\" src=\"http:\/\/franciscanos.org.br\/wp-content\/uploads\/2013\/08\/michel_pe.jpg\" alt=\"michel_pe\" width=\"550\" height=\"900\" border=\"0\" hspace=\"0\" vspace=\"0\" \/><\/strong><\/td>\n<td width=\"263\"><strong><strong>Por Moacir Beggo (*)\u00a0<\/strong><\/strong><\/p>\n<p><span style=\"color: #888888;\"><em>A Jornada Mundial da Juventude foi um tempo de gra\u00e7a para os franciscanos. De um lado, o Papa Francisco, que humildemente revelou ao mundo a inspira\u00e7\u00e3o para o seu Pontificado: S\u00e3o Francisco de Assis. Do outro lado, o Ministro Geral da Ordem dos Frades Menores e representante do Poverello de Assis, o norte-americano Frei Michael Perry surpreendeu a todos com sua cordialidade, proximidade, \u00a0simplicidade e alegria.<\/em><\/span><span style=\"color: #888888;\"><em>Desde a sua elei\u00e7\u00e3o, no dia 22 de maio \u00faltimo, havia uma expectativa com rela\u00e7\u00e3o ao novo Ministro, talvez devido ao fato de que ele pouco aparecia nas m\u00eddias. Mas bastaram algumas horas ao seu lado para quebrar qualquer distanciamento.<\/em><\/span><span style=\"color: #888888;\"><em>Franciscanos e franciscanas\u00a0 ou simpatizantes de S\u00e3o Francisco descobriram logo que poderiam ter a aten\u00e7\u00e3o de Frei Michael. Conclus\u00e3o: o Ministro Geral teve de passar por uma sess\u00e3o de fotos. Todos queriam uma foto ao lado dele como\u00a0 lembran\u00e7a. Gentilmente, Frei Michael atendeu a todos, da mesma forma que aceitou dar esta entrevista no dia 26 de julho, no Convento Santo Ant\u00f4nio, onde se hospedou durante a JMJ.\u00a0<\/em><\/span><span style=\"color: #888888;\"><em>Frei Michael fala da escolha do Papa pelo nome Francisco e tudo que representa o carisma franciscano, os desafios da Ordem Franciscana no mundo atual, a crise de voca\u00e7\u00f5es, o futuro dos jovens na Igreja e conta um pouco de sua vida e sua voca\u00e7\u00e3o.<\/em><\/span><span style=\"color: #888888;\"><em>Acompanhe!<\/em><\/span><\/td>\n<\/tr>\n<\/tbody>\n<\/table>\n<p><strong>Comunica\u00e7\u00f5es \u2013 Como o sr. recebeu essa maior visibilidade da Ordem Franciscana que o\u00a0 Papa Francisco provocou ao se inspirar em S\u00e3o Francisco de Assis?<\/strong><\/p>\n<p><strong>Frei Michael Perry \u2013<\/strong><b> <\/b>Antes de tudo, quero agradecer por essa oportunidade de falar com os frades e com toda a Fam\u00edlia Franciscana. Depois, falando especificamente, temos o impacto da vida e da escolha do nome de Francisco feita pelo Cardeal Bergoglio, agora Papa Francisco, que \u00e9 jesu\u00edta e se inspira em S\u00e3o Francisco de Assis. Vejo que talvez o mais importante n\u00e3o \u00e9 o fato de ter escolhido este nome, mas antes a sua pr\u00f3pria vida, a coer\u00eancia de sua vida. Durante todo o tempo de seu servi\u00e7o, de seu minist\u00e9rio sacerdotal na Argentina, ele procurava sempre uma proximidade aos pobres. Eu diria que ele compreendeu algo que tamb\u00e9m Francisco compreendera na sua vida: que se n\u00f3s, os franciscanos, pudermos permanecer perto dos pobres, poderemos descobrir uma outra face de Deus. E esta presen\u00e7a, esta face de Deus nos ajuda a entrar na profundidade da nossa voca\u00e7\u00e3o franciscana. Se n\u00f3s n\u00e3o tivermos outras coisas al\u00e9m dessas duas palavras \u201csine proprio\u201d (sem nada), que nos colocam numa rela\u00e7\u00e3o nova de irm\u00e3os e irm\u00e3s, que mundo n\u00f3s poderemos sonhar juntos? Somente assim, poderemos entrar na profundidade das bem-aventuran\u00e7as. Estou certo de que, na sua vida, o Papa Francisco est\u00e1 vivendo as bem-aventuran\u00e7as. E isto talvez seja o maior desafio: a coer\u00eancia, o testemunho de um disc\u00edpulo de Jesus.<\/p>\n<div id=\"attachment_43413\" style=\"width: 460px\" class=\"wp-caption alignright\"><img aria-describedby=\"caption-attachment-43413\" loading=\"lazy\" class=\"size-full wp-image-43413\" src=\"http:\/\/franciscanos.org.br\/wp-content\/uploads\/2013\/08\/fidencio1.jpg\" alt=\"fidencio\" width=\"450\" height=\"318\" \/><p id=\"caption-attachment-43413\" class=\"wp-caption-text\">Ministro Geral celebra eucaristia no Santo Ant\u00f4nio<\/p><\/div>\n<p><strong>Frei Michael &#8211;<\/strong> N\u00e3o, n\u00e3o \u00e9 poss\u00edvel! \u00c9 mais do que poss\u00edvel. \u00c9 poss\u00edvel se n\u00f3s pudermos de fato nos unirmos e darmo-nos as m\u00e3os, e juntos irmos ao encontro de Jesus. Volto a me referir \u00e0s bem-aventuran\u00e7as que se encontram no Cap\u00edtulo 5 do Evangelho de S\u00e3o Mateus. Ali Jesus fala das pessoas que s\u00e3o puras de cora\u00e7\u00e3o. Essa pureza do cora\u00e7\u00e3o depende realmente da nossa abertura, da nossa atitude, de nosso acolhimento da presen\u00e7a de Jesus a cada dia. Creio que tamb\u00e9m n\u00f3s n\u00e3o fazemos uma escolha em viver ou n\u00e3o a simplicidade.\u00a0 \u00c9 uma obriga\u00e7\u00e3o que vem do Evangelho. Jesus, ele mesmo, viveu esta vida. Estou certo de que tamb\u00e9m S\u00e3o Paulo nos convida a colocarmos tudo nas m\u00e3os de Deus, todas as preocupa\u00e7\u00f5es, tudo enfim. Por\u00e9m, para vivermos esta simplicidade, n\u00f3s temos que ir, sair. Sair fisicamente, indo ao encontro dos pobres, dos sofredores, dos oprimidos. Creio que se n\u00f3s fizermos esse movimento f\u00edsico, talvez possamos come\u00e7ar o caminho mental e espiritual na dire\u00e7\u00e3o da simplicidade. Por\u00e9m, estou certo de que primeiro devemos fazer esse movimento f\u00edsico, caso contr\u00e1rio h\u00e1 o risco de n\u00e3o chegarmos aonde o Senhor nos quer levar.<\/p>\n<p><strong>Comunica\u00e7\u00f5es &#8211; Na Ordem, hoje, o sr. consegue apontar algum exemplo deste deslocamento f\u00edsico na dire\u00e7\u00e3o do pobre?<\/strong><\/p>\n<p><strong>Frei Michael &#8211;<\/strong> Eu diria que aqui, no Rio de Janeiro, h\u00e1 alguns exemplos de frades que est\u00e3o vivendo nas favelas. E isso \u00e9 muito importante. H\u00e1 dois tipos de movimento de que quero falar. Diria que um \u00e9 esse movimento de ir em dire\u00e7\u00e3o aos pobres e de inserir-se entre eles. E h\u00e1 um outro movimento poss\u00edvel aqui no Brasil e em todo o territ\u00f3rio americano, que \u00e9 ir em miss\u00e3o. E isso vale para todos os frades do mundo. Esses dois movimentos: na dire\u00e7\u00e3o dos pobres, inserir-se entre eles, e esse movimento mission\u00e1rio.\u00a0 N\u00f3s, frades, temos dificuldades de sairmos das grandes cidades e irmos \u00e0s periferias,\u00a0 e tamb\u00e9m \u00e0s regi\u00f5es\u00a0 amaz\u00f4nicas. \u00c9 imposs\u00edvel para n\u00f3s pensarmos em viver sem internet &#8211; eu tamb\u00e9m vivo esta experi\u00eancia -, mas podemos fazer essa experi\u00eancia. Esses tipos de experi\u00eancias em comunidades inseridas no meio dos pobres e outras novas formas evang\u00e9licas, enfim esta vida mission\u00e1ria pode nos ajudar a descobrir a simplicidade. Por\u00e9m, a simplicidade n\u00e3o \u00e9 um valor em si mesmo, \u00e9 um servi\u00e7o ao Reino de Deus. Tenho que contribuir para a transforma\u00e7\u00e3o do mundo. Tamb\u00e9m as Palavras do Evangelho ganham seu sentido enquanto buscam a transforma\u00e7\u00e3o do mundo.<\/p>\n<div id=\"attachment_43411\" style=\"width: 460px\" class=\"wp-caption alignleft\"><img aria-describedby=\"caption-attachment-43411\" loading=\"lazy\" class=\"size-full wp-image-43411 \" src=\"http:\/\/franciscanos.org.br\/wp-content\/uploads\/2013\/08\/conversa.jpg\" alt=\"conversa\" width=\"450\" height=\"331\" \/><p id=\"caption-attachment-43411\" class=\"wp-caption-text\">Frei Michael ficou muito \u00e0 vontade no Espa\u00e7o Franciscano e sentou no ch\u00e3o durante a Ora\u00e7\u00e3o da Manh\u00e3<\/p><\/div>\n<p><strong>Frei Michael &#8211; <\/strong>Em primeiro lugar, hoje no mundo, h\u00e1 uma grande crise de identidade. N\u00e3o s\u00f3 dentro da Ordem, da Igreja, mas do mundo. H\u00e1 uma profunda crise antropol\u00f3gica de identidade. N\u00e3o quero comentar a pol\u00edtica social no Brasil, mas n\u00e3o podemos ignorar que nesses \u00faltimos dois ou tr\u00eas meses surgiram tantas manifesta\u00e7\u00f5es. Podemos ficar na superficialidade dizendo que isso \u00e9 simples reflexo do descontentamento com o governo, com a corrup\u00e7\u00e3o, com a falta de trabalho, especialmente para os jovens. Recentemente, o Papa Francisco falou dessa crise global do desemprego. Estou certo de que por tr\u00e1s de tudo isso h\u00e1 uma crise de identidade humana e dos valores humanos, seja no Brasil, no M\u00e9xico, nos Estados Unidos, na \u00c1sia. Em quase todas as partes do mundo, h\u00e1 essa crise de identidade. Eu penso que isso n\u00e3o \u00e9 uma consequ\u00eancia direta da globaliza\u00e7\u00e3o, mas faz parte do processo de globaliza\u00e7\u00e3o. Ainda podemos fazer duas leituras dessa experi\u00eancia, duas maneiras de v\u00ea-la e interpret\u00e1-la: podemos fazer uma leitura negativa ou uma leitura positiva. E n\u00f3s, como franciscanos, temos a obriga\u00e7\u00e3o de fazer uma leitura positiva, e isto porque acreditamos na Encarna\u00e7\u00e3o. Jesus est\u00e1 tamb\u00e9m presente no meio desta crise, e talvez Ele nos convide n\u00e3o a superarmos, mas a vivermos essa experi\u00eancia e nela reaprendermos os verdadeiros valores humanos e espirituais de nossa vida.<\/p>\n<p><strong><img loading=\"lazy\" class=\"size-full wp-image-43412 alignright\" src=\"http:\/\/franciscanos.org.br\/wp-content\/uploads\/2013\/08\/crianca.jpg\" alt=\"crianca\" width=\"450\" height=\"265\" \/>Comunica\u00e7\u00f5es &#8211; Como \u00e9 ser representante de S\u00e3o Francisco? Fale um pouco de sua vida, sua hist\u00f3ria, sua fam\u00edlia, voca\u00e7\u00e3o e forma\u00e7\u00e3o.<\/strong><\/p>\n<p><strong>Frei Michael &#8211;<\/strong><b> <\/b>Como disse h\u00e1 pouco, ainda n\u00e3o consigo imaginar que me encontro agora como servidor e Ministro Geral. Posso dizer que, antes disso, me considero um pecador e um simples frade. Como eu partilhei com os frades na Pol\u00f4nia, recentemente, em um encontro com mais de 200 frades da forma\u00e7\u00e3o inicial, tamb\u00e9m vivi algumas crises na minha vida. Ent\u00e3o, eu quero falar um pouco da minha vida. Foram tantas crises que me ensinaram muito. Quando estudava Direito na Universidade, fui convidado pelos protestantes para fazer uma experi\u00eancia mission\u00e1ria numa regi\u00e3o muito pobre nos Estados Unidos, onde havia uma comunidade de frades. Ent\u00e3o, atrav\u00e9s desta experi\u00eancia com os protestantes metodistas, descobri a experi\u00eancia com os frades e os pobres, descobri que talvez Deus tivesse algo diferente para mim. Eu fui at\u00e9 a Universidade Franciscana, e ao semin\u00e1rio, para experimentar, para ver. Penso tamb\u00e9m que sou um produto da globaliza\u00e7\u00e3o no modo de ver as coisas. E assim pensava em fazer uma experi\u00eancia franciscana por um tempo e, depois de um ano, faria uma avalia\u00e7\u00e3o e\u00a0 veria se continuava ou n\u00e3o&#8230; \u00c9 um pouco estranho, porque at\u00e9 h\u00e1 poucos anos eu continuava a levar adiante esse modo de ver as coisas. Durante quase toda a minha vida franciscana, fiz o que me parecia ser o caminho que o Senhor queria me propor. Durante o estudo de Teologia queria fazer uma experi\u00eancia com os pobres e ent\u00e3o fui. Vivi uma semana sem dinheiro e, quando voltei para casa, trazia comigo 500 d\u00f3lares. E quando quis fazer uma experi\u00eancia mission\u00e1ria na \u00c1frica, os superiores me deram autoriza\u00e7\u00e3o. Depois da Teologia, depois da ordena\u00e7\u00e3o, quando queria retornar \u00e0 \u00c1frica, tamb\u00e9m estavam de acordo, ent\u00e3o fui e fiquei dois anos como estudante, e seis anos como superior de uma miss\u00e3o na Rep\u00fablica Democr\u00e1tica do Congo. Depois, voltei aos Estados Unidos e dei aulas por dois anos numa escola de Chicago e ent\u00e3o senti, em mim e tamb\u00e9m nos superiores, o desejo de aprofundar o estudo de antropologia e missiologia. Depois fiz doutorado em Antropologia Religiosa na Universidade de Birminghan, na Inglaterra. Terminado o curso, fui trabalhar na Confer\u00eancia Episcopal Norte-americana como assessor de pol\u00edtica internacional. Com essa experi\u00eancia, os meus superiores me liberaram para trabalhar na F<i>ranciscans International<\/i> em Nova York &#8211; uma organiza\u00e7\u00e3o n\u00e3o governamental que se compromete nas Na\u00e7\u00f5es Unidas pela justi\u00e7a, pobreza e sustentabilidade do planeta em nome dos mais pobres -, onde pude colaborar com a Fam\u00edlia Franciscana junto \u00e0 ONU, levando as autoridades maiores a fazerem uma reflex\u00e3o profunda sobre a crise e sobre as consequ\u00eancias de suas a\u00e7\u00f5es. Depois de dois anos, fui trabalhar na C\u00e1ritas dos Estados Unidos, desenvolvendo a tem\u00e1tica da paz e da reconcilia\u00e7\u00e3o. Depois de um ano, fui eleito Provincial da minha Prov\u00edncia. Como a vida, \u00e0s vezes, \u00e9 estranha! Eu, que vivi quase o tempo todo fora da minha Prov\u00edncia, fui escolhido Provincial. Agora, digo assim porque a m\u00e3o de Deus estava sobre mim n\u00e3o porque eu quisesse ter essas responsabilidades, mas porque o Senhor me confiou esse servi\u00e7o. E assim, com onze meses, fui como Provincial ao Cap\u00edtulo Geral, com todo um programa que hav\u00edamos estabelecido na Prov\u00edncia para seis anos, e os frades me escolheram como Vig\u00e1rio Geral. Eu n\u00e3o queria ser Vig\u00e1rio Geral. Depois, com a nomea\u00e7\u00e3o do Frei Jos\u00e9 Carballo como arcebispo e secret\u00e1rio da Congrega\u00e7\u00e3o dos Religiosos, depois de um tempo de discernimento com representantes de todas as Confer\u00eancias OFM no mundo, o Senhor fez comigo o que fez com o Profeta Jeremias: pegou-me e me virou no avesso, mais uma grande surpresa na minha vida, como ele sempre faz!<\/p>\n<p>Essa \u00e9 um pouco da minha hist\u00f3ria, mas o mais importante para mim agora \u00e9 procurar a mesma coer\u00eancia na minha vida que encontro na vida de Francisco, tamb\u00e9m na vida do Papa Francisco, e na de Jesus.<\/p>\n<div id=\"attachment_43414\" style=\"width: 460px\" class=\"wp-caption alignleft\"><img aria-describedby=\"caption-attachment-43414\" loading=\"lazy\" class=\"size-full wp-image-43414 \" src=\"http:\/\/franciscanos.org.br\/wp-content\/uploads\/2013\/08\/frades.jpg\" alt=\"frades\" width=\"450\" height=\"313\" \/><p id=\"caption-attachment-43414\" class=\"wp-caption-text\">Frei D\u00eanis brinca com Frei Michael e o Geral responde com o mesmo gesto<\/p><\/div>\n<p><strong>Frei Michael &#8211; <\/strong>Nasci nos EUA de uma fam\u00edlia irlandesa. Tenho tamb\u00e9m a nacionalidade irlandesa. Sempre fui um irland\u00eas-americano. Isso me ajudou muito, no mundo, a ter uma identidade unificada. Eu tenho tr\u00eas irm\u00e3os e uma irm\u00e3. Oito sobrinhos e, ontem \u00e0 noite (26), chegou o quarto sobrinho neto. Meus pais j\u00e1 morreram faz alguns anos.<\/p>\n<p><strong>Comunica\u00e7\u00f5es &#8211; Quais os desafios para um jovem frade hoje?<\/strong><\/p>\n<p><strong>Frei Michael &#8211; <\/strong><b>\u00a0<\/b>Antes de tudo, quando os jovens entram na Ordem, que est\u00e1 presente em 112 pa\u00edses, fica dif\u00edcil tra\u00e7ar os desafios, pois s\u00e3o um tanto diversos. Por\u00e9m, em geral, h\u00e1 alguns desafios que parecem estar mais ou menos presentes em quase todas as partes do mundo.\u00a0 Um deles \u00e9 a mudan\u00e7a da vida cotidiana anterior ao ingresso na Ordem para aquilo que propomos atualmente como forma de vida franciscana. \u00c0s vezes, esta proposta de vida dos frades aos jovens n\u00e3o se mostra coerente. Propomos que devemos ser homens de ora\u00e7\u00e3o, mas muitas vezes deixamos que o servi\u00e7o, o trabalho, as distra\u00e7\u00f5es, nos privem da ora\u00e7\u00e3o. Assim convidamos os jovens a serem homens de ora\u00e7\u00e3o e n\u00f3s, no entanto, n\u00e3o o somos verdadeiramente. Esta \u00e9 uma contradi\u00e7\u00e3o que para eles \u00e9 um desafio. Voltemos, ent\u00e3o, \u00e0 pergunta sobre a simplicidade. N\u00f3s, frades menores, temos que nos perguntar sobre o nosso estilo de vida. Quero saber para qual forma de vida estamos convidamos os jovens para seguir o Cristo. Todos n\u00f3s, frades menores, devemos nos converter seja mentalmente seja no uso das coisas, e deixarmo-nos converter pelo Senhor. Porque os jovens s\u00e3o muito inteligentes e eles veem logo as contradi\u00e7\u00f5es. E as contradi\u00e7\u00f5es que se encontram em nossa vida provocam crises na vida deles. E aquilo que os jovens procuram \u00e9 autenticidade e uma coer\u00eancia na vida. E tamb\u00e9m a partir dos estudos desenvolvidos no Brasil, no M\u00e9xico, na \u00c1frica e no mundo, os jovens procuram estar mais pr\u00f3ximos dos pobres e dos sofredores. E, ent\u00e3o, vindo para junto de n\u00f3s, com o passar do tempo, eles aprendem um estilo de vida que os distancia dos pobres e dos sofredores, e isso os p\u00f5e em crise. Talvez uma outra maneira de responder a isso \u00e9: n\u00e3o devemos deixar de nos questionar sobre esse desejo dos jovens. Eles podem nos ajudar a clarear o nosso sentido de vida. \u00c9 uma gra\u00e7a que eles venham, mas devemos ser honestos.<\/p>\n<p>Eu queria acrescentar que nos nossos programas de forma\u00e7\u00e3o temos que acentuar mais o acompanhamento pessoal e isto em n\u00edvel de forma\u00e7\u00e3o inicial, e, na forma\u00e7\u00e3o permanente, temos que fazer a mesma coisa. \u00c9 preciso formar os guardi\u00e3es para que eles possam formar e acompanhar os frades. Na verdade, n\u00f3s todos precisamos ajudar no acompanhamento espiritual porque h\u00e1 tantos obst\u00e1culos com que nos deparamos, e decis\u00f5es que tomamos que n\u00e3o s\u00e3o boas para n\u00f3s. Precisamos de pessoas n\u00e3o tanto que julguem, mas nos ajudem a retomar a vida evang\u00e9lica. Isso \u00e9 muito importante: como formar os guardi\u00e3es para fazerem isso? Quantas vezes deixamos um ou outro na Fraternidade sofrendo sem nunca perguntar: \u201cComo voc\u00ea est\u00e1?\u201d. N\u00f3s comentamos entre n\u00f3s: \u201cEle \u00e9 assim\u201d, \u201cEle tem problemas\u201d, mas ningu\u00e9m vai diretamente a ele perguntar: \u201cComo voc\u00ea est\u00e1? O que podemos fazer para ajud\u00e1-lo?\u201d. \u201cA tua vida vale a pena e eu tenho um compromisso para com voc\u00ea,\u00a0 porque no Corpo de Cristo se um membro sofre, todos os outros sofrem tamb\u00e9m!\u201d.<\/p>\n<div id=\"attachment_43415\" style=\"width: 460px\" class=\"wp-caption alignright\"><img aria-describedby=\"caption-attachment-43415\" loading=\"lazy\" class=\"size-full wp-image-43415\" src=\"http:\/\/franciscanos.org.br\/wp-content\/uploads\/2013\/08\/jovens.jpg\" alt=\"jovens\" width=\"450\" height=\"390\" \/><p id=\"caption-attachment-43415\" class=\"wp-caption-text\">Postulantes da Prov\u00edncia tiram fotos com Frei Michael<\/p><\/div>\n<p><strong>Frei Michael &#8211;<\/strong> Diria que entre os Ministros Gerais h\u00e1 um grande desejo de formar comunh\u00e3o na Fam\u00edlia Franciscana. Porque, de outro modo, essas fragmenta\u00e7\u00f5es que fazem parte da globaliza\u00e7\u00e3o, enfraquecem o nosso testemunho. Estou certo de que, gra\u00e7as a Deus, nesse momento da hist\u00f3ria humana, temos a necessidade de nos ajudarmos reciprocamente. E isso faz parte da for\u00e7a do testemunho franciscano no mundo de hoje. Quanto aos jovens, h\u00e1 uma grande fome e sede por um significado na vida. H\u00e1 um grande desejo de encontrar uma pessoa na vida. E esta pessoa aparece no canto oficial da JMJ, que diz: \u201cCristo te convida\u201d. E foi com base numa pesquisa com os jovens que uma Religiosa, presente no encontro com os Ministros Gerais, chegou \u00e0 conclus\u00e3o de que muitos jovens deixam a Igreja mas n\u00e3o abandonam a sua procura por Deus. Eles est\u00e3o procurando uma experi\u00eancia espiritual profunda, que, \u00e0s vezes, n\u00e3o se encontra na Igreja. N\u00e3o a encontram,\u00a0 porque, muitas vezes, quando v\u00eam \u00e0 igreja encontram uma liturgia morta, uma prega\u00e7\u00e3o que n\u00e3o \u00e9 bem preparada e apresentada, e uma forma de ora\u00e7\u00e3o muito vazia. Falta alegria, energia e esperan\u00e7a. Eu n\u00e3o posso simplesmente responsabilizar os jovens porque eles est\u00e3o procurando onde h\u00e1 vida. Eles est\u00e3o procurando onde h\u00e1 esperan\u00e7a e onde h\u00e1 amor verdadeiro. Creio que isso deva colocar-nos em crise, a n\u00f3s, franciscanos, e a Igreja, para deixarmo-nos transformar por esta experi\u00eancia. Ao mesmo tempo, os jovens que vimos aqui na JMJ e na Tenda Franciscana, eles ainda encontram esperan\u00e7a, alegria e amor na Igreja, e esta experi\u00eancia que n\u00f3s vivemos aqui \u00e9 cheia de energia e alegria. E tem a m\u00fasica que nos ajuda tamb\u00e9m a agradecer ao Senhor e h\u00e1 uma forma de ora\u00e7\u00e3o que nos ajuda a nos expressarmos. Eu creio que n\u00f3s, como franciscanos, inspirados pela forma de pregar de Francisco e seus primeiros companheiros, devemos procurar tocar o cora\u00e7\u00e3o das pessoas, e responder com \u00e1gua e p\u00e3o que satisfa\u00e7am a sede e fome de Deus. Isso requer criatividade e coragem. Mesmo cometendo erros, prefiro correr riscos a criar espa\u00e7os mortos. N\u00e3o nos contentamos em esperar a morte. \u00c9 essa atitude com nossa voca\u00e7\u00e3o franciscana, com nosso desejo e futuro em Cristo. Buscamos a Cristo para descobrirmos e encontrarmos a vida. Isso nos d\u00e1 esperan\u00e7a, alegria, criatividade e energia. Este \u00e9 o nosso futuro com os jovens: nossa transforma\u00e7\u00e3o pessoal e comunit\u00e1ria.<\/p>\n<p><b><i>(*) Colaboraram Frei Bruno Varriano, Frei Walter de Carvalho Jr. e Frei Gustavo Medella<\/i><\/b><\/p>\n","protected":false},"excerpt":{"rendered":"<p>Entrevista<\/p>\n","protected":false},"author":1,"featured_media":201130,"comment_status":"closed","ping_status":"open","sticky":false,"template":"","format":"standard","meta":[],"categories":[758,1],"tags":[723,184,128,397],"acf":[],"yoast_head":"<!-- This site is optimized with the Yoast SEO plugin v19.2 - https:\/\/yoast.com\/wordpress\/plugins\/seo\/ -->\n<title>Frei Michael Perry, rec\u00e9m-eleito Ministro Geral da OFM - Not\u00edcias - Franciscanos<\/title>\n<meta name=\"robots\" content=\"index, follow, max-snippet:-1, max-image-preview:large, max-video-preview:-1\" \/>\n<link rel=\"canonical\" href=\"https:\/\/franciscanos.org.br\/noticias\/entrevista-com-frei-michael-perry.html\" \/>\n<meta property=\"og:locale\" content=\"pt_BR\" \/>\n<meta property=\"og:type\" content=\"article\" \/>\n<meta property=\"og:title\" content=\"Frei Michael Perry, rec\u00e9m-eleito Ministro Geral da OFM - Not\u00edcias - Franciscanos\" \/>\n<meta property=\"og:description\" content=\"Entrevista\" \/>\n<meta property=\"og:url\" content=\"https:\/\/franciscanos.org.br\/noticias\/entrevista-com-frei-michael-perry.html\" \/>\n<meta property=\"og:site_name\" content=\"Not\u00edcias - Franciscanos\" \/>\n<meta property=\"article:published_time\" content=\"2013-09-10T04:59:26+00:00\" \/>\n<meta property=\"article:modified_time\" content=\"2019-03-07T15:27:27+00:00\" \/>\n<meta property=\"og:image\" content=\"https:\/\/franciscanos.org.br\/noticias\/wp-content\/uploads\/2013\/09\/michel_pe.jpg\" \/>\n\t<meta property=\"og:image:width\" content=\"273\" \/>\n\t<meta property=\"og:image:height\" content=\"181\" \/>\n\t<meta property=\"og:image:type\" content=\"image\/jpeg\" \/>\n<meta name=\"author\" content=\"admin\" \/>\n<meta name=\"twitter:card\" content=\"summary_large_image\" \/>\n<meta name=\"twitter:label1\" content=\"Escrito por\" \/>\n\t<meta name=\"twitter:data1\" content=\"admin\" \/>\n\t<meta name=\"twitter:label2\" content=\"Est. tempo de leitura\" \/>\n\t<meta name=\"twitter:data2\" content=\"15 minutos\" \/>\n<script type=\"application\/ld+json\" class=\"yoast-schema-graph\">{\"@context\":\"https:\/\/schema.org\",\"@graph\":[{\"@type\":\"WebSite\",\"@id\":\"https:\/\/franciscanos.org.br\/noticias\/#website\",\"url\":\"https:\/\/franciscanos.org.br\/noticias\/\",\"name\":\"Not\u00edcias - Franciscanos\",\"description\":\"Prov\u00edncia Franciscana da Imaculada Concei\u00e7\u00e3o do Brasil - Ordem dos Frades Menores - OFM\",\"potentialAction\":[{\"@type\":\"SearchAction\",\"target\":{\"@type\":\"EntryPoint\",\"urlTemplate\":\"https:\/\/franciscanos.org.br\/noticias\/?s={search_term_string}\"},\"query-input\":\"required name=search_term_string\"}],\"inLanguage\":\"pt-BR\"},{\"@type\":\"ImageObject\",\"inLanguage\":\"pt-BR\",\"@id\":\"https:\/\/franciscanos.org.br\/noticias\/entrevista-com-frei-michael-perry.html#primaryimage\",\"url\":\"https:\/\/franciscanos.org.br\/noticias\/wp-content\/uploads\/2013\/09\/michel_pe.jpg\",\"contentUrl\":\"https:\/\/franciscanos.org.br\/noticias\/wp-content\/uploads\/2013\/09\/michel_pe.jpg\",\"width\":273,\"height\":181},{\"@type\":\"WebPage\",\"@id\":\"https:\/\/franciscanos.org.br\/noticias\/entrevista-com-frei-michael-perry.html#webpage\",\"url\":\"https:\/\/franciscanos.org.br\/noticias\/entrevista-com-frei-michael-perry.html\",\"name\":\"Frei Michael Perry, rec\u00e9m-eleito Ministro Geral da OFM - Not\u00edcias - Franciscanos\",\"isPartOf\":{\"@id\":\"https:\/\/franciscanos.org.br\/noticias\/#website\"},\"primaryImageOfPage\":{\"@id\":\"https:\/\/franciscanos.org.br\/noticias\/entrevista-com-frei-michael-perry.html#primaryimage\"},\"datePublished\":\"2013-09-10T04:59:26+00:00\",\"dateModified\":\"2019-03-07T15:27:27+00:00\",\"author\":{\"@id\":\"https:\/\/franciscanos.org.br\/noticias\/#\/schema\/person\/b38fbf43118f02820bd932f2e4b14ad3\"},\"breadcrumb\":{\"@id\":\"https:\/\/franciscanos.org.br\/noticias\/entrevista-com-frei-michael-perry.html#breadcrumb\"},\"inLanguage\":\"pt-BR\",\"potentialAction\":[{\"@type\":\"ReadAction\",\"target\":[\"https:\/\/franciscanos.org.br\/noticias\/entrevista-com-frei-michael-perry.html\"]}]},{\"@type\":\"BreadcrumbList\",\"@id\":\"https:\/\/franciscanos.org.br\/noticias\/entrevista-com-frei-michael-perry.html#breadcrumb\",\"itemListElement\":[{\"@type\":\"ListItem\",\"position\":1,\"name\":\"Home\",\"item\":\"https:\/\/franciscanos.org.br\/noticias\"},{\"@type\":\"ListItem\",\"position\":2,\"name\":\"Frei Michael Perry, rec\u00e9m-eleito Ministro Geral da OFM\"}]},{\"@type\":\"Person\",\"@id\":\"https:\/\/franciscanos.org.br\/noticias\/#\/schema\/person\/b38fbf43118f02820bd932f2e4b14ad3\",\"name\":\"admin\",\"image\":{\"@type\":\"ImageObject\",\"inLanguage\":\"pt-BR\",\"@id\":\"https:\/\/franciscanos.org.br\/noticias\/#\/schema\/person\/image\/\",\"url\":\"https:\/\/secure.gravatar.com\/avatar\/e8495742d34d0ba6448ea1c628263b3e?s=96&d=mm&r=g\",\"contentUrl\":\"https:\/\/secure.gravatar.com\/avatar\/e8495742d34d0ba6448ea1c628263b3e?s=96&d=mm&r=g\",\"caption\":\"admin\"},\"url\":\"https:\/\/franciscanos.org.br\/noticias\/author\/admin\"}]}<\/script>\n<!-- \/ Yoast SEO plugin. -->","yoast_head_json":{"title":"Frei Michael Perry, rec\u00e9m-eleito Ministro Geral da OFM - Not\u00edcias - Franciscanos","robots":{"index":"index","follow":"follow","max-snippet":"max-snippet:-1","max-image-preview":"max-image-preview:large","max-video-preview":"max-video-preview:-1"},"canonical":"https:\/\/franciscanos.org.br\/noticias\/entrevista-com-frei-michael-perry.html","og_locale":"pt_BR","og_type":"article","og_title":"Frei Michael Perry, rec\u00e9m-eleito Ministro Geral da OFM - Not\u00edcias - Franciscanos","og_description":"Entrevista","og_url":"https:\/\/franciscanos.org.br\/noticias\/entrevista-com-frei-michael-perry.html","og_site_name":"Not\u00edcias - Franciscanos","article_published_time":"2013-09-10T04:59:26+00:00","article_modified_time":"2019-03-07T15:27:27+00:00","og_image":[{"width":273,"height":181,"url":"https:\/\/franciscanos.org.br\/noticias\/wp-content\/uploads\/2013\/09\/michel_pe.jpg","type":"image\/jpeg"}],"author":"admin","twitter_card":"summary_large_image","twitter_misc":{"Escrito por":"admin","Est. tempo de leitura":"15 minutos"},"schema":{"@context":"https:\/\/schema.org","@graph":[{"@type":"WebSite","@id":"https:\/\/franciscanos.org.br\/noticias\/#website","url":"https:\/\/franciscanos.org.br\/noticias\/","name":"Not\u00edcias - Franciscanos","description":"Prov\u00edncia Franciscana da Imaculada Concei\u00e7\u00e3o do Brasil - Ordem dos Frades Menores - OFM","potentialAction":[{"@type":"SearchAction","target":{"@type":"EntryPoint","urlTemplate":"https:\/\/franciscanos.org.br\/noticias\/?s={search_term_string}"},"query-input":"required name=search_term_string"}],"inLanguage":"pt-BR"},{"@type":"ImageObject","inLanguage":"pt-BR","@id":"https:\/\/franciscanos.org.br\/noticias\/entrevista-com-frei-michael-perry.html#primaryimage","url":"https:\/\/franciscanos.org.br\/noticias\/wp-content\/uploads\/2013\/09\/michel_pe.jpg","contentUrl":"https:\/\/franciscanos.org.br\/noticias\/wp-content\/uploads\/2013\/09\/michel_pe.jpg","width":273,"height":181},{"@type":"WebPage","@id":"https:\/\/franciscanos.org.br\/noticias\/entrevista-com-frei-michael-perry.html#webpage","url":"https:\/\/franciscanos.org.br\/noticias\/entrevista-com-frei-michael-perry.html","name":"Frei Michael Perry, rec\u00e9m-eleito Ministro Geral da OFM - Not\u00edcias - Franciscanos","isPartOf":{"@id":"https:\/\/franciscanos.org.br\/noticias\/#website"},"primaryImageOfPage":{"@id":"https:\/\/franciscanos.org.br\/noticias\/entrevista-com-frei-michael-perry.html#primaryimage"},"datePublished":"2013-09-10T04:59:26+00:00","dateModified":"2019-03-07T15:27:27+00:00","author":{"@id":"https:\/\/franciscanos.org.br\/noticias\/#\/schema\/person\/b38fbf43118f02820bd932f2e4b14ad3"},"breadcrumb":{"@id":"https:\/\/franciscanos.org.br\/noticias\/entrevista-com-frei-michael-perry.html#breadcrumb"},"inLanguage":"pt-BR","potentialAction":[{"@type":"ReadAction","target":["https:\/\/franciscanos.org.br\/noticias\/entrevista-com-frei-michael-perry.html"]}]},{"@type":"BreadcrumbList","@id":"https:\/\/franciscanos.org.br\/noticias\/entrevista-com-frei-michael-perry.html#breadcrumb","itemListElement":[{"@type":"ListItem","position":1,"name":"Home","item":"https:\/\/franciscanos.org.br\/noticias"},{"@type":"ListItem","position":2,"name":"Frei Michael Perry, rec\u00e9m-eleito Ministro Geral da OFM"}]},{"@type":"Person","@id":"https:\/\/franciscanos.org.br\/noticias\/#\/schema\/person\/b38fbf43118f02820bd932f2e4b14ad3","name":"admin","image":{"@type":"ImageObject","inLanguage":"pt-BR","@id":"https:\/\/franciscanos.org.br\/noticias\/#\/schema\/person\/image\/","url":"https:\/\/secure.gravatar.com\/avatar\/e8495742d34d0ba6448ea1c628263b3e?s=96&d=mm&r=g","contentUrl":"https:\/\/secure.gravatar.com\/avatar\/e8495742d34d0ba6448ea1c628263b3e?s=96&d=mm&r=g","caption":"admin"},"url":"https:\/\/franciscanos.org.br\/noticias\/author\/admin"}]}},"_links":{"self":[{"href":"https:\/\/franciscanos.org.br\/noticias\/wp-json\/wp\/v2\/posts\/43406"}],"collection":[{"href":"https:\/\/franciscanos.org.br\/noticias\/wp-json\/wp\/v2\/posts"}],"about":[{"href":"https:\/\/franciscanos.org.br\/noticias\/wp-json\/wp\/v2\/types\/post"}],"author":[{"embeddable":true,"href":"https:\/\/franciscanos.org.br\/noticias\/wp-json\/wp\/v2\/users\/1"}],"replies":[{"embeddable":true,"href":"https:\/\/franciscanos.org.br\/noticias\/wp-json\/wp\/v2\/comments?post=43406"}],"version-history":[{"count":0,"href":"https:\/\/franciscanos.org.br\/noticias\/wp-json\/wp\/v2\/posts\/43406\/revisions"}],"wp:featuredmedia":[{"embeddable":true,"href":"https:\/\/franciscanos.org.br\/noticias\/wp-json\/wp\/v2\/media\/201130"}],"wp:attachment":[{"href":"https:\/\/franciscanos.org.br\/noticias\/wp-json\/wp\/v2\/media?parent=43406"}],"wp:term":[{"taxonomy":"category","embeddable":true,"href":"https:\/\/franciscanos.org.br\/noticias\/wp-json\/wp\/v2\/categories?post=43406"},{"taxonomy":"post_tag","embeddable":true,"href":"https:\/\/franciscanos.org.br\/noticias\/wp-json\/wp\/v2\/tags?post=43406"}],"curies":[{"name":"wp","href":"https:\/\/api.w.org\/{rel}","templated":true}]}}