{"id":43348,"date":"2013-08-11T11:48:24","date_gmt":"2013-08-11T14:48:24","guid":{"rendered":"http:\/\/new.franciscanos.org.br\/?p=43348"},"modified":"2021-04-19T22:31:45","modified_gmt":"2021-04-20T01:31:45","slug":"frei-fidencio-se-emociona-na-profissao-solene-de-frei-douglas-e-frei-valdeci","status":"publish","type":"post","link":"https:\/\/franciscanos.org.br\/noticias\/frei-fidencio-se-emociona-na-profissao-solene-de-frei-douglas-e-frei-valdeci.html","title":{"rendered":"Frei Fid\u00eancio se emociona na Profiss\u00e3o Solene de Frei Douglas e Frei Valdeci em Petr\u00f3polis"},"content":{"rendered":"<p><img loading=\"lazy\" class=\"alignnone size-full wp-image-199235\" src=\"https:\/\/franciscanos.org.br\/noticias\/wp-content\/uploads\/2013\/08\/douglas_valdeci.jpg\" alt=\"\" width=\"890\" height=\"590\" srcset=\"https:\/\/franciscanos.org.br\/noticias\/wp-content\/uploads\/2013\/08\/douglas_valdeci.jpg 890w, https:\/\/franciscanos.org.br\/noticias\/wp-content\/uploads\/2013\/08\/douglas_valdeci-450x298.jpg 450w, https:\/\/franciscanos.org.br\/noticias\/wp-content\/uploads\/2013\/08\/douglas_valdeci-768x509.jpg 768w, https:\/\/franciscanos.org.br\/noticias\/wp-content\/uploads\/2013\/08\/douglas_valdeci-150x99.jpg 150w\" sizes=\"(max-width: 890px) 100vw, 890px\" \/><\/p>\n<p><strong>Moacir Beggo<\/strong><\/p>\n<p><b>Petr\u00f3polis (RJ)<\/b> &#8211; Depois de anos de forma\u00e7\u00e3o na vida religiosa, \u00e9 comum as profiss\u00f5es religiosas e ordena\u00e7\u00f5es se tornarem momentos carregados de emo\u00e7\u00e3o para os professandos e ordenandos. Mas neste s\u00e1bado (10\/8), na celebra\u00e7\u00e3o da Profiss\u00e3o Solene de Frei Valdeci Bento de Moura e Frei Douglas Paulo Machado, na Igreja do Sagrado Cora\u00e7\u00e3o de Jesus, em Petr\u00f3polis (RJ), \u00a0\u00e0s 10 horas, a emo\u00e7\u00e3o ficou por conta do presidente, o Ministro Provincial Frei Fid\u00eancio Vanboemmel, que fez um desabafo no meio da homilia ao confessar o quanto d\u00f3i, na fun\u00e7\u00e3o de Ministro Provincial, ter que ouvir de um confrade que perdeu o encanto para a vida religiosa e que &#8220;foi bom enquanto durou&#8221;!<\/p>\n<div id=\"attachment_43369\" style=\"width: 460px\" class=\"wp-caption alignright\"><img aria-describedby=\"caption-attachment-43369\" loading=\"lazy\" class=\"size-full wp-image-43369\" src=\"http:\/\/franciscanos.org.br\/wp-content\/uploads\/2013\/08\/homilia.jpg\" alt=\"Frei Fid\u00eancio Vanboemmel, Ministro Provincial\" width=\"450\" height=\"489\" \/><p id=\"caption-attachment-43369\" class=\"wp-caption-text\">Frei Fid\u00eancio Vanboemmel, Ministro Provincial<\/p><\/div>\n<p>A partir do lema escolhido por Frei Douglas e Frei Valdeci, &#8220;grandes coisas prometemos a Deus mas muito maiores Deus nos prometeu&#8221;, um texto do &#8220;Fioretti&#8221; de S\u00e3o Francisco de Assis, o Ministro Provincial desenvolveu a sua homilia com base nas pequenas e grandes promessas que fazemos permanentemente a Deus, \u00e0 Igreja, \u00e0 comunidade religiosa e \u00e0 comunidade crist\u00e3.<\/p>\n<p>Frei Fid\u00eancio lembrou que, no in\u00edcio de julho, o Papa Francisco se encontrou em Roma com seminaristas, jovens religiosos (as) e sacerdotes, quando disse que somos v\u00edtimas da cultura do provis\u00f3rio. &#8220;E como podemos nos libertar dessa cultura, perguntou o Papa \u00e0quelas jovens voca\u00e7\u00f5es. Pois bem, hoje n\u00f3s dizemos a Deus: prometo viver todo o tempo da minha vida&#8230; Tudo isso ressoa diante dessa cultura do provis\u00f3rio e, muitas vezes, na nossa vida religiosa prometida, assim como na vida conjugal, ouvimos por a\u00ed: &#8216;Foi bom enquanto durou!&#8217;. Isso d\u00f3i muito quando a gente, que exerce a fun\u00e7\u00e3o de Ministro Provincial, ouve da boca de um confrade nosso: &#8216;Foi bom, mas n\u00e3o d\u00e1 mais!'&#8221;, desabafou o Ministro Provincial, dando uma pausa para se recuperar da voz embargada.<\/p>\n<p>Segundo o Ministro, \u00e9 muito dif\u00edcil ouvir frades que acabaram de professar, h\u00e1 um ano ou dois apenas, dizerem: &#8220;Foi bom enquanto durou, a alegria sumiu. O prazer de viver esse projeto de Nosso Senhor Jesus Cristo n\u00e3o est\u00e1 mais presente no meu cora\u00e7\u00e3o!&#8221;, lamentou, afirmando: &#8220;Portanto, a primeira promessa que n\u00f3s fazemos a Deus, \u00a0o ponto de partida &#8211; prometo viver o Evangelho de Nosso Senhor Jesus Cristo &#8211; n\u00e3o deve ficar esquecida&#8221;, disse.<\/p>\n<p>Segundo Frei Fid\u00eancio, quando n\u00e3o h\u00e1 interioriza\u00e7\u00e3o do Evangelho, quando essa Palavra desaparece na \u00a0vida, perde-se o encanto para todos os demais valores da vida religiosa. &#8220;Frei Douglas e Frei Valdeci, \u00e9 grande a responsabilidade que voc\u00eas est\u00e3o assumindo nesta manh\u00e3 diante de todos n\u00f3s, sobretudo diante de Deus. Prometo, fa\u00e7o voto, grandes coisas prometemos! E como n\u00f3s prometemos a Deus, diz o livro do Eclesiastes, n\u00e3o devemos jamais nos desvencilharmos daquilo que prometemos. Ou ainda como diz o Eclesiastes, \u00e9 melhor n\u00e3o\u00a0 prometer do que prometer e n\u00e3o cumprir&#8221;, admoestou.<\/p>\n<div id=\"attachment_43350\" style=\"width: 258px\" class=\"wp-caption alignleft\"><img aria-describedby=\"caption-attachment-43350\" loading=\"lazy\" class=\"size-full wp-image-43350 \" src=\"http:\/\/franciscanos.org.br\/wp-content\/uploads\/2013\/08\/valdeci.jpg\" alt=\"Fotos Moacir Beggo\" width=\"248\" height=\"400\" \/><p id=\"caption-attachment-43350\" class=\"wp-caption-text\">Profiss\u00e3o de Frei Valdeci<\/p><\/div>\n<p>&#8220;Meus caros confrades, Frei Douglas e Frei Valdeci, eu creio que o pedido que voc\u00eas acabaram de fazer foi um pedido amadurecido no cora\u00e7\u00e3o de voc\u00eas. Uma grande decis\u00e3o voc\u00eas amadureceram no cora\u00e7\u00e3o. \u00c9 muito interessante que hoje, na Primeira Leitura, tirada da segunda Carta de S\u00e3o Paulo aos Cor\u00edntios, Paulo fala de uma coleta que ele organizou em favor dos crist\u00e3os pobres de Jerusal\u00e9m e, a certa altura, ele diz: &#8216;Deem a cada um conforme o que estiver decidido em seu cora\u00e7\u00e3o&#8217;. Sim, na B\u00edblia, cora\u00e7\u00e3o \u00e9 sempre o lugar das grandes decis\u00f5es&#8221;, observou, frisando: &#8220;E voc\u00eas, caros irm\u00e3os, v\u00e3o dizer hoje a partir do pr\u00f3prio cora\u00e7\u00e3o, na f\u00f3rmula da profiss\u00e3o: entrego-me, pois, de todo cora\u00e7\u00e3o, a esta Fraternidade. \u00a0Voc\u00eas est\u00e3o dando, como diz S\u00e3o Paulo, aquilo que voc\u00eas decidiram no seu cora\u00e7\u00e3o. Uma entrega \u00e0 Fraternidade que, mesmo com os seus limites, ajudou-os a amadurecerem esta decis\u00e3o. Uma fraternidade que \u00a0ser\u00e1 sempre o lugar concreto, o lugar vis\u00edvel, o lugar salv\u00edfico, onde v\u00e3o viver por todo o tempo de sua vida esta voca\u00e7\u00e3o crist\u00e3, voca\u00e7\u00e3o franciscana, miss\u00e3o crist\u00e3 e miss\u00e3o evangelizadora&#8221;.<\/p>\n<p>Segundo Frei Fid\u00eancio, a decis\u00e3o do cora\u00e7\u00e3o \u00e9 sempre importante porque \u00e9 o espa\u00e7o para se cultivar a semente. &#8220;N\u00f3s ouvimos hoje no Evangelho Jesus dizendo: &#8216;Se essa semente n\u00e3o morre, ela n\u00e3o vai produzir frutos&#8217;. Eu creio que esta experi\u00eancia de morte, n\u00f3s, na vida religiosa, fazemos quando dizemos a Deus: quero viver na pobreza, quero viver na castidade (pureza de cora\u00e7\u00e3o), quero viver na obedi\u00eancia, quero viver em fraternidade, quero viver no esp\u00edrito de minoridade, quero viver a vida evangelizadora. E ali vamos fazer, dia ap\u00f3s dia, esta experi\u00eancia da morte da semente, para que a gra\u00e7a de Deus possa crescer,\u00a0 florescer e frutificar em todos n\u00f3s. Frei Valdeci e Frei Douglas, oxal\u00e1 a promessa que voc\u00eas fazem hoje a Deus possa ser tamb\u00e9m uma promessa para louvor e a gl\u00f3ria de Deus Pai. Am\u00e9m!&#8221;<\/p>\n<div id=\"attachment_43351\" style=\"width: 255px\" class=\"wp-caption alignright\"><img aria-describedby=\"caption-attachment-43351\" loading=\"lazy\" class=\"size-full wp-image-43351\" src=\"http:\/\/franciscanos.org.br\/wp-content\/uploads\/2013\/08\/douglas.jpg\" alt=\"Fotos Moacir Beggo\" width=\"245\" height=\"400\" \/><p id=\"caption-attachment-43351\" class=\"wp-caption-text\">Profiss\u00e3o de Frei Douglas<\/p><\/div>\n<p>Na celebra\u00e7\u00e3o, Frei Fid\u00eancio\u00a0 saudou Frei Giancarlo Lati, da Prov\u00edncia de Assis e Ec\u00f4nomo da Ordem dos Frades Menores, que participou de um encontro da Confer\u00eancia dos Frades Menores do Brasil: \u201c\u00c9 uma alegria muito grande t\u00ea-lo presente tamb\u00e9m na celebra\u00e7\u00e3o!\u201d.<\/p>\n<p>O Ministro Provincial tamb\u00e9m lembrou a liga\u00e7\u00e3o profunda na hist\u00f3ria vocacional da Prov\u00edncia Franciscana da Imaculada Concei\u00e7\u00e3o com o Convento e Igreja do Sagrado. \u201cQuantas profiss\u00f5es j\u00e1 se realizaram nesta igreja, nesta comunidade, nesta fraternidade?\u201d, observou Frei Fid\u00eancio, que presidiu a celebra\u00e7\u00e3o do lado do Guardi\u00e3o Frei C\u00e9sar K\u00fcllkamp e do Definidor Frei Evaristo Spengler.<\/p>\n<p><b>Rito da Profiss\u00e3o<\/b><\/p>\n<p>A fam\u00edlia de Frei Valdeci, de Monte Alegre (MG), esteve presente na celebra\u00e7\u00e3o e, representando os pais de Frei Douglas, veio de Santa Catarina o Pe. Kevin, que foi seu colega de turma no in\u00edcio da forma\u00e7\u00e3o no Semin\u00e1rio de Nossa Senhora de Lourdes, em Brusque (SC).<\/p>\n<p>Ap\u00f3s a leitura do Evangelho, teve in\u00edcio o rito, quando o mestre de forma\u00e7\u00e3o da Teologia, Frei Marcos Ant\u00f4nio Andrade, apresentou\u00a0 os professandos ao Ministro Provincial. Eles foram chamados pelo nome e fizeram o pedido de admiss\u00e3o \u00e0 Ordem dos Frades Menores.<\/p>\n<p>Depois da homilia, os professandos se aproximaram do Ministro Provincial e foram interrogados sobre a prepara\u00e7\u00e3o para se consagrarem a Deus segundo a forma de vida dos Frades Menores. \u00a0Ent\u00e3o, eles se prostraram ao ch\u00e3o num gesto de entrega e despojamento enquanto foi cantada a Ladainha de Todos os Santos.<\/p>\n<p>Terminada a prece lit\u00e2nica, cada um dos candidatos se aproximou do Ministro, colocando as m\u00e3os entre as m\u00e3os do Ministro Provincial para ler a f\u00f3rmula da profiss\u00e3o.<\/p>\n<p>Ajoelhados, os \u00a0neoprofessos receberam a b\u00ean\u00e7\u00e3o de Deus\u00a0 e foram abra\u00e7ados por seus confrades e familiares num gesto fraterno de acolhida \u00e0 Fraternidade.<\/p>\n<p>Depois da comunh\u00e3o, Frei Douglas fez os agradecimentos finais e, em seguida, todos se confraternizaram no almo\u00e7o, que teve a presen\u00e7a sempre fraterna do Bispo Diocesano de Petr\u00f3polis, D. Greg\u00f3rio Paix\u00e3o, OSB.<\/p>\n<p><img loading=\"lazy\" class=\"alignnone size-full wp-image-199236\" src=\"https:\/\/franciscanos.org.br\/noticias\/wp-content\/uploads\/2013\/08\/douglas_valdeci_2.jpg\" alt=\"\" width=\"890\" height=\"1035\" srcset=\"https:\/\/franciscanos.org.br\/noticias\/wp-content\/uploads\/2013\/08\/douglas_valdeci_2.jpg 890w, https:\/\/franciscanos.org.br\/noticias\/wp-content\/uploads\/2013\/08\/douglas_valdeci_2-387x450.jpg 387w, https:\/\/franciscanos.org.br\/noticias\/wp-content\/uploads\/2013\/08\/douglas_valdeci_2-768x893.jpg 768w, https:\/\/franciscanos.org.br\/noticias\/wp-content\/uploads\/2013\/08\/douglas_valdeci_2-881x1024.jpg 881w, https:\/\/franciscanos.org.br\/noticias\/wp-content\/uploads\/2013\/08\/douglas_valdeci_2-150x174.jpg 150w\" sizes=\"(max-width: 890px) 100vw, 890px\" \/><\/p>\n<hr \/>\n<div id=\"linha_identificacao\">\n<h1 class=\"fontptserif font-700\">\u00cdntegra da homilia de Frei Fid\u00eancio<\/h1>\n<\/div>\n<div class=\"sub_header tl-center\">\n<p><i class=\"fas fa-clock\"><\/i>\u00a0Hoje, na festa de S\u00e3o Louren\u00e7o M\u00e1rtir, quero saudar a todos os confrades presentes, em particular Frei Giancarlo Lati, frade da Prov\u00edncia de Assis e atualmente Ec\u00f4nomo Geral da Ordem que se faz presente nesta celebra\u00e7\u00e3o, Pe. Kelvin da Arquidiocese de Florian\u00f3polis, familiares de Frei Valdeci, religiosas e todas as pessoas que vieram participar desta celebra\u00e7\u00e3o da Profiss\u00e3o Solene. \u00a0\u00c9 uma alegria podermos estar neste Convento e nesta Igreja do Sagrado Cora\u00e7\u00e3o de Jesus onde, historicamente, a nossa Prov\u00edncia Franciscana da Imaculada Concei\u00e7\u00e3o j\u00e1 celebrou tantas profiss\u00f5es e ordena\u00e7\u00f5es. Sim, hoje nos reunimos com alegria para a Profiss\u00e3o Solene de voc\u00eas, caros Frei Douglas e Frei Valdeci.<\/p>\n<\/div>\n<div class=\"conteudo\">\n<p>Voc\u00eas escolheram como lema da Profiss\u00e3o Solene um vers\u00edculo do livro \u201cI Fioretti\u201d de S\u00e3o Francisco de Assis:\u00a0<b><i>\u201cGrandes coisas prometemos a Deus; mas muito maiores, Deus nos prometeu\u201d<\/i><\/b>.<\/p>\n<p>Car\u00edssimos irm\u00e3os e irm\u00e3s, a nossa vida crist\u00e3 se move por pequenas e grandes promessas que fazemos permanentemente a Deus, \u00e0 Igreja, \u00e0 comunidade religiosa e \u00e0 comunidade crist\u00e3. S\u00e3o promessas significativas que marcaram a nossa vida, como por exemplo, a promessa do batismo, a promessa no dia da crisma, a promessa sacramental que n\u00f3s fizemos no dia da Primeira Comunh\u00e3o, promessa de vida eucar\u00edstica que n\u00f3s reavivamos em todas as celebra\u00e7\u00f5es eucar\u00edsticas. Da mesma forma, na inicia\u00e7\u00e3o \u00e0 vida religiosa, nos movemos atrav\u00e9s das promessas.<\/p>\n<p>Quando voc\u00eas, Frei Valdeci e Frei Douglas, decidiram entrar na vida religiosa, voc\u00eas vieram com uma motiva\u00e7\u00e3o muito grande que nasceu de um chamado divino. Este chamado de Deus foi aquecido no cora\u00e7\u00e3o de voc\u00eas mediante promessas silenciosas de viver este sonho, este ideal de vida franciscana. Assim tamb\u00e9m pequenas ou grandes promessas voc\u00eas fizeram nas etapas de forma\u00e7\u00e3o, particularmente no postulantado, no ano da prova\u00e7\u00e3o do noviciado \u2013 fui o mestre dos dois! -, e no tempo da profiss\u00e3o tempor\u00e1ria, seja em Rondinha ou aqui em Petr\u00f3polis. \u00a0Portanto, a promessa que voc\u00eas fizeram na Primeira Profiss\u00e3o religiosa, ao t\u00e9rmino do Noviciado, e as promessas que voc\u00eas renovaram ano ap\u00f3s ano, os levam hoje a fazer a GRANDE promessa a Deus: \u201c<i>grandes coisas prometemos a Deus; mas muito maiores, Deus nos prometeu\u201d<\/i>.<\/p>\n<p>Daqui a pouco voc\u00eas estar\u00e3o ajoelhados, e com as m\u00e3os postas entre as minhas pobres m\u00e3os, ir\u00e3o proclamar: Prometo a Deus, prometo a esta fraternidade, prometo a esta Igreja de Deus, prometo observar \u201c<b><i>por todo tempo da minha vida<\/i><\/b>\u201d o Santo Evangelho de Nosso Senhor Jesus Cristo. E esta \u00e9 uma promessa extremamente grandiosa pela qual voc\u00eas se comprometem viver, por todo o tempo de suas vidas, a \u201cobservar o Evangelho de Nosso Senhor Jesus Cristo\u201d, do jeito como S\u00e3o Francisco de Assis viveu a sua radicalidade evang\u00e9lica.<\/p>\n<p><img loading=\"lazy\" class=\"alignnone size-full wp-image-199237\" src=\"https:\/\/franciscanos.org.br\/noticias\/wp-content\/uploads\/2013\/08\/douglas_valdeci_3.jpg\" alt=\"\" width=\"890\" height=\"448\" srcset=\"https:\/\/franciscanos.org.br\/noticias\/wp-content\/uploads\/2013\/08\/douglas_valdeci_3.jpg 890w, https:\/\/franciscanos.org.br\/noticias\/wp-content\/uploads\/2013\/08\/douglas_valdeci_3-450x227.jpg 450w, https:\/\/franciscanos.org.br\/noticias\/wp-content\/uploads\/2013\/08\/douglas_valdeci_3-768x387.jpg 768w, https:\/\/franciscanos.org.br\/noticias\/wp-content\/uploads\/2013\/08\/douglas_valdeci_3-150x76.jpg 150w\" sizes=\"(max-width: 890px) 100vw, 890px\" \/><\/p>\n<p>Voc\u00eas v\u00e3o prometer viver por todo o tempo da vida os votos, isto \u00e9, viver os Conselhos Evang\u00e9licos da pobreza, da obedi\u00eancia e da castidade. \u00c9 grande essa promessa, meus caros confrades!<\/p>\n<p>Voc\u00eas v\u00e3o prometer viver por todo o tempo da vida de voc\u00eas a Regra Franciscana e as Constitui\u00e7\u00f5es Gerais da nossa Ordem. \u00c9 grande o que voc\u00eas prometem, Frei Valdeci e Frei Douglas!<\/p>\n<p>Voc\u00eas v\u00e3o prometer, por todo o tempo da vida de voc\u00eas, viver a vida em fraternidade. A fraternidade \u00e9 o lugar concreto onde n\u00f3s nos santificamos, \u00e9 o lugar onde n\u00f3s nos purificamos, \u00e9 o lugar onde nos fortalecemos mutuamente nesta promessa feita a Deus Pai Todo Poderoso.<\/p>\n<p>Ao fazermos essas promessas, tamb\u00e9m temos consci\u00eancia de que n\u00e3o apenas prometemos viver para n\u00f3s mesmos. Voc\u00eas, ao t\u00e9rmino da f\u00f3rmula da Profiss\u00e3o Solene, v\u00e3o dizer ainda que prometem viver por todo o tempo de suas vidas a dimens\u00e3o apost\u00f3lica e a dimens\u00e3o mission\u00e1ria, pr\u00f3prias da nossa voca\u00e7\u00e3o evang\u00e9lica e evangelizadora.\u00a0 Portanto, se n\u00f3s prometemos viver o Evangelho de Nosso Senhor Jesus Cristo, essa promessa tamb\u00e9m tem as suas consequ\u00eancias: vivermos sempre como frades menores em miss\u00e3o evangelizadora. Isso tudo n\u00f3s prometemos a Deus! Logo,\u00a0<i>\u201cgrandes coisas prometemos a Deus\u201d<\/i>.<\/p>\n<p>Frei Douglas e Frei Valdeci, \u00e9 uma grande responsabilidade que voc\u00eas est\u00e3o assumindo nesta manh\u00e3 diante de todos n\u00f3s, mas, sobretudo diante de Deus! \u00a0Prometo, fa\u00e7o voto, grandes coisas prometemos\u2026 \u00a0E como n\u00f3s prometemos a Deus, jamais podemos nos desvencilhar do prometido. O livro do Eclesiastes diz: \u201cQuando fizeres uma promessa a Deus, n\u00e3o tardes em cumpri-lo. Deus n\u00e3o se agrada de tolos. Cumpre o que prometeste. \u00c9 melhor n\u00e3o prometer do que prometer e n\u00e3o cumprir\u201d (Ecle 5,3).<\/p>\n<p>No in\u00edcio do m\u00eas de julho, mais precisamente no dia 6, o Papa Francisco, em Roma, encontrou-se com um n\u00famero muito grande de novi\u00e7os e novi\u00e7as, sacerdotes, seminaristas que estavam iniciando a vida de consagra\u00e7\u00e3o a Deus. E, naquela ocasi\u00e3o, o Papa dizia que todos n\u00f3s estamos vivendo sob a press\u00e3o da\u00a0<b><i>cultura do provis\u00f3rio<\/i><\/b>. Somos v\u00edtimas desta cultura. E como podemos nos libertar da cultura do provis\u00f3rio \u00e9 a pergunta que o Papa fez \u00e0queles jovens, \u00e0quelas jovens voca\u00e7\u00f5es.<\/p>\n<p>Pois bem, se voc\u00eas hoje afirmam \u201cprometo viver todo o tempo da minha vida\u201d, como isso ressoa diante dessa cultura do provis\u00f3rio? Muitas vezes, tanto na nossa vida religiosa como na vida conjugal, ouvimos esta express\u00e3o: \u201cFoi bom enquanto durou\u201d. Isso acontece na vida conjugal, acontece na voca\u00e7\u00e3o sacerdotal e, infelizmente, tamb\u00e9m na nossa voca\u00e7\u00e3o para a vida religiosa.<\/p>\n<p>Quando um religioso ou um sacerdote promete a Deus e \u00e0 Igreja viver \u201cpor todo o tempo de sua vida\u201d, d\u00f3i muito na vida da gente, principalmente no minist\u00e9rio que a gente exerce como Ministro Provincial, ouvir da boca desse rec\u00e9m-professo: \u201cFoi bom, mas n\u00e3o d\u00e1 mais\u201d.\u00a0 D\u00f3i ouvir de um irm\u00e3o que acabou de professar solenemente e, um ou dois anos depois, afirma: foi bom enquanto durou\u2026, a alegria sumiu\u2026 o prazer em viver o Evangelho de Nosso Senhor Jesus Cristo j\u00e1 n\u00e3o est\u00e1 mais presente no meu cora\u00e7\u00e3o\u2026 etc.<\/p>\n<p><img loading=\"lazy\" class=\"alignnone size-full wp-image-199238\" src=\"https:\/\/franciscanos.org.br\/noticias\/wp-content\/uploads\/2013\/08\/douglas_valdeci_4.jpg\" alt=\"\" width=\"890\" height=\"943\" srcset=\"https:\/\/franciscanos.org.br\/noticias\/wp-content\/uploads\/2013\/08\/douglas_valdeci_4.jpg 890w, https:\/\/franciscanos.org.br\/noticias\/wp-content\/uploads\/2013\/08\/douglas_valdeci_4-425x450.jpg 425w, https:\/\/franciscanos.org.br\/noticias\/wp-content\/uploads\/2013\/08\/douglas_valdeci_4-768x814.jpg 768w, https:\/\/franciscanos.org.br\/noticias\/wp-content\/uploads\/2013\/08\/douglas_valdeci_4-150x159.jpg 150w\" sizes=\"(max-width: 890px) 100vw, 890px\" \/><\/p>\n<p>Portanto, a promessa que n\u00f3s fazemos a Deus, a primeira promessa, esta n\u00e3o deve ficar esquecida na nossa vida: \u00e9 o ponto de partida!!! \u201cPrometo viver o Evangelho de Nosso Senhor Jesus Cristo\u201d. E quando esta promessa da interioriza\u00e7\u00e3o do Evangelho, quando essa Palavra do Evangelho desaparece na minha vida, eu perco o encanto de todos os demais valores da vida religiosa.<\/p>\n<p>Meus caros confrades, Frei Douglas e Frei Valdeci, eu creio que o pedido que voc\u00eas acabaram de fazer foi um pedido amadurecido com o cora\u00e7\u00e3o de voc\u00eas. Sim, grandes coisas voc\u00eas amadureceram no seu cora\u00e7\u00e3o! \u00c9 muito interessante que hoje, na Primeira Leitura, S\u00e3o Paulo recorde o fato concreto de uma coleta que ele organizou em favor dos crist\u00e3os pobres de Jerusal\u00e9m. E a certa altura ele diz: \u201c<b><i>D\u00ea cada um conforme tiver decidido em seu cora\u00e7\u00e3o\u201d<\/i><\/b>. Sim, na B\u00edblia o \u2018cora\u00e7\u00e3o\u2019 \u00e9 sempre o lugar das grandes decis\u00f5es! Jesus tamb\u00e9m nos diz que no cora\u00e7\u00e3o podem brotar tantas coisas bonitas, como tamb\u00e9m no cora\u00e7\u00e3o humano podem ser maquinadas tantas coisas m\u00e1s ou perversidades.<\/p>\n<p>E voc\u00eas, caros irm\u00e3os, hoje v\u00e3o dizer que \u00e9 do pr\u00f3prio cora\u00e7\u00e3o (na f\u00f3rmula da profiss\u00e3o) que se entregam a esta Fraternidade. Voc\u00eas est\u00e3o oferecendo, como diz S\u00e3o Paulo, aquilo que decidiram no seu cora\u00e7\u00e3o:\u00a0<b><i>entrego-me de todo cora\u00e7\u00e3o a esta Fraternidade<\/i><\/b>! Uma fraternidade que, mesmo com os seus limites humanos, ajudou voc\u00eas a amadurecer nesta decis\u00e3o. Uma fraternidade que ter\u00e1 sempre um lugar concreto, um lugar vis\u00edvel\u2026 Uma fraternidade que ser\u00e1 sempre o lugar salv\u00edfico onde voc\u00eas v\u00e3o viver, por todo o tempo de sua vida, esta voca\u00e7\u00e3o crist\u00e3 na vida religiosa franciscana e na miss\u00e3o evangelizadora da fraternidade.<\/p>\n<p>A decis\u00e3o do cora\u00e7\u00e3o \u00e9 importante! \u00c9 no cora\u00e7\u00e3o que voc\u00eas v\u00e3o cultivar a semente. N\u00f3s ouvimos hoje no Evangelho Jesus dizendo: \u201cSe a semente n\u00e3o morre, ela fica s\u00f3. Mas se morrer, ela produzir\u00e1 frutos\u201d. Eu creio que esta experi\u00eancia de morte, n\u00f3s, na vida religiosa, a fazemos quando dizemos a Deus, quero viver na pobreza, quero viver na castidade (pureza de cora\u00e7\u00e3o), quero viver na obedi\u00eancia, quero viver em fraternidade, quero viver no esp\u00edrito de minoridade. E ali vamos fazer, dia ap\u00f3s dia, esta experi\u00eancia da morte da semente para que, com a gra\u00e7a de Deus, ela possa florescer e frutificar em todos n\u00f3s.<\/p>\n<p>O Evangelho termina dizendo: \u201cSe algu\u00e9m me serve, meu Pai o honrar\u00e1\u201d\u2026 Frei Valdeci e Frei Douglas, \u201c<i>grandes coisas prometemos a Deus; mas muito maiores, Deus nos prometeu<\/i>\u201d. Oxal\u00e1 a promessa que voc\u00eas fazem hoje a Deus possa ser uma promessa para a gl\u00f3ria e o louvor do \u201cPai Santo e Todo Poderoso\u201d. Am\u00e9m!<\/p>\n<p><img loading=\"lazy\" class=\"alignnone size-full wp-image-199239\" src=\"https:\/\/franciscanos.org.br\/noticias\/wp-content\/uploads\/2013\/08\/douglas_valdeci_5.jpg\" alt=\"\" width=\"890\" height=\"668\" srcset=\"https:\/\/franciscanos.org.br\/noticias\/wp-content\/uploads\/2013\/08\/douglas_valdeci_5.jpg 890w, https:\/\/franciscanos.org.br\/noticias\/wp-content\/uploads\/2013\/08\/douglas_valdeci_5-450x338.jpg 450w, https:\/\/franciscanos.org.br\/noticias\/wp-content\/uploads\/2013\/08\/douglas_valdeci_5-768x576.jpg 768w, https:\/\/franciscanos.org.br\/noticias\/wp-content\/uploads\/2013\/08\/douglas_valdeci_5-150x113.jpg 150w\" sizes=\"(max-width: 890px) 100vw, 890px\" \/><\/p>\n<\/div>\n","protected":false},"excerpt":{"rendered":"<p>Forma\u00e7\u00e3o e Estudos<\/p>\n","protected":false},"author":1,"featured_media":199233,"comment_status":"closed","ping_status":"open","sticky":false,"template":"","format":"standard","meta":[],"categories":[1],"tags":[1336,190,418],"acf":[],"yoast_head":"<!-- This site is optimized with the Yoast SEO plugin v19.2 - https:\/\/yoast.com\/wordpress\/plugins\/seo\/ -->\n<title>Frei Fid\u00eancio se emociona na Profiss\u00e3o Solene de Frei Douglas e Frei Valdeci em Petr\u00f3polis - Not\u00edcias - Franciscanos<\/title>\n<meta name=\"robots\" content=\"index, follow, max-snippet:-1, max-image-preview:large, max-video-preview:-1\" \/>\n<link rel=\"canonical\" href=\"https:\/\/franciscanos.org.br\/noticias\/frei-fidencio-se-emociona-na-profissao-solene-de-frei-douglas-e-frei-valdeci.html\" \/>\n<meta property=\"og:locale\" content=\"pt_BR\" \/>\n<meta property=\"og:type\" content=\"article\" \/>\n<meta property=\"og:title\" content=\"Frei Fid\u00eancio se emociona na Profiss\u00e3o Solene de Frei Douglas e Frei Valdeci em Petr\u00f3polis - Not\u00edcias - Franciscanos\" \/>\n<meta property=\"og:description\" content=\"Forma\u00e7\u00e3o e Estudos\" \/>\n<meta property=\"og:url\" content=\"https:\/\/franciscanos.org.br\/noticias\/frei-fidencio-se-emociona-na-profissao-solene-de-frei-douglas-e-frei-valdeci.html\" \/>\n<meta property=\"og:site_name\" content=\"Not\u00edcias - Franciscanos\" \/>\n<meta property=\"article:published_time\" content=\"2013-08-11T14:48:24+00:00\" \/>\n<meta property=\"article:modified_time\" content=\"2021-04-20T01:31:45+00:00\" \/>\n<meta property=\"og:image\" content=\"https:\/\/franciscanos.org.br\/noticias\/wp-content\/uploads\/2013\/08\/fidencio_1.jpg\" \/>\n\t<meta property=\"og:image:width\" content=\"273\" \/>\n\t<meta property=\"og:image:height\" content=\"181\" \/>\n\t<meta property=\"og:image:type\" content=\"image\/jpeg\" \/>\n<meta name=\"author\" content=\"admin\" \/>\n<meta name=\"twitter:card\" content=\"summary_large_image\" \/>\n<meta name=\"twitter:label1\" content=\"Escrito por\" \/>\n\t<meta name=\"twitter:data1\" content=\"admin\" \/>\n\t<meta name=\"twitter:label2\" content=\"Est. tempo de leitura\" \/>\n\t<meta name=\"twitter:data2\" content=\"14 minutos\" \/>\n<script type=\"application\/ld+json\" class=\"yoast-schema-graph\">{\"@context\":\"https:\/\/schema.org\",\"@graph\":[{\"@type\":\"WebSite\",\"@id\":\"https:\/\/franciscanos.org.br\/noticias\/#website\",\"url\":\"https:\/\/franciscanos.org.br\/noticias\/\",\"name\":\"Not\u00edcias - Franciscanos\",\"description\":\"Prov\u00edncia Franciscana da Imaculada Concei\u00e7\u00e3o do Brasil - Ordem dos Frades Menores - OFM\",\"potentialAction\":[{\"@type\":\"SearchAction\",\"target\":{\"@type\":\"EntryPoint\",\"urlTemplate\":\"https:\/\/franciscanos.org.br\/noticias\/?s={search_term_string}\"},\"query-input\":\"required name=search_term_string\"}],\"inLanguage\":\"pt-BR\"},{\"@type\":\"ImageObject\",\"inLanguage\":\"pt-BR\",\"@id\":\"https:\/\/franciscanos.org.br\/noticias\/frei-fidencio-se-emociona-na-profissao-solene-de-frei-douglas-e-frei-valdeci.html#primaryimage\",\"url\":\"https:\/\/franciscanos.org.br\/noticias\/wp-content\/uploads\/2013\/08\/fidencio_1.jpg\",\"contentUrl\":\"https:\/\/franciscanos.org.br\/noticias\/wp-content\/uploads\/2013\/08\/fidencio_1.jpg\",\"width\":273,\"height\":181},{\"@type\":\"WebPage\",\"@id\":\"https:\/\/franciscanos.org.br\/noticias\/frei-fidencio-se-emociona-na-profissao-solene-de-frei-douglas-e-frei-valdeci.html#webpage\",\"url\":\"https:\/\/franciscanos.org.br\/noticias\/frei-fidencio-se-emociona-na-profissao-solene-de-frei-douglas-e-frei-valdeci.html\",\"name\":\"Frei Fid\u00eancio se emociona na Profiss\u00e3o Solene de Frei Douglas e Frei Valdeci em Petr\u00f3polis - Not\u00edcias - Franciscanos\",\"isPartOf\":{\"@id\":\"https:\/\/franciscanos.org.br\/noticias\/#website\"},\"primaryImageOfPage\":{\"@id\":\"https:\/\/franciscanos.org.br\/noticias\/frei-fidencio-se-emociona-na-profissao-solene-de-frei-douglas-e-frei-valdeci.html#primaryimage\"},\"datePublished\":\"2013-08-11T14:48:24+00:00\",\"dateModified\":\"2021-04-20T01:31:45+00:00\",\"author\":{\"@id\":\"https:\/\/franciscanos.org.br\/noticias\/#\/schema\/person\/b38fbf43118f02820bd932f2e4b14ad3\"},\"breadcrumb\":{\"@id\":\"https:\/\/franciscanos.org.br\/noticias\/frei-fidencio-se-emociona-na-profissao-solene-de-frei-douglas-e-frei-valdeci.html#breadcrumb\"},\"inLanguage\":\"pt-BR\",\"potentialAction\":[{\"@type\":\"ReadAction\",\"target\":[\"https:\/\/franciscanos.org.br\/noticias\/frei-fidencio-se-emociona-na-profissao-solene-de-frei-douglas-e-frei-valdeci.html\"]}]},{\"@type\":\"BreadcrumbList\",\"@id\":\"https:\/\/franciscanos.org.br\/noticias\/frei-fidencio-se-emociona-na-profissao-solene-de-frei-douglas-e-frei-valdeci.html#breadcrumb\",\"itemListElement\":[{\"@type\":\"ListItem\",\"position\":1,\"name\":\"Home\",\"item\":\"https:\/\/franciscanos.org.br\/noticias\"},{\"@type\":\"ListItem\",\"position\":2,\"name\":\"Frei Fid\u00eancio se emociona na Profiss\u00e3o Solene de Frei Douglas e Frei Valdeci em Petr\u00f3polis\"}]},{\"@type\":\"Person\",\"@id\":\"https:\/\/franciscanos.org.br\/noticias\/#\/schema\/person\/b38fbf43118f02820bd932f2e4b14ad3\",\"name\":\"admin\",\"image\":{\"@type\":\"ImageObject\",\"inLanguage\":\"pt-BR\",\"@id\":\"https:\/\/franciscanos.org.br\/noticias\/#\/schema\/person\/image\/\",\"url\":\"https:\/\/secure.gravatar.com\/avatar\/e8495742d34d0ba6448ea1c628263b3e?s=96&d=mm&r=g\",\"contentUrl\":\"https:\/\/secure.gravatar.com\/avatar\/e8495742d34d0ba6448ea1c628263b3e?s=96&d=mm&r=g\",\"caption\":\"admin\"},\"url\":\"https:\/\/franciscanos.org.br\/noticias\/author\/admin\"}]}<\/script>\n<!-- \/ Yoast SEO plugin. -->","yoast_head_json":{"title":"Frei Fid\u00eancio se emociona na Profiss\u00e3o Solene de Frei Douglas e Frei Valdeci em Petr\u00f3polis - Not\u00edcias - Franciscanos","robots":{"index":"index","follow":"follow","max-snippet":"max-snippet:-1","max-image-preview":"max-image-preview:large","max-video-preview":"max-video-preview:-1"},"canonical":"https:\/\/franciscanos.org.br\/noticias\/frei-fidencio-se-emociona-na-profissao-solene-de-frei-douglas-e-frei-valdeci.html","og_locale":"pt_BR","og_type":"article","og_title":"Frei Fid\u00eancio se emociona na Profiss\u00e3o Solene de Frei Douglas e Frei Valdeci em Petr\u00f3polis - Not\u00edcias - Franciscanos","og_description":"Forma\u00e7\u00e3o e Estudos","og_url":"https:\/\/franciscanos.org.br\/noticias\/frei-fidencio-se-emociona-na-profissao-solene-de-frei-douglas-e-frei-valdeci.html","og_site_name":"Not\u00edcias - Franciscanos","article_published_time":"2013-08-11T14:48:24+00:00","article_modified_time":"2021-04-20T01:31:45+00:00","og_image":[{"width":273,"height":181,"url":"https:\/\/franciscanos.org.br\/noticias\/wp-content\/uploads\/2013\/08\/fidencio_1.jpg","type":"image\/jpeg"}],"author":"admin","twitter_card":"summary_large_image","twitter_misc":{"Escrito por":"admin","Est. tempo de leitura":"14 minutos"},"schema":{"@context":"https:\/\/schema.org","@graph":[{"@type":"WebSite","@id":"https:\/\/franciscanos.org.br\/noticias\/#website","url":"https:\/\/franciscanos.org.br\/noticias\/","name":"Not\u00edcias - Franciscanos","description":"Prov\u00edncia Franciscana da Imaculada Concei\u00e7\u00e3o do Brasil - Ordem dos Frades Menores - OFM","potentialAction":[{"@type":"SearchAction","target":{"@type":"EntryPoint","urlTemplate":"https:\/\/franciscanos.org.br\/noticias\/?s={search_term_string}"},"query-input":"required name=search_term_string"}],"inLanguage":"pt-BR"},{"@type":"ImageObject","inLanguage":"pt-BR","@id":"https:\/\/franciscanos.org.br\/noticias\/frei-fidencio-se-emociona-na-profissao-solene-de-frei-douglas-e-frei-valdeci.html#primaryimage","url":"https:\/\/franciscanos.org.br\/noticias\/wp-content\/uploads\/2013\/08\/fidencio_1.jpg","contentUrl":"https:\/\/franciscanos.org.br\/noticias\/wp-content\/uploads\/2013\/08\/fidencio_1.jpg","width":273,"height":181},{"@type":"WebPage","@id":"https:\/\/franciscanos.org.br\/noticias\/frei-fidencio-se-emociona-na-profissao-solene-de-frei-douglas-e-frei-valdeci.html#webpage","url":"https:\/\/franciscanos.org.br\/noticias\/frei-fidencio-se-emociona-na-profissao-solene-de-frei-douglas-e-frei-valdeci.html","name":"Frei Fid\u00eancio se emociona na Profiss\u00e3o Solene de Frei Douglas e Frei Valdeci em Petr\u00f3polis - Not\u00edcias - Franciscanos","isPartOf":{"@id":"https:\/\/franciscanos.org.br\/noticias\/#website"},"primaryImageOfPage":{"@id":"https:\/\/franciscanos.org.br\/noticias\/frei-fidencio-se-emociona-na-profissao-solene-de-frei-douglas-e-frei-valdeci.html#primaryimage"},"datePublished":"2013-08-11T14:48:24+00:00","dateModified":"2021-04-20T01:31:45+00:00","author":{"@id":"https:\/\/franciscanos.org.br\/noticias\/#\/schema\/person\/b38fbf43118f02820bd932f2e4b14ad3"},"breadcrumb":{"@id":"https:\/\/franciscanos.org.br\/noticias\/frei-fidencio-se-emociona-na-profissao-solene-de-frei-douglas-e-frei-valdeci.html#breadcrumb"},"inLanguage":"pt-BR","potentialAction":[{"@type":"ReadAction","target":["https:\/\/franciscanos.org.br\/noticias\/frei-fidencio-se-emociona-na-profissao-solene-de-frei-douglas-e-frei-valdeci.html"]}]},{"@type":"BreadcrumbList","@id":"https:\/\/franciscanos.org.br\/noticias\/frei-fidencio-se-emociona-na-profissao-solene-de-frei-douglas-e-frei-valdeci.html#breadcrumb","itemListElement":[{"@type":"ListItem","position":1,"name":"Home","item":"https:\/\/franciscanos.org.br\/noticias"},{"@type":"ListItem","position":2,"name":"Frei Fid\u00eancio se emociona na Profiss\u00e3o Solene de Frei Douglas e Frei Valdeci em Petr\u00f3polis"}]},{"@type":"Person","@id":"https:\/\/franciscanos.org.br\/noticias\/#\/schema\/person\/b38fbf43118f02820bd932f2e4b14ad3","name":"admin","image":{"@type":"ImageObject","inLanguage":"pt-BR","@id":"https:\/\/franciscanos.org.br\/noticias\/#\/schema\/person\/image\/","url":"https:\/\/secure.gravatar.com\/avatar\/e8495742d34d0ba6448ea1c628263b3e?s=96&d=mm&r=g","contentUrl":"https:\/\/secure.gravatar.com\/avatar\/e8495742d34d0ba6448ea1c628263b3e?s=96&d=mm&r=g","caption":"admin"},"url":"https:\/\/franciscanos.org.br\/noticias\/author\/admin"}]}},"_links":{"self":[{"href":"https:\/\/franciscanos.org.br\/noticias\/wp-json\/wp\/v2\/posts\/43348"}],"collection":[{"href":"https:\/\/franciscanos.org.br\/noticias\/wp-json\/wp\/v2\/posts"}],"about":[{"href":"https:\/\/franciscanos.org.br\/noticias\/wp-json\/wp\/v2\/types\/post"}],"author":[{"embeddable":true,"href":"https:\/\/franciscanos.org.br\/noticias\/wp-json\/wp\/v2\/users\/1"}],"replies":[{"embeddable":true,"href":"https:\/\/franciscanos.org.br\/noticias\/wp-json\/wp\/v2\/comments?post=43348"}],"version-history":[{"count":1,"href":"https:\/\/franciscanos.org.br\/noticias\/wp-json\/wp\/v2\/posts\/43348\/revisions"}],"predecessor-version":[{"id":231737,"href":"https:\/\/franciscanos.org.br\/noticias\/wp-json\/wp\/v2\/posts\/43348\/revisions\/231737"}],"wp:featuredmedia":[{"embeddable":true,"href":"https:\/\/franciscanos.org.br\/noticias\/wp-json\/wp\/v2\/media\/199233"}],"wp:attachment":[{"href":"https:\/\/franciscanos.org.br\/noticias\/wp-json\/wp\/v2\/media?parent=43348"}],"wp:term":[{"taxonomy":"category","embeddable":true,"href":"https:\/\/franciscanos.org.br\/noticias\/wp-json\/wp\/v2\/categories?post=43348"},{"taxonomy":"post_tag","embeddable":true,"href":"https:\/\/franciscanos.org.br\/noticias\/wp-json\/wp\/v2\/tags?post=43348"}],"curies":[{"name":"wp","href":"https:\/\/api.w.org\/{rel}","templated":true}]}}