{"id":43254,"date":"2013-08-08T14:47:01","date_gmt":"2013-08-08T17:47:01","guid":{"rendered":"http:\/\/new.franciscanos.org.br\/?p=43254"},"modified":"2020-01-30T12:24:52","modified_gmt":"2020-01-30T15:24:52","slug":"provincia-assina-projeto-de-restauro-do-convento-de-sao-sebastiao","status":"publish","type":"post","link":"https:\/\/franciscanos.org.br\/noticias\/provincia-assina-projeto-de-restauro-do-convento-de-sao-sebastiao.html","title":{"rendered":"Assinado projeto de restauro do Convento de S\u00e3o Sebasti\u00e3o"},"content":{"rendered":"<p><img loading=\"lazy\" src=\"http:\/\/franciscanos.org.br\/wp-content\/uploads\/2013\/08\/projeto.jpg\" alt=\"projeto\" width=\"830\" height=\"472\" \/><\/p>\n<p><strong>Por Moacir Beggo<\/strong><\/p>\n<p><strong>S\u00e3o Paulo (SP) &#8211;<\/strong> Foi dado nesta quinta-feira, 1\u00ba de agosto, importante passo para restaurar um dos conventos franciscanos mais antigos do Brasil e da Prov\u00edncia Franciscana da Imaculada Concei\u00e7\u00e3o com a conclus\u00e3o e assinatura do projeto de restauro do Convento Nossa Senhora do Amparo, em S\u00e3o Sebasti\u00e3o, no Litoral Norte de S\u00e3o Paulo. O Ministro Provincial, Frei Fid\u00eancio Vanboemmel assinou a proposta na presen\u00e7a da diretora do Departamento de Patrim\u00f4nio Hist\u00f3rico Cultural da cidade de S\u00e3o Sebasti\u00e3o, Rosangela Dias da Ressurrei\u00e7\u00e3o, que coordenou todo o projeto. Agora, o projeto seguir\u00e1 para aprova\u00e7\u00e3o Conselho de Defesa do Patrim\u00f4nio\u00a0 Hist\u00f3rico, Arqueol\u00f3gico, Art\u00edstico e Tur\u00edstico (Condephaat), j\u00e1 que o im\u00f3vel foi tombado por este organismo em\u00a0 1972.<\/p>\n<p><img loading=\"lazy\" class=\"alignright wp-image-43256\" src=\"http:\/\/franciscanos.org.br\/wp-content\/uploads\/2013\/08\/assinatura.jpg\" alt=\"assinatura\" width=\"405\" height=\"573\" \/>Para a realiza\u00e7\u00e3o do projeto de restauro foi constitu\u00edda uma equipe composta por uma t\u00e9cnica do Condephaat, a arquiteta Marta Sacarellos; uma t\u00e9cnica do Iphan, a arquiteta Carolina P\u00e1dua; a arquiteta da Prefeitura de S\u00e3o Sebasti\u00e3o, L\u00facia Siqueira Santas; e Frei R\u00f3ger Brunorio, coordenador do Departamento de Bens Culturais da Prov\u00edncia da Imaculada, al\u00e9m de uma equipe de t\u00e9cnicos e historiadores da empresa Formarte, que desenvolveu o projeto.<\/p>\n<p>O\u00a0 restauro tem como objetivo preservar a mem\u00f3ria cultural e o patrim\u00f4nio constru\u00eddo. O convento, edifica\u00e7\u00e3o mais antiga do munic\u00edpio de S\u00e3o Sebasti\u00e3o, \u00e9 testemunha e impulsionador do desenvolvimento do bairro S\u00e3o Francisco desde o s\u00e9culo XVII. Constitui-se como importante marco arquitet\u00f4nico, religioso e social na regi\u00e3o, sendo pe\u00e7a chave de sua identidade cultural.<\/p>\n<p>&#8220;O desgaste e deteriora\u00e7\u00e3o deste im\u00f3vel s\u00e3o preocupantes. Por isso, se faz urgente a recupera\u00e7\u00e3o e preserva\u00e7\u00e3o deste patrim\u00f4nio&#8221;, diz Frei Fid\u00eancio Vanboemmel, lembrando que a pedra fundamental do Convento foi lan\u00e7ada no dia 11 de maio de 1664. \u00c9, hoje, um raro convento com esse estilo de constru\u00e7\u00e3o, especialmente o seu claustro. Em 8 de setembro de 1668, os frades desta Prov\u00edncia da Imaculada celebraram a primeira festa de Nossa Senhora do Amparo. &#8220;Ou seja, trata-se de um patrim\u00f4nio important\u00edssimo n\u00e3o s\u00f3 para a hist\u00f3ria dos franciscanos, presentes no Brasil desde o seu descobrimento, como tamb\u00e9m para o patrim\u00f4nio do Estado de S\u00e3o Paulo, e principalmente da riqueza cultural deste pa\u00eds&#8221;, acredita o Ministro Provincial.<\/p>\n<p>A \u00faltima reforma do Convento foi feita em 1930. Desde aquele ano, foram realizadas obras de adapta\u00e7\u00e3o e subutiliza\u00e7\u00e3o dos espa\u00e7os. A diretora Rosangela, com o apoio do prefeito Ernane Primazzi, de S\u00e3o Sebasti\u00e3o, n\u00e3o tem poupado esfor\u00e7os na busca de a\u00e7\u00f5es em prol do patrim\u00f4nio cultural da cidade, especialmente do convento.\u00a0 &#8220;Sou filha de cai\u00e7ara da terra e sonho com a restaura\u00e7\u00e3o deste Convento&#8221;, confessa. &#8220;Este restauro, al\u00e9m de ser necess\u00e1rio para a hist\u00f3ria cultural do munic\u00edpio, vai valorizar a vida de uma vila de pescadores, transformando o bairro S\u00e3o Francisco em produto tur\u00edstico. Ser\u00e1 um ponto de atra\u00e7\u00e3o dentro do turismo hist\u00f3rico, somado \u00e0 beleza natural e \u00e0s edifica\u00e7\u00f5es hist\u00f3ricas no seu entorno. Enfim, representar\u00e1 investimento na comunidade e incentivo para o com\u00e9rcio local&#8221;, acrescentou Rosangela, lembrando que a &#8220;luta&#8221; est\u00e1 apenas come\u00e7ando.<\/p>\n<p>Para a elabora\u00e7\u00e3o do projeto de restauro, o Instituto de Patrim\u00f4nio Hist\u00f3rico e Art\u00edstico Nacional (Iphan) aprovou e liberou uma verba de R$ 200 mil. Durante o ato de assinatura do projeto, al\u00e9m de Frei Fid\u00eancio e Rosangela, participaram deste encontro na Sede da Prov\u00edncia da Imaculada, em S\u00e3o Paulo, Frei Est\u00eav\u00e3o Ottenbreit, Frei M\u00e1rio Tagliari, Frei Raimundo J. de Oliveira Castro e os funcion\u00e1rios Luana Giosa e Adriel Moura de Castro, pela Prov\u00edncia da Imaculada, e a empres\u00e1ria da Formarte Rosana Deleles.<\/p>\n","protected":false},"excerpt":{"rendered":"<p>Bens Culturais<\/p>\n","protected":false},"author":1,"featured_media":217295,"comment_status":"closed","ping_status":"open","sticky":false,"template":"","format":"standard","meta":[],"categories":[1],"tags":[414,415,416,417],"acf":[],"yoast_head":"<!-- This site is optimized with the Yoast SEO plugin v19.2 - https:\/\/yoast.com\/wordpress\/plugins\/seo\/ -->\n<title>Assinado projeto de restauro do Convento de S\u00e3o Sebasti\u00e3o - Not\u00edcias - Franciscanos<\/title>\n<meta name=\"robots\" content=\"index, follow, max-snippet:-1, max-image-preview:large, max-video-preview:-1\" \/>\n<link rel=\"canonical\" href=\"https:\/\/franciscanos.org.br\/noticias\/provincia-assina-projeto-de-restauro-do-convento-de-sao-sebastiao.html\" \/>\n<meta property=\"og:locale\" content=\"pt_BR\" \/>\n<meta property=\"og:type\" content=\"article\" \/>\n<meta property=\"og:title\" content=\"Assinado projeto de restauro do Convento de S\u00e3o Sebasti\u00e3o - Not\u00edcias - Franciscanos\" \/>\n<meta property=\"og:description\" content=\"Bens Culturais\" \/>\n<meta property=\"og:url\" content=\"https:\/\/franciscanos.org.br\/noticias\/provincia-assina-projeto-de-restauro-do-convento-de-sao-sebastiao.html\" \/>\n<meta property=\"og:site_name\" content=\"Not\u00edcias - Franciscanos\" \/>\n<meta property=\"article:published_time\" content=\"2013-08-08T17:47:01+00:00\" \/>\n<meta property=\"article:modified_time\" content=\"2020-01-30T15:24:52+00:00\" \/>\n<meta property=\"og:image\" content=\"https:\/\/franciscanos.org.br\/noticias\/wp-content\/uploads\/2013\/08\/projeto.jpg\" \/>\n\t<meta property=\"og:image:width\" content=\"273\" \/>\n\t<meta property=\"og:image:height\" content=\"181\" \/>\n\t<meta property=\"og:image:type\" content=\"image\/jpeg\" \/>\n<meta name=\"author\" content=\"admin\" \/>\n<meta name=\"twitter:card\" content=\"summary_large_image\" \/>\n<meta name=\"twitter:label1\" content=\"Escrito por\" \/>\n\t<meta name=\"twitter:data1\" content=\"admin\" \/>\n\t<meta name=\"twitter:label2\" content=\"Est. tempo de leitura\" \/>\n\t<meta name=\"twitter:data2\" content=\"3 minutos\" \/>\n<script type=\"application\/ld+json\" class=\"yoast-schema-graph\">{\"@context\":\"https:\/\/schema.org\",\"@graph\":[{\"@type\":\"WebSite\",\"@id\":\"https:\/\/franciscanos.org.br\/noticias\/#website\",\"url\":\"https:\/\/franciscanos.org.br\/noticias\/\",\"name\":\"Not\u00edcias - Franciscanos\",\"description\":\"Prov\u00edncia Franciscana da Imaculada Concei\u00e7\u00e3o do Brasil - Ordem dos Frades Menores - OFM\",\"potentialAction\":[{\"@type\":\"SearchAction\",\"target\":{\"@type\":\"EntryPoint\",\"urlTemplate\":\"https:\/\/franciscanos.org.br\/noticias\/?s={search_term_string}\"},\"query-input\":\"required name=search_term_string\"}],\"inLanguage\":\"pt-BR\"},{\"@type\":\"ImageObject\",\"inLanguage\":\"pt-BR\",\"@id\":\"https:\/\/franciscanos.org.br\/noticias\/provincia-assina-projeto-de-restauro-do-convento-de-sao-sebastiao.html#primaryimage\",\"url\":\"https:\/\/franciscanos.org.br\/noticias\/wp-content\/uploads\/2013\/08\/projeto.jpg\",\"contentUrl\":\"https:\/\/franciscanos.org.br\/noticias\/wp-content\/uploads\/2013\/08\/projeto.jpg\",\"width\":273,\"height\":181},{\"@type\":\"WebPage\",\"@id\":\"https:\/\/franciscanos.org.br\/noticias\/provincia-assina-projeto-de-restauro-do-convento-de-sao-sebastiao.html#webpage\",\"url\":\"https:\/\/franciscanos.org.br\/noticias\/provincia-assina-projeto-de-restauro-do-convento-de-sao-sebastiao.html\",\"name\":\"Assinado projeto de restauro do Convento de S\u00e3o Sebasti\u00e3o - Not\u00edcias - Franciscanos\",\"isPartOf\":{\"@id\":\"https:\/\/franciscanos.org.br\/noticias\/#website\"},\"primaryImageOfPage\":{\"@id\":\"https:\/\/franciscanos.org.br\/noticias\/provincia-assina-projeto-de-restauro-do-convento-de-sao-sebastiao.html#primaryimage\"},\"datePublished\":\"2013-08-08T17:47:01+00:00\",\"dateModified\":\"2020-01-30T15:24:52+00:00\",\"author\":{\"@id\":\"https:\/\/franciscanos.org.br\/noticias\/#\/schema\/person\/b38fbf43118f02820bd932f2e4b14ad3\"},\"breadcrumb\":{\"@id\":\"https:\/\/franciscanos.org.br\/noticias\/provincia-assina-projeto-de-restauro-do-convento-de-sao-sebastiao.html#breadcrumb\"},\"inLanguage\":\"pt-BR\",\"potentialAction\":[{\"@type\":\"ReadAction\",\"target\":[\"https:\/\/franciscanos.org.br\/noticias\/provincia-assina-projeto-de-restauro-do-convento-de-sao-sebastiao.html\"]}]},{\"@type\":\"BreadcrumbList\",\"@id\":\"https:\/\/franciscanos.org.br\/noticias\/provincia-assina-projeto-de-restauro-do-convento-de-sao-sebastiao.html#breadcrumb\",\"itemListElement\":[{\"@type\":\"ListItem\",\"position\":1,\"name\":\"Home\",\"item\":\"https:\/\/franciscanos.org.br\/noticias\"},{\"@type\":\"ListItem\",\"position\":2,\"name\":\"Assinado projeto de restauro do Convento de S\u00e3o Sebasti\u00e3o\"}]},{\"@type\":\"Person\",\"@id\":\"https:\/\/franciscanos.org.br\/noticias\/#\/schema\/person\/b38fbf43118f02820bd932f2e4b14ad3\",\"name\":\"admin\",\"image\":{\"@type\":\"ImageObject\",\"inLanguage\":\"pt-BR\",\"@id\":\"https:\/\/franciscanos.org.br\/noticias\/#\/schema\/person\/image\/\",\"url\":\"https:\/\/secure.gravatar.com\/avatar\/e8495742d34d0ba6448ea1c628263b3e?s=96&d=mm&r=g\",\"contentUrl\":\"https:\/\/secure.gravatar.com\/avatar\/e8495742d34d0ba6448ea1c628263b3e?s=96&d=mm&r=g\",\"caption\":\"admin\"},\"url\":\"https:\/\/franciscanos.org.br\/noticias\/author\/admin\"}]}<\/script>\n<!-- \/ Yoast SEO plugin. -->","yoast_head_json":{"title":"Assinado projeto de restauro do Convento de S\u00e3o Sebasti\u00e3o - Not\u00edcias - Franciscanos","robots":{"index":"index","follow":"follow","max-snippet":"max-snippet:-1","max-image-preview":"max-image-preview:large","max-video-preview":"max-video-preview:-1"},"canonical":"https:\/\/franciscanos.org.br\/noticias\/provincia-assina-projeto-de-restauro-do-convento-de-sao-sebastiao.html","og_locale":"pt_BR","og_type":"article","og_title":"Assinado projeto de restauro do Convento de S\u00e3o Sebasti\u00e3o - Not\u00edcias - Franciscanos","og_description":"Bens Culturais","og_url":"https:\/\/franciscanos.org.br\/noticias\/provincia-assina-projeto-de-restauro-do-convento-de-sao-sebastiao.html","og_site_name":"Not\u00edcias - Franciscanos","article_published_time":"2013-08-08T17:47:01+00:00","article_modified_time":"2020-01-30T15:24:52+00:00","og_image":[{"width":273,"height":181,"url":"https:\/\/franciscanos.org.br\/noticias\/wp-content\/uploads\/2013\/08\/projeto.jpg","type":"image\/jpeg"}],"author":"admin","twitter_card":"summary_large_image","twitter_misc":{"Escrito por":"admin","Est. tempo de leitura":"3 minutos"},"schema":{"@context":"https:\/\/schema.org","@graph":[{"@type":"WebSite","@id":"https:\/\/franciscanos.org.br\/noticias\/#website","url":"https:\/\/franciscanos.org.br\/noticias\/","name":"Not\u00edcias - Franciscanos","description":"Prov\u00edncia Franciscana da Imaculada Concei\u00e7\u00e3o do Brasil - Ordem dos Frades Menores - OFM","potentialAction":[{"@type":"SearchAction","target":{"@type":"EntryPoint","urlTemplate":"https:\/\/franciscanos.org.br\/noticias\/?s={search_term_string}"},"query-input":"required name=search_term_string"}],"inLanguage":"pt-BR"},{"@type":"ImageObject","inLanguage":"pt-BR","@id":"https:\/\/franciscanos.org.br\/noticias\/provincia-assina-projeto-de-restauro-do-convento-de-sao-sebastiao.html#primaryimage","url":"https:\/\/franciscanos.org.br\/noticias\/wp-content\/uploads\/2013\/08\/projeto.jpg","contentUrl":"https:\/\/franciscanos.org.br\/noticias\/wp-content\/uploads\/2013\/08\/projeto.jpg","width":273,"height":181},{"@type":"WebPage","@id":"https:\/\/franciscanos.org.br\/noticias\/provincia-assina-projeto-de-restauro-do-convento-de-sao-sebastiao.html#webpage","url":"https:\/\/franciscanos.org.br\/noticias\/provincia-assina-projeto-de-restauro-do-convento-de-sao-sebastiao.html","name":"Assinado projeto de restauro do Convento de S\u00e3o Sebasti\u00e3o - Not\u00edcias - Franciscanos","isPartOf":{"@id":"https:\/\/franciscanos.org.br\/noticias\/#website"},"primaryImageOfPage":{"@id":"https:\/\/franciscanos.org.br\/noticias\/provincia-assina-projeto-de-restauro-do-convento-de-sao-sebastiao.html#primaryimage"},"datePublished":"2013-08-08T17:47:01+00:00","dateModified":"2020-01-30T15:24:52+00:00","author":{"@id":"https:\/\/franciscanos.org.br\/noticias\/#\/schema\/person\/b38fbf43118f02820bd932f2e4b14ad3"},"breadcrumb":{"@id":"https:\/\/franciscanos.org.br\/noticias\/provincia-assina-projeto-de-restauro-do-convento-de-sao-sebastiao.html#breadcrumb"},"inLanguage":"pt-BR","potentialAction":[{"@type":"ReadAction","target":["https:\/\/franciscanos.org.br\/noticias\/provincia-assina-projeto-de-restauro-do-convento-de-sao-sebastiao.html"]}]},{"@type":"BreadcrumbList","@id":"https:\/\/franciscanos.org.br\/noticias\/provincia-assina-projeto-de-restauro-do-convento-de-sao-sebastiao.html#breadcrumb","itemListElement":[{"@type":"ListItem","position":1,"name":"Home","item":"https:\/\/franciscanos.org.br\/noticias"},{"@type":"ListItem","position":2,"name":"Assinado projeto de restauro do Convento de S\u00e3o Sebasti\u00e3o"}]},{"@type":"Person","@id":"https:\/\/franciscanos.org.br\/noticias\/#\/schema\/person\/b38fbf43118f02820bd932f2e4b14ad3","name":"admin","image":{"@type":"ImageObject","inLanguage":"pt-BR","@id":"https:\/\/franciscanos.org.br\/noticias\/#\/schema\/person\/image\/","url":"https:\/\/secure.gravatar.com\/avatar\/e8495742d34d0ba6448ea1c628263b3e?s=96&d=mm&r=g","contentUrl":"https:\/\/secure.gravatar.com\/avatar\/e8495742d34d0ba6448ea1c628263b3e?s=96&d=mm&r=g","caption":"admin"},"url":"https:\/\/franciscanos.org.br\/noticias\/author\/admin"}]}},"_links":{"self":[{"href":"https:\/\/franciscanos.org.br\/noticias\/wp-json\/wp\/v2\/posts\/43254"}],"collection":[{"href":"https:\/\/franciscanos.org.br\/noticias\/wp-json\/wp\/v2\/posts"}],"about":[{"href":"https:\/\/franciscanos.org.br\/noticias\/wp-json\/wp\/v2\/types\/post"}],"author":[{"embeddable":true,"href":"https:\/\/franciscanos.org.br\/noticias\/wp-json\/wp\/v2\/users\/1"}],"replies":[{"embeddable":true,"href":"https:\/\/franciscanos.org.br\/noticias\/wp-json\/wp\/v2\/comments?post=43254"}],"version-history":[{"count":0,"href":"https:\/\/franciscanos.org.br\/noticias\/wp-json\/wp\/v2\/posts\/43254\/revisions"}],"wp:featuredmedia":[{"embeddable":true,"href":"https:\/\/franciscanos.org.br\/noticias\/wp-json\/wp\/v2\/media\/217295"}],"wp:attachment":[{"href":"https:\/\/franciscanos.org.br\/noticias\/wp-json\/wp\/v2\/media?parent=43254"}],"wp:term":[{"taxonomy":"category","embeddable":true,"href":"https:\/\/franciscanos.org.br\/noticias\/wp-json\/wp\/v2\/categories?post=43254"},{"taxonomy":"post_tag","embeddable":true,"href":"https:\/\/franciscanos.org.br\/noticias\/wp-json\/wp\/v2\/tags?post=43254"}],"curies":[{"name":"wp","href":"https:\/\/api.w.org\/{rel}","templated":true}]}}