{"id":43222,"date":"2013-08-19T07:50:39","date_gmt":"2013-08-19T10:50:39","guid":{"rendered":"http:\/\/new.franciscanos.org.br\/?p=43222"},"modified":"2019-03-08T12:02:40","modified_gmt":"2019-03-08T15:02:40","slug":"veja-os-ultimos-lancamentos","status":"publish","type":"post","link":"https:\/\/franciscanos.org.br\/noticias\/veja-os-ultimos-lancamentos.html","title":{"rendered":"Veja os \u00faltimos lan\u00e7amentos"},"content":{"rendered":"<p><img loading=\"lazy\" class=\"size-full wp-image-43834 alignright\" src=\"http:\/\/franciscanos.org.br\/wp-content\/uploads\/2013\/08\/cansado.jpg\" alt=\"cansado\" width=\"450\" height=\"688\" \/>A Editora Vozes apresenta seus \u00faltimos lan\u00e7amentos. Confira:<\/p>\n<h4>Estou cansado &#8211; Quero reencontrar o prazer de viver<\/h4>\n<p><strong>ISBN<\/strong>: 9788532646132<br \/>\n128 p\u00e1ginas<br \/>\nautor: Anselm Gr\u00fcn<br \/>\n<strong>Peso<\/strong>: 128 gramas<br \/>\n1\u00aa edi\u00e7\u00e3o<br \/>\n<strong>Assunto<\/strong>: Espiritualidade e M\u00edstica<\/p>\n<p><em>Diante de tantas express\u00f5es e relatos de pessoas que se sentem exaustas, perdidas, cansadas, esta obra encara essa situa\u00e7\u00e3o mostrando suas causas e alinhavando pistas de supera\u00e7\u00e3o. Em primeiro lugar mostra o contexto existencial e institucional onde se d\u00e1 o cansa\u00e7o, seja no trabalho, no casamento, na pol\u00edtica ou mesmo dentro de institui\u00e7\u00f5es religiosas. Depois o texto mostra as causas, o porqu\u00ea do cansa\u00e7o de cada um, investigando as verdadeiras causas desse fen\u00f4meno em todas as \u00e1reas de atua\u00e7\u00e3o e descreve os sintomas que o caracterizam.<\/em><\/p>\n<h4>Contribui\u00e7\u00f5es da autoavalia\u00e7\u00e3o institucional para a escola de educa\u00e7\u00e3o b\u00e1sica (As) &#8211; Uma experi\u00eancia de gest\u00e3o democr\u00e1tica<\/h4>\n<p><strong>ISBN:<\/strong> 9788532646149<br \/>\n128 <strong>p\u00e1ginas<\/strong><br \/>\n<strong>autor:<\/strong> Marcia Andreia <strong>Grochoska<\/strong><br \/>\n<strong>Peso:<\/strong> 196 gramas<br \/>\n<strong>1\u00aa edi\u00e7\u00e3o<\/strong><br \/>\n<strong>Assunto:<\/strong> Educa\u00e7\u00e3o e pedagogia<\/p>\n<p><em>O objetivo deste livro \u00e9 propor \u00e0s escolas de educa\u00e7\u00e3o infantil e ensino fundamental a realiza\u00e7\u00e3o de um processo de autoavalia\u00e7\u00e3o institucional, com a participa\u00e7\u00e3o de toda a comunidade escolar, a fim de buscar solu\u00e7\u00f5es e melhorar a unidade de ensino.<\/em><\/p>\n<h4>\u00c9tica e meio ambiente &#8211; Para uma sociedade sustent\u00e1vel<\/h4>\n<p><strong>ISBN:<\/strong> 9788532645982<br \/>\n144 <strong>p\u00e1ginas<\/strong><br \/>\n<strong>autor:<\/strong> Marcelo Luiz <strong>Pelizzoli<\/strong><br \/>\n<strong>Peso:<\/strong> 216 gramas<br \/>\n1\u00aa <strong>edi\u00e7\u00e3o<\/strong><br \/>\n<strong>Assunto:<\/strong> Ecologia<\/p>\n<p><em>A obra comenta as atuais marcas de uma \u00e9poca em muta\u00e7\u00e3o e a emerg\u00eancia de novos paradigmas, especialmente o ecossist\u00eamico. Por um lado, o autor faz ver a decad\u00eancia que se instalou em muitas \u00e1reas de nosso mundo, e por outro lado, demonstra um coletivo tanto de movimentos e pensadores quanto posturas cient\u00edficas e hol\u00edsticas que marcam um novo come\u00e7o com base em uma postura mais \u00e9tica.<\/em><\/p>\n<h4>Encontro Com Deus (O) &#8211; Experi\u00eancias de f\u00e9 de grandes nomes da hist\u00f3ria<\/h4>\n<p><strong>ISBN:<\/strong> 9788532646095<br \/>\n272 p\u00e1ginas<br \/>\n<strong>Autor:<\/strong> Anselm Gr\u00fcn<br \/>\n<strong>Peso<\/strong>: 298 gramas<br \/>\n1\u00aa edi\u00e7\u00e3o<br \/>\n<strong>Assunto<\/strong>: Espiritualidade e M\u00edstica<\/p>\n<p><em>Este livro apresenta uma colet\u00e2nea de textos escritos por intelectuais, escritores, te\u00f3logos, fil\u00f3sofos &#8211; homens e mulheres &#8211; em sua busca por Deus. No pref\u00e1cio o autor situa cada autor na &#8220;busca de Deus&#8221; e suas \u00eanfases. A obra \u00e9 indicada a todos os leitores e leitoras que apreciam textos escritos em primeira pessoa e que refletem a busca e experi\u00eancia de Deus.<\/em><\/p>\n<h4>Anjo &#8211; Encontro com os Mensageiros de Deus<\/h4>\n<p><strong>ISBN<\/strong>: 9788532646156<br \/>\n168 p\u00e1ginas<br \/>\n<strong>Autor:<\/strong> Odilo Lechner<br \/>\n<strong>Peso<\/strong>: 144 gramas<br \/>\n1\u00aa edi\u00e7\u00e3o<br \/>\n<strong>Assunto<\/strong>: Espiritualidade e M\u00edstica<\/p>\n<p><em>O livro fala do maravilhoso poder dos mensageiros de Deus, explicando como eles nos acompanham, protegem e curam, como nos transformam com seu amor. Inspirado em passagens tanto da B\u00edblia quanto da tradi\u00e7\u00e3o crist\u00e3, a obra tece coment\u00e1rios e considera\u00e7\u00f5es que mentalizam a for\u00e7a, a presen\u00e7a, a mensagem, os sinais, o nome, a prote\u00e7\u00e3o, a cura, a felicidade e os poderes do anjo.<\/em><\/p>\n<h4>Din\u00e2mica dos s\u00edmbolos &#8211; Fundamentos da psicoterapia Junguiana<\/h4>\n<p><strong>ISBN<\/strong>: 9788532646019<br \/>\n312 p\u00e1ginas<br \/>\n<strong>Autor<\/strong>: Verena Kast<br \/>\n<strong>Peso<\/strong>: 280 gramas<br \/>\n1\u00aa edi\u00e7\u00e3o<br \/>\n<strong>Assunto<\/strong>: Psicologia<\/p>\n<p><em>Nesta obra, o complexo do eu e a Psicologia do Desenvolvimento s\u00e3o descritos pela primeira vez com base na Psicologia Junguiana, ao mesmo tempo em que h\u00e1 uma elabora\u00e7\u00e3o de novas id\u00e9ias acerca da coer\u00eancia do eu. O livro se nutre da emocionante tens\u00e3o entre as explana\u00e7\u00f5es precisas sobre os fundamentos e t\u00e9cnicas da psicoterapia junguiana e os m\u00faltiplos exemplos de casos da pr\u00e1tica terap\u00eautica, que ilustram a teoria previamente exposta, tornando-se tang\u00edvel e compreens\u00edvel.<\/em><\/p>\n<h4>C\u00famplices &#8211; Para al\u00e9m das rela\u00e7\u00f5es de depend\u00eancia<\/h4>\n<p><strong>ISBN<\/strong>: 9788532646187<br \/>\n224 p\u00e1ginas<br \/>\n<strong>Autor<\/strong>: Miriam Subirana<br \/>\n<strong>Peso<\/strong>: 280 gramas<br \/>\n1\u00aa edi\u00e7\u00e3o<br \/>\n<strong>Assunto<\/strong>: Nobilis<\/p>\n<p><em>Com reflex\u00f5es mentalizadoras a autora apresenta uma &#8220;carta de navega\u00e7\u00e3o&#8221; para todas as pessoas que se sentem envolvidas pelo mar revolto da conviv\u00eancia tanto dependente quanto concorrente nos dias de hoje. A autora denuncia as correntes que aprisionam na depend\u00eancia ou que incentivam posturas autorit\u00e1rias na &#8220;feminilidade dependente&#8221; e na &#8220;masculinidade t\u00f3xica&#8221;.<\/em><\/p>\n<h4>Linhas fundamentais do pensamento de Nietzsche &#8211; Colet\u00e2nea de artigos: 1985\/2009<\/h4>\n<p><strong>ISBN:<\/strong> 9788532646101<br \/>\n328 p\u00e1ginas<br \/>\n<strong>Autor:<\/strong> Werner Stegmaier<br \/>\n<strong>Peso:<\/strong> 446 gramas<br \/>\n1\u00aa edi\u00e7\u00e3o<br \/>\n<strong>Assunto:<\/strong> Filosofia<\/p>\n<p><em>A obra traz uma colet\u00e2nea de textos ainda in\u00e9ditos em l\u00edngua portuguesa de autoria de um dos mais influentes int\u00e9rpretes do pensamento de Nietzsche. A ideia norteadora dos ensaios consiste em apresentar uma vis\u00e3o inovadora sobre o &#8220;modo de pensar&#8221; e, ao mesmo tempo, o modo de questionar, de problematizar, filosoficamente, teses, princ\u00edpios ou valores que at\u00e9 ent\u00e3o eram tomados por evidentes, al\u00e9m de rediscutir importantes conceitos-chave e tem\u00e1ticas filos\u00f3ficas que se consolidaram e nortearam a pesquisa sobre a filosofia de Nietzsche.<\/em><\/p>\n<h4>Exercite sua mente &#8211; Atividades para mem\u00f3ria, aten\u00e7\u00e3o, concentra\u00e7\u00e3o, racioc\u00ednio e habilidades mentais<\/h4>\n<p><strong>ISBN:<\/strong> 9788532645531<br \/>\n224 p\u00e1ginas<br \/>\n<strong>Autor:<\/strong> Anna Puig<br \/>\n<strong>Peso:<\/strong> 312 gramas<br \/>\n1\u00aa edi\u00e7\u00e3o<br \/>\n<strong>Assunto:<\/strong> Din\u00e2micas e jogos<\/p>\n<p><em>Exercite sua mente prop\u00f5e exerc\u00edcios centrados nos processos cognitivos b\u00e1sicos e graduados segundo sua dificuldade, para favorecer sua aplica\u00e7\u00e3o e realiza\u00e7\u00e3o, levando em conta os fatores cognitivos, emocionais, sociais e instrumentais. S\u00e3o propostos mais de 150 exerc\u00edcios de dificuldade crescente que incidem em diferentes fun\u00e7\u00f5es cognitivas como aten\u00e7\u00e3o, orienta\u00e7\u00e3o, mem\u00f3ria, linguagem, racioc\u00ednio e habilidade.<\/em><\/p>\n<h4>Salmos para rezar ao longo da vida<\/h4>\n<p><strong>ISBN:<\/strong> 9788532646125<br \/>\n184 p\u00e1ginas<br \/>\n<strong>Autor:<\/strong> Jos\u00e9 Antonio Pagola<br \/>\n<strong>Peso:<\/strong> 176 gramas<br \/>\n1\u00aa edi\u00e7\u00e3o<br \/>\n<strong>Assunto:<\/strong> Espiritualidade e M\u00edstica<\/p>\n<p><em>Este livro foi feito com o \u00fanico fim de ajudar a rezar. Nele n\u00e3o se encontrar\u00e1 a vers\u00e3o \u00edntegra dos cento e cinquenta salmos, mas apenas uma sele\u00e7\u00e3o de versos propostos para as diversas formas de ora\u00e7\u00e3o, e que se pode entender sem dificuldade. Certamente se poder\u00e1 degustar o melhor de seus versos e, sobretudo, falar com Deus como o fizeram homens e mulheres desde os tempos b\u00edblicos.<\/em><\/p>\n<h4>Contribui\u00e7\u00f5es da autoavalia\u00e7\u00e3o institucional para a escola de educa\u00e7\u00e3o b\u00e1sica (As) &#8211; Uma experi\u00eancia de gest\u00e3o democr\u00e1tica<\/h4>\n<p><strong>ISBN<\/strong>: 9788532646149<br \/>\n128 p\u00e1ginas<br \/>\n<strong>Autor<\/strong>: Marcia Andreia Grochoska<br \/>\n<strong>Peso<\/strong>: 196 gramas<br \/>\n1\u00aa edi\u00e7\u00e3o<br \/>\n<strong>Assunto<\/strong>: Educa\u00e7\u00e3o e pedagogia<\/p>\n<p><em>O objetivo deste livro \u00e9 propor \u00e0s escolas de educa\u00e7\u00e3o infantil e ensino fundamental a realiza\u00e7\u00e3o de um processo de autoavalia\u00e7\u00e3o institucional, com a participa\u00e7\u00e3o de toda a comunidade escolar, a fim de buscar solu\u00e7\u00f5es e melhorar a unidade de ensino.<\/em><\/p>\n<h4>\u00c9tica e meio ambiente &#8211; Para uma sociedade sustent\u00e1vel<\/h4>\n<p><strong>ISBN<\/strong>: 9788532645982<br \/>\n144 p\u00e1ginas<br \/>\n<strong>Autor<\/strong>: Marcelo Luiz Pelizzoli<br \/>\n<strong>Peso<\/strong>: 216 gramas<br \/>\n1\u00aa edi\u00e7\u00e3o<br \/>\n<strong>Assunto<\/strong>: Ecologia<\/p>\n<p><em>A obra comenta as atuais marcas de uma \u00e9poca em muta\u00e7\u00e3o e a emerg\u00eancia de novos paradigmas, especialmente o ecossist\u00eamico. Por um lado, o autor faz ver a decad\u00eancia que se instalou em muitas \u00e1reas de nosso mundo, e por outro lado, demonstra um coletivo tanto de movimentos e pensadores quanto posturas cient\u00edficas e hol\u00edsticas que marcam um novo come\u00e7o com base em uma postura mais \u00e9tica.<\/em><\/p>\n<h4>Estou cansado &#8211; Quero reencontrar o prazer de viver<\/h4>\n<p><strong>ISBN<\/strong>: 9788532646132<br \/>\n128 p\u00e1ginas<br \/>\n<strong>Autor<\/strong>: Anselm Gr\u00fcn<br \/>\n<strong>Peso<\/strong>: 128 gramas<br \/>\n1\u00aa edi\u00e7\u00e3o<br \/>\n<strong>Assunto<\/strong>: Espiritualidade e M\u00edstica<\/p>\n<p><em>Diante de tantas express\u00f5es e relatos de pessoas que se sentem exaustas, perdidas, cansadas, esta obra encara essa situa\u00e7\u00e3o mostrando suas causas e alinhavando pistas de supera\u00e7\u00e3o. Em primeiro lugar mostra o contexto existencial e institucional onde se d\u00e1 o cansa\u00e7o, seja no trabalho, no casamento, na pol\u00edtica ou mesmo dentro de institui\u00e7\u00f5es religiosas. Depois o texto mostra as causas, o porqu\u00ea do cansa\u00e7o de cada um, investigando as verdadeiras causas desse fen\u00f4meno em todas as \u00e1reas de atua\u00e7\u00e3o e descreve os sintomas que o caracterizam.<\/em><\/p>\n","protected":false},"excerpt":{"rendered":"<p>Livros<\/p>\n","protected":false},"author":1,"featured_media":201202,"comment_status":"closed","ping_status":"open","sticky":false,"template":"","format":"standard","meta":[],"categories":[1],"tags":[238],"acf":[],"yoast_head":"<!-- This site is optimized with the Yoast SEO plugin v19.2 - https:\/\/yoast.com\/wordpress\/plugins\/seo\/ -->\n<title>Veja os \u00faltimos lan\u00e7amentos - Not\u00edcias - Franciscanos<\/title>\n<meta name=\"robots\" content=\"index, follow, max-snippet:-1, max-image-preview:large, max-video-preview:-1\" \/>\n<link rel=\"canonical\" href=\"https:\/\/franciscanos.org.br\/noticias\/veja-os-ultimos-lancamentos.html\" \/>\n<meta property=\"og:locale\" content=\"pt_BR\" \/>\n<meta property=\"og:type\" content=\"article\" \/>\n<meta property=\"og:title\" content=\"Veja os \u00faltimos lan\u00e7amentos - Not\u00edcias - Franciscanos\" \/>\n<meta property=\"og:description\" content=\"Livros\" \/>\n<meta property=\"og:url\" content=\"https:\/\/franciscanos.org.br\/noticias\/veja-os-ultimos-lancamentos.html\" \/>\n<meta property=\"og:site_name\" content=\"Not\u00edcias - Franciscanos\" \/>\n<meta property=\"article:published_time\" content=\"2013-08-19T10:50:39+00:00\" \/>\n<meta property=\"article:modified_time\" content=\"2019-03-08T15:02:40+00:00\" \/>\n<meta property=\"og:image\" content=\"https:\/\/franciscanos.org.br\/noticias\/wp-content\/uploads\/2013\/08\/cansado-1-400x400.jpg\" \/>\n\t<meta property=\"og:image:width\" content=\"273\" \/>\n\t<meta property=\"og:image:height\" content=\"181\" \/>\n\t<meta property=\"og:image:type\" content=\"image\/jpeg\" \/>\n<meta name=\"author\" content=\"admin\" \/>\n<meta name=\"twitter:card\" content=\"summary_large_image\" \/>\n<meta name=\"twitter:label1\" content=\"Escrito por\" \/>\n\t<meta name=\"twitter:data1\" content=\"admin\" \/>\n\t<meta name=\"twitter:label2\" content=\"Est. tempo de leitura\" \/>\n\t<meta name=\"twitter:data2\" content=\"7 minutos\" \/>\n<script type=\"application\/ld+json\" class=\"yoast-schema-graph\">{\"@context\":\"https:\/\/schema.org\",\"@graph\":[{\"@type\":\"WebSite\",\"@id\":\"https:\/\/franciscanos.org.br\/noticias\/#website\",\"url\":\"https:\/\/franciscanos.org.br\/noticias\/\",\"name\":\"Not\u00edcias - Franciscanos\",\"description\":\"Prov\u00edncia Franciscana da Imaculada Concei\u00e7\u00e3o do Brasil - Ordem dos Frades Menores - OFM\",\"potentialAction\":[{\"@type\":\"SearchAction\",\"target\":{\"@type\":\"EntryPoint\",\"urlTemplate\":\"https:\/\/franciscanos.org.br\/noticias\/?s={search_term_string}\"},\"query-input\":\"required name=search_term_string\"}],\"inLanguage\":\"pt-BR\"},{\"@type\":\"ImageObject\",\"inLanguage\":\"pt-BR\",\"@id\":\"https:\/\/franciscanos.org.br\/noticias\/veja-os-ultimos-lancamentos.html#primaryimage\",\"url\":\"https:\/\/franciscanos.org.br\/noticias\/wp-content\/uploads\/2013\/08\/cansado-1-400x400.jpg\",\"contentUrl\":\"https:\/\/franciscanos.org.br\/noticias\/wp-content\/uploads\/2013\/08\/cansado-1-400x400.jpg\",\"width\":273,\"height\":181},{\"@type\":\"WebPage\",\"@id\":\"https:\/\/franciscanos.org.br\/noticias\/veja-os-ultimos-lancamentos.html#webpage\",\"url\":\"https:\/\/franciscanos.org.br\/noticias\/veja-os-ultimos-lancamentos.html\",\"name\":\"Veja os \u00faltimos lan\u00e7amentos - Not\u00edcias - Franciscanos\",\"isPartOf\":{\"@id\":\"https:\/\/franciscanos.org.br\/noticias\/#website\"},\"primaryImageOfPage\":{\"@id\":\"https:\/\/franciscanos.org.br\/noticias\/veja-os-ultimos-lancamentos.html#primaryimage\"},\"datePublished\":\"2013-08-19T10:50:39+00:00\",\"dateModified\":\"2019-03-08T15:02:40+00:00\",\"author\":{\"@id\":\"https:\/\/franciscanos.org.br\/noticias\/#\/schema\/person\/b38fbf43118f02820bd932f2e4b14ad3\"},\"breadcrumb\":{\"@id\":\"https:\/\/franciscanos.org.br\/noticias\/veja-os-ultimos-lancamentos.html#breadcrumb\"},\"inLanguage\":\"pt-BR\",\"potentialAction\":[{\"@type\":\"ReadAction\",\"target\":[\"https:\/\/franciscanos.org.br\/noticias\/veja-os-ultimos-lancamentos.html\"]}]},{\"@type\":\"BreadcrumbList\",\"@id\":\"https:\/\/franciscanos.org.br\/noticias\/veja-os-ultimos-lancamentos.html#breadcrumb\",\"itemListElement\":[{\"@type\":\"ListItem\",\"position\":1,\"name\":\"Home\",\"item\":\"https:\/\/franciscanos.org.br\/noticias\"},{\"@type\":\"ListItem\",\"position\":2,\"name\":\"Veja os \u00faltimos lan\u00e7amentos\"}]},{\"@type\":\"Person\",\"@id\":\"https:\/\/franciscanos.org.br\/noticias\/#\/schema\/person\/b38fbf43118f02820bd932f2e4b14ad3\",\"name\":\"admin\",\"image\":{\"@type\":\"ImageObject\",\"inLanguage\":\"pt-BR\",\"@id\":\"https:\/\/franciscanos.org.br\/noticias\/#\/schema\/person\/image\/\",\"url\":\"https:\/\/secure.gravatar.com\/avatar\/e8495742d34d0ba6448ea1c628263b3e?s=96&d=mm&r=g\",\"contentUrl\":\"https:\/\/secure.gravatar.com\/avatar\/e8495742d34d0ba6448ea1c628263b3e?s=96&d=mm&r=g\",\"caption\":\"admin\"},\"url\":\"https:\/\/franciscanos.org.br\/noticias\/author\/admin\"}]}<\/script>\n<!-- \/ Yoast SEO plugin. -->","yoast_head_json":{"title":"Veja os \u00faltimos lan\u00e7amentos - Not\u00edcias - Franciscanos","robots":{"index":"index","follow":"follow","max-snippet":"max-snippet:-1","max-image-preview":"max-image-preview:large","max-video-preview":"max-video-preview:-1"},"canonical":"https:\/\/franciscanos.org.br\/noticias\/veja-os-ultimos-lancamentos.html","og_locale":"pt_BR","og_type":"article","og_title":"Veja os \u00faltimos lan\u00e7amentos - Not\u00edcias - Franciscanos","og_description":"Livros","og_url":"https:\/\/franciscanos.org.br\/noticias\/veja-os-ultimos-lancamentos.html","og_site_name":"Not\u00edcias - Franciscanos","article_published_time":"2013-08-19T10:50:39+00:00","article_modified_time":"2019-03-08T15:02:40+00:00","og_image":[{"width":273,"height":181,"url":"https:\/\/franciscanos.org.br\/noticias\/wp-content\/uploads\/2013\/08\/cansado-1-400x400.jpg","type":"image\/jpeg"}],"author":"admin","twitter_card":"summary_large_image","twitter_misc":{"Escrito por":"admin","Est. tempo de leitura":"7 minutos"},"schema":{"@context":"https:\/\/schema.org","@graph":[{"@type":"WebSite","@id":"https:\/\/franciscanos.org.br\/noticias\/#website","url":"https:\/\/franciscanos.org.br\/noticias\/","name":"Not\u00edcias - Franciscanos","description":"Prov\u00edncia Franciscana da Imaculada Concei\u00e7\u00e3o do Brasil - Ordem dos Frades Menores - OFM","potentialAction":[{"@type":"SearchAction","target":{"@type":"EntryPoint","urlTemplate":"https:\/\/franciscanos.org.br\/noticias\/?s={search_term_string}"},"query-input":"required name=search_term_string"}],"inLanguage":"pt-BR"},{"@type":"ImageObject","inLanguage":"pt-BR","@id":"https:\/\/franciscanos.org.br\/noticias\/veja-os-ultimos-lancamentos.html#primaryimage","url":"https:\/\/franciscanos.org.br\/noticias\/wp-content\/uploads\/2013\/08\/cansado-1-400x400.jpg","contentUrl":"https:\/\/franciscanos.org.br\/noticias\/wp-content\/uploads\/2013\/08\/cansado-1-400x400.jpg","width":273,"height":181},{"@type":"WebPage","@id":"https:\/\/franciscanos.org.br\/noticias\/veja-os-ultimos-lancamentos.html#webpage","url":"https:\/\/franciscanos.org.br\/noticias\/veja-os-ultimos-lancamentos.html","name":"Veja os \u00faltimos lan\u00e7amentos - Not\u00edcias - Franciscanos","isPartOf":{"@id":"https:\/\/franciscanos.org.br\/noticias\/#website"},"primaryImageOfPage":{"@id":"https:\/\/franciscanos.org.br\/noticias\/veja-os-ultimos-lancamentos.html#primaryimage"},"datePublished":"2013-08-19T10:50:39+00:00","dateModified":"2019-03-08T15:02:40+00:00","author":{"@id":"https:\/\/franciscanos.org.br\/noticias\/#\/schema\/person\/b38fbf43118f02820bd932f2e4b14ad3"},"breadcrumb":{"@id":"https:\/\/franciscanos.org.br\/noticias\/veja-os-ultimos-lancamentos.html#breadcrumb"},"inLanguage":"pt-BR","potentialAction":[{"@type":"ReadAction","target":["https:\/\/franciscanos.org.br\/noticias\/veja-os-ultimos-lancamentos.html"]}]},{"@type":"BreadcrumbList","@id":"https:\/\/franciscanos.org.br\/noticias\/veja-os-ultimos-lancamentos.html#breadcrumb","itemListElement":[{"@type":"ListItem","position":1,"name":"Home","item":"https:\/\/franciscanos.org.br\/noticias"},{"@type":"ListItem","position":2,"name":"Veja os \u00faltimos lan\u00e7amentos"}]},{"@type":"Person","@id":"https:\/\/franciscanos.org.br\/noticias\/#\/schema\/person\/b38fbf43118f02820bd932f2e4b14ad3","name":"admin","image":{"@type":"ImageObject","inLanguage":"pt-BR","@id":"https:\/\/franciscanos.org.br\/noticias\/#\/schema\/person\/image\/","url":"https:\/\/secure.gravatar.com\/avatar\/e8495742d34d0ba6448ea1c628263b3e?s=96&d=mm&r=g","contentUrl":"https:\/\/secure.gravatar.com\/avatar\/e8495742d34d0ba6448ea1c628263b3e?s=96&d=mm&r=g","caption":"admin"},"url":"https:\/\/franciscanos.org.br\/noticias\/author\/admin"}]}},"_links":{"self":[{"href":"https:\/\/franciscanos.org.br\/noticias\/wp-json\/wp\/v2\/posts\/43222"}],"collection":[{"href":"https:\/\/franciscanos.org.br\/noticias\/wp-json\/wp\/v2\/posts"}],"about":[{"href":"https:\/\/franciscanos.org.br\/noticias\/wp-json\/wp\/v2\/types\/post"}],"author":[{"embeddable":true,"href":"https:\/\/franciscanos.org.br\/noticias\/wp-json\/wp\/v2\/users\/1"}],"replies":[{"embeddable":true,"href":"https:\/\/franciscanos.org.br\/noticias\/wp-json\/wp\/v2\/comments?post=43222"}],"version-history":[{"count":0,"href":"https:\/\/franciscanos.org.br\/noticias\/wp-json\/wp\/v2\/posts\/43222\/revisions"}],"wp:featuredmedia":[{"embeddable":true,"href":"https:\/\/franciscanos.org.br\/noticias\/wp-json\/wp\/v2\/media\/201202"}],"wp:attachment":[{"href":"https:\/\/franciscanos.org.br\/noticias\/wp-json\/wp\/v2\/media?parent=43222"}],"wp:term":[{"taxonomy":"category","embeddable":true,"href":"https:\/\/franciscanos.org.br\/noticias\/wp-json\/wp\/v2\/categories?post=43222"},{"taxonomy":"post_tag","embeddable":true,"href":"https:\/\/franciscanos.org.br\/noticias\/wp-json\/wp\/v2\/tags?post=43222"}],"curies":[{"name":"wp","href":"https:\/\/api.w.org\/{rel}","templated":true}]}}