{"id":43176,"date":"2013-08-08T07:00:34","date_gmt":"2013-08-08T10:00:34","guid":{"rendered":"http:\/\/new.franciscanos.org.br\/?p=43176"},"modified":"2020-01-30T12:24:05","modified_gmt":"2020-01-30T15:24:05","slug":"despedida-de-frei-jose-luiz-lota-santuario-em-blumenau","status":"publish","type":"post","link":"https:\/\/franciscanos.org.br\/noticias\/despedida-de-frei-jose-luiz-lota-santuario-em-blumenau.html","title":{"rendered":"Despedida de Frei Jos\u00e9 Luiz em Blumenau"},"content":{"rendered":"<p>O Santu\u00e1rio de Nossa Senhora Aparecida ficou repleto para celebrar a despedida de Frei Jos\u00e9 Luiz Prim, na Missa celebrada \u00e0s 14h30. Muitos fi\u00e9is e paroquianos de Blumenau se somaram a confrades de diversas fraternidades, padres e di\u00e1conos de v\u00e1rias par\u00f3quias da Diocese, familiares e amigos que vieram de Ituporanga e tamb\u00e9m de outras cidades, irm\u00e3os e irm\u00e3s da Ordem Franciscana Secular (OFS) e um grupo vindo especialmente de Petr\u00f3polis, composto por ex-cantores do Coral dos Canarinhos, dirigido por 28 anos por Frei Jos\u00e9 Luiz, acompanhados de Frei C\u00e9sar K\u00fclkamp e a amiga pessoal de Frei Jos\u00e9 Luiz e m\u00e3e de um ex-canarinho Maria Thereza Reisky, representando as centenas de amigos e amigas que Frei Jos\u00e9 Luiz deixou na Cidade Imperial.<\/p>\n<div id=\"attachment_43179\" style=\"width: 510px\" class=\"wp-caption alignright\"><img aria-describedby=\"caption-attachment-43179\" loading=\"lazy\" class=\"size-full wp-image-43179\" src=\"http:\/\/franciscanos.org.br\/wp-content\/uploads\/2013\/08\/meio2.jpg\" alt=\"Diocese de Blumenau\" width=\"500\" height=\"333\" \/><p id=\"caption-attachment-43179\" class=\"wp-caption-text\">A despedida de Frei Jos\u00e9 lotou o Santu\u00e1rio de Nossa Senhora Aparecida<\/p><\/div>\n<p>Logo no in\u00edcio da celebra\u00e7\u00e3o, ap\u00f3s o canto de entrada, a pedido da fraternidade local, Frei Gustavo Medella, aluno de Frei Jos\u00e9 Luiz e cantor do Coral dos Canarinhos por 10 anos (entre 1987 e 1997), deu boas vindas a todos e leu uma mensagem do Bispo Diocesano, Dom Jos\u00e9 Negri, na qual ele se dizia impossibilitado de comparecer \u00e0 celebra\u00e7\u00e3o e deixava um profundo agradecimento aos franciscanos por todo trabalho e empenho de Frei Jos\u00e9 Luiz na Diocese. O Ministro Provincial, Frei Fid\u00eancio, tamb\u00e9m n\u00e3o p\u00f4de estar presente, mas enviou sua afetuosa sauda\u00e7\u00e3o atrav\u00e9s do Definidor, Frei Germano Guesser que, em nome do Governo Provincial, presidiu a celebra\u00e7\u00e3o.<\/p>\n<p>Logo ap\u00f3s a leitura do Evangelho, Frei Germano passou a palavra a Frei Gustavo Medella, que, al\u00e9m de ter sido aluno de Frei Jos\u00e9 Luiz, o teve como pregador em sua primeira Missa. Em sua reflex\u00e3o, o frade petropolitano destacou, entre as virtudes do frade falecido, o fato de Frei Jos\u00e9 Luiz ter a capacidade de se reencantar pela vida e pela miss\u00e3o que assumiu. \u201cNo tempo em que est\u00e1vamos no Coral dos Canarinhos, com frequ\u00eancia coment\u00e1vamos entre n\u00f3s: \u2018N\u00e3o sei o que vai ser do Frei Jos\u00e9 Luiz depois que deixar o trabalho nos Canarinhos, pois este \u00e9 o sentido de sua vida\u2019. E eis que, surpreendentemente, ao deixar o servi\u00e7o, por inciativa pr\u00f3pria, no ano 2000, Frei Jos\u00e9 Luiz, transferido para Pato Branco, PR, permaneceu com o mesmo entusiasmo que o movia quando \u00e0 frente dos Canarinhos\u201d, recordou o frade.<\/p>\n<p>Em nome do Coral dos Canarinhos e do Instituto dos Meninos Cantores, o Maestro das Meninas dos Canarinhos, Marcelo Vizani, prestou uma homenagem a Frei Jos\u00e9 Luiz, explicando ao povo presente a import\u00e2ncia dele para a forma\u00e7\u00e3o de todos os que passaram pelo coral. \u201cVoc\u00eas n\u00e3o fazem ideia da import\u00e2ncia deste homem para nossas vidas\u201d, chamou a aten\u00e7\u00e3o, com a voz embargada. Em homenagem ao Frei, o grupo entoou, em gregoriano, o canto em latim da Salve Regina, um dos preferidos de Frei Jos\u00e9 Luiz.<\/p>\n<p>Em nome da fam\u00edlia, Frei Jos\u00e9 Lino L\u00fcckmann, sobrinho de Frei Jos\u00e9 Luiz, ressaltou o amor que o falecido nutria pela fam\u00edlia e, em seguida, dirigiu o rito de encomenda\u00e7\u00e3o. Logo depois, o cortejo seguiu para o Cemit\u00e9rio S\u00e3o Jos\u00e9, no Centro, onde Frei Jos\u00e9 Luiz foi enterrado pr\u00f3ximo a outros sessenta frades. As missas de s\u00e9timo dia ser\u00e3o celebradas na Igreja do Sagrado Cora\u00e7\u00e3o de Jesus, em Petr\u00f3polis, na ter\u00e7a-feira, dia 13 de agosto, nos seguintes hor\u00e1rios e locais: \u00e0s 19h30, no Santu\u00e1rio Nossa Senhora Aparecida, em Blumenau, SC; \u00e0s 19h, com presid\u00eancia do Bispo Diocesano, Dom Jos\u00e9 Negri; \u00e0s 15h, no Convento S\u00e3o Francisco, em S\u00e3o Paulo, SP.<\/p>\n<p>&nbsp;<\/p>\n<p><b>Homilia de Frei Gustavo Medella<\/b><\/p>\n<div id=\"attachment_43180\" style=\"width: 410px\" class=\"wp-caption alignright\"><img aria-describedby=\"caption-attachment-43180\" loading=\"lazy\" class=\"size-full wp-image-43180\" src=\"http:\/\/franciscanos.org.br\/wp-content\/uploads\/2013\/08\/meio1.jpg\" alt=\"Frei Medella durante a homilia\" width=\"400\" height=\"267\" \/><p id=\"caption-attachment-43180\" class=\"wp-caption-text\">Frei Medella durante a homilia<\/p><\/div>\n<p>Estimados irm\u00e3os, estimadas irm\u00e3s, eu nunca tive a responsabilidade de dar voz a tanta gente ao mesmo tempo. A todos que est\u00e3o nesta igreja e a outros tantos que n\u00e3o puderam vir, mas nutrem imenso carinho pelo Frei Jos\u00e9 Luiz. De antem\u00e3o j\u00e1 tenho consci\u00eancia de que n\u00e3o vou conseguir traduzir por palavras tudo aquilo que estamos sentindo e vivendo hoje, nem tampouco conseguir expressar tudo o que Frei Jos\u00e9 Luiz significou na vida de cada um de n\u00f3s e na hist\u00f3ria dos lugares por onde passou. O m\u00fasico, o regente, o educador, o pastor, o frade menor, o homem apaixonado por Cristo, o tio, primo, irm\u00e3o que foi Frei Jos\u00e9 Luiz.<\/p>\n<p>Quando ele me convidou para ser o pregador da celebra\u00e7\u00e3o de seus 50 anos de padre em Petr\u00f3polis, ao final de 2011, logo me disse: \u201cMedella, por favor, n\u00e3o quero que voc\u00ea fique me elogiando, jogando confetes em mim. Fale da beleza e da import\u00e2ncia do sacerd\u00f3cio\u201d. E eu argumentei dizendo: \u201cFrei, as virtudes n\u00e3o existem no v\u00e1cuo, mas s\u00e3o encarnadas em pessoas, de maneira que, ao falar de uma pessoa, necessariamente temos de falar tamb\u00e9m de suas virtudes. E assim o fiz naquela celebra\u00e7\u00e3o.<\/p>\n<p>E, de todas as virtudes que destaquei na ocasi\u00e3o, gostaria de apresentar uma em especial, que tem profunda rela\u00e7\u00e3o ao momento que estamos vivendo hoje: \u201cA capacidade que Frei Jos\u00e9 Luiz tinha para reencantar sua vida e sua miss\u00e3o\u201d. No tempo em que est\u00e1vamos no Coral dos Canarinhos, com frequ\u00eancia coment\u00e1vamos entre n\u00f3s: \u201cN\u00e3o sei o que vai ser do Frei Jos\u00e9 Luiz depois que deixar o trabalho nos Canarinhos, pois este \u00e9 o sentido de sua vida\u201d. E eis que, surpreendentemente, ao deixar o servi\u00e7o, por inciativa pr\u00f3pria, no ano 2000, Frei Jos\u00e9 Luiz, transferido para Pato Branco, PR, permaneceu com o mesmo entusiasmo que o movia quando \u00e0 frente dos Canarinhos.<\/p>\n<p>E assim foi em suas outras transfer\u00eancias, para as cidades catarinenses de Rodeio, Ituporanga e Blumenau, permanecendo tr\u00eas anos em cada uma delas e, aqui em Blumenau, completaria seu quarto ano ao final de 2013. Sempre que encontr\u00e1vamos o Frei e pergunt\u00e1vamos como ele estava a resposta era: \u201cOlha, estou muito bem! Feliz e realizado com o que fa\u00e7o, muito contente com o conv\u00edvio com os confrades e com o povo\u201d. Ora, algu\u00e9m que se mostrou t\u00e3o aberto a mudan\u00e7as e positivo diante dos desafios da vida, como n\u00e3o vai se portar nesta \u00faltima e definitiva mudan\u00e7a para entrar na Gl\u00f3ria de Deus?<\/p>\n<p>Depois de 28 anos em Petr\u00f3polis, Frei Jos\u00e9 Luiz aceitou o desafio e foi para Pato Branco. Mais tr\u00eas anos, com alegria, de Pato Branco para Rodeio. Em seguida, de Rodeio para Ituporanga e, depois, de Ituporanga para Blumenau. Agora, por \u00faltimo e em definitivo, vai de Blumenau para o c\u00e9u. S\u00f3 pode estar exultante de alegria.<\/p>\n<p>Mais de uma vez eu vi Frei Jos\u00e9 Luiz dizer: \u201cSe o Pai Eterno quiser me levar, posso dizer que vou muito feliz, pois sou um homem realizado\u201d. E, dizia, ainda, que sonhava com sua entrada na gl\u00f3ria dos c\u00e9us, ao som de um bel\u00edssimo coro com uma afinada orquestra tocando o \u201cGl\u00f3ria\u201d da Missa da Coroa\u00e7\u00e3o de Nossa Senhora, de Mozart, ou a marcha Tannh\u00e4user, de Wagner, j\u00e1 que o Frei tinha um estilo meio marcial. Pela f\u00e9, temos a certeza de que ele j\u00e1 percorreu este caminho e, certamente, j\u00e1 tenha recebido do maestro da corte celeste a batuta para reger este esplendoroso grupo musical.<\/p>\n<p>Sempre que nos apresent\u00e1vamos com os Canarinhos, Frei Jos\u00e9 Luiz tinha uma t\u00e1tica: depois do \u00faltimo n\u00famero, agradecia os aplausos e se recolhia para um lugar escondido da plateia. Se as palmas continuassem, voltava para um segundo agradecimento. Caso ainda permanecesse, ele vinha e apresentava um n\u00famero extra para o p\u00fablico. Gostava de aplausos. Todo artista gosta. E \u00e9 por isso que, celebrando esta despedida, n\u00e3o poder\u00edamos escolher outra homenagem para ele, nosso mestre, nosso maestro. Ao Frei Jos\u00e9 Luiz queremos, com carinho, oferecer nosso aplauso de p\u00e9.<\/p>\n<p>&nbsp;<\/p>\n<p>As fotos s\u00e3o da diocese de Blumenau. Veja mais fotos no link:<\/p>\n<p><a href=\"http:\/\/www.diocesedeblumenau.org.br\/detalhe_01200.php?cod_select=501#46\">http:\/\/www.diocesedeblumenau.org.br\/detalhe_01200.php?cod_select=501#46<\/a><\/p>\n","protected":false},"excerpt":{"rendered":"<p>Falecimento<\/p>\n","protected":false},"author":1,"featured_media":217290,"comment_status":"closed","ping_status":"open","sticky":false,"template":"","format":"standard","meta":[],"categories":[1],"tags":[413],"acf":[],"yoast_head":"<!-- This site is optimized with the Yoast SEO plugin v19.2 - https:\/\/yoast.com\/wordpress\/plugins\/seo\/ -->\n<title>Despedida de Frei Jos\u00e9 Luiz em Blumenau - Not\u00edcias - Franciscanos<\/title>\n<meta name=\"robots\" content=\"index, follow, max-snippet:-1, max-image-preview:large, max-video-preview:-1\" \/>\n<link rel=\"canonical\" href=\"https:\/\/franciscanos.org.br\/noticias\/despedida-de-frei-jose-luiz-lota-santuario-em-blumenau.html\" \/>\n<meta property=\"og:locale\" content=\"pt_BR\" \/>\n<meta property=\"og:type\" content=\"article\" \/>\n<meta property=\"og:title\" content=\"Despedida de Frei Jos\u00e9 Luiz em Blumenau - Not\u00edcias - Franciscanos\" \/>\n<meta property=\"og:description\" content=\"Falecimento\" \/>\n<meta property=\"og:url\" content=\"https:\/\/franciscanos.org.br\/noticias\/despedida-de-frei-jose-luiz-lota-santuario-em-blumenau.html\" \/>\n<meta property=\"og:site_name\" content=\"Not\u00edcias - Franciscanos\" \/>\n<meta property=\"article:published_time\" content=\"2013-08-08T10:00:34+00:00\" \/>\n<meta property=\"article:modified_time\" content=\"2020-01-30T15:24:05+00:00\" \/>\n<meta property=\"og:image\" content=\"https:\/\/franciscanos.org.br\/noticias\/wp-content\/uploads\/2013\/08\/meio2.jpg\" \/>\n\t<meta property=\"og:image:width\" content=\"273\" \/>\n\t<meta property=\"og:image:height\" content=\"181\" \/>\n\t<meta property=\"og:image:type\" content=\"image\/jpeg\" \/>\n<meta name=\"author\" content=\"admin\" \/>\n<meta name=\"twitter:card\" content=\"summary_large_image\" \/>\n<meta name=\"twitter:label1\" content=\"Escrito por\" \/>\n\t<meta name=\"twitter:data1\" content=\"admin\" \/>\n\t<meta name=\"twitter:label2\" content=\"Est. tempo de leitura\" \/>\n\t<meta name=\"twitter:data2\" content=\"7 minutos\" \/>\n<script type=\"application\/ld+json\" class=\"yoast-schema-graph\">{\"@context\":\"https:\/\/schema.org\",\"@graph\":[{\"@type\":\"WebSite\",\"@id\":\"https:\/\/franciscanos.org.br\/noticias\/#website\",\"url\":\"https:\/\/franciscanos.org.br\/noticias\/\",\"name\":\"Not\u00edcias - Franciscanos\",\"description\":\"Prov\u00edncia Franciscana da Imaculada Concei\u00e7\u00e3o do Brasil - Ordem dos Frades Menores - OFM\",\"potentialAction\":[{\"@type\":\"SearchAction\",\"target\":{\"@type\":\"EntryPoint\",\"urlTemplate\":\"https:\/\/franciscanos.org.br\/noticias\/?s={search_term_string}\"},\"query-input\":\"required name=search_term_string\"}],\"inLanguage\":\"pt-BR\"},{\"@type\":\"ImageObject\",\"inLanguage\":\"pt-BR\",\"@id\":\"https:\/\/franciscanos.org.br\/noticias\/despedida-de-frei-jose-luiz-lota-santuario-em-blumenau.html#primaryimage\",\"url\":\"https:\/\/franciscanos.org.br\/noticias\/wp-content\/uploads\/2013\/08\/meio2.jpg\",\"contentUrl\":\"https:\/\/franciscanos.org.br\/noticias\/wp-content\/uploads\/2013\/08\/meio2.jpg\",\"width\":273,\"height\":181},{\"@type\":\"WebPage\",\"@id\":\"https:\/\/franciscanos.org.br\/noticias\/despedida-de-frei-jose-luiz-lota-santuario-em-blumenau.html#webpage\",\"url\":\"https:\/\/franciscanos.org.br\/noticias\/despedida-de-frei-jose-luiz-lota-santuario-em-blumenau.html\",\"name\":\"Despedida de Frei Jos\u00e9 Luiz em Blumenau - Not\u00edcias - Franciscanos\",\"isPartOf\":{\"@id\":\"https:\/\/franciscanos.org.br\/noticias\/#website\"},\"primaryImageOfPage\":{\"@id\":\"https:\/\/franciscanos.org.br\/noticias\/despedida-de-frei-jose-luiz-lota-santuario-em-blumenau.html#primaryimage\"},\"datePublished\":\"2013-08-08T10:00:34+00:00\",\"dateModified\":\"2020-01-30T15:24:05+00:00\",\"author\":{\"@id\":\"https:\/\/franciscanos.org.br\/noticias\/#\/schema\/person\/b38fbf43118f02820bd932f2e4b14ad3\"},\"breadcrumb\":{\"@id\":\"https:\/\/franciscanos.org.br\/noticias\/despedida-de-frei-jose-luiz-lota-santuario-em-blumenau.html#breadcrumb\"},\"inLanguage\":\"pt-BR\",\"potentialAction\":[{\"@type\":\"ReadAction\",\"target\":[\"https:\/\/franciscanos.org.br\/noticias\/despedida-de-frei-jose-luiz-lota-santuario-em-blumenau.html\"]}]},{\"@type\":\"BreadcrumbList\",\"@id\":\"https:\/\/franciscanos.org.br\/noticias\/despedida-de-frei-jose-luiz-lota-santuario-em-blumenau.html#breadcrumb\",\"itemListElement\":[{\"@type\":\"ListItem\",\"position\":1,\"name\":\"Home\",\"item\":\"https:\/\/franciscanos.org.br\/noticias\"},{\"@type\":\"ListItem\",\"position\":2,\"name\":\"Despedida de Frei Jos\u00e9 Luiz em Blumenau\"}]},{\"@type\":\"Person\",\"@id\":\"https:\/\/franciscanos.org.br\/noticias\/#\/schema\/person\/b38fbf43118f02820bd932f2e4b14ad3\",\"name\":\"admin\",\"image\":{\"@type\":\"ImageObject\",\"inLanguage\":\"pt-BR\",\"@id\":\"https:\/\/franciscanos.org.br\/noticias\/#\/schema\/person\/image\/\",\"url\":\"https:\/\/secure.gravatar.com\/avatar\/e8495742d34d0ba6448ea1c628263b3e?s=96&d=mm&r=g\",\"contentUrl\":\"https:\/\/secure.gravatar.com\/avatar\/e8495742d34d0ba6448ea1c628263b3e?s=96&d=mm&r=g\",\"caption\":\"admin\"},\"url\":\"https:\/\/franciscanos.org.br\/noticias\/author\/admin\"}]}<\/script>\n<!-- \/ Yoast SEO plugin. -->","yoast_head_json":{"title":"Despedida de Frei Jos\u00e9 Luiz em Blumenau - Not\u00edcias - Franciscanos","robots":{"index":"index","follow":"follow","max-snippet":"max-snippet:-1","max-image-preview":"max-image-preview:large","max-video-preview":"max-video-preview:-1"},"canonical":"https:\/\/franciscanos.org.br\/noticias\/despedida-de-frei-jose-luiz-lota-santuario-em-blumenau.html","og_locale":"pt_BR","og_type":"article","og_title":"Despedida de Frei Jos\u00e9 Luiz em Blumenau - Not\u00edcias - Franciscanos","og_description":"Falecimento","og_url":"https:\/\/franciscanos.org.br\/noticias\/despedida-de-frei-jose-luiz-lota-santuario-em-blumenau.html","og_site_name":"Not\u00edcias - Franciscanos","article_published_time":"2013-08-08T10:00:34+00:00","article_modified_time":"2020-01-30T15:24:05+00:00","og_image":[{"width":273,"height":181,"url":"https:\/\/franciscanos.org.br\/noticias\/wp-content\/uploads\/2013\/08\/meio2.jpg","type":"image\/jpeg"}],"author":"admin","twitter_card":"summary_large_image","twitter_misc":{"Escrito por":"admin","Est. tempo de leitura":"7 minutos"},"schema":{"@context":"https:\/\/schema.org","@graph":[{"@type":"WebSite","@id":"https:\/\/franciscanos.org.br\/noticias\/#website","url":"https:\/\/franciscanos.org.br\/noticias\/","name":"Not\u00edcias - Franciscanos","description":"Prov\u00edncia Franciscana da Imaculada Concei\u00e7\u00e3o do Brasil - Ordem dos Frades Menores - OFM","potentialAction":[{"@type":"SearchAction","target":{"@type":"EntryPoint","urlTemplate":"https:\/\/franciscanos.org.br\/noticias\/?s={search_term_string}"},"query-input":"required name=search_term_string"}],"inLanguage":"pt-BR"},{"@type":"ImageObject","inLanguage":"pt-BR","@id":"https:\/\/franciscanos.org.br\/noticias\/despedida-de-frei-jose-luiz-lota-santuario-em-blumenau.html#primaryimage","url":"https:\/\/franciscanos.org.br\/noticias\/wp-content\/uploads\/2013\/08\/meio2.jpg","contentUrl":"https:\/\/franciscanos.org.br\/noticias\/wp-content\/uploads\/2013\/08\/meio2.jpg","width":273,"height":181},{"@type":"WebPage","@id":"https:\/\/franciscanos.org.br\/noticias\/despedida-de-frei-jose-luiz-lota-santuario-em-blumenau.html#webpage","url":"https:\/\/franciscanos.org.br\/noticias\/despedida-de-frei-jose-luiz-lota-santuario-em-blumenau.html","name":"Despedida de Frei Jos\u00e9 Luiz em Blumenau - Not\u00edcias - Franciscanos","isPartOf":{"@id":"https:\/\/franciscanos.org.br\/noticias\/#website"},"primaryImageOfPage":{"@id":"https:\/\/franciscanos.org.br\/noticias\/despedida-de-frei-jose-luiz-lota-santuario-em-blumenau.html#primaryimage"},"datePublished":"2013-08-08T10:00:34+00:00","dateModified":"2020-01-30T15:24:05+00:00","author":{"@id":"https:\/\/franciscanos.org.br\/noticias\/#\/schema\/person\/b38fbf43118f02820bd932f2e4b14ad3"},"breadcrumb":{"@id":"https:\/\/franciscanos.org.br\/noticias\/despedida-de-frei-jose-luiz-lota-santuario-em-blumenau.html#breadcrumb"},"inLanguage":"pt-BR","potentialAction":[{"@type":"ReadAction","target":["https:\/\/franciscanos.org.br\/noticias\/despedida-de-frei-jose-luiz-lota-santuario-em-blumenau.html"]}]},{"@type":"BreadcrumbList","@id":"https:\/\/franciscanos.org.br\/noticias\/despedida-de-frei-jose-luiz-lota-santuario-em-blumenau.html#breadcrumb","itemListElement":[{"@type":"ListItem","position":1,"name":"Home","item":"https:\/\/franciscanos.org.br\/noticias"},{"@type":"ListItem","position":2,"name":"Despedida de Frei Jos\u00e9 Luiz em Blumenau"}]},{"@type":"Person","@id":"https:\/\/franciscanos.org.br\/noticias\/#\/schema\/person\/b38fbf43118f02820bd932f2e4b14ad3","name":"admin","image":{"@type":"ImageObject","inLanguage":"pt-BR","@id":"https:\/\/franciscanos.org.br\/noticias\/#\/schema\/person\/image\/","url":"https:\/\/secure.gravatar.com\/avatar\/e8495742d34d0ba6448ea1c628263b3e?s=96&d=mm&r=g","contentUrl":"https:\/\/secure.gravatar.com\/avatar\/e8495742d34d0ba6448ea1c628263b3e?s=96&d=mm&r=g","caption":"admin"},"url":"https:\/\/franciscanos.org.br\/noticias\/author\/admin"}]}},"_links":{"self":[{"href":"https:\/\/franciscanos.org.br\/noticias\/wp-json\/wp\/v2\/posts\/43176"}],"collection":[{"href":"https:\/\/franciscanos.org.br\/noticias\/wp-json\/wp\/v2\/posts"}],"about":[{"href":"https:\/\/franciscanos.org.br\/noticias\/wp-json\/wp\/v2\/types\/post"}],"author":[{"embeddable":true,"href":"https:\/\/franciscanos.org.br\/noticias\/wp-json\/wp\/v2\/users\/1"}],"replies":[{"embeddable":true,"href":"https:\/\/franciscanos.org.br\/noticias\/wp-json\/wp\/v2\/comments?post=43176"}],"version-history":[{"count":0,"href":"https:\/\/franciscanos.org.br\/noticias\/wp-json\/wp\/v2\/posts\/43176\/revisions"}],"wp:featuredmedia":[{"embeddable":true,"href":"https:\/\/franciscanos.org.br\/noticias\/wp-json\/wp\/v2\/media\/217290"}],"wp:attachment":[{"href":"https:\/\/franciscanos.org.br\/noticias\/wp-json\/wp\/v2\/media?parent=43176"}],"wp:term":[{"taxonomy":"category","embeddable":true,"href":"https:\/\/franciscanos.org.br\/noticias\/wp-json\/wp\/v2\/categories?post=43176"},{"taxonomy":"post_tag","embeddable":true,"href":"https:\/\/franciscanos.org.br\/noticias\/wp-json\/wp\/v2\/tags?post=43176"}],"curies":[{"name":"wp","href":"https:\/\/api.w.org\/{rel}","templated":true}]}}