{"id":43123,"date":"2013-08-06T22:30:36","date_gmt":"2013-08-07T01:30:36","guid":{"rendered":"http:\/\/new.franciscanos.org.br\/?p=43123"},"modified":"2021-07-05T20:17:54","modified_gmt":"2021-07-05T23:17:54","slug":"frei-jose-luiz-prim-falece-em-blumenau","status":"publish","type":"post","link":"https:\/\/franciscanos.org.br\/noticias\/frei-jose-luiz-prim-falece-em-blumenau.html","title":{"rendered":"Coral Canarinhos perde seu eterno regente"},"content":{"rendered":"<p><img loading=\"lazy\" class=\"alignnone size-full wp-image-197814\" src=\"https:\/\/franciscanos.org.br\/noticias\/wp-content\/uploads\/2013\/08\/prim_29.jpg\" alt=\"\" width=\"890\" height=\"590\" srcset=\"https:\/\/franciscanos.org.br\/noticias\/wp-content\/uploads\/2013\/08\/prim_29.jpg 890w, https:\/\/franciscanos.org.br\/noticias\/wp-content\/uploads\/2013\/08\/prim_29-450x298.jpg 450w, https:\/\/franciscanos.org.br\/noticias\/wp-content\/uploads\/2013\/08\/prim_29-768x509.jpg 768w, https:\/\/franciscanos.org.br\/noticias\/wp-content\/uploads\/2013\/08\/prim_29-150x99.jpg 150w\" sizes=\"(max-width: 890px) 100vw, 890px\" \/><\/p>\n<p><b>* 14\/06\/1935\u00a0\u00a0\u00a0\u00a0 + 06\/08\/2013\u00a0<\/b><\/p>\n<p><b>\u00a0<\/b>Com pesar, noticiamos o falecimento de Frei Jos\u00e9 Luiz Prim, nesta noite, \u00e0s 20h00, no Hospital Santa Isabel, de Blumenau.<\/p>\n<p>Em e-mail de 30 de julho, enviado a v\u00e1rios confrades, familiares e amigos, Frei Jos\u00e9 Luiz Prim escreveu o seguinte:<\/p>\n<p><b>\u201cRelat\u00f3rio de um acidente<\/b><\/p>\n<p>Prezados parentes e amigos,<\/p>\n<p>Muitos de voc\u00eas certamente ouviram contar sobre o acidente que aconteceu comigo. Como a vida traz alegrias e tristezas, meu bom Deus quis provar-me tamb\u00e9m com este infort\u00fanio.<\/p>\n<p>Aconteceu assim: No dia 19 de julho, iniciei minha viagem de Blumenau para Rio dos Cedros a fim de passar ali o dia inteiro, dando aulas de Liturgia na Escola Diaconal. Como eu queria chegar ao destino meia hora antes do in\u00edcio das aulas, sai de casa \u00e0s seis e trinta da manh\u00e3. Ainda era escuro. Devido ao enfraquecimento da vista com a idade, eu n\u00e3o deveria dirigir carro no escuro. Mas como o caminho era bem conhecido, e tantas vezes dirigi no escuro em Blumenau, sem nada me acontecer, fui em frente confiante. Uns oito minutos ap\u00f3s sair de nossa resid\u00eancia em Blumenau, no caminho para Indaial, passando junto ao Terminal do Aterro, uns 50m adiante, numa pequena descida, veio em minha dire\u00e7\u00e3o um \u00f4nibus com luz alta. Por uns segundos, isto me deixou completamente cego, e esse pequeno espa\u00e7o de tempo foi o suficiente para acontecer comigo um grave acidente. Houve uma colis\u00e3o com a prote\u00e7\u00e3o de cimento da ilha de seguran\u00e7a para pedestres. Minha velocidade devia estar entre 60 e 80 km\/h. Com o impacto o carro capotou \u00e0 margem da estrada. N\u00e3o desmaiei e me lembro da pancada e do ru\u00eddo do carro deslizando no asfalto. Aconteceu em poucos segundos. Lembro que eu estava espremido debaixo do painel no lado do motorista e de cabe\u00e7a para baixo. A coluna vertebral me do\u00eda muito. Logo apareceram os guardas de tr\u00e2nsito e os bombeiros. Fui socorrido imediatamente, e, com a ambul\u00e2ncia do SAMU me levaram ao pronto socorro do Hospital Santo Ant\u00f4nio. Ali passei toda a manh\u00e3, a maior parte do tempo estendido sobre uma maca inc\u00f4moda e muito fria. Depois de horas de espera entre um procedimento e outro, finalmente tiraram diversas radiografias, e me liberaram dizendo que n\u00e3o havia problemas maiores.<\/p>\n<p>Acontece que naquela sexta-feira \u00e0 tarde, eu n\u00e3o estava t\u00e3o mal assim, podia subir e descer escadas, e at\u00e9 ir fazer um exame no oculista, para ver se a pancada no carro n\u00e3o teria afetado a minha vis\u00e3o. Gra\u00e7as a Deus neste aspecto n\u00e3o houve nada!<\/p>\n<p>Mas na noite de sexta para s\u00e1bado ao levantar da cama, cai no ch\u00e3o; minhas pernas n\u00e3o me aguentavam mais. S\u00f3 podia caminhar amparado por algum outro.<\/p>\n<p>Dessa forma, um m\u00e9dico muito amigo nosso achou conveniente fazer novos exames e, desta vez, no bem conceituado e bem equipado Hospital de Santa Isabel. Na tomografia computadorizada, descobriu-se uma fratura lateral de uma v\u00e9rtebra, e certo grau de compress\u00e3o entre algumas outras. Com isso, os movimentos das m\u00e3os e das pernas ficaram seriamente comprometidos. Por isso estou em estado de repouso e por hora prefiro n\u00e3o receber visitas para descansar melhor. Pe\u00e7o que compreendam.<\/p>\n<p>Atualmente, encontro-me no Noviciado Franciscano de Rodeio, onde todos os confrades me oferecem toda aten\u00e7\u00e3o e carinho, como S\u00e3o Francisco de Assis escreveu na Regra sobre o tratamento aos Irm\u00e3os Enfermos.<\/p>\n<p>Quando eu estiver melhor, vou me comunicar novamente com voc\u00eas.<\/p>\n<p>Agrade\u00e7o a todos que durante esses dias fizeram ora\u00e7\u00f5es por mim e mandaram mensagens por e-mail.<\/p>\n<p>Apesar de todos os sofrimentos que enfrentei e estou enfrentando, meu esp\u00edrito n\u00e3o se abateu. Deus me deu f\u00e9 e confian\u00e7a. Na conversa com os confrades e outras pessoas, sou praticamente o mesmo como sempre fui, procurando encarar a vida de um modo positivo e quando h\u00e1 ocasi\u00e3o fa\u00e7o minhas piadinhas.<\/p>\n<p>Era isto, meus queridos, que eu queria lhes comunicar.<\/p>\n<p>Termino esta not\u00edcia com minha sauda\u00e7\u00e3o franciscana de PAZ E BEM!\u201d.<\/p>\n<p><b>Frei Jos\u00e9 Luiz Prim ser\u00e1 velado na Par\u00f3quia e Santu\u00e1rio Nossa Senhora Aparecida, Vila Itoupava Norte, em Blumenau. A Missa de ex\u00e9quias ser\u00e1 \u00e0s 14h30, seguida do sepultamento no mausol\u00e9u S\u00e3o Francisco, tamb\u00e9m em Blumenau.<\/b><\/p>\n<p><b>Dados pessoais, forma\u00e7\u00e3o e atividades<\/b><\/p>\n<blockquote><p>Nascimento: 14\/06\/1935 (<b>78 anos de idade<\/b>), em Varginha, munic\u00edpio de Santo Amaro da Imperatriz, SC;<\/p><\/blockquote>\n<blockquote><p>Admiss\u00e3o ao Noviciado: 21.12.1955, em Rodeio, SC;<\/p><\/blockquote>\n<blockquote><p>Primeira Profiss\u00e3o: 22.12.1956 (<b>56 anos de Vida Franciscana<\/b>);<\/p><\/blockquote>\n<blockquote><p>Profiss\u00e3o Solene: 22.12.1959;<\/p><\/blockquote>\n<blockquote><p>Ordena\u00e7\u00e3o Presbiteral: 15.12.1961 (<b>51 anos de Sacerd\u00f3cio<\/b>);<\/p><\/blockquote>\n<blockquote><p>1957 &#8211; 1958 \u2013 Estudos de Filosofia, em Curitiba;<\/p><\/blockquote>\n<blockquote><p>1959 &#8211; 1962 \u2013 Estudos de Teologia, em Petr\u00f3polis;<\/p><\/blockquote>\n<blockquote><p>jan\/1963 \u2013 Agudos \u2013 professor no Semin\u00e1rio;<\/p><\/blockquote>\n<blockquote><p>jun\/1963 \u2013 Rio de Janeiro \u2013 Santo Ant\u00f4nio\u00a0\u00a0\u2013 Santa Rita \u2013 Curso de Pastoral;<\/p><\/blockquote>\n<blockquote><p>06.12.1963 \u2013 Agudos \u2013 professor no Semin\u00e1rio;<\/p><\/blockquote>\n<blockquote><p>06.12.1971 \u2013 S\u00e3o Paulo \u2013 S\u00e3o Francisco \u2013 Aperfei\u00e7oamento em M\u00fasica;<\/p><\/blockquote>\n<blockquote><p>14.12.1972 \u2013 Petr\u00f3polis \u2013 diretor do gin\u00e1sio e do Instituto dos Meninos Cantores (Canarinhos);<\/p><\/blockquote>\n<blockquote><p>De dezembro de 1973 at\u00e9 maio de 1974, fez est\u00e1gio em Regensburg, na Alemanha;<\/p><\/blockquote>\n<blockquote><p>11.03.1999 \u2013 Petr\u00f3polis \u2013 Sagrado \u2013 regente dos Canarinhos;<\/p><\/blockquote>\n<blockquote><p>22.11.2000 \u2013 Pato Branco \u2013 guardi\u00e3o, vig\u00e1rio paroquial e a servi\u00e7o da Comunica\u00e7\u00e3o;<\/p><\/blockquote>\n<blockquote><p>07.11.2003 \u2013 Rodeio \u2013 p\u00e1roco;<\/p><\/blockquote>\n<blockquote><p>20.12.2006 \u2013 Ituporanga \u2013 par\u00f3quia \u2013 guardi\u00e3o e vig\u00e1rio paroquial. Renunciou ao guardianato em 11.12.2008);<\/p><\/blockquote>\n<blockquote><p>17.12.2009 \u2013 Blumenau \u2013 coordenador da fraternidade, vig\u00e1rio paroquial, assistente regional da OFS-SC e animador do SAV local. Em 01.12.2010, foi nomeado representante do Ministro Provincial junto \u00e0 FFB-SC;<\/p><\/blockquote>\n<p><img loading=\"lazy\" src=\"http:\/\/franciscanos.org.br\/wp-content\/uploads\/2013\/08\/prim_meio.jpg\" alt=\"Frei Prim\" width=\"820\" height=\"492\" \/><\/p>\n<p>Em sua generosidade, Frei Jos\u00e9 Luiz Prim enviou \u00e0 Secretaria Provincial, em abril de 2012, uma autobiografia resumida. Ali\u00e1s, em sua pasta h\u00e1 belos textos sobre sua voca\u00e7\u00e3o e vida franciscana e tamb\u00e9m sobre sua experi\u00eancia como educador e regente dos Canarinhos de Petr\u00f3polis. Demos, pois, mais uma vez, voz a Frei Jos\u00e9 Luiz, que descreve sua vida em 3\u00ba pessoa.<\/p>\n<p>\u201cFrei Jos\u00e9 Luiz Prim realizou seu ideal de vida como sacerdote franciscano da Ordem dos Frades Menores. Nasceu na Varginha, regi\u00e3o interior de Santo Amaro da Imperatriz, SC, no dia 14 de junho de 1935, e foi o \u00faltimo dos 16 filhos de uma\u00a0 fam\u00edlia de colonos. Al\u00e9m de todos esses, os pais tiveram mais duas filhas adotivas. Duas de suas irm\u00e3s abra\u00e7aram a vida religiosa. Desde crian\u00e7a teve grande inclina\u00e7\u00e3o para a m\u00fasica. Na inf\u00e2ncia viveu um ambiente de grande religiosidade e os padres franciscanos muito frequentavam a sua casa, dado que tanto o pai quanto a m\u00e3e tinham um irm\u00e3o na Ordem Franciscana. Isto fez com que sua voca\u00e7\u00e3o para a vida franciscana e sacerdotal despertasse j\u00e1 na inf\u00e2ncia, e se mantivesse acesa pela vida inteira.<\/p>\n<p>&#8220;O ideal da vida religiosa e do cultivo da m\u00fasica conviveram por todos os anos de sua forma\u00e7\u00e3o. Assim, durante os estudos no Semin\u00e1rio de Agudos, SP, formou-se no curso de Piano no Conservat\u00f3rio Dram\u00e1tico e Musical de Bauru, que mais tarde se transformou na Escola de M\u00fasica Pio XII e passou\u00a0 para Faculdade de M\u00fasica. Quando padre jovem, foi transferido para o Semin\u00e1rio de Agudos, na qualidade de professor e educador. Ali formou-se na Faculdade de M\u00fasica e de Letras com Ingl\u00eas. Ap\u00f3s conduzir por oito anos as atividades musicais do Semin\u00e1rio de Agudos, dedicou todo um ano a estudos de extens\u00e3o de M\u00fasica em S\u00e3o Pulo, preparando-se para assumir a dire\u00e7\u00e3o do Instituto dos Meninos Cantores de Petr\u00f3polis em 1973. Permaneceu nessa atividade por 28 anos, at\u00e9 o ano 2000. O Instituto mant\u00e9m o famoso Coral dos Meninos Cantores de Petr\u00f3polis, conhecidos como os \u201cCanarinhos de Petr\u00f3polis\u201d.<\/p>\n<p>&#8220;Como regente desse coral, Frei Prim realizou numerosas excurs\u00f5es art\u00edsticas por diversos\u00a0 Estados do Brasil. Organizou e dirigiu tamb\u00e9m 6 excurs\u00f5es internacionais. Por 4 vezes teve o privil\u00e9gio de apresentar seu coro diante do Papa. Da primeira vez, cantou integrado com o enorme coro de 12.000 vozes de Meninos e Jovens Cantores, reunidos na Bas\u00edlica de S\u00e3o Pedro, em Roma, para o XV Congresso Internacional de Meninos Cantores. Nas outras 3 apresenta\u00e7\u00f5es com a presen\u00e7a do Santo Padre, teve o privil\u00e9gio de ter o coro cantando como solista em certos momentos da celebra\u00e7\u00e3o. Frei Jos\u00e9 Luiz considera essas apresenta\u00e7\u00f5es diante do Papa como os maiores eventos de sua vida como regente do coral.<\/p>\n<p>&#8220;Ap\u00f3s o ano de 2000, por decis\u00e3o pr\u00f3pria, resolveu renunciar aos trabalhos com o coral, para dedicar-se \u00e0 evangeliza\u00e7\u00e3o nas par\u00f3quias. A partir de ent\u00e3o trabalhou em Pato Branco, Rodeio e Ituporanga, e atualmente (2012) se encontra na Par\u00f3quia-Santu\u00e1rio de Nossa Senhora Aparecida, em Blumenau.<\/p>\n<p>&#8220;Nos 28 anos em que regeu o Coral dos Canarinhos, sempre manteve o cultivo e o interesse pelo Canto Religioso Popular, muito incentivado pela Igreja ap\u00f3s o Conc\u00edlio Vaticano II. O pr\u00f3prio Coral, al\u00e9m da polifonia apresentada nas celebra\u00e7\u00f5es, sempre cantava esse g\u00eanero de m\u00fasica, para dar ao povo a possibilidade de uma participa\u00e7\u00e3o ativa. No g\u00eanero do Canto Religioso Popular, comp\u00f4s ainda no tempo de perman\u00eancia com os Canarinhos a Missa em honra do Santo Frei Galv\u00e3o, publicada pela Editora\u00a0 Vozes. E poucos anos ap\u00f3s, comp\u00f4s as Missas do Sagrado Cora\u00e7\u00e3o de Jesus e da\u00a0 Imaculada Concei\u00e7\u00e3o, com letra de Frei Jos\u00e9 Moacyr Cadenassi, da Ordem dos Frades Menores Capuchinhos. Este CD foi lan\u00e7ado pela Paulus. A mesma editora publicou h\u00e1 pouco tempo um CD quase todo de sua autoria, com Letra e M\u00fasica da Missa em honra de Nossa Senhora Aparecida e Partes Fixas da Missa.<\/p>\n<p>Para comemorar os 800 anos de funda\u00e7\u00e3o da Ordem de Santa Clara (1212-2012), comp\u00f4s a Missa de Santa Clara de Assis. A grava\u00e7\u00e3o foi realizada em est\u00fadio de Blumenau, SC, e a fabrica\u00e7\u00e3o do CD foi realizada na Zona Franca de Manaus&#8221;.<\/p>\n<p><b>\u201cEvangelizar, levando ao mundo a mensagem\u00a0 do Reino, iluminada pela m\u00edstica de S\u00e3o Francisco de Assis, este sempre foi meu ideal de vida\u201d.<\/b><b><\/b><\/p>\n<p><b>R.I.P.<\/b><b>\u00a0\u00a0\u00a0\u00a0\u00a0\u00a0\u00a0\u00a0\u00a0\u00a0\u00a0\u00a0<\/b><\/p>\n<p><b>Frei Walter de Carvalho J\u00fanior\u00a0\u00a0\u00a0\u00a0\u00a0\u00a0\u00a0\u00a0\u00a0\u00a0\u00a0\u00a0\u00a0<wbr \/>\u00a0\u00a0\u00a0\u00a0\u00a0\u00a0\u00a0\u00a0\u00a0\u00a0\u00a0\u00a0\u00a0\u00a0\u00a0\u00a0\u00a0\u00a0\u00a0\u00a0\u00a0\u00a0\u00a0\u00a0\u00a0\u00a0\u00a0\u00a0\u00a0<\/b><\/p>\n","protected":false},"excerpt":{"rendered":"<p>Falecimento<\/p>\n","protected":false},"author":1,"featured_media":210880,"comment_status":"closed","ping_status":"open","sticky":false,"template":"","format":"standard","meta":[],"categories":[1],"tags":[1378,413],"acf":[],"yoast_head":"<!-- This site is optimized with the Yoast SEO plugin v19.2 - https:\/\/yoast.com\/wordpress\/plugins\/seo\/ -->\n<title>Coral Canarinhos perde seu eterno regente - Not\u00edcias - Franciscanos<\/title>\n<meta name=\"robots\" content=\"index, follow, max-snippet:-1, max-image-preview:large, max-video-preview:-1\" \/>\n<link rel=\"canonical\" href=\"https:\/\/franciscanos.org.br\/noticias\/frei-jose-luiz-prim-falece-em-blumenau.html\" \/>\n<meta property=\"og:locale\" content=\"pt_BR\" \/>\n<meta property=\"og:type\" content=\"article\" \/>\n<meta property=\"og:title\" content=\"Coral Canarinhos perde seu eterno regente - Not\u00edcias - Franciscanos\" \/>\n<meta property=\"og:description\" content=\"Falecimento\" \/>\n<meta property=\"og:url\" content=\"https:\/\/franciscanos.org.br\/noticias\/frei-jose-luiz-prim-falece-em-blumenau.html\" \/>\n<meta property=\"og:site_name\" content=\"Not\u00edcias - Franciscanos\" \/>\n<meta property=\"article:published_time\" content=\"2013-08-07T01:30:36+00:00\" \/>\n<meta property=\"article:modified_time\" content=\"2021-07-05T23:17:54+00:00\" \/>\n<meta property=\"og:image\" content=\"https:\/\/franciscanos.org.br\/noticias\/wp-content\/uploads\/2013\/08\/prim_29-1.jpg\" \/>\n\t<meta property=\"og:image:width\" content=\"273\" \/>\n\t<meta property=\"og:image:height\" content=\"181\" \/>\n\t<meta property=\"og:image:type\" content=\"image\/jpeg\" \/>\n<meta name=\"author\" content=\"admin\" \/>\n<meta name=\"twitter:card\" content=\"summary_large_image\" \/>\n<meta name=\"twitter:label1\" content=\"Escrito por\" \/>\n\t<meta name=\"twitter:data1\" content=\"admin\" \/>\n\t<meta name=\"twitter:label2\" content=\"Est. tempo de leitura\" \/>\n\t<meta name=\"twitter:data2\" content=\"8 minutos\" \/>\n<script type=\"application\/ld+json\" class=\"yoast-schema-graph\">{\"@context\":\"https:\/\/schema.org\",\"@graph\":[{\"@type\":\"WebSite\",\"@id\":\"https:\/\/franciscanos.org.br\/noticias\/#website\",\"url\":\"https:\/\/franciscanos.org.br\/noticias\/\",\"name\":\"Not\u00edcias - Franciscanos\",\"description\":\"Prov\u00edncia Franciscana da Imaculada Concei\u00e7\u00e3o do Brasil - Ordem dos Frades Menores - OFM\",\"potentialAction\":[{\"@type\":\"SearchAction\",\"target\":{\"@type\":\"EntryPoint\",\"urlTemplate\":\"https:\/\/franciscanos.org.br\/noticias\/?s={search_term_string}\"},\"query-input\":\"required name=search_term_string\"}],\"inLanguage\":\"pt-BR\"},{\"@type\":\"ImageObject\",\"inLanguage\":\"pt-BR\",\"@id\":\"https:\/\/franciscanos.org.br\/noticias\/frei-jose-luiz-prim-falece-em-blumenau.html#primaryimage\",\"url\":\"https:\/\/franciscanos.org.br\/noticias\/wp-content\/uploads\/2013\/08\/prim_29-1.jpg\",\"contentUrl\":\"https:\/\/franciscanos.org.br\/noticias\/wp-content\/uploads\/2013\/08\/prim_29-1.jpg\",\"width\":273,\"height\":181},{\"@type\":\"WebPage\",\"@id\":\"https:\/\/franciscanos.org.br\/noticias\/frei-jose-luiz-prim-falece-em-blumenau.html#webpage\",\"url\":\"https:\/\/franciscanos.org.br\/noticias\/frei-jose-luiz-prim-falece-em-blumenau.html\",\"name\":\"Coral Canarinhos perde seu eterno regente - Not\u00edcias - Franciscanos\",\"isPartOf\":{\"@id\":\"https:\/\/franciscanos.org.br\/noticias\/#website\"},\"primaryImageOfPage\":{\"@id\":\"https:\/\/franciscanos.org.br\/noticias\/frei-jose-luiz-prim-falece-em-blumenau.html#primaryimage\"},\"datePublished\":\"2013-08-07T01:30:36+00:00\",\"dateModified\":\"2021-07-05T23:17:54+00:00\",\"author\":{\"@id\":\"https:\/\/franciscanos.org.br\/noticias\/#\/schema\/person\/b38fbf43118f02820bd932f2e4b14ad3\"},\"breadcrumb\":{\"@id\":\"https:\/\/franciscanos.org.br\/noticias\/frei-jose-luiz-prim-falece-em-blumenau.html#breadcrumb\"},\"inLanguage\":\"pt-BR\",\"potentialAction\":[{\"@type\":\"ReadAction\",\"target\":[\"https:\/\/franciscanos.org.br\/noticias\/frei-jose-luiz-prim-falece-em-blumenau.html\"]}]},{\"@type\":\"BreadcrumbList\",\"@id\":\"https:\/\/franciscanos.org.br\/noticias\/frei-jose-luiz-prim-falece-em-blumenau.html#breadcrumb\",\"itemListElement\":[{\"@type\":\"ListItem\",\"position\":1,\"name\":\"Home\",\"item\":\"https:\/\/franciscanos.org.br\/noticias\"},{\"@type\":\"ListItem\",\"position\":2,\"name\":\"Coral Canarinhos perde seu eterno regente\"}]},{\"@type\":\"Person\",\"@id\":\"https:\/\/franciscanos.org.br\/noticias\/#\/schema\/person\/b38fbf43118f02820bd932f2e4b14ad3\",\"name\":\"admin\",\"image\":{\"@type\":\"ImageObject\",\"inLanguage\":\"pt-BR\",\"@id\":\"https:\/\/franciscanos.org.br\/noticias\/#\/schema\/person\/image\/\",\"url\":\"https:\/\/secure.gravatar.com\/avatar\/e8495742d34d0ba6448ea1c628263b3e?s=96&d=mm&r=g\",\"contentUrl\":\"https:\/\/secure.gravatar.com\/avatar\/e8495742d34d0ba6448ea1c628263b3e?s=96&d=mm&r=g\",\"caption\":\"admin\"},\"url\":\"https:\/\/franciscanos.org.br\/noticias\/author\/admin\"}]}<\/script>\n<!-- \/ Yoast SEO plugin. -->","yoast_head_json":{"title":"Coral Canarinhos perde seu eterno regente - Not\u00edcias - Franciscanos","robots":{"index":"index","follow":"follow","max-snippet":"max-snippet:-1","max-image-preview":"max-image-preview:large","max-video-preview":"max-video-preview:-1"},"canonical":"https:\/\/franciscanos.org.br\/noticias\/frei-jose-luiz-prim-falece-em-blumenau.html","og_locale":"pt_BR","og_type":"article","og_title":"Coral Canarinhos perde seu eterno regente - Not\u00edcias - Franciscanos","og_description":"Falecimento","og_url":"https:\/\/franciscanos.org.br\/noticias\/frei-jose-luiz-prim-falece-em-blumenau.html","og_site_name":"Not\u00edcias - Franciscanos","article_published_time":"2013-08-07T01:30:36+00:00","article_modified_time":"2021-07-05T23:17:54+00:00","og_image":[{"width":273,"height":181,"url":"https:\/\/franciscanos.org.br\/noticias\/wp-content\/uploads\/2013\/08\/prim_29-1.jpg","type":"image\/jpeg"}],"author":"admin","twitter_card":"summary_large_image","twitter_misc":{"Escrito por":"admin","Est. tempo de leitura":"8 minutos"},"schema":{"@context":"https:\/\/schema.org","@graph":[{"@type":"WebSite","@id":"https:\/\/franciscanos.org.br\/noticias\/#website","url":"https:\/\/franciscanos.org.br\/noticias\/","name":"Not\u00edcias - Franciscanos","description":"Prov\u00edncia Franciscana da Imaculada Concei\u00e7\u00e3o do Brasil - Ordem dos Frades Menores - OFM","potentialAction":[{"@type":"SearchAction","target":{"@type":"EntryPoint","urlTemplate":"https:\/\/franciscanos.org.br\/noticias\/?s={search_term_string}"},"query-input":"required name=search_term_string"}],"inLanguage":"pt-BR"},{"@type":"ImageObject","inLanguage":"pt-BR","@id":"https:\/\/franciscanos.org.br\/noticias\/frei-jose-luiz-prim-falece-em-blumenau.html#primaryimage","url":"https:\/\/franciscanos.org.br\/noticias\/wp-content\/uploads\/2013\/08\/prim_29-1.jpg","contentUrl":"https:\/\/franciscanos.org.br\/noticias\/wp-content\/uploads\/2013\/08\/prim_29-1.jpg","width":273,"height":181},{"@type":"WebPage","@id":"https:\/\/franciscanos.org.br\/noticias\/frei-jose-luiz-prim-falece-em-blumenau.html#webpage","url":"https:\/\/franciscanos.org.br\/noticias\/frei-jose-luiz-prim-falece-em-blumenau.html","name":"Coral Canarinhos perde seu eterno regente - Not\u00edcias - Franciscanos","isPartOf":{"@id":"https:\/\/franciscanos.org.br\/noticias\/#website"},"primaryImageOfPage":{"@id":"https:\/\/franciscanos.org.br\/noticias\/frei-jose-luiz-prim-falece-em-blumenau.html#primaryimage"},"datePublished":"2013-08-07T01:30:36+00:00","dateModified":"2021-07-05T23:17:54+00:00","author":{"@id":"https:\/\/franciscanos.org.br\/noticias\/#\/schema\/person\/b38fbf43118f02820bd932f2e4b14ad3"},"breadcrumb":{"@id":"https:\/\/franciscanos.org.br\/noticias\/frei-jose-luiz-prim-falece-em-blumenau.html#breadcrumb"},"inLanguage":"pt-BR","potentialAction":[{"@type":"ReadAction","target":["https:\/\/franciscanos.org.br\/noticias\/frei-jose-luiz-prim-falece-em-blumenau.html"]}]},{"@type":"BreadcrumbList","@id":"https:\/\/franciscanos.org.br\/noticias\/frei-jose-luiz-prim-falece-em-blumenau.html#breadcrumb","itemListElement":[{"@type":"ListItem","position":1,"name":"Home","item":"https:\/\/franciscanos.org.br\/noticias"},{"@type":"ListItem","position":2,"name":"Coral Canarinhos perde seu eterno regente"}]},{"@type":"Person","@id":"https:\/\/franciscanos.org.br\/noticias\/#\/schema\/person\/b38fbf43118f02820bd932f2e4b14ad3","name":"admin","image":{"@type":"ImageObject","inLanguage":"pt-BR","@id":"https:\/\/franciscanos.org.br\/noticias\/#\/schema\/person\/image\/","url":"https:\/\/secure.gravatar.com\/avatar\/e8495742d34d0ba6448ea1c628263b3e?s=96&d=mm&r=g","contentUrl":"https:\/\/secure.gravatar.com\/avatar\/e8495742d34d0ba6448ea1c628263b3e?s=96&d=mm&r=g","caption":"admin"},"url":"https:\/\/franciscanos.org.br\/noticias\/author\/admin"}]}},"_links":{"self":[{"href":"https:\/\/franciscanos.org.br\/noticias\/wp-json\/wp\/v2\/posts\/43123"}],"collection":[{"href":"https:\/\/franciscanos.org.br\/noticias\/wp-json\/wp\/v2\/posts"}],"about":[{"href":"https:\/\/franciscanos.org.br\/noticias\/wp-json\/wp\/v2\/types\/post"}],"author":[{"embeddable":true,"href":"https:\/\/franciscanos.org.br\/noticias\/wp-json\/wp\/v2\/users\/1"}],"replies":[{"embeddable":true,"href":"https:\/\/franciscanos.org.br\/noticias\/wp-json\/wp\/v2\/comments?post=43123"}],"version-history":[{"count":1,"href":"https:\/\/franciscanos.org.br\/noticias\/wp-json\/wp\/v2\/posts\/43123\/revisions"}],"predecessor-version":[{"id":232915,"href":"https:\/\/franciscanos.org.br\/noticias\/wp-json\/wp\/v2\/posts\/43123\/revisions\/232915"}],"wp:featuredmedia":[{"embeddable":true,"href":"https:\/\/franciscanos.org.br\/noticias\/wp-json\/wp\/v2\/media\/210880"}],"wp:attachment":[{"href":"https:\/\/franciscanos.org.br\/noticias\/wp-json\/wp\/v2\/media?parent=43123"}],"wp:term":[{"taxonomy":"category","embeddable":true,"href":"https:\/\/franciscanos.org.br\/noticias\/wp-json\/wp\/v2\/categories?post=43123"},{"taxonomy":"post_tag","embeddable":true,"href":"https:\/\/franciscanos.org.br\/noticias\/wp-json\/wp\/v2\/tags?post=43123"}],"curies":[{"name":"wp","href":"https:\/\/api.w.org\/{rel}","templated":true}]}}