{"id":42862,"date":"2013-08-05T07:28:58","date_gmt":"2013-08-05T10:28:58","guid":{"rendered":"http:\/\/new.franciscanos.org.br\/?p=42862"},"modified":"2020-01-30T12:18:34","modified_gmt":"2020-01-30T15:18:34","slug":"no-dia-do-padre-vocacionados-de-sao-paulo-se-reunem-para-refletir-sobre-vocacao","status":"publish","type":"post","link":"https:\/\/franciscanos.org.br\/noticias\/no-dia-do-padre-vocacionados-de-sao-paulo-se-reunem-para-refletir-sobre-vocacao.html","title":{"rendered":"No dia do Padre, vocacionados refletem sobre a voca\u00e7\u00e3o"},"content":{"rendered":"<p style=\"text-align: left;\" align=\"center\"><strong><img loading=\"lazy\" class=\"alignright size-full wp-image-42863\" src=\"http:\/\/franciscanos.org.br\/wp-content\/uploads\/2013\/08\/sav_1.jpg\" alt=\"sav\" width=\"500\" height=\"321\" \/>Por Thiago Santos, especial para este site<\/strong><b><\/b><\/p>\n<p style=\"text-align: left;\"><strong>S\u00e3o Paulo (SP)<\/strong> &#8211; Aconteceu no \u00faltimo dia 4 de agosto, o Encontro Vocacional no Largo S\u00e3o Francisco, em S\u00e3o Paulo. N\u00f3s, jovens vindos de diversos lugares e com hist\u00f3rias diferentes, reunimo-nos para que, juntos, possamos entender qual o chamado de Deus para nossas vidas.<\/p>\n<p style=\"text-align: left;\">O \u00faltimo encontro havia sido na cidade de Guaratinguet\u00e1, interior de S\u00e3o Paulo, no m\u00eas de junho. E julho, devido aos preparativos para a Jornada Mundial da Juventude, n\u00e3o houve encontro, e todos estavam ansiosos para a retomada desse momento de partilha.<\/p>\n<p style=\"text-align: left;\">O encontro se iniciou com a Santa Missa, e no primeiro domingo do m\u00eas de agosto, o m\u00eas vocacional, a Igreja celebra o Dia do Padre e a mem\u00f3ria de S\u00e3o Jo\u00e3o Maria Vianney, o Santo Cura D\u2019Ars, protetor e intercessor dos sacerdotes. Nesta Missa foi realizada uma homenagem para nosso animador vocacional, Frei Alvaci Mendes da Luz, em agradecimento pelo seu sim ao chamado sacerdotal.<\/p>\n<p style=\"text-align: left;\">Logo ap\u00f3s a celebra\u00e7\u00e3o, os novos vocacionados se apresentaram e foram acolhidos carinhosamente pelos demais que est\u00e3o sendo acompanhados desde fevereiro deste ano. Refletimos sobre a liturgia do dia, onde Jesus nos ensina que a vida do homem n\u00e3o consiste na abund\u00e2ncia de bens, mas, sim, na partilha fraterna. E comentamos algumas frases ditas pelo nosso querido Papa Francisco durante sua passagem pelo Brasil, como por exemplo: \u201cA Igreja \u00e9 m\u00e3e. A m\u00e3e d\u00e1 carinho, beija, ama\u201d, mostrando a necessidade de estar sempre pr\u00f3ximo dos nossos irm\u00e3os.<\/p>\n<p style=\"text-align: left;\"><img loading=\"lazy\" class=\"alignleft\" src=\"http:\/\/franciscanos.org.br\/wp-content\/uploads\/2013\/08\/sav_2.jpg\" alt=\"sav\" width=\"500\" height=\"281\" \/>\u00c0 tarde, ap\u00f3s o conv\u00edvio com os frades e um delicioso almo\u00e7o com a fraternidade, retomamos a conversa, e partilhamos o tema da voca\u00e7\u00e3o sacerdotal e a extrema import\u00e2ncia dos padres (palavra que significa Pai) em nossas vidas. Durante todo o dia vivemos o esp\u00edrito de amizade, fraternidade e partilha, caracter\u00edsticas da vida franciscana.<\/p>\n<p style=\"text-align: left;\">O nosso encontro se encerrou por volta das 14h30 com a Ora\u00e7\u00e3o Vocacional. Sa\u00edmos do Convento S\u00e3o Francisco ansiosos pelo pr\u00f3ximo encontro vocacional e com o desejo de seguir a Jesus Cristo como o nosso Francisco, o Irm\u00e3o de Assis, o seguiu. Que Santa Clara, cuja festa celebramos no pr\u00f3ximo domingo (11), S\u00e3o Francisco de Assis e o Esp\u00edrito Santo nos iluminem nessa reta final dos encontros vocacionais. Afinal, como Frei Alvaci costuma dizer: \u201cVoca\u00e7\u00e3o acertada, vida feliz!\u201d<\/p>\n<p>&nbsp;<\/p>\n","protected":false},"excerpt":{"rendered":"<p>SAV-SP<\/p>\n","protected":false},"author":1,"featured_media":217283,"comment_status":"closed","ping_status":"open","sticky":false,"template":"","format":"standard","meta":[],"categories":[1],"tags":[56],"acf":[],"yoast_head":"<!-- This site is optimized with the Yoast SEO plugin v19.2 - https:\/\/yoast.com\/wordpress\/plugins\/seo\/ -->\n<title>No dia do Padre, vocacionados refletem sobre a voca\u00e7\u00e3o - Not\u00edcias - Franciscanos<\/title>\n<meta name=\"robots\" content=\"index, follow, max-snippet:-1, max-image-preview:large, max-video-preview:-1\" \/>\n<link rel=\"canonical\" href=\"https:\/\/franciscanos.org.br\/noticias\/no-dia-do-padre-vocacionados-de-sao-paulo-se-reunem-para-refletir-sobre-vocacao.html\" \/>\n<meta property=\"og:locale\" content=\"pt_BR\" \/>\n<meta property=\"og:type\" content=\"article\" \/>\n<meta property=\"og:title\" content=\"No dia do Padre, vocacionados refletem sobre a voca\u00e7\u00e3o - Not\u00edcias - Franciscanos\" \/>\n<meta property=\"og:description\" content=\"SAV-SP\" \/>\n<meta property=\"og:url\" content=\"https:\/\/franciscanos.org.br\/noticias\/no-dia-do-padre-vocacionados-de-sao-paulo-se-reunem-para-refletir-sobre-vocacao.html\" \/>\n<meta property=\"og:site_name\" content=\"Not\u00edcias - Franciscanos\" \/>\n<meta property=\"article:published_time\" content=\"2013-08-05T10:28:58+00:00\" \/>\n<meta property=\"article:modified_time\" content=\"2020-01-30T15:18:34+00:00\" \/>\n<meta property=\"og:image\" content=\"https:\/\/franciscanos.org.br\/noticias\/wp-content\/uploads\/2013\/08\/sav_1.jpg\" \/>\n\t<meta property=\"og:image:width\" content=\"273\" \/>\n\t<meta property=\"og:image:height\" content=\"181\" \/>\n\t<meta property=\"og:image:type\" content=\"image\/jpeg\" \/>\n<meta name=\"author\" content=\"admin\" \/>\n<meta name=\"twitter:card\" content=\"summary_large_image\" \/>\n<meta name=\"twitter:label1\" content=\"Escrito por\" \/>\n\t<meta name=\"twitter:data1\" content=\"admin\" \/>\n\t<meta name=\"twitter:label2\" content=\"Est. tempo de leitura\" \/>\n\t<meta name=\"twitter:data2\" content=\"2 minutos\" \/>\n<script type=\"application\/ld+json\" class=\"yoast-schema-graph\">{\"@context\":\"https:\/\/schema.org\",\"@graph\":[{\"@type\":\"WebSite\",\"@id\":\"https:\/\/franciscanos.org.br\/noticias\/#website\",\"url\":\"https:\/\/franciscanos.org.br\/noticias\/\",\"name\":\"Not\u00edcias - Franciscanos\",\"description\":\"Prov\u00edncia Franciscana da Imaculada Concei\u00e7\u00e3o do Brasil - Ordem dos Frades Menores - OFM\",\"potentialAction\":[{\"@type\":\"SearchAction\",\"target\":{\"@type\":\"EntryPoint\",\"urlTemplate\":\"https:\/\/franciscanos.org.br\/noticias\/?s={search_term_string}\"},\"query-input\":\"required name=search_term_string\"}],\"inLanguage\":\"pt-BR\"},{\"@type\":\"ImageObject\",\"inLanguage\":\"pt-BR\",\"@id\":\"https:\/\/franciscanos.org.br\/noticias\/no-dia-do-padre-vocacionados-de-sao-paulo-se-reunem-para-refletir-sobre-vocacao.html#primaryimage\",\"url\":\"https:\/\/franciscanos.org.br\/noticias\/wp-content\/uploads\/2013\/08\/sav_1.jpg\",\"contentUrl\":\"https:\/\/franciscanos.org.br\/noticias\/wp-content\/uploads\/2013\/08\/sav_1.jpg\",\"width\":273,\"height\":181},{\"@type\":\"WebPage\",\"@id\":\"https:\/\/franciscanos.org.br\/noticias\/no-dia-do-padre-vocacionados-de-sao-paulo-se-reunem-para-refletir-sobre-vocacao.html#webpage\",\"url\":\"https:\/\/franciscanos.org.br\/noticias\/no-dia-do-padre-vocacionados-de-sao-paulo-se-reunem-para-refletir-sobre-vocacao.html\",\"name\":\"No dia do Padre, vocacionados refletem sobre a voca\u00e7\u00e3o - Not\u00edcias - Franciscanos\",\"isPartOf\":{\"@id\":\"https:\/\/franciscanos.org.br\/noticias\/#website\"},\"primaryImageOfPage\":{\"@id\":\"https:\/\/franciscanos.org.br\/noticias\/no-dia-do-padre-vocacionados-de-sao-paulo-se-reunem-para-refletir-sobre-vocacao.html#primaryimage\"},\"datePublished\":\"2013-08-05T10:28:58+00:00\",\"dateModified\":\"2020-01-30T15:18:34+00:00\",\"author\":{\"@id\":\"https:\/\/franciscanos.org.br\/noticias\/#\/schema\/person\/b38fbf43118f02820bd932f2e4b14ad3\"},\"breadcrumb\":{\"@id\":\"https:\/\/franciscanos.org.br\/noticias\/no-dia-do-padre-vocacionados-de-sao-paulo-se-reunem-para-refletir-sobre-vocacao.html#breadcrumb\"},\"inLanguage\":\"pt-BR\",\"potentialAction\":[{\"@type\":\"ReadAction\",\"target\":[\"https:\/\/franciscanos.org.br\/noticias\/no-dia-do-padre-vocacionados-de-sao-paulo-se-reunem-para-refletir-sobre-vocacao.html\"]}]},{\"@type\":\"BreadcrumbList\",\"@id\":\"https:\/\/franciscanos.org.br\/noticias\/no-dia-do-padre-vocacionados-de-sao-paulo-se-reunem-para-refletir-sobre-vocacao.html#breadcrumb\",\"itemListElement\":[{\"@type\":\"ListItem\",\"position\":1,\"name\":\"Home\",\"item\":\"https:\/\/franciscanos.org.br\/noticias\"},{\"@type\":\"ListItem\",\"position\":2,\"name\":\"No dia do Padre, vocacionados refletem sobre a voca\u00e7\u00e3o\"}]},{\"@type\":\"Person\",\"@id\":\"https:\/\/franciscanos.org.br\/noticias\/#\/schema\/person\/b38fbf43118f02820bd932f2e4b14ad3\",\"name\":\"admin\",\"image\":{\"@type\":\"ImageObject\",\"inLanguage\":\"pt-BR\",\"@id\":\"https:\/\/franciscanos.org.br\/noticias\/#\/schema\/person\/image\/\",\"url\":\"https:\/\/secure.gravatar.com\/avatar\/e8495742d34d0ba6448ea1c628263b3e?s=96&d=mm&r=g\",\"contentUrl\":\"https:\/\/secure.gravatar.com\/avatar\/e8495742d34d0ba6448ea1c628263b3e?s=96&d=mm&r=g\",\"caption\":\"admin\"},\"url\":\"https:\/\/franciscanos.org.br\/noticias\/author\/admin\"}]}<\/script>\n<!-- \/ Yoast SEO plugin. -->","yoast_head_json":{"title":"No dia do Padre, vocacionados refletem sobre a voca\u00e7\u00e3o - Not\u00edcias - Franciscanos","robots":{"index":"index","follow":"follow","max-snippet":"max-snippet:-1","max-image-preview":"max-image-preview:large","max-video-preview":"max-video-preview:-1"},"canonical":"https:\/\/franciscanos.org.br\/noticias\/no-dia-do-padre-vocacionados-de-sao-paulo-se-reunem-para-refletir-sobre-vocacao.html","og_locale":"pt_BR","og_type":"article","og_title":"No dia do Padre, vocacionados refletem sobre a voca\u00e7\u00e3o - Not\u00edcias - Franciscanos","og_description":"SAV-SP","og_url":"https:\/\/franciscanos.org.br\/noticias\/no-dia-do-padre-vocacionados-de-sao-paulo-se-reunem-para-refletir-sobre-vocacao.html","og_site_name":"Not\u00edcias - Franciscanos","article_published_time":"2013-08-05T10:28:58+00:00","article_modified_time":"2020-01-30T15:18:34+00:00","og_image":[{"width":273,"height":181,"url":"https:\/\/franciscanos.org.br\/noticias\/wp-content\/uploads\/2013\/08\/sav_1.jpg","type":"image\/jpeg"}],"author":"admin","twitter_card":"summary_large_image","twitter_misc":{"Escrito por":"admin","Est. tempo de leitura":"2 minutos"},"schema":{"@context":"https:\/\/schema.org","@graph":[{"@type":"WebSite","@id":"https:\/\/franciscanos.org.br\/noticias\/#website","url":"https:\/\/franciscanos.org.br\/noticias\/","name":"Not\u00edcias - Franciscanos","description":"Prov\u00edncia Franciscana da Imaculada Concei\u00e7\u00e3o do Brasil - Ordem dos Frades Menores - OFM","potentialAction":[{"@type":"SearchAction","target":{"@type":"EntryPoint","urlTemplate":"https:\/\/franciscanos.org.br\/noticias\/?s={search_term_string}"},"query-input":"required name=search_term_string"}],"inLanguage":"pt-BR"},{"@type":"ImageObject","inLanguage":"pt-BR","@id":"https:\/\/franciscanos.org.br\/noticias\/no-dia-do-padre-vocacionados-de-sao-paulo-se-reunem-para-refletir-sobre-vocacao.html#primaryimage","url":"https:\/\/franciscanos.org.br\/noticias\/wp-content\/uploads\/2013\/08\/sav_1.jpg","contentUrl":"https:\/\/franciscanos.org.br\/noticias\/wp-content\/uploads\/2013\/08\/sav_1.jpg","width":273,"height":181},{"@type":"WebPage","@id":"https:\/\/franciscanos.org.br\/noticias\/no-dia-do-padre-vocacionados-de-sao-paulo-se-reunem-para-refletir-sobre-vocacao.html#webpage","url":"https:\/\/franciscanos.org.br\/noticias\/no-dia-do-padre-vocacionados-de-sao-paulo-se-reunem-para-refletir-sobre-vocacao.html","name":"No dia do Padre, vocacionados refletem sobre a voca\u00e7\u00e3o - Not\u00edcias - Franciscanos","isPartOf":{"@id":"https:\/\/franciscanos.org.br\/noticias\/#website"},"primaryImageOfPage":{"@id":"https:\/\/franciscanos.org.br\/noticias\/no-dia-do-padre-vocacionados-de-sao-paulo-se-reunem-para-refletir-sobre-vocacao.html#primaryimage"},"datePublished":"2013-08-05T10:28:58+00:00","dateModified":"2020-01-30T15:18:34+00:00","author":{"@id":"https:\/\/franciscanos.org.br\/noticias\/#\/schema\/person\/b38fbf43118f02820bd932f2e4b14ad3"},"breadcrumb":{"@id":"https:\/\/franciscanos.org.br\/noticias\/no-dia-do-padre-vocacionados-de-sao-paulo-se-reunem-para-refletir-sobre-vocacao.html#breadcrumb"},"inLanguage":"pt-BR","potentialAction":[{"@type":"ReadAction","target":["https:\/\/franciscanos.org.br\/noticias\/no-dia-do-padre-vocacionados-de-sao-paulo-se-reunem-para-refletir-sobre-vocacao.html"]}]},{"@type":"BreadcrumbList","@id":"https:\/\/franciscanos.org.br\/noticias\/no-dia-do-padre-vocacionados-de-sao-paulo-se-reunem-para-refletir-sobre-vocacao.html#breadcrumb","itemListElement":[{"@type":"ListItem","position":1,"name":"Home","item":"https:\/\/franciscanos.org.br\/noticias"},{"@type":"ListItem","position":2,"name":"No dia do Padre, vocacionados refletem sobre a voca\u00e7\u00e3o"}]},{"@type":"Person","@id":"https:\/\/franciscanos.org.br\/noticias\/#\/schema\/person\/b38fbf43118f02820bd932f2e4b14ad3","name":"admin","image":{"@type":"ImageObject","inLanguage":"pt-BR","@id":"https:\/\/franciscanos.org.br\/noticias\/#\/schema\/person\/image\/","url":"https:\/\/secure.gravatar.com\/avatar\/e8495742d34d0ba6448ea1c628263b3e?s=96&d=mm&r=g","contentUrl":"https:\/\/secure.gravatar.com\/avatar\/e8495742d34d0ba6448ea1c628263b3e?s=96&d=mm&r=g","caption":"admin"},"url":"https:\/\/franciscanos.org.br\/noticias\/author\/admin"}]}},"_links":{"self":[{"href":"https:\/\/franciscanos.org.br\/noticias\/wp-json\/wp\/v2\/posts\/42862"}],"collection":[{"href":"https:\/\/franciscanos.org.br\/noticias\/wp-json\/wp\/v2\/posts"}],"about":[{"href":"https:\/\/franciscanos.org.br\/noticias\/wp-json\/wp\/v2\/types\/post"}],"author":[{"embeddable":true,"href":"https:\/\/franciscanos.org.br\/noticias\/wp-json\/wp\/v2\/users\/1"}],"replies":[{"embeddable":true,"href":"https:\/\/franciscanos.org.br\/noticias\/wp-json\/wp\/v2\/comments?post=42862"}],"version-history":[{"count":0,"href":"https:\/\/franciscanos.org.br\/noticias\/wp-json\/wp\/v2\/posts\/42862\/revisions"}],"wp:featuredmedia":[{"embeddable":true,"href":"https:\/\/franciscanos.org.br\/noticias\/wp-json\/wp\/v2\/media\/217283"}],"wp:attachment":[{"href":"https:\/\/franciscanos.org.br\/noticias\/wp-json\/wp\/v2\/media?parent=42862"}],"wp:term":[{"taxonomy":"category","embeddable":true,"href":"https:\/\/franciscanos.org.br\/noticias\/wp-json\/wp\/v2\/categories?post=42862"},{"taxonomy":"post_tag","embeddable":true,"href":"https:\/\/franciscanos.org.br\/noticias\/wp-json\/wp\/v2\/tags?post=42862"}],"curies":[{"name":"wp","href":"https:\/\/api.w.org\/{rel}","templated":true}]}}