{"id":42850,"date":"2013-08-03T06:30:09","date_gmt":"2013-08-03T09:30:09","guid":{"rendered":"http:\/\/new.franciscanos.org.br\/?p=42850"},"modified":"2020-06-11T16:28:48","modified_gmt":"2020-06-11T19:28:48","slug":"publico-recorde-de-37-milhoes-de-pessoas-em-copacabana","status":"publish","type":"post","link":"https:\/\/franciscanos.org.br\/noticias\/publico-recorde-de-37-milhoes-de-pessoas-em-copacabana.html","title":{"rendered":"P\u00fablico recorde de 3,7 milh\u00f5es de pessoas em Copacabana"},"content":{"rendered":"<p><img loading=\"lazy\" src=\"http:\/\/franciscanos.org.br\/wp-content\/uploads\/2013\/08\/missa_envio.jpg\" alt=\"Missa do Envio\" width=\"820\" height=\"420\" \/><\/p>\n<p>Os resultados alcan\u00e7ados pela Jornada Mundial da Juventude (JMJ Rio2013) superaram as expectativas, de acordo com Dom Orani Tempesta, arcebispo do Rio de Janeiro e presidente do Comit\u00ea Organizador Local (COL) da JMJ Rio2013. O p\u00fablico presente \u00e0 Missa de Envio chegou a 3,7 milh\u00f5es de pessoas, seis vezes maior que o n\u00famero de presentes ao primeiro Ato Central, a Missa de Abertura (600 mil). O impacto econ\u00f4mico foi expressivo. Os visitantes desembolsaram R$ 1,8 bilh\u00f5es, segundo n\u00fameros do Minist\u00e9rio do Turismo.\u00a0 Os dados foram divulgados em coletiva \u00e0 imprensa nesta ter\u00e7a-feira, 30.<\/p>\n<p>No total, mais de 3,5 milh\u00f5es de pessoas participaram da JMJ Rio2013, que contou com eventos em Copacabana, Quinta da Boa Vista, Rio Centro e em diversas par\u00f3quias da cidade. A cerim\u00f4nia de acolhida do Santo Padre, na quinta-feira, 25, reuniu 1,2 milh\u00f5es de pessoas em Copacabana, enquanto a Via-Sacra chegou a 2 milh\u00f5es na sexta-feira, 26. Na vig\u00edlia, cerca de 3,5 milh\u00f5es de jovens estiveram na praia de Copacabana.<br \/>\nForam 427 mil inscri\u00e7\u00f5es, de 175 pa\u00edses. Peregrinos inscritos com hospedagens foram cerca de 180 mil, enquanto as vagas disponibilizadas para hospedagem em casas de fam\u00edlia e institui\u00e7\u00f5es chegaram a 356,4 mil.\u00a0\u201cN\u00f3s vimos Deus agir. Deus atuou no meio de n\u00f3s. Deus nos surpreendeu. Foi muito al\u00e9m do que planejamos. Temos visto na Hist\u00f3ria como Deus tem atuado. N\u00e3o tem outra explica\u00e7\u00e3o\u201d, destacou Dom Orani.<\/p>\n<p><strong>Perfil dos inscritos<\/strong><\/p>\n<p>A JMJ Rio2013 contou com uma presen\u00e7a massiva de latinos. Os pa\u00edses com o maior n\u00famero de inscritos foram, respectivamente, Brasil, Argentina, Estados Unidos, Chile, It\u00e1lia, Venezuela, Fran\u00e7a, Paraguai, Peru e M\u00e9xico. Do total dos inscritos internacionais, 72,7% estiveram no Brasil pela primeira vez e 86,9% nunca haviam participado de uma Jornada.<\/p>\n<p>Foram mais de 70 mil downloads no site oficial da JMJ Rio2013 e mais de 200 mil acessos. O facebook recebeu mais de 1,1 milh\u00e3o de curtidas e o flickr superou 10 mil downloads.<\/p>\n<p>Entre os peregrinos inscritos, 55% s\u00e3o do sexo feminino; 60% do p\u00fablico tem entre 19 e 34 anos. Foram 644 Bispos inscritos, dos quais 28 s\u00e3o Cardeais. Al\u00e9m disso, foram 7814 sacerdotes inscritos e 632 di\u00e1conos. Para cobrir a JMJ Rio2013 em 57 pa\u00edses, foram credenciados 6,4 mil jornalistas.<\/p>\n<p>O evento tamb\u00e9m contou com 264 locais de catequese, em 25 idiomas. Foram 60 mil volunt\u00e1rios, mais de 800 artistas participantes dos Atos Centrais. Um total de 100 confession\u00e1rios foram expostos na Feira Vocacional e no Largo da Carioca e 4 milh\u00f5es de h\u00f3stias produzidas, 800 mil para Missa de Envio.<\/p>\n<p>A gera\u00e7\u00e3o de lixo foi inferior a outros eventos que acontecem em Copacabana, como o R\u00e9veillon. A Companhia Municipal de Limpeza Urbana (Comlurb) removeu 345 toneladas de res\u00edduos org\u00e2nicos e 45 toneladas de materiais recicl\u00e1veis, durante a JMJ Rio2013. O n\u00famero representa cerca de 10% a menos do registrado na noite do \u00faltimo Ano Novo.<\/p>\n<p><strong>Experi\u00eancia de F\u00e9<\/strong><\/p>\n<p>A renova\u00e7\u00e3o da f\u00e9 e da esperan\u00e7a \u00e9 o principal legado que a JMJ Rio2013 deixar\u00e1 no cora\u00e7\u00e3o dos jovens, de acordo com Dom Orani. \u201cOs jovens levaram consigo uma experi\u00eancia de f\u00e9, de esperan\u00e7a muito grande. Tenho certeza de que jamais esqueceremos. Os jovens j\u00e1 s\u00e3o protagonistas hoje. O meu cora\u00e7\u00e3o est\u00e1 muito agradecido\u201d, destacou. O arcebispo disse ainda que est\u00e1 sendo viabilizada a cria\u00e7\u00e3o de um instituto para a juventude que ter\u00e1 a responsabilidade de guardar as experi\u00eancias da JMJ Rio2013 e trabalhar pelos jovens.<\/p>\n<p>Entre os v\u00e1rios momentos significativos vividos junto ao Santo Padre, Dom Orani destacou dois: a rela\u00e7\u00e3o de carinho com as crian\u00e7as e a ora\u00e7\u00e3o ao Cristo Redentor. \u201cTodas as vezes que nos desloc\u00e1vamos de helic\u00f3ptero, o Santo Padre olhava para o Cristo e rezava. Eu que estava atr\u00e1s dele, pude presenciar v\u00e1rias vezes esses momentos de ora\u00e7\u00e3o.<\/p>\n<p>A proximidade do Papa com as pessoas traz um testemunho para o mundo de que a Igreja est\u00e1 perto das pessoas, como uma m\u00e3e de seus filhos, explicou Dom Orani. \u201cA Igreja antes de mais nada anuncia uma boa not\u00edcia a todos\u201d, disse. Outro legado deixado pela JMJ Rio2013 foi a aten\u00e7\u00e3o do poder p\u00fablico e da m\u00eddia para a Regi\u00e3o Oeste, onde est\u00e1 Guaratiba.<\/p>\n<p>A cruz da JMJ e o \u00cdcone de Nossa Senhora ser\u00e3o entregues \u00e0 Crac\u00f3via, pr\u00f3xima cidade-sede, apenas em Roma. A tradi\u00e7\u00e3o \u00e9 que sejam enviados para o Pontif\u00edcio Conselho para os Leigos e no domingo de Ramos do pr\u00f3ximo ano, ser\u00e3o entregues aos jovens da Pol\u00f4nia em cerim\u00f4nia que dever\u00e1 acontecer em Roma.<\/p>\n","protected":false},"excerpt":{"rendered":"<p>Balan\u00e7o final da JMJ<\/p>\n","protected":false},"author":1,"featured_media":217277,"comment_status":"closed","ping_status":"open","sticky":false,"template":"","format":"standard","meta":[],"categories":[1428],"tags":[97],"acf":[],"yoast_head":"<!-- This site is optimized with the Yoast SEO plugin v19.2 - https:\/\/yoast.com\/wordpress\/plugins\/seo\/ -->\n<title>P\u00fablico recorde de 3,7 milh\u00f5es de pessoas em Copacabana - Not\u00edcias - Franciscanos<\/title>\n<meta name=\"robots\" content=\"index, follow, max-snippet:-1, max-image-preview:large, max-video-preview:-1\" \/>\n<link rel=\"canonical\" href=\"https:\/\/franciscanos.org.br\/noticias\/publico-recorde-de-37-milhoes-de-pessoas-em-copacabana.html\" \/>\n<meta property=\"og:locale\" content=\"pt_BR\" \/>\n<meta property=\"og:type\" content=\"article\" \/>\n<meta property=\"og:title\" content=\"P\u00fablico recorde de 3,7 milh\u00f5es de pessoas em Copacabana - Not\u00edcias - Franciscanos\" \/>\n<meta property=\"og:description\" content=\"Balan\u00e7o final da JMJ\" \/>\n<meta property=\"og:url\" content=\"https:\/\/franciscanos.org.br\/noticias\/publico-recorde-de-37-milhoes-de-pessoas-em-copacabana.html\" \/>\n<meta property=\"og:site_name\" content=\"Not\u00edcias - Franciscanos\" \/>\n<meta property=\"article:published_time\" content=\"2013-08-03T09:30:09+00:00\" \/>\n<meta property=\"article:modified_time\" content=\"2020-06-11T19:28:48+00:00\" \/>\n<meta property=\"og:image\" content=\"https:\/\/franciscanos.org.br\/noticias\/wp-content\/uploads\/2013\/08\/missa_envio.jpg\" \/>\n\t<meta property=\"og:image:width\" content=\"273\" \/>\n\t<meta property=\"og:image:height\" content=\"181\" \/>\n\t<meta property=\"og:image:type\" content=\"image\/jpeg\" \/>\n<meta name=\"author\" content=\"admin\" \/>\n<meta name=\"twitter:card\" content=\"summary_large_image\" \/>\n<meta name=\"twitter:label1\" content=\"Escrito por\" \/>\n\t<meta name=\"twitter:data1\" content=\"admin\" \/>\n\t<meta name=\"twitter:label2\" content=\"Est. tempo de leitura\" \/>\n\t<meta name=\"twitter:data2\" content=\"4 minutos\" \/>\n<script type=\"application\/ld+json\" class=\"yoast-schema-graph\">{\"@context\":\"https:\/\/schema.org\",\"@graph\":[{\"@type\":\"WebSite\",\"@id\":\"https:\/\/franciscanos.org.br\/noticias\/#website\",\"url\":\"https:\/\/franciscanos.org.br\/noticias\/\",\"name\":\"Not\u00edcias - Franciscanos\",\"description\":\"Prov\u00edncia Franciscana da Imaculada Concei\u00e7\u00e3o do Brasil - Ordem dos Frades Menores - OFM\",\"potentialAction\":[{\"@type\":\"SearchAction\",\"target\":{\"@type\":\"EntryPoint\",\"urlTemplate\":\"https:\/\/franciscanos.org.br\/noticias\/?s={search_term_string}\"},\"query-input\":\"required name=search_term_string\"}],\"inLanguage\":\"pt-BR\"},{\"@type\":\"ImageObject\",\"inLanguage\":\"pt-BR\",\"@id\":\"https:\/\/franciscanos.org.br\/noticias\/publico-recorde-de-37-milhoes-de-pessoas-em-copacabana.html#primaryimage\",\"url\":\"https:\/\/franciscanos.org.br\/noticias\/wp-content\/uploads\/2013\/08\/missa_envio.jpg\",\"contentUrl\":\"https:\/\/franciscanos.org.br\/noticias\/wp-content\/uploads\/2013\/08\/missa_envio.jpg\",\"width\":273,\"height\":181},{\"@type\":\"WebPage\",\"@id\":\"https:\/\/franciscanos.org.br\/noticias\/publico-recorde-de-37-milhoes-de-pessoas-em-copacabana.html#webpage\",\"url\":\"https:\/\/franciscanos.org.br\/noticias\/publico-recorde-de-37-milhoes-de-pessoas-em-copacabana.html\",\"name\":\"P\u00fablico recorde de 3,7 milh\u00f5es de pessoas em Copacabana - Not\u00edcias - Franciscanos\",\"isPartOf\":{\"@id\":\"https:\/\/franciscanos.org.br\/noticias\/#website\"},\"primaryImageOfPage\":{\"@id\":\"https:\/\/franciscanos.org.br\/noticias\/publico-recorde-de-37-milhoes-de-pessoas-em-copacabana.html#primaryimage\"},\"datePublished\":\"2013-08-03T09:30:09+00:00\",\"dateModified\":\"2020-06-11T19:28:48+00:00\",\"author\":{\"@id\":\"https:\/\/franciscanos.org.br\/noticias\/#\/schema\/person\/b38fbf43118f02820bd932f2e4b14ad3\"},\"breadcrumb\":{\"@id\":\"https:\/\/franciscanos.org.br\/noticias\/publico-recorde-de-37-milhoes-de-pessoas-em-copacabana.html#breadcrumb\"},\"inLanguage\":\"pt-BR\",\"potentialAction\":[{\"@type\":\"ReadAction\",\"target\":[\"https:\/\/franciscanos.org.br\/noticias\/publico-recorde-de-37-milhoes-de-pessoas-em-copacabana.html\"]}]},{\"@type\":\"BreadcrumbList\",\"@id\":\"https:\/\/franciscanos.org.br\/noticias\/publico-recorde-de-37-milhoes-de-pessoas-em-copacabana.html#breadcrumb\",\"itemListElement\":[{\"@type\":\"ListItem\",\"position\":1,\"name\":\"Home\",\"item\":\"https:\/\/franciscanos.org.br\/noticias\"},{\"@type\":\"ListItem\",\"position\":2,\"name\":\"P\u00fablico recorde de 3,7 milh\u00f5es de pessoas em Copacabana\"}]},{\"@type\":\"Person\",\"@id\":\"https:\/\/franciscanos.org.br\/noticias\/#\/schema\/person\/b38fbf43118f02820bd932f2e4b14ad3\",\"name\":\"admin\",\"image\":{\"@type\":\"ImageObject\",\"inLanguage\":\"pt-BR\",\"@id\":\"https:\/\/franciscanos.org.br\/noticias\/#\/schema\/person\/image\/\",\"url\":\"https:\/\/secure.gravatar.com\/avatar\/e8495742d34d0ba6448ea1c628263b3e?s=96&d=mm&r=g\",\"contentUrl\":\"https:\/\/secure.gravatar.com\/avatar\/e8495742d34d0ba6448ea1c628263b3e?s=96&d=mm&r=g\",\"caption\":\"admin\"},\"url\":\"https:\/\/franciscanos.org.br\/noticias\/author\/admin\"}]}<\/script>\n<!-- \/ Yoast SEO plugin. -->","yoast_head_json":{"title":"P\u00fablico recorde de 3,7 milh\u00f5es de pessoas em Copacabana - Not\u00edcias - Franciscanos","robots":{"index":"index","follow":"follow","max-snippet":"max-snippet:-1","max-image-preview":"max-image-preview:large","max-video-preview":"max-video-preview:-1"},"canonical":"https:\/\/franciscanos.org.br\/noticias\/publico-recorde-de-37-milhoes-de-pessoas-em-copacabana.html","og_locale":"pt_BR","og_type":"article","og_title":"P\u00fablico recorde de 3,7 milh\u00f5es de pessoas em Copacabana - Not\u00edcias - Franciscanos","og_description":"Balan\u00e7o final da JMJ","og_url":"https:\/\/franciscanos.org.br\/noticias\/publico-recorde-de-37-milhoes-de-pessoas-em-copacabana.html","og_site_name":"Not\u00edcias - Franciscanos","article_published_time":"2013-08-03T09:30:09+00:00","article_modified_time":"2020-06-11T19:28:48+00:00","og_image":[{"width":273,"height":181,"url":"https:\/\/franciscanos.org.br\/noticias\/wp-content\/uploads\/2013\/08\/missa_envio.jpg","type":"image\/jpeg"}],"author":"admin","twitter_card":"summary_large_image","twitter_misc":{"Escrito por":"admin","Est. tempo de leitura":"4 minutos"},"schema":{"@context":"https:\/\/schema.org","@graph":[{"@type":"WebSite","@id":"https:\/\/franciscanos.org.br\/noticias\/#website","url":"https:\/\/franciscanos.org.br\/noticias\/","name":"Not\u00edcias - Franciscanos","description":"Prov\u00edncia Franciscana da Imaculada Concei\u00e7\u00e3o do Brasil - Ordem dos Frades Menores - OFM","potentialAction":[{"@type":"SearchAction","target":{"@type":"EntryPoint","urlTemplate":"https:\/\/franciscanos.org.br\/noticias\/?s={search_term_string}"},"query-input":"required name=search_term_string"}],"inLanguage":"pt-BR"},{"@type":"ImageObject","inLanguage":"pt-BR","@id":"https:\/\/franciscanos.org.br\/noticias\/publico-recorde-de-37-milhoes-de-pessoas-em-copacabana.html#primaryimage","url":"https:\/\/franciscanos.org.br\/noticias\/wp-content\/uploads\/2013\/08\/missa_envio.jpg","contentUrl":"https:\/\/franciscanos.org.br\/noticias\/wp-content\/uploads\/2013\/08\/missa_envio.jpg","width":273,"height":181},{"@type":"WebPage","@id":"https:\/\/franciscanos.org.br\/noticias\/publico-recorde-de-37-milhoes-de-pessoas-em-copacabana.html#webpage","url":"https:\/\/franciscanos.org.br\/noticias\/publico-recorde-de-37-milhoes-de-pessoas-em-copacabana.html","name":"P\u00fablico recorde de 3,7 milh\u00f5es de pessoas em Copacabana - Not\u00edcias - Franciscanos","isPartOf":{"@id":"https:\/\/franciscanos.org.br\/noticias\/#website"},"primaryImageOfPage":{"@id":"https:\/\/franciscanos.org.br\/noticias\/publico-recorde-de-37-milhoes-de-pessoas-em-copacabana.html#primaryimage"},"datePublished":"2013-08-03T09:30:09+00:00","dateModified":"2020-06-11T19:28:48+00:00","author":{"@id":"https:\/\/franciscanos.org.br\/noticias\/#\/schema\/person\/b38fbf43118f02820bd932f2e4b14ad3"},"breadcrumb":{"@id":"https:\/\/franciscanos.org.br\/noticias\/publico-recorde-de-37-milhoes-de-pessoas-em-copacabana.html#breadcrumb"},"inLanguage":"pt-BR","potentialAction":[{"@type":"ReadAction","target":["https:\/\/franciscanos.org.br\/noticias\/publico-recorde-de-37-milhoes-de-pessoas-em-copacabana.html"]}]},{"@type":"BreadcrumbList","@id":"https:\/\/franciscanos.org.br\/noticias\/publico-recorde-de-37-milhoes-de-pessoas-em-copacabana.html#breadcrumb","itemListElement":[{"@type":"ListItem","position":1,"name":"Home","item":"https:\/\/franciscanos.org.br\/noticias"},{"@type":"ListItem","position":2,"name":"P\u00fablico recorde de 3,7 milh\u00f5es de pessoas em Copacabana"}]},{"@type":"Person","@id":"https:\/\/franciscanos.org.br\/noticias\/#\/schema\/person\/b38fbf43118f02820bd932f2e4b14ad3","name":"admin","image":{"@type":"ImageObject","inLanguage":"pt-BR","@id":"https:\/\/franciscanos.org.br\/noticias\/#\/schema\/person\/image\/","url":"https:\/\/secure.gravatar.com\/avatar\/e8495742d34d0ba6448ea1c628263b3e?s=96&d=mm&r=g","contentUrl":"https:\/\/secure.gravatar.com\/avatar\/e8495742d34d0ba6448ea1c628263b3e?s=96&d=mm&r=g","caption":"admin"},"url":"https:\/\/franciscanos.org.br\/noticias\/author\/admin"}]}},"_links":{"self":[{"href":"https:\/\/franciscanos.org.br\/noticias\/wp-json\/wp\/v2\/posts\/42850"}],"collection":[{"href":"https:\/\/franciscanos.org.br\/noticias\/wp-json\/wp\/v2\/posts"}],"about":[{"href":"https:\/\/franciscanos.org.br\/noticias\/wp-json\/wp\/v2\/types\/post"}],"author":[{"embeddable":true,"href":"https:\/\/franciscanos.org.br\/noticias\/wp-json\/wp\/v2\/users\/1"}],"replies":[{"embeddable":true,"href":"https:\/\/franciscanos.org.br\/noticias\/wp-json\/wp\/v2\/comments?post=42850"}],"version-history":[{"count":1,"href":"https:\/\/franciscanos.org.br\/noticias\/wp-json\/wp\/v2\/posts\/42850\/revisions"}],"predecessor-version":[{"id":226322,"href":"https:\/\/franciscanos.org.br\/noticias\/wp-json\/wp\/v2\/posts\/42850\/revisions\/226322"}],"wp:featuredmedia":[{"embeddable":true,"href":"https:\/\/franciscanos.org.br\/noticias\/wp-json\/wp\/v2\/media\/217277"}],"wp:attachment":[{"href":"https:\/\/franciscanos.org.br\/noticias\/wp-json\/wp\/v2\/media?parent=42850"}],"wp:term":[{"taxonomy":"category","embeddable":true,"href":"https:\/\/franciscanos.org.br\/noticias\/wp-json\/wp\/v2\/categories?post=42850"},{"taxonomy":"post_tag","embeddable":true,"href":"https:\/\/franciscanos.org.br\/noticias\/wp-json\/wp\/v2\/tags?post=42850"}],"curies":[{"name":"wp","href":"https:\/\/api.w.org\/{rel}","templated":true}]}}