{"id":42645,"date":"2013-07-29T08:34:14","date_gmt":"2013-07-29T11:34:14","guid":{"rendered":"http:\/\/new.franciscanos.org.br\/?p=42645"},"modified":"2020-11-11T10:22:28","modified_gmt":"2020-11-11T13:22:28","slug":"o-papa-da-liberdade-de-espirito-e-da-razao-cordial-de-leonardo-boff","status":"publish","type":"post","link":"https:\/\/franciscanos.org.br\/noticias\/o-papa-da-liberdade-de-espirito-e-da-razao-cordial-de-leonardo-boff.html","title":{"rendered":"O Papa da liberdade de esp\u00edrito e da raz\u00e3o cordial"},"content":{"rendered":"<p><img loading=\"lazy\" src=\"http:\/\/franciscanos.org.br\/wp-content\/uploads\/2013\/07\/bebe.jpg\" alt=\"bebe\" width=\"830\" height=\"415\" \/><\/p>\n<p><strong>Leonardo Boff (*)<\/strong><\/p>\n<p>Uma das maiores conquistas da pessoa humana em seu processo de individua\u00e7\u00e3o \u00e9 a liberdade de esp\u00edrito. Liberdade de esp\u00edrito \u00e9 a capacidade de ser ser duplamente livre: livre\u00a0<b>das<\/b>\u00a0injun\u00e7\u00f5es, regras, normas e protocolos que foram inventados pela sociedade e pelas institui\u00e7\u00f5es para uniformalizar comportamentos e moldar personalidades segundo tais determina\u00e7\u00f5es. E significa, fundamentalmente, ser livre\u00a0<b>para<\/b>\u00a0ser aut\u00eantico, pensar com sua pr\u00f3pria cabe\u00e7a e agir consoante sua norma interior, amadurecida ao largo de toda vida, na resist\u00eancia e na tens\u00e3o com aqueles injun\u00e7\u00f5es.<\/p>\n<p>E essa \u00e9 uma luta tit\u00e2nica . Pois todos nascemos dentro de certas determina\u00e7\u00f5es que independem de nossa vontade seja na\u00a0\u00a0fam\u00edlia, na escola, na roda de amigos, na religi\u00e3o e na cultura que moldam nossos h\u00e1bitos. Todas estas inst\u00e2ncias funcionam como superegos que podem ser limitadores e em alguns casos at\u00e9 castradores. Logicamente, estes limites desempenham uma fun\u00e7\u00e3o reguladora importante. Pelo fato de o rio possuir margens e limites \u00e9 que ele chega ao mar. Mas estes podem tamb\u00e9m represar as \u00e1guas que deveriam fluir. Ent\u00e3o se esparram pelos lados e se transformam em charcos.<\/p>\n<p>As atitudes e comportamentos surpreendentes do atual bispo de Roma, como gosta de se apresentar, comumente chamado\u00a0\u00a0de Papa, Francisco, nos evocam esta categoria t\u00e3o determinante da liberdade de esp\u00edrito.<\/p>\n<p>Normalmente, o cardeal nomeado Papa logo incorpora o\u00a0\u00a0estilo cl\u00e1ssico, sacral e hier\u00e1tico dos Papas, seja nas vestimentas, nos gestos, nos s\u00edmbolos do supremo poder sagrado e na linguagem. Francisco, dotado de imensa liberdade de esp\u00edrito, fez o contr\u00e1rio: adaptou a figura do Papa a seu estilo pessoal, aos seus h\u00e1bitos e \u00e0s suas convic\u00e7\u00f5es. Todos conhecem as rupturas que introduziu sem a maior cerim\u00f4nia. Aliviou-se de todos os s\u00edmbolos de poder, especialmente, a cruz de ouro e pedras preciosas e o mantelo (mozetta) colocado aos outros, cheio de brocados e preciosidades, outrora s\u00edmbolo dos imperadores romanos pag\u00e3os: sorrindo disse ao secret\u00e1rio que queria coloc\u00e1-lo a seus ombros: \u201cguarde-o porque o carnaval j\u00e1 acabou\u201d. Veste-se na maior sobriedade, de branco, com seus sapatos pretos habituais e, por baixo, com sua cal\u00e7a tamb\u00e9m preta. Dispensou todas as facilidades atribu\u00eddas ao supremo Pastor da Igreja, desde o pal\u00e1cio pontif\u00edcio substitu\u00eddo por uma hospedaria eclesi\u00e1stica, comendo junto com outros. Pensa antes no pobre Pedro que era um rude pescador ou em Jesus que, segundo o poeta Fernando Pessoa, \u201cn\u00e3o entendia nada de contabilidade nem consta que tinha biblioteca\u201d, pois era um \u201cfactotum\u201d e simples campon\u00eas mediterr\u00e2neo. Sente-se successor do primeiro e representante do segundo. N\u00e3o quer que o chamem de Sua Santidade, pois se sente \u201cirm\u00e3o entre irm\u00e3os\u201d, nem quer presidir a Igreja no rigor do direito can\u00f4nico, mas na caridade calorosa.<\/p>\n<p>Em sua viagem ao Brasil mostrou sem nenhuma espetaculariza\u00e7\u00e3o, esta sua liberdade de esp\u00edrito: deseja como transporte um carro popular, um jeep coberto para locomo\u00e7\u00e3o no meio do povo, abra\u00e7a crian\u00e7as nas ruas, toma um pouco de chimarr\u00e3o dos peregrinos, at\u00e9 trocar seu \u201csolideo papal branco\u201d da cabe\u00e7a, por um outro, meio desengon\u00e7ado oferecido por um fiel. Na cerim\u00f4nia oficial de acolhida por parte do Governo, que obedece a um rigoroso protocolo, ap\u00f3s o discurso, vai \u00e0 presidenta Dilma Rousseff e a beija para estarrecimento do mestre de cerim\u00f4nia. E muitos seriam os exemplos.<\/p>\n<p>Esta liberdade de esp\u00edrito lhe traz uma ineg\u00e1vel irradia\u00e7\u00e3o feita de ternura e vigor, as carcater\u00edsticas pessoais de S\u00e3o Francisco de Assis. Trata-se de um homem de grande inteireza. Tais atitudes serenas e fortes mostram um homem de grande enternecimento e que realizou uma significativa s\u00edntese pessoal entre o seu eu profundo e o seu eu consciente. \u00c9 o que esperamos de um l\u00edder, especialmente religioso. Ele evoca ao mesmo tempo leveza e seguran\u00e7a.<\/p>\n<p>Esta liberdade de esp\u00edrito \u00e9 potenciada pelo resgate espl\u00eandido que faz da raz\u00e3o cordial. A maioria dos crist\u00e3os est\u00e1 cansada de doutrinas e \u00e9 c\u00e9tica face a campanhas contra reais ou imaginados inimigos da f\u00e9. Estamos todos impregnados at\u00e9 \u00e0 m\u00eadula pela raz\u00e3o intelectual, funcional, anal\u00edtica\u00a0\u00a0e eficientista. Agora vem algu\u00e9m que, a todo momento, fala do cora\u00e7\u00e3o como o fez em sua fala na comunidade (favela) de Varginha ou na ilha de Lampedusa. \u00c9 no cora\u00e7\u00e3o que mora o sentimento profundo pelo outro e por Deus. Sem o cora\u00e7\u00e3o, as doutrinas s\u00e3o frias e n\u00e3o suscitam nenhuma paix\u00e3o. Face aos sobreviventes vindos de \u00c1frica, confessa: \u201cSomos uma sociedade que esqueceu a experi\u00eancia de chorar, de \u2018padecer com\u2019: a globaliza\u00e7\u00e3o da indiferen\u00e7a tirou-nos a capacidade de chorar\u201d.\u00a0Sentencia com sabedoria: \u201cA medida da grandeza de uma sociedade \u00e9 dada pelo modo como trata os mais necessitados\u201d.<\/p>\n<p>Por esta medida, a sociedade mundial \u00e9 um pigmeu, an\u00eamica e cruel.<\/p>\n<p>A raz\u00e3o cordial \u00e9 mais efetiva na apresenta\u00e7\u00e3o do sonho de Jesus que qualquer doutrina erudita e tornar\u00e1 o seu principal arauto, o Francisco de Roma, uma figura fascinante que vai ao fundo do cora\u00e7\u00e3o dos crist\u00e3os e de outras pessoas.<\/p>\n<p>(*) <strong>Leonardo Boff<\/strong> acaba de sair\u00a0<i>Francisco de Assis e Francisco de Roma<\/i>, Mar de Ideias, Rio 2013.<\/p>\n","protected":false},"excerpt":{"rendered":"<p>Artigo de Leonardo Boff<\/p>\n","protected":false},"author":1,"featured_media":0,"comment_status":"closed","ping_status":"open","sticky":false,"template":"","format":"standard","meta":[],"categories":[1428],"tags":[343,55],"acf":[],"yoast_head":"<!-- This site is optimized with the Yoast SEO plugin v19.2 - https:\/\/yoast.com\/wordpress\/plugins\/seo\/ -->\n<title>O Papa da liberdade de esp\u00edrito e da raz\u00e3o cordial - Not\u00edcias - Franciscanos<\/title>\n<meta name=\"robots\" content=\"index, follow, max-snippet:-1, max-image-preview:large, max-video-preview:-1\" \/>\n<link rel=\"canonical\" href=\"https:\/\/franciscanos.org.br\/noticias\/o-papa-da-liberdade-de-espirito-e-da-razao-cordial-de-leonardo-boff.html\" \/>\n<meta property=\"og:locale\" content=\"pt_BR\" \/>\n<meta property=\"og:type\" content=\"article\" \/>\n<meta property=\"og:title\" content=\"O Papa da liberdade de esp\u00edrito e da raz\u00e3o cordial - Not\u00edcias - Franciscanos\" \/>\n<meta property=\"og:description\" content=\"Artigo de Leonardo Boff\" \/>\n<meta property=\"og:url\" content=\"https:\/\/franciscanos.org.br\/noticias\/o-papa-da-liberdade-de-espirito-e-da-razao-cordial-de-leonardo-boff.html\" \/>\n<meta property=\"og:site_name\" content=\"Not\u00edcias - Franciscanos\" \/>\n<meta property=\"article:published_time\" content=\"2013-07-29T11:34:14+00:00\" \/>\n<meta property=\"article:modified_time\" content=\"2020-11-11T13:22:28+00:00\" \/>\n<meta property=\"og:image\" content=\"http:\/\/franciscanos.org.br\/wp-content\/uploads\/2013\/07\/bebe.jpg\" \/>\n<meta name=\"author\" content=\"admin\" \/>\n<meta name=\"twitter:card\" content=\"summary_large_image\" \/>\n<meta name=\"twitter:label1\" content=\"Escrito por\" \/>\n\t<meta name=\"twitter:data1\" content=\"admin\" \/>\n\t<meta name=\"twitter:label2\" content=\"Est. tempo de leitura\" \/>\n\t<meta name=\"twitter:data2\" content=\"5 minutos\" \/>\n<script type=\"application\/ld+json\" class=\"yoast-schema-graph\">{\"@context\":\"https:\/\/schema.org\",\"@graph\":[{\"@type\":\"WebSite\",\"@id\":\"https:\/\/franciscanos.org.br\/noticias\/#website\",\"url\":\"https:\/\/franciscanos.org.br\/noticias\/\",\"name\":\"Not\u00edcias - Franciscanos\",\"description\":\"Prov\u00edncia Franciscana da Imaculada Concei\u00e7\u00e3o do Brasil - Ordem dos Frades Menores - OFM\",\"potentialAction\":[{\"@type\":\"SearchAction\",\"target\":{\"@type\":\"EntryPoint\",\"urlTemplate\":\"https:\/\/franciscanos.org.br\/noticias\/?s={search_term_string}\"},\"query-input\":\"required name=search_term_string\"}],\"inLanguage\":\"pt-BR\"},{\"@type\":\"ImageObject\",\"inLanguage\":\"pt-BR\",\"@id\":\"https:\/\/franciscanos.org.br\/noticias\/o-papa-da-liberdade-de-espirito-e-da-razao-cordial-de-leonardo-boff.html#primaryimage\",\"url\":\"http:\/\/franciscanos.org.br\/wp-content\/uploads\/2013\/07\/bebe.jpg\",\"contentUrl\":\"http:\/\/franciscanos.org.br\/wp-content\/uploads\/2013\/07\/bebe.jpg\"},{\"@type\":\"WebPage\",\"@id\":\"https:\/\/franciscanos.org.br\/noticias\/o-papa-da-liberdade-de-espirito-e-da-razao-cordial-de-leonardo-boff.html#webpage\",\"url\":\"https:\/\/franciscanos.org.br\/noticias\/o-papa-da-liberdade-de-espirito-e-da-razao-cordial-de-leonardo-boff.html\",\"name\":\"O Papa da liberdade de esp\u00edrito e da raz\u00e3o cordial - Not\u00edcias - Franciscanos\",\"isPartOf\":{\"@id\":\"https:\/\/franciscanos.org.br\/noticias\/#website\"},\"primaryImageOfPage\":{\"@id\":\"https:\/\/franciscanos.org.br\/noticias\/o-papa-da-liberdade-de-espirito-e-da-razao-cordial-de-leonardo-boff.html#primaryimage\"},\"datePublished\":\"2013-07-29T11:34:14+00:00\",\"dateModified\":\"2020-11-11T13:22:28+00:00\",\"author\":{\"@id\":\"https:\/\/franciscanos.org.br\/noticias\/#\/schema\/person\/b38fbf43118f02820bd932f2e4b14ad3\"},\"breadcrumb\":{\"@id\":\"https:\/\/franciscanos.org.br\/noticias\/o-papa-da-liberdade-de-espirito-e-da-razao-cordial-de-leonardo-boff.html#breadcrumb\"},\"inLanguage\":\"pt-BR\",\"potentialAction\":[{\"@type\":\"ReadAction\",\"target\":[\"https:\/\/franciscanos.org.br\/noticias\/o-papa-da-liberdade-de-espirito-e-da-razao-cordial-de-leonardo-boff.html\"]}]},{\"@type\":\"BreadcrumbList\",\"@id\":\"https:\/\/franciscanos.org.br\/noticias\/o-papa-da-liberdade-de-espirito-e-da-razao-cordial-de-leonardo-boff.html#breadcrumb\",\"itemListElement\":[{\"@type\":\"ListItem\",\"position\":1,\"name\":\"Home\",\"item\":\"https:\/\/franciscanos.org.br\/noticias\"},{\"@type\":\"ListItem\",\"position\":2,\"name\":\"O Papa da liberdade de esp\u00edrito e da raz\u00e3o cordial\"}]},{\"@type\":\"Person\",\"@id\":\"https:\/\/franciscanos.org.br\/noticias\/#\/schema\/person\/b38fbf43118f02820bd932f2e4b14ad3\",\"name\":\"admin\",\"image\":{\"@type\":\"ImageObject\",\"inLanguage\":\"pt-BR\",\"@id\":\"https:\/\/franciscanos.org.br\/noticias\/#\/schema\/person\/image\/\",\"url\":\"https:\/\/secure.gravatar.com\/avatar\/e8495742d34d0ba6448ea1c628263b3e?s=96&d=mm&r=g\",\"contentUrl\":\"https:\/\/secure.gravatar.com\/avatar\/e8495742d34d0ba6448ea1c628263b3e?s=96&d=mm&r=g\",\"caption\":\"admin\"},\"url\":\"https:\/\/franciscanos.org.br\/noticias\/author\/admin\"}]}<\/script>\n<!-- \/ Yoast SEO plugin. -->","yoast_head_json":{"title":"O Papa da liberdade de esp\u00edrito e da raz\u00e3o cordial - Not\u00edcias - Franciscanos","robots":{"index":"index","follow":"follow","max-snippet":"max-snippet:-1","max-image-preview":"max-image-preview:large","max-video-preview":"max-video-preview:-1"},"canonical":"https:\/\/franciscanos.org.br\/noticias\/o-papa-da-liberdade-de-espirito-e-da-razao-cordial-de-leonardo-boff.html","og_locale":"pt_BR","og_type":"article","og_title":"O Papa da liberdade de esp\u00edrito e da raz\u00e3o cordial - Not\u00edcias - Franciscanos","og_description":"Artigo de Leonardo Boff","og_url":"https:\/\/franciscanos.org.br\/noticias\/o-papa-da-liberdade-de-espirito-e-da-razao-cordial-de-leonardo-boff.html","og_site_name":"Not\u00edcias - Franciscanos","article_published_time":"2013-07-29T11:34:14+00:00","article_modified_time":"2020-11-11T13:22:28+00:00","og_image":[{"url":"http:\/\/franciscanos.org.br\/wp-content\/uploads\/2013\/07\/bebe.jpg"}],"author":"admin","twitter_card":"summary_large_image","twitter_misc":{"Escrito por":"admin","Est. tempo de leitura":"5 minutos"},"schema":{"@context":"https:\/\/schema.org","@graph":[{"@type":"WebSite","@id":"https:\/\/franciscanos.org.br\/noticias\/#website","url":"https:\/\/franciscanos.org.br\/noticias\/","name":"Not\u00edcias - Franciscanos","description":"Prov\u00edncia Franciscana da Imaculada Concei\u00e7\u00e3o do Brasil - Ordem dos Frades Menores - OFM","potentialAction":[{"@type":"SearchAction","target":{"@type":"EntryPoint","urlTemplate":"https:\/\/franciscanos.org.br\/noticias\/?s={search_term_string}"},"query-input":"required name=search_term_string"}],"inLanguage":"pt-BR"},{"@type":"ImageObject","inLanguage":"pt-BR","@id":"https:\/\/franciscanos.org.br\/noticias\/o-papa-da-liberdade-de-espirito-e-da-razao-cordial-de-leonardo-boff.html#primaryimage","url":"http:\/\/franciscanos.org.br\/wp-content\/uploads\/2013\/07\/bebe.jpg","contentUrl":"http:\/\/franciscanos.org.br\/wp-content\/uploads\/2013\/07\/bebe.jpg"},{"@type":"WebPage","@id":"https:\/\/franciscanos.org.br\/noticias\/o-papa-da-liberdade-de-espirito-e-da-razao-cordial-de-leonardo-boff.html#webpage","url":"https:\/\/franciscanos.org.br\/noticias\/o-papa-da-liberdade-de-espirito-e-da-razao-cordial-de-leonardo-boff.html","name":"O Papa da liberdade de esp\u00edrito e da raz\u00e3o cordial - Not\u00edcias - Franciscanos","isPartOf":{"@id":"https:\/\/franciscanos.org.br\/noticias\/#website"},"primaryImageOfPage":{"@id":"https:\/\/franciscanos.org.br\/noticias\/o-papa-da-liberdade-de-espirito-e-da-razao-cordial-de-leonardo-boff.html#primaryimage"},"datePublished":"2013-07-29T11:34:14+00:00","dateModified":"2020-11-11T13:22:28+00:00","author":{"@id":"https:\/\/franciscanos.org.br\/noticias\/#\/schema\/person\/b38fbf43118f02820bd932f2e4b14ad3"},"breadcrumb":{"@id":"https:\/\/franciscanos.org.br\/noticias\/o-papa-da-liberdade-de-espirito-e-da-razao-cordial-de-leonardo-boff.html#breadcrumb"},"inLanguage":"pt-BR","potentialAction":[{"@type":"ReadAction","target":["https:\/\/franciscanos.org.br\/noticias\/o-papa-da-liberdade-de-espirito-e-da-razao-cordial-de-leonardo-boff.html"]}]},{"@type":"BreadcrumbList","@id":"https:\/\/franciscanos.org.br\/noticias\/o-papa-da-liberdade-de-espirito-e-da-razao-cordial-de-leonardo-boff.html#breadcrumb","itemListElement":[{"@type":"ListItem","position":1,"name":"Home","item":"https:\/\/franciscanos.org.br\/noticias"},{"@type":"ListItem","position":2,"name":"O Papa da liberdade de esp\u00edrito e da raz\u00e3o cordial"}]},{"@type":"Person","@id":"https:\/\/franciscanos.org.br\/noticias\/#\/schema\/person\/b38fbf43118f02820bd932f2e4b14ad3","name":"admin","image":{"@type":"ImageObject","inLanguage":"pt-BR","@id":"https:\/\/franciscanos.org.br\/noticias\/#\/schema\/person\/image\/","url":"https:\/\/secure.gravatar.com\/avatar\/e8495742d34d0ba6448ea1c628263b3e?s=96&d=mm&r=g","contentUrl":"https:\/\/secure.gravatar.com\/avatar\/e8495742d34d0ba6448ea1c628263b3e?s=96&d=mm&r=g","caption":"admin"},"url":"https:\/\/franciscanos.org.br\/noticias\/author\/admin"}]}},"_links":{"self":[{"href":"https:\/\/franciscanos.org.br\/noticias\/wp-json\/wp\/v2\/posts\/42645"}],"collection":[{"href":"https:\/\/franciscanos.org.br\/noticias\/wp-json\/wp\/v2\/posts"}],"about":[{"href":"https:\/\/franciscanos.org.br\/noticias\/wp-json\/wp\/v2\/types\/post"}],"author":[{"embeddable":true,"href":"https:\/\/franciscanos.org.br\/noticias\/wp-json\/wp\/v2\/users\/1"}],"replies":[{"embeddable":true,"href":"https:\/\/franciscanos.org.br\/noticias\/wp-json\/wp\/v2\/comments?post=42645"}],"version-history":[{"count":1,"href":"https:\/\/franciscanos.org.br\/noticias\/wp-json\/wp\/v2\/posts\/42645\/revisions"}],"predecessor-version":[{"id":229269,"href":"https:\/\/franciscanos.org.br\/noticias\/wp-json\/wp\/v2\/posts\/42645\/revisions\/229269"}],"wp:attachment":[{"href":"https:\/\/franciscanos.org.br\/noticias\/wp-json\/wp\/v2\/media?parent=42645"}],"wp:term":[{"taxonomy":"category","embeddable":true,"href":"https:\/\/franciscanos.org.br\/noticias\/wp-json\/wp\/v2\/categories?post=42645"},{"taxonomy":"post_tag","embeddable":true,"href":"https:\/\/franciscanos.org.br\/noticias\/wp-json\/wp\/v2\/tags?post=42645"}],"curies":[{"name":"wp","href":"https:\/\/api.w.org\/{rel}","templated":true}]}}