{"id":42566,"date":"2013-07-26T18:06:37","date_gmt":"2013-07-26T21:06:37","guid":{"rendered":"http:\/\/new.franciscanos.org.br\/?p=42566"},"modified":"2020-01-30T11:41:40","modified_gmt":"2020-01-30T14:41:40","slug":"jovens-rezam-e-cantam-na-despedida-do-espaco-franciscano","status":"publish","type":"post","link":"https:\/\/franciscanos.org.br\/noticias\/jovens-rezam-e-cantam-na-despedida-do-espaco-franciscano.html","title":{"rendered":"Jovens rezam e cantam na despedida do Espa\u00e7o Franciscano"},"content":{"rendered":"<p><img loading=\"lazy\" src=\"http:\/\/franciscanos.org.br\/wp-content\/uploads\/2013\/07\/oracao_s.jpg\" alt=\"Ora\u00e7\u00e3o\" width=\"820\" height=\"375\" \/><\/p>\n<p><strong>Moacir Beggo<\/strong><\/p>\n<p><strong>Rio de Janeiro (RJ)<\/strong> &#8211;\u00a0A \u00faltima ora\u00e7\u00e3o da manh\u00e3 no Espa\u00e7o Franciscano, nesta sexta-feira (26), foi presidida por Frei Gustavo Medella, que citou durante v\u00e1rios momentos as mensagens deixadas pelo Papa Francisco na Jornada Mundial da Juventude.<\/p>\n<p>Frei Medella convidou Frei Amando Trujillo, Vig\u00e1rio Geral da Terceira Ordem Regular (TOR) para falar aos jovens sobre o carisma franciscano.<\/p>\n<div id=\"attachment_42571\" style=\"width: 360px\" class=\"wp-caption alignright\"><a href=\"http:\/\/franciscanos.org.br\/wp-content\/uploads\/2013\/07\/trujillo.jpg\"><img aria-describedby=\"caption-attachment-42571\" loading=\"lazy\" class=\"size-full wp-image-42571\" src=\"http:\/\/franciscanos.org.br\/wp-content\/uploads\/2013\/07\/trujillo.jpg\" alt=\"trujillo\" width=\"350\" height=\"233\" \/><\/a><p id=\"caption-attachment-42571\" class=\"wp-caption-text\">Frei Amando fez a reflex\u00e3o<\/p><\/div>\n<p>Frei Amando disse que a busca por Deus nunca deve se esgotar. &#8220;Tamb\u00e9m S\u00e3o Francisco, quando o encontrou, n\u00e3o disse que O havia encontrado, mas continuou buscando&#8221;, assinalou, acrescentando:\u00a0&#8220;Busquemos a Cristo nesses dias e continuemos com esse desejo de continuar buscando. Todos os pa\u00edses necessitam dessa renova\u00e7\u00e3o crist\u00e3. N\u00f3s temos de ser testemunhas dessa realidade nova, desse c\u00e9u novo&#8221;, ensinou.<\/p>\n<p>Frei Medella convidou Frei D\u00eanis Mariano para falar de seu encontro com o Papa. &#8220;\u00c9 uma experi\u00eancia que n\u00e3o tenho palavras para descrever&#8221;, contou Frei D\u00eanis.\u00a0\u00a0&#8220;Na quarta-feira, na capela do Hospital, tive a coragem de sair do meu lugar e me dirigir ao Papa. Dei-lhe de presente um Tau e disse-lhe: &#8216;Santo Padre, o sr. \u00e9 para n\u00f3s uma grande refer\u00eancia. N\u00f3s nos inspiramos no sr.&#8217; Mas ele pegou na minha m\u00e3o, apertou e disse assim: &#8216;Voc\u00eas, franciscanos, s\u00e3o para mim uma inspira\u00e7\u00e3o'&#8221;, completou o jovem frade da Cust\u00f3dia Franciscana de S\u00e3o Benedito, na Amaz\u00f4nia.<\/p>\n<div id=\"attachment_42572\" style=\"width: 360px\" class=\"wp-caption alignleft\"><img aria-describedby=\"caption-attachment-42572\" loading=\"lazy\" class=\"size-full wp-image-42572\" src=\"http:\/\/franciscanos.org.br\/wp-content\/uploads\/2013\/07\/denis.jpg\" alt=\"\" width=\"350\" height=\"233\" \/><p id=\"caption-attachment-42572\" class=\"wp-caption-text\">Frei D\u00eanis Mariano<\/p><\/div>\n<p>Frei Medella tamb\u00e9m perguntou aos jovens quem esteve em Copacabana. A maioria foi convidada a descrever numa palavra o que sentiu no encontro com Francisco na Cerim\u00f4nia de Acolhida. As palavras resumem tudo: amor, emo\u00e7\u00e3o, solidariedade, f\u00e9, esperan\u00e7a, alegria, carinho etc.<\/p>\n<p>Depois de v\u00e1rios jovens rezarem o Pai-Nosso em l\u00ednguas diferentes, Frei Medella convidou o Ministro Geral, Frei Michael Perry, e Frei Amando Trujillo para dar a b\u00ean\u00e7\u00e3o de S\u00e3o Francisco no encerramento da ora\u00e7\u00e3o.<\/p>\n<p>O Espa\u00e7o Franciscano encerrou nesta sexta-feira suas atividades com v\u00e1rias apresenta\u00e7\u00f5es de grupo de jovens de diferentes pa\u00edses da Am\u00e9rica Latina, j\u00e1 que neste s\u00e1bado os jovens participar\u00e3o da Vig\u00edlia com o Papa Francisco.<\/p>\n","protected":false},"excerpt":{"rendered":"<p>JMJ no Rio de Janeiro<\/p>\n","protected":false},"author":1,"featured_media":217228,"comment_status":"closed","ping_status":"open","sticky":false,"template":"","format":"standard","meta":[],"categories":[1],"tags":[97],"acf":[],"yoast_head":"<!-- This site is optimized with the Yoast SEO plugin v19.2 - https:\/\/yoast.com\/wordpress\/plugins\/seo\/ -->\n<title>Jovens rezam e cantam na despedida do Espa\u00e7o Franciscano - Not\u00edcias - Franciscanos<\/title>\n<meta name=\"robots\" content=\"index, follow, max-snippet:-1, max-image-preview:large, max-video-preview:-1\" \/>\n<link rel=\"canonical\" href=\"https:\/\/franciscanos.org.br\/noticias\/jovens-rezam-e-cantam-na-despedida-do-espaco-franciscano.html\" \/>\n<meta property=\"og:locale\" content=\"pt_BR\" \/>\n<meta property=\"og:type\" content=\"article\" \/>\n<meta property=\"og:title\" content=\"Jovens rezam e cantam na despedida do Espa\u00e7o Franciscano - Not\u00edcias - Franciscanos\" \/>\n<meta property=\"og:description\" content=\"JMJ no Rio de Janeiro\" \/>\n<meta property=\"og:url\" content=\"https:\/\/franciscanos.org.br\/noticias\/jovens-rezam-e-cantam-na-despedida-do-espaco-franciscano.html\" \/>\n<meta property=\"og:site_name\" content=\"Not\u00edcias - Franciscanos\" \/>\n<meta property=\"article:published_time\" content=\"2013-07-26T21:06:37+00:00\" \/>\n<meta property=\"article:modified_time\" content=\"2020-01-30T14:41:40+00:00\" \/>\n<meta property=\"og:image\" content=\"https:\/\/franciscanos.org.br\/noticias\/wp-content\/uploads\/2013\/07\/oracao_s.jpg\" \/>\n\t<meta property=\"og:image:width\" content=\"273\" \/>\n\t<meta property=\"og:image:height\" content=\"181\" \/>\n\t<meta property=\"og:image:type\" content=\"image\/jpeg\" \/>\n<meta name=\"author\" content=\"admin\" \/>\n<meta name=\"twitter:card\" content=\"summary_large_image\" \/>\n<meta name=\"twitter:label1\" content=\"Escrito por\" \/>\n\t<meta name=\"twitter:data1\" content=\"admin\" \/>\n\t<meta name=\"twitter:label2\" content=\"Est. tempo de leitura\" \/>\n\t<meta name=\"twitter:data2\" content=\"2 minutos\" \/>\n<script type=\"application\/ld+json\" class=\"yoast-schema-graph\">{\"@context\":\"https:\/\/schema.org\",\"@graph\":[{\"@type\":\"WebSite\",\"@id\":\"https:\/\/franciscanos.org.br\/noticias\/#website\",\"url\":\"https:\/\/franciscanos.org.br\/noticias\/\",\"name\":\"Not\u00edcias - Franciscanos\",\"description\":\"Prov\u00edncia Franciscana da Imaculada Concei\u00e7\u00e3o do Brasil - Ordem dos Frades Menores - OFM\",\"potentialAction\":[{\"@type\":\"SearchAction\",\"target\":{\"@type\":\"EntryPoint\",\"urlTemplate\":\"https:\/\/franciscanos.org.br\/noticias\/?s={search_term_string}\"},\"query-input\":\"required name=search_term_string\"}],\"inLanguage\":\"pt-BR\"},{\"@type\":\"ImageObject\",\"inLanguage\":\"pt-BR\",\"@id\":\"https:\/\/franciscanos.org.br\/noticias\/jovens-rezam-e-cantam-na-despedida-do-espaco-franciscano.html#primaryimage\",\"url\":\"https:\/\/franciscanos.org.br\/noticias\/wp-content\/uploads\/2013\/07\/oracao_s.jpg\",\"contentUrl\":\"https:\/\/franciscanos.org.br\/noticias\/wp-content\/uploads\/2013\/07\/oracao_s.jpg\",\"width\":273,\"height\":181},{\"@type\":\"WebPage\",\"@id\":\"https:\/\/franciscanos.org.br\/noticias\/jovens-rezam-e-cantam-na-despedida-do-espaco-franciscano.html#webpage\",\"url\":\"https:\/\/franciscanos.org.br\/noticias\/jovens-rezam-e-cantam-na-despedida-do-espaco-franciscano.html\",\"name\":\"Jovens rezam e cantam na despedida do Espa\u00e7o Franciscano - Not\u00edcias - Franciscanos\",\"isPartOf\":{\"@id\":\"https:\/\/franciscanos.org.br\/noticias\/#website\"},\"primaryImageOfPage\":{\"@id\":\"https:\/\/franciscanos.org.br\/noticias\/jovens-rezam-e-cantam-na-despedida-do-espaco-franciscano.html#primaryimage\"},\"datePublished\":\"2013-07-26T21:06:37+00:00\",\"dateModified\":\"2020-01-30T14:41:40+00:00\",\"author\":{\"@id\":\"https:\/\/franciscanos.org.br\/noticias\/#\/schema\/person\/b38fbf43118f02820bd932f2e4b14ad3\"},\"breadcrumb\":{\"@id\":\"https:\/\/franciscanos.org.br\/noticias\/jovens-rezam-e-cantam-na-despedida-do-espaco-franciscano.html#breadcrumb\"},\"inLanguage\":\"pt-BR\",\"potentialAction\":[{\"@type\":\"ReadAction\",\"target\":[\"https:\/\/franciscanos.org.br\/noticias\/jovens-rezam-e-cantam-na-despedida-do-espaco-franciscano.html\"]}]},{\"@type\":\"BreadcrumbList\",\"@id\":\"https:\/\/franciscanos.org.br\/noticias\/jovens-rezam-e-cantam-na-despedida-do-espaco-franciscano.html#breadcrumb\",\"itemListElement\":[{\"@type\":\"ListItem\",\"position\":1,\"name\":\"Home\",\"item\":\"https:\/\/franciscanos.org.br\/noticias\"},{\"@type\":\"ListItem\",\"position\":2,\"name\":\"Jovens rezam e cantam na despedida do Espa\u00e7o Franciscano\"}]},{\"@type\":\"Person\",\"@id\":\"https:\/\/franciscanos.org.br\/noticias\/#\/schema\/person\/b38fbf43118f02820bd932f2e4b14ad3\",\"name\":\"admin\",\"image\":{\"@type\":\"ImageObject\",\"inLanguage\":\"pt-BR\",\"@id\":\"https:\/\/franciscanos.org.br\/noticias\/#\/schema\/person\/image\/\",\"url\":\"https:\/\/secure.gravatar.com\/avatar\/e8495742d34d0ba6448ea1c628263b3e?s=96&d=mm&r=g\",\"contentUrl\":\"https:\/\/secure.gravatar.com\/avatar\/e8495742d34d0ba6448ea1c628263b3e?s=96&d=mm&r=g\",\"caption\":\"admin\"},\"url\":\"https:\/\/franciscanos.org.br\/noticias\/author\/admin\"}]}<\/script>\n<!-- \/ Yoast SEO plugin. -->","yoast_head_json":{"title":"Jovens rezam e cantam na despedida do Espa\u00e7o Franciscano - Not\u00edcias - Franciscanos","robots":{"index":"index","follow":"follow","max-snippet":"max-snippet:-1","max-image-preview":"max-image-preview:large","max-video-preview":"max-video-preview:-1"},"canonical":"https:\/\/franciscanos.org.br\/noticias\/jovens-rezam-e-cantam-na-despedida-do-espaco-franciscano.html","og_locale":"pt_BR","og_type":"article","og_title":"Jovens rezam e cantam na despedida do Espa\u00e7o Franciscano - Not\u00edcias - Franciscanos","og_description":"JMJ no Rio de Janeiro","og_url":"https:\/\/franciscanos.org.br\/noticias\/jovens-rezam-e-cantam-na-despedida-do-espaco-franciscano.html","og_site_name":"Not\u00edcias - Franciscanos","article_published_time":"2013-07-26T21:06:37+00:00","article_modified_time":"2020-01-30T14:41:40+00:00","og_image":[{"width":273,"height":181,"url":"https:\/\/franciscanos.org.br\/noticias\/wp-content\/uploads\/2013\/07\/oracao_s.jpg","type":"image\/jpeg"}],"author":"admin","twitter_card":"summary_large_image","twitter_misc":{"Escrito por":"admin","Est. tempo de leitura":"2 minutos"},"schema":{"@context":"https:\/\/schema.org","@graph":[{"@type":"WebSite","@id":"https:\/\/franciscanos.org.br\/noticias\/#website","url":"https:\/\/franciscanos.org.br\/noticias\/","name":"Not\u00edcias - Franciscanos","description":"Prov\u00edncia Franciscana da Imaculada Concei\u00e7\u00e3o do Brasil - Ordem dos Frades Menores - OFM","potentialAction":[{"@type":"SearchAction","target":{"@type":"EntryPoint","urlTemplate":"https:\/\/franciscanos.org.br\/noticias\/?s={search_term_string}"},"query-input":"required name=search_term_string"}],"inLanguage":"pt-BR"},{"@type":"ImageObject","inLanguage":"pt-BR","@id":"https:\/\/franciscanos.org.br\/noticias\/jovens-rezam-e-cantam-na-despedida-do-espaco-franciscano.html#primaryimage","url":"https:\/\/franciscanos.org.br\/noticias\/wp-content\/uploads\/2013\/07\/oracao_s.jpg","contentUrl":"https:\/\/franciscanos.org.br\/noticias\/wp-content\/uploads\/2013\/07\/oracao_s.jpg","width":273,"height":181},{"@type":"WebPage","@id":"https:\/\/franciscanos.org.br\/noticias\/jovens-rezam-e-cantam-na-despedida-do-espaco-franciscano.html#webpage","url":"https:\/\/franciscanos.org.br\/noticias\/jovens-rezam-e-cantam-na-despedida-do-espaco-franciscano.html","name":"Jovens rezam e cantam na despedida do Espa\u00e7o Franciscano - Not\u00edcias - Franciscanos","isPartOf":{"@id":"https:\/\/franciscanos.org.br\/noticias\/#website"},"primaryImageOfPage":{"@id":"https:\/\/franciscanos.org.br\/noticias\/jovens-rezam-e-cantam-na-despedida-do-espaco-franciscano.html#primaryimage"},"datePublished":"2013-07-26T21:06:37+00:00","dateModified":"2020-01-30T14:41:40+00:00","author":{"@id":"https:\/\/franciscanos.org.br\/noticias\/#\/schema\/person\/b38fbf43118f02820bd932f2e4b14ad3"},"breadcrumb":{"@id":"https:\/\/franciscanos.org.br\/noticias\/jovens-rezam-e-cantam-na-despedida-do-espaco-franciscano.html#breadcrumb"},"inLanguage":"pt-BR","potentialAction":[{"@type":"ReadAction","target":["https:\/\/franciscanos.org.br\/noticias\/jovens-rezam-e-cantam-na-despedida-do-espaco-franciscano.html"]}]},{"@type":"BreadcrumbList","@id":"https:\/\/franciscanos.org.br\/noticias\/jovens-rezam-e-cantam-na-despedida-do-espaco-franciscano.html#breadcrumb","itemListElement":[{"@type":"ListItem","position":1,"name":"Home","item":"https:\/\/franciscanos.org.br\/noticias"},{"@type":"ListItem","position":2,"name":"Jovens rezam e cantam na despedida do Espa\u00e7o Franciscano"}]},{"@type":"Person","@id":"https:\/\/franciscanos.org.br\/noticias\/#\/schema\/person\/b38fbf43118f02820bd932f2e4b14ad3","name":"admin","image":{"@type":"ImageObject","inLanguage":"pt-BR","@id":"https:\/\/franciscanos.org.br\/noticias\/#\/schema\/person\/image\/","url":"https:\/\/secure.gravatar.com\/avatar\/e8495742d34d0ba6448ea1c628263b3e?s=96&d=mm&r=g","contentUrl":"https:\/\/secure.gravatar.com\/avatar\/e8495742d34d0ba6448ea1c628263b3e?s=96&d=mm&r=g","caption":"admin"},"url":"https:\/\/franciscanos.org.br\/noticias\/author\/admin"}]}},"_links":{"self":[{"href":"https:\/\/franciscanos.org.br\/noticias\/wp-json\/wp\/v2\/posts\/42566"}],"collection":[{"href":"https:\/\/franciscanos.org.br\/noticias\/wp-json\/wp\/v2\/posts"}],"about":[{"href":"https:\/\/franciscanos.org.br\/noticias\/wp-json\/wp\/v2\/types\/post"}],"author":[{"embeddable":true,"href":"https:\/\/franciscanos.org.br\/noticias\/wp-json\/wp\/v2\/users\/1"}],"replies":[{"embeddable":true,"href":"https:\/\/franciscanos.org.br\/noticias\/wp-json\/wp\/v2\/comments?post=42566"}],"version-history":[{"count":0,"href":"https:\/\/franciscanos.org.br\/noticias\/wp-json\/wp\/v2\/posts\/42566\/revisions"}],"wp:featuredmedia":[{"embeddable":true,"href":"https:\/\/franciscanos.org.br\/noticias\/wp-json\/wp\/v2\/media\/217228"}],"wp:attachment":[{"href":"https:\/\/franciscanos.org.br\/noticias\/wp-json\/wp\/v2\/media?parent=42566"}],"wp:term":[{"taxonomy":"category","embeddable":true,"href":"https:\/\/franciscanos.org.br\/noticias\/wp-json\/wp\/v2\/categories?post=42566"},{"taxonomy":"post_tag","embeddable":true,"href":"https:\/\/franciscanos.org.br\/noticias\/wp-json\/wp\/v2\/tags?post=42566"}],"curies":[{"name":"wp","href":"https:\/\/api.w.org\/{rel}","templated":true}]}}