{"id":42519,"date":"2013-07-25T17:00:42","date_gmt":"2013-07-25T20:00:42","guid":{"rendered":"http:\/\/new.franciscanos.org.br\/?p=42519"},"modified":"2019-08-08T11:21:40","modified_gmt":"2019-08-08T14:21:40","slug":"jufra-anima-a-tenda-franciscana","status":"publish","type":"post","link":"https:\/\/franciscanos.org.br\/noticias\/jufra-anima-a-tenda-franciscana.html","title":{"rendered":"Juventude franciscana anima a tenda do Espa\u00e7o nesta quinta"},"content":{"rendered":"<p><img loading=\"lazy\" src=\"http:\/\/franciscanos.org.br\/wp-content\/uploads\/2013\/07\/jufra_alto.jpg\" alt=\"jufra_alto\" width=\"820\" height=\"453\" \/><\/p>\n<p><strong>Rio de Janeiro (RJ)<\/strong> &#8211; O dia chuvoso no Rio de Janeiro n\u00e3o tirou o \u00e2nimo dos jovens jufristas do Brasil, que foram respons\u00e1veis pela anima\u00e7\u00e3o na tarde desta quinta-feira (25) no Espa\u00e7o Franciscano, em frente \u00e0 Igreja da Vener\u00e1vel Ordem Terceira, no Largo da Carioca.<\/p>\n<p>Os jovens brasileiros abriram esse momento com &#8220;of\u00edcio divino da juventude&#8221;. Todos os jovens se reuniram num grande c\u00edrculo para rezar e refletir sobr a sua miss\u00e3o como jufrista e divulgadores do carisma de Francisco e Clara de Assis. Em seguida, eles promoveram a &#8220;Ciranda da Vida&#8221;, fazendo coreografias com cantos e dan\u00e7as.<\/p>\n<p>A participa\u00e7\u00e3o dos jufristas terminou com um &#8220;PagoJufra&#8221;, que atraiu jovens de outros pa\u00edses, como os argentinos. Para os jufristas, a JMJ \u00e9 um espa\u00e7o celebrativo, mas tamb\u00e9m participativo, de constru\u00e7\u00e3o, de troca experi\u00eancias e partilhas. Especialmente de dialogar com jovens do mundo todo.<\/p>\n<p>A tarde no Espa\u00e7o Franciscano terminou com o show de Frei Florival Mariano, que no dia anterior cantou para o Papa durante o evento de inaugura\u00e7\u00e3o de uma ala para dependentes qu\u00edmicos no Hospital Sao Francisco de Assis.<\/p>\n<p>Nesta sexta-feira, o Espa\u00e7o Franciscano tem a seguinte programa\u00e7\u00e3o:<\/p>\n<p><b>26\/07 (Sexta-Feira)<\/b><\/p>\n<p>10h \u2013 Ora\u00e7\u00e3o e M\u00edstica<\/p>\n<p>11h \u2013 Oficina de Materiais Recicl\u00e1veis<\/p>\n<p>11h \u2013 Musical \u201cFrancisco e o Cora\u00e7\u00e3o de Jesus\u201d<\/p>\n<p>12h \u2013 Oficina de Materiais Recicl\u00e1veis<\/p>\n<p>13h \u2013 Apresenta\u00e7\u00e3o da Banda da JUFRA<\/p>\n<p>15h \u2013 Teatro Mudo da MiniJUFRA<\/p>\n","protected":false},"excerpt":{"rendered":"<p>JMJ no Rio de Janeiro<\/p>\n","protected":false},"author":1,"featured_media":209173,"comment_status":"closed","ping_status":"open","sticky":false,"template":"","format":"standard","meta":[],"categories":[1],"tags":[97],"acf":[],"yoast_head":"<!-- This site is optimized with the Yoast SEO plugin v19.2 - https:\/\/yoast.com\/wordpress\/plugins\/seo\/ -->\n<title>Juventude franciscana anima a tenda do Espa\u00e7o nesta quinta - Not\u00edcias - Franciscanos<\/title>\n<meta name=\"robots\" content=\"index, follow, max-snippet:-1, max-image-preview:large, max-video-preview:-1\" \/>\n<link rel=\"canonical\" href=\"https:\/\/franciscanos.org.br\/noticias\/jufra-anima-a-tenda-franciscana.html\" \/>\n<meta property=\"og:locale\" content=\"pt_BR\" \/>\n<meta property=\"og:type\" content=\"article\" \/>\n<meta property=\"og:title\" content=\"Juventude franciscana anima a tenda do Espa\u00e7o nesta quinta - Not\u00edcias - Franciscanos\" \/>\n<meta property=\"og:description\" content=\"JMJ no Rio de Janeiro\" \/>\n<meta property=\"og:url\" content=\"https:\/\/franciscanos.org.br\/noticias\/jufra-anima-a-tenda-franciscana.html\" \/>\n<meta property=\"og:site_name\" content=\"Not\u00edcias - Franciscanos\" \/>\n<meta property=\"article:published_time\" content=\"2013-07-25T20:00:42+00:00\" \/>\n<meta property=\"article:modified_time\" content=\"2019-08-08T14:21:40+00:00\" \/>\n<meta property=\"og:image\" content=\"https:\/\/franciscanos.org.br\/noticias\/wp-content\/uploads\/2013\/07\/jufra_alto.jpg\" \/>\n\t<meta property=\"og:image:width\" content=\"273\" \/>\n\t<meta property=\"og:image:height\" content=\"181\" \/>\n\t<meta property=\"og:image:type\" content=\"image\/jpeg\" \/>\n<meta name=\"author\" content=\"admin\" \/>\n<meta name=\"twitter:card\" content=\"summary_large_image\" \/>\n<meta name=\"twitter:label1\" content=\"Escrito por\" \/>\n\t<meta name=\"twitter:data1\" content=\"admin\" \/>\n\t<meta name=\"twitter:label2\" content=\"Est. tempo de leitura\" \/>\n\t<meta name=\"twitter:data2\" content=\"1 minuto\" \/>\n<script type=\"application\/ld+json\" class=\"yoast-schema-graph\">{\"@context\":\"https:\/\/schema.org\",\"@graph\":[{\"@type\":\"WebSite\",\"@id\":\"https:\/\/franciscanos.org.br\/noticias\/#website\",\"url\":\"https:\/\/franciscanos.org.br\/noticias\/\",\"name\":\"Not\u00edcias - Franciscanos\",\"description\":\"Prov\u00edncia Franciscana da Imaculada Concei\u00e7\u00e3o do Brasil - Ordem dos Frades Menores - OFM\",\"potentialAction\":[{\"@type\":\"SearchAction\",\"target\":{\"@type\":\"EntryPoint\",\"urlTemplate\":\"https:\/\/franciscanos.org.br\/noticias\/?s={search_term_string}\"},\"query-input\":\"required name=search_term_string\"}],\"inLanguage\":\"pt-BR\"},{\"@type\":\"ImageObject\",\"inLanguage\":\"pt-BR\",\"@id\":\"https:\/\/franciscanos.org.br\/noticias\/jufra-anima-a-tenda-franciscana.html#primaryimage\",\"url\":\"https:\/\/franciscanos.org.br\/noticias\/wp-content\/uploads\/2013\/07\/jufra_alto.jpg\",\"contentUrl\":\"https:\/\/franciscanos.org.br\/noticias\/wp-content\/uploads\/2013\/07\/jufra_alto.jpg\",\"width\":273,\"height\":181},{\"@type\":\"WebPage\",\"@id\":\"https:\/\/franciscanos.org.br\/noticias\/jufra-anima-a-tenda-franciscana.html#webpage\",\"url\":\"https:\/\/franciscanos.org.br\/noticias\/jufra-anima-a-tenda-franciscana.html\",\"name\":\"Juventude franciscana anima a tenda do Espa\u00e7o nesta quinta - Not\u00edcias - Franciscanos\",\"isPartOf\":{\"@id\":\"https:\/\/franciscanos.org.br\/noticias\/#website\"},\"primaryImageOfPage\":{\"@id\":\"https:\/\/franciscanos.org.br\/noticias\/jufra-anima-a-tenda-franciscana.html#primaryimage\"},\"datePublished\":\"2013-07-25T20:00:42+00:00\",\"dateModified\":\"2019-08-08T14:21:40+00:00\",\"author\":{\"@id\":\"https:\/\/franciscanos.org.br\/noticias\/#\/schema\/person\/b38fbf43118f02820bd932f2e4b14ad3\"},\"breadcrumb\":{\"@id\":\"https:\/\/franciscanos.org.br\/noticias\/jufra-anima-a-tenda-franciscana.html#breadcrumb\"},\"inLanguage\":\"pt-BR\",\"potentialAction\":[{\"@type\":\"ReadAction\",\"target\":[\"https:\/\/franciscanos.org.br\/noticias\/jufra-anima-a-tenda-franciscana.html\"]}]},{\"@type\":\"BreadcrumbList\",\"@id\":\"https:\/\/franciscanos.org.br\/noticias\/jufra-anima-a-tenda-franciscana.html#breadcrumb\",\"itemListElement\":[{\"@type\":\"ListItem\",\"position\":1,\"name\":\"Home\",\"item\":\"https:\/\/franciscanos.org.br\/noticias\"},{\"@type\":\"ListItem\",\"position\":2,\"name\":\"Juventude franciscana anima a tenda do Espa\u00e7o nesta quinta\"}]},{\"@type\":\"Person\",\"@id\":\"https:\/\/franciscanos.org.br\/noticias\/#\/schema\/person\/b38fbf43118f02820bd932f2e4b14ad3\",\"name\":\"admin\",\"image\":{\"@type\":\"ImageObject\",\"inLanguage\":\"pt-BR\",\"@id\":\"https:\/\/franciscanos.org.br\/noticias\/#\/schema\/person\/image\/\",\"url\":\"https:\/\/secure.gravatar.com\/avatar\/e8495742d34d0ba6448ea1c628263b3e?s=96&d=mm&r=g\",\"contentUrl\":\"https:\/\/secure.gravatar.com\/avatar\/e8495742d34d0ba6448ea1c628263b3e?s=96&d=mm&r=g\",\"caption\":\"admin\"},\"url\":\"https:\/\/franciscanos.org.br\/noticias\/author\/admin\"}]}<\/script>\n<!-- \/ Yoast SEO plugin. -->","yoast_head_json":{"title":"Juventude franciscana anima a tenda do Espa\u00e7o nesta quinta - Not\u00edcias - Franciscanos","robots":{"index":"index","follow":"follow","max-snippet":"max-snippet:-1","max-image-preview":"max-image-preview:large","max-video-preview":"max-video-preview:-1"},"canonical":"https:\/\/franciscanos.org.br\/noticias\/jufra-anima-a-tenda-franciscana.html","og_locale":"pt_BR","og_type":"article","og_title":"Juventude franciscana anima a tenda do Espa\u00e7o nesta quinta - Not\u00edcias - Franciscanos","og_description":"JMJ no Rio de Janeiro","og_url":"https:\/\/franciscanos.org.br\/noticias\/jufra-anima-a-tenda-franciscana.html","og_site_name":"Not\u00edcias - Franciscanos","article_published_time":"2013-07-25T20:00:42+00:00","article_modified_time":"2019-08-08T14:21:40+00:00","og_image":[{"width":273,"height":181,"url":"https:\/\/franciscanos.org.br\/noticias\/wp-content\/uploads\/2013\/07\/jufra_alto.jpg","type":"image\/jpeg"}],"author":"admin","twitter_card":"summary_large_image","twitter_misc":{"Escrito por":"admin","Est. tempo de leitura":"1 minuto"},"schema":{"@context":"https:\/\/schema.org","@graph":[{"@type":"WebSite","@id":"https:\/\/franciscanos.org.br\/noticias\/#website","url":"https:\/\/franciscanos.org.br\/noticias\/","name":"Not\u00edcias - Franciscanos","description":"Prov\u00edncia Franciscana da Imaculada Concei\u00e7\u00e3o do Brasil - Ordem dos Frades Menores - OFM","potentialAction":[{"@type":"SearchAction","target":{"@type":"EntryPoint","urlTemplate":"https:\/\/franciscanos.org.br\/noticias\/?s={search_term_string}"},"query-input":"required name=search_term_string"}],"inLanguage":"pt-BR"},{"@type":"ImageObject","inLanguage":"pt-BR","@id":"https:\/\/franciscanos.org.br\/noticias\/jufra-anima-a-tenda-franciscana.html#primaryimage","url":"https:\/\/franciscanos.org.br\/noticias\/wp-content\/uploads\/2013\/07\/jufra_alto.jpg","contentUrl":"https:\/\/franciscanos.org.br\/noticias\/wp-content\/uploads\/2013\/07\/jufra_alto.jpg","width":273,"height":181},{"@type":"WebPage","@id":"https:\/\/franciscanos.org.br\/noticias\/jufra-anima-a-tenda-franciscana.html#webpage","url":"https:\/\/franciscanos.org.br\/noticias\/jufra-anima-a-tenda-franciscana.html","name":"Juventude franciscana anima a tenda do Espa\u00e7o nesta quinta - Not\u00edcias - Franciscanos","isPartOf":{"@id":"https:\/\/franciscanos.org.br\/noticias\/#website"},"primaryImageOfPage":{"@id":"https:\/\/franciscanos.org.br\/noticias\/jufra-anima-a-tenda-franciscana.html#primaryimage"},"datePublished":"2013-07-25T20:00:42+00:00","dateModified":"2019-08-08T14:21:40+00:00","author":{"@id":"https:\/\/franciscanos.org.br\/noticias\/#\/schema\/person\/b38fbf43118f02820bd932f2e4b14ad3"},"breadcrumb":{"@id":"https:\/\/franciscanos.org.br\/noticias\/jufra-anima-a-tenda-franciscana.html#breadcrumb"},"inLanguage":"pt-BR","potentialAction":[{"@type":"ReadAction","target":["https:\/\/franciscanos.org.br\/noticias\/jufra-anima-a-tenda-franciscana.html"]}]},{"@type":"BreadcrumbList","@id":"https:\/\/franciscanos.org.br\/noticias\/jufra-anima-a-tenda-franciscana.html#breadcrumb","itemListElement":[{"@type":"ListItem","position":1,"name":"Home","item":"https:\/\/franciscanos.org.br\/noticias"},{"@type":"ListItem","position":2,"name":"Juventude franciscana anima a tenda do Espa\u00e7o nesta quinta"}]},{"@type":"Person","@id":"https:\/\/franciscanos.org.br\/noticias\/#\/schema\/person\/b38fbf43118f02820bd932f2e4b14ad3","name":"admin","image":{"@type":"ImageObject","inLanguage":"pt-BR","@id":"https:\/\/franciscanos.org.br\/noticias\/#\/schema\/person\/image\/","url":"https:\/\/secure.gravatar.com\/avatar\/e8495742d34d0ba6448ea1c628263b3e?s=96&d=mm&r=g","contentUrl":"https:\/\/secure.gravatar.com\/avatar\/e8495742d34d0ba6448ea1c628263b3e?s=96&d=mm&r=g","caption":"admin"},"url":"https:\/\/franciscanos.org.br\/noticias\/author\/admin"}]}},"_links":{"self":[{"href":"https:\/\/franciscanos.org.br\/noticias\/wp-json\/wp\/v2\/posts\/42519"}],"collection":[{"href":"https:\/\/franciscanos.org.br\/noticias\/wp-json\/wp\/v2\/posts"}],"about":[{"href":"https:\/\/franciscanos.org.br\/noticias\/wp-json\/wp\/v2\/types\/post"}],"author":[{"embeddable":true,"href":"https:\/\/franciscanos.org.br\/noticias\/wp-json\/wp\/v2\/users\/1"}],"replies":[{"embeddable":true,"href":"https:\/\/franciscanos.org.br\/noticias\/wp-json\/wp\/v2\/comments?post=42519"}],"version-history":[{"count":0,"href":"https:\/\/franciscanos.org.br\/noticias\/wp-json\/wp\/v2\/posts\/42519\/revisions"}],"wp:featuredmedia":[{"embeddable":true,"href":"https:\/\/franciscanos.org.br\/noticias\/wp-json\/wp\/v2\/media\/209173"}],"wp:attachment":[{"href":"https:\/\/franciscanos.org.br\/noticias\/wp-json\/wp\/v2\/media?parent=42519"}],"wp:term":[{"taxonomy":"category","embeddable":true,"href":"https:\/\/franciscanos.org.br\/noticias\/wp-json\/wp\/v2\/categories?post=42519"},{"taxonomy":"post_tag","embeddable":true,"href":"https:\/\/franciscanos.org.br\/noticias\/wp-json\/wp\/v2\/tags?post=42519"}],"curies":[{"name":"wp","href":"https:\/\/api.w.org\/{rel}","templated":true}]}}