{"id":42120,"date":"2013-07-18T08:50:17","date_gmt":"2013-07-18T11:50:17","guid":{"rendered":"http:\/\/new.franciscanos.org.br\/?p=42120"},"modified":"2019-01-29T13:00:16","modified_gmt":"2019-01-29T15:00:16","slug":"eleito-o-novo-presidente-da-conferencia-dos-religiosos-do-brasil","status":"publish","type":"post","link":"https:\/\/franciscanos.org.br\/noticias\/eleito-o-novo-presidente-da-conferencia-dos-religiosos-do-brasil.html","title":{"rendered":"Eleito o novo presidente da Confer\u00eancia dos Religiosos do Brasil"},"content":{"rendered":"<p><img loading=\"lazy\" class=\"alignright size-full wp-image-42121\" src=\"http:\/\/franciscanos.org.br\/wp-content\/uploads\/2013\/07\/PauloPetry.jpg\" alt=\"PauloPetry\" width=\"255\" height=\"357\" \/>Religiosos e Religiosas reunidos na 23\u00aa Assembleia Geral Eletiva da CRB elegeram na manh\u00e3 desta quarta, 16, como presidente da Confer\u00eancia Nacional dos Religiosos do Brasil, Irm\u00e3o Paulo Petry, da Congrega\u00e7\u00e3o dos Irm\u00e3os de S\u00e3o Jo\u00e3o Batista de La Salle (Lassalistas). O primeiro irm\u00e3o a ser presidente da CRB Nacional foi Irm\u00e3o Claudino Falchetto que atuou de 1983 a 1989.<\/p>\n<p>Em entrevista \u00e0 Assessoria de Comunica\u00e7\u00e3o da Assembleia Irm\u00e3o Paulo Petry falou \u00e0 Vida Consagrada. \u201cMinha expectativa \u00e9 corresponder \u00e0 expectativa dos Religiosos. \u00c9 uma grande responsabilidade\u201d, disse, revelando sua emo\u00e7\u00e3o por ser eleito, pelo fato de apreciar muito a vida consagrada. Para ele a Vida Religiosa tem uma presen\u00e7a e um rosto bonito, \u00a0mas para al\u00e9m disso \u00e9 preciso estar atento \u00e0 sua complexidade no que refere aos seus diversos campos de miss\u00e3o. \u201c\u00c9 um misto de alegria e preocupa\u00e7\u00e3o, mas vou continuar cantando como voc\u00eas: \u201cPermanece conosco Senhor\u201d afirmou.<\/p>\n<p>O novo presidente deixou uma mensagem aos religiosos presentes em Assembleia e os convidou para que caminhem conjuntamente com ele neste tri\u00eanio 2013- 2016: \u201cQue permane\u00e7amos unidos para defender os valores humanos e crist\u00e3os para que assim o senhor permane\u00e7a conosco. Se caminharmos juntos, embora tenhamos pontos de vista diferentes, maneiras diferentes de pensar, mas caminharmos juntos como os disc\u00edpulos de Ema\u00fas e deixarmos Jesus caminhar conosco, continuaremos sendo testemunhas como as primeiras comunidades crist\u00e3s\u201d, concluiu.<\/p>\n<p><strong>Como se d\u00e1 o processo de elei\u00e7\u00e3o de um presidente<\/strong><\/p>\n<p>O processo eletivo compreende a indica\u00e7\u00e3o pr\u00e9via de candidatos pelos associados da Confer\u00eancia, a consulta das possibilidades destes com seus superiores, e a vota\u00e7\u00e3o secreta \u00a0por meio de urna eletr\u00f4nica que \u00a0durante a Assembleia.<\/p>\n<p>O Superior Provincial do rec\u00e9m-eleito e membro da diretoria cessante da CRB, irm\u00e3o Jardelino Menegat, relatou \u00a0as suas impress\u00f5es com a elei\u00e7\u00e3o do seu confrade.<\/p>\n<p>\u201cPrimeiro h\u00e1 uma consulta entre os superiores maiores e houve uma indica\u00e7\u00e3o. Irm\u00e3o Paulo foi consultado pela CRB assim como ele me consultou como Provincial. Consultado o conselho Provincial dos Lassalistas, n\u00f3s achamos que pod\u00edamos disp\u00f4-lo para essa fun\u00e7\u00e3o e a Assembleia votou nesse candidato com um percentual muito alto, 92% dos votos. Portanto h\u00e1 confian\u00e7a na pessoa dele e esperamos que possamos corresponder ao que a Vida Religiosa espera\u201d.<\/p>\n<p><strong>Resultado das urnas \u00a0 \u00a0 \u00a0 \u00a0 \u00a0<\/strong><\/p>\n<p>Com 356 votantes, Irm\u00e3o Paulo Petry foi eleito \u00a0com 92,13% dos votos. Irm\u00e3 Gertrudes Salatte Beal teve 6,74% dos votos; Irm\u00e3 Francinete Amorim, 0,84%,\u00a0 e Irm\u00e3 Therezinha Remonatto, \u00a00,28%.<\/p>\n<p>&nbsp;<\/p>\n","protected":false},"excerpt":{"rendered":"<p>Vida crist\u00e3<\/p>\n","protected":false},"author":1,"featured_media":197973,"comment_status":"closed","ping_status":"open","sticky":false,"template":"","format":"standard","meta":[],"categories":[1],"tags":[400],"acf":[],"yoast_head":"<!-- This site is optimized with the Yoast SEO plugin v19.2 - https:\/\/yoast.com\/wordpress\/plugins\/seo\/ -->\n<title>Eleito o novo presidente da Confer\u00eancia dos Religiosos do Brasil - Not\u00edcias - Franciscanos<\/title>\n<meta name=\"robots\" content=\"index, follow, max-snippet:-1, max-image-preview:large, max-video-preview:-1\" \/>\n<link rel=\"canonical\" href=\"https:\/\/franciscanos.org.br\/noticias\/eleito-o-novo-presidente-da-conferencia-dos-religiosos-do-brasil.html\" \/>\n<meta property=\"og:locale\" content=\"pt_BR\" \/>\n<meta property=\"og:type\" content=\"article\" \/>\n<meta property=\"og:title\" content=\"Eleito o novo presidente da Confer\u00eancia dos Religiosos do Brasil - Not\u00edcias - Franciscanos\" \/>\n<meta property=\"og:description\" content=\"Vida crist\u00e3\" \/>\n<meta property=\"og:url\" content=\"https:\/\/franciscanos.org.br\/noticias\/eleito-o-novo-presidente-da-conferencia-dos-religiosos-do-brasil.html\" \/>\n<meta property=\"og:site_name\" content=\"Not\u00edcias - Franciscanos\" \/>\n<meta property=\"article:published_time\" content=\"2013-07-18T11:50:17+00:00\" \/>\n<meta property=\"article:modified_time\" content=\"2019-01-29T15:00:16+00:00\" \/>\n<meta property=\"og:image\" content=\"https:\/\/franciscanos.org.br\/noticias\/wp-content\/uploads\/2013\/07\/petry_1.jpg\" \/>\n\t<meta property=\"og:image:width\" content=\"273\" \/>\n\t<meta property=\"og:image:height\" content=\"181\" \/>\n\t<meta property=\"og:image:type\" content=\"image\/jpeg\" \/>\n<meta name=\"author\" content=\"admin\" \/>\n<meta name=\"twitter:card\" content=\"summary_large_image\" \/>\n<meta name=\"twitter:label1\" content=\"Escrito por\" \/>\n\t<meta name=\"twitter:data1\" content=\"admin\" \/>\n\t<meta name=\"twitter:label2\" content=\"Est. tempo de leitura\" \/>\n\t<meta name=\"twitter:data2\" content=\"2 minutos\" \/>\n<script type=\"application\/ld+json\" class=\"yoast-schema-graph\">{\"@context\":\"https:\/\/schema.org\",\"@graph\":[{\"@type\":\"WebSite\",\"@id\":\"https:\/\/franciscanos.org.br\/noticias\/#website\",\"url\":\"https:\/\/franciscanos.org.br\/noticias\/\",\"name\":\"Not\u00edcias - Franciscanos\",\"description\":\"Prov\u00edncia Franciscana da Imaculada Concei\u00e7\u00e3o do Brasil - Ordem dos Frades Menores - OFM\",\"potentialAction\":[{\"@type\":\"SearchAction\",\"target\":{\"@type\":\"EntryPoint\",\"urlTemplate\":\"https:\/\/franciscanos.org.br\/noticias\/?s={search_term_string}\"},\"query-input\":\"required name=search_term_string\"}],\"inLanguage\":\"pt-BR\"},{\"@type\":\"ImageObject\",\"inLanguage\":\"pt-BR\",\"@id\":\"https:\/\/franciscanos.org.br\/noticias\/eleito-o-novo-presidente-da-conferencia-dos-religiosos-do-brasil.html#primaryimage\",\"url\":\"https:\/\/franciscanos.org.br\/noticias\/wp-content\/uploads\/2013\/07\/petry_1.jpg\",\"contentUrl\":\"https:\/\/franciscanos.org.br\/noticias\/wp-content\/uploads\/2013\/07\/petry_1.jpg\",\"width\":273,\"height\":181,\"caption\":\"?????????????????????????????????????????????????????????\"},{\"@type\":\"WebPage\",\"@id\":\"https:\/\/franciscanos.org.br\/noticias\/eleito-o-novo-presidente-da-conferencia-dos-religiosos-do-brasil.html#webpage\",\"url\":\"https:\/\/franciscanos.org.br\/noticias\/eleito-o-novo-presidente-da-conferencia-dos-religiosos-do-brasil.html\",\"name\":\"Eleito o novo presidente da Confer\u00eancia dos Religiosos do Brasil - Not\u00edcias - Franciscanos\",\"isPartOf\":{\"@id\":\"https:\/\/franciscanos.org.br\/noticias\/#website\"},\"primaryImageOfPage\":{\"@id\":\"https:\/\/franciscanos.org.br\/noticias\/eleito-o-novo-presidente-da-conferencia-dos-religiosos-do-brasil.html#primaryimage\"},\"datePublished\":\"2013-07-18T11:50:17+00:00\",\"dateModified\":\"2019-01-29T15:00:16+00:00\",\"author\":{\"@id\":\"https:\/\/franciscanos.org.br\/noticias\/#\/schema\/person\/b38fbf43118f02820bd932f2e4b14ad3\"},\"breadcrumb\":{\"@id\":\"https:\/\/franciscanos.org.br\/noticias\/eleito-o-novo-presidente-da-conferencia-dos-religiosos-do-brasil.html#breadcrumb\"},\"inLanguage\":\"pt-BR\",\"potentialAction\":[{\"@type\":\"ReadAction\",\"target\":[\"https:\/\/franciscanos.org.br\/noticias\/eleito-o-novo-presidente-da-conferencia-dos-religiosos-do-brasil.html\"]}]},{\"@type\":\"BreadcrumbList\",\"@id\":\"https:\/\/franciscanos.org.br\/noticias\/eleito-o-novo-presidente-da-conferencia-dos-religiosos-do-brasil.html#breadcrumb\",\"itemListElement\":[{\"@type\":\"ListItem\",\"position\":1,\"name\":\"Home\",\"item\":\"https:\/\/franciscanos.org.br\/noticias\"},{\"@type\":\"ListItem\",\"position\":2,\"name\":\"Eleito o novo presidente da Confer\u00eancia dos Religiosos do Brasil\"}]},{\"@type\":\"Person\",\"@id\":\"https:\/\/franciscanos.org.br\/noticias\/#\/schema\/person\/b38fbf43118f02820bd932f2e4b14ad3\",\"name\":\"admin\",\"image\":{\"@type\":\"ImageObject\",\"inLanguage\":\"pt-BR\",\"@id\":\"https:\/\/franciscanos.org.br\/noticias\/#\/schema\/person\/image\/\",\"url\":\"https:\/\/secure.gravatar.com\/avatar\/e8495742d34d0ba6448ea1c628263b3e?s=96&d=mm&r=g\",\"contentUrl\":\"https:\/\/secure.gravatar.com\/avatar\/e8495742d34d0ba6448ea1c628263b3e?s=96&d=mm&r=g\",\"caption\":\"admin\"},\"url\":\"https:\/\/franciscanos.org.br\/noticias\/author\/admin\"}]}<\/script>\n<!-- \/ Yoast SEO plugin. -->","yoast_head_json":{"title":"Eleito o novo presidente da Confer\u00eancia dos Religiosos do Brasil - Not\u00edcias - Franciscanos","robots":{"index":"index","follow":"follow","max-snippet":"max-snippet:-1","max-image-preview":"max-image-preview:large","max-video-preview":"max-video-preview:-1"},"canonical":"https:\/\/franciscanos.org.br\/noticias\/eleito-o-novo-presidente-da-conferencia-dos-religiosos-do-brasil.html","og_locale":"pt_BR","og_type":"article","og_title":"Eleito o novo presidente da Confer\u00eancia dos Religiosos do Brasil - Not\u00edcias - Franciscanos","og_description":"Vida crist\u00e3","og_url":"https:\/\/franciscanos.org.br\/noticias\/eleito-o-novo-presidente-da-conferencia-dos-religiosos-do-brasil.html","og_site_name":"Not\u00edcias - Franciscanos","article_published_time":"2013-07-18T11:50:17+00:00","article_modified_time":"2019-01-29T15:00:16+00:00","og_image":[{"width":273,"height":181,"url":"https:\/\/franciscanos.org.br\/noticias\/wp-content\/uploads\/2013\/07\/petry_1.jpg","type":"image\/jpeg"}],"author":"admin","twitter_card":"summary_large_image","twitter_misc":{"Escrito por":"admin","Est. tempo de leitura":"2 minutos"},"schema":{"@context":"https:\/\/schema.org","@graph":[{"@type":"WebSite","@id":"https:\/\/franciscanos.org.br\/noticias\/#website","url":"https:\/\/franciscanos.org.br\/noticias\/","name":"Not\u00edcias - Franciscanos","description":"Prov\u00edncia Franciscana da Imaculada Concei\u00e7\u00e3o do Brasil - Ordem dos Frades Menores - OFM","potentialAction":[{"@type":"SearchAction","target":{"@type":"EntryPoint","urlTemplate":"https:\/\/franciscanos.org.br\/noticias\/?s={search_term_string}"},"query-input":"required name=search_term_string"}],"inLanguage":"pt-BR"},{"@type":"ImageObject","inLanguage":"pt-BR","@id":"https:\/\/franciscanos.org.br\/noticias\/eleito-o-novo-presidente-da-conferencia-dos-religiosos-do-brasil.html#primaryimage","url":"https:\/\/franciscanos.org.br\/noticias\/wp-content\/uploads\/2013\/07\/petry_1.jpg","contentUrl":"https:\/\/franciscanos.org.br\/noticias\/wp-content\/uploads\/2013\/07\/petry_1.jpg","width":273,"height":181,"caption":"?????????????????????????????????????????????????????????"},{"@type":"WebPage","@id":"https:\/\/franciscanos.org.br\/noticias\/eleito-o-novo-presidente-da-conferencia-dos-religiosos-do-brasil.html#webpage","url":"https:\/\/franciscanos.org.br\/noticias\/eleito-o-novo-presidente-da-conferencia-dos-religiosos-do-brasil.html","name":"Eleito o novo presidente da Confer\u00eancia dos Religiosos do Brasil - Not\u00edcias - Franciscanos","isPartOf":{"@id":"https:\/\/franciscanos.org.br\/noticias\/#website"},"primaryImageOfPage":{"@id":"https:\/\/franciscanos.org.br\/noticias\/eleito-o-novo-presidente-da-conferencia-dos-religiosos-do-brasil.html#primaryimage"},"datePublished":"2013-07-18T11:50:17+00:00","dateModified":"2019-01-29T15:00:16+00:00","author":{"@id":"https:\/\/franciscanos.org.br\/noticias\/#\/schema\/person\/b38fbf43118f02820bd932f2e4b14ad3"},"breadcrumb":{"@id":"https:\/\/franciscanos.org.br\/noticias\/eleito-o-novo-presidente-da-conferencia-dos-religiosos-do-brasil.html#breadcrumb"},"inLanguage":"pt-BR","potentialAction":[{"@type":"ReadAction","target":["https:\/\/franciscanos.org.br\/noticias\/eleito-o-novo-presidente-da-conferencia-dos-religiosos-do-brasil.html"]}]},{"@type":"BreadcrumbList","@id":"https:\/\/franciscanos.org.br\/noticias\/eleito-o-novo-presidente-da-conferencia-dos-religiosos-do-brasil.html#breadcrumb","itemListElement":[{"@type":"ListItem","position":1,"name":"Home","item":"https:\/\/franciscanos.org.br\/noticias"},{"@type":"ListItem","position":2,"name":"Eleito o novo presidente da Confer\u00eancia dos Religiosos do Brasil"}]},{"@type":"Person","@id":"https:\/\/franciscanos.org.br\/noticias\/#\/schema\/person\/b38fbf43118f02820bd932f2e4b14ad3","name":"admin","image":{"@type":"ImageObject","inLanguage":"pt-BR","@id":"https:\/\/franciscanos.org.br\/noticias\/#\/schema\/person\/image\/","url":"https:\/\/secure.gravatar.com\/avatar\/e8495742d34d0ba6448ea1c628263b3e?s=96&d=mm&r=g","contentUrl":"https:\/\/secure.gravatar.com\/avatar\/e8495742d34d0ba6448ea1c628263b3e?s=96&d=mm&r=g","caption":"admin"},"url":"https:\/\/franciscanos.org.br\/noticias\/author\/admin"}]}},"_links":{"self":[{"href":"https:\/\/franciscanos.org.br\/noticias\/wp-json\/wp\/v2\/posts\/42120"}],"collection":[{"href":"https:\/\/franciscanos.org.br\/noticias\/wp-json\/wp\/v2\/posts"}],"about":[{"href":"https:\/\/franciscanos.org.br\/noticias\/wp-json\/wp\/v2\/types\/post"}],"author":[{"embeddable":true,"href":"https:\/\/franciscanos.org.br\/noticias\/wp-json\/wp\/v2\/users\/1"}],"replies":[{"embeddable":true,"href":"https:\/\/franciscanos.org.br\/noticias\/wp-json\/wp\/v2\/comments?post=42120"}],"version-history":[{"count":0,"href":"https:\/\/franciscanos.org.br\/noticias\/wp-json\/wp\/v2\/posts\/42120\/revisions"}],"wp:featuredmedia":[{"embeddable":true,"href":"https:\/\/franciscanos.org.br\/noticias\/wp-json\/wp\/v2\/media\/197973"}],"wp:attachment":[{"href":"https:\/\/franciscanos.org.br\/noticias\/wp-json\/wp\/v2\/media?parent=42120"}],"wp:term":[{"taxonomy":"category","embeddable":true,"href":"https:\/\/franciscanos.org.br\/noticias\/wp-json\/wp\/v2\/categories?post=42120"},{"taxonomy":"post_tag","embeddable":true,"href":"https:\/\/franciscanos.org.br\/noticias\/wp-json\/wp\/v2\/tags?post=42120"}],"curies":[{"name":"wp","href":"https:\/\/api.w.org\/{rel}","templated":true}]}}