{"id":41732,"date":"2013-07-15T07:41:25","date_gmt":"2013-07-15T10:41:25","guid":{"rendered":"http:\/\/new.franciscanos.org.br\/?p=41732"},"modified":"2019-08-08T11:23:39","modified_gmt":"2019-08-08T14:23:39","slug":"sefras-realiza-semana-missionaria-com-jovens-do-caribe-e-brasil","status":"publish","type":"post","link":"https:\/\/franciscanos.org.br\/noticias\/sefras-realiza-semana-missionaria-com-jovens-do-caribe-e-brasil.html","title":{"rendered":"Sefras realiza Semana Mission\u00e1ria com jovens do Caribe e Brasil"},"content":{"rendered":"<p><img loading=\"lazy\" class=\"alignright size-full wp-image-41733\" src=\"http:\/\/franciscanos.org.br\/wp-content\/uploads\/2013\/07\/pari.jpg\" alt=\"pari\" width=\"450\" height=\"678\" \/>O Servi\u00e7o Franciscano de Solidariedade (Sefras), juntamente com a Par\u00f3quia Franciscana de Santo Ant\u00f4nio do Pari e a Congrega\u00e7\u00e3o das Irm\u00e3s Franciscanas Mission\u00e1rias de Maria (FMM), ir\u00e3o receber, entre os dias 16 e 23 de julho, 228 jovens que participar\u00e3o da Jornada Mundial da Juventude no Rio de Janeiro. Desses, 178 vir\u00e3o da Ilha de Guadalupe, no Caribe, e 50 jovens s\u00e3o da Pastoral da Juventude (PJ) da Par\u00f3quia de Santo Ant\u00f4nio do Pari, em S\u00e3o Paulo.<\/p>\n<p>A proposta idealizada pelos organizadores \u00e9 fazer, nesta Semana Mission\u00e1ria em S\u00e3o Paulo, um interc\u00e2mbio cultural, social e religioso, visando a troca de experi\u00eancias entre as \u201cjuventudes\u201d de diferentes realidades sociais e culturais. A inten\u00e7\u00e3o \u00e9 levar os jovens a pensarem em a\u00e7\u00f5es e projetos nas suas localidades, afim de que retornem comprometidos com o mundo pelo qual todos s\u00e3o respons\u00e1veis.<\/p>\n<p>Os jovens ter\u00e3o uma agenda de atividades que dar\u00e3o a oportunidade de conhecer a cidade de S\u00e3o Paulo atrav\u00e9s da presen\u00e7a e da \u00f3tica da juventude paulistana comprometida e que trabalha na perspectiva de contribuir por uma cidade e uma sociedade diversa e justa. Al\u00e9m disso, os jovens ter\u00e3o espa\u00e7o de conviv\u00eancia fraterna, de express\u00e3o cultural, de confer\u00eancias e de momento de espiritualidade. As atividades acontecer\u00e3o no Col\u00e9gio Bom Jesus, no bairro do Pari.<\/p>\n<p>A programa\u00e7\u00e3o, criada por uma equipe multidisciplinar, ter\u00e1 atividades como: visitas e experi\u00eancias de campo nas institui\u00e7\u00f5es, movimentos e a realidades sociais da metr\u00f3pole paulistana. Al\u00e9m disso, contar\u00e3o com uma programa\u00e7\u00e3o cultural interna e externa, c\u00edrculos de troca de saberes, espa\u00e7os de coopera\u00e7\u00e3o, momentos celebrativos entre outros.<\/p>\n<p>Segundo os organizadores, a Pr\u00e9-jornada ir\u00e1 cooperar na programa\u00e7\u00e3o da JMJ, na perspectiva de integra\u00e7\u00e3o e forma\u00e7\u00e3o dos jovens para uma compreens\u00e3o crist\u00e3 de presen\u00e7a no mundo, atrav\u00e9s do contato com m\u00faltiplas realidades sociais e religiosas.<\/p>\n<p>Al\u00e9m da Sede do Sefras e dos Servi\u00e7os de S\u00e3o Paulo, o Sefras Porci\u00fancula, em Niter\u00f3i, e o Centro Franciscano de Conviv\u00eancia da Crian\u00e7a e Adolescente (\u201cGente Viva\u201d), em Petr\u00f3polis, tamb\u00e9m receber\u00e3o os jovens para a Semana Mission\u00e1ria, com o mesmo objetivo de proporcionar uma experi\u00eancia vivencial a partir da realidade social que o Sefras atende.<\/p>\n<p><b>Servi\u00e7o: <\/b><\/p>\n<p><b>Evento: <\/b>Pr\u00e9-Jornada Mundial da Juventude no Sefras<br \/>\n<b>Data: <\/b>de 16 \u00e0 23 de julho de 2013<br \/>\n<b>Local: <\/b>Col\u00e9gio Bom Jesus e Par\u00f3quia Santo Ant\u00f4nio do Pari<b> \u2013 <\/b>Pra\u00e7a Padre Bento \u2013 S\/N Canind\u00e9, S\u00e3o Paulo \u2013 SP<br \/>\n<b>Horas: <\/b>a partir das 8h<\/p>\n","protected":false},"excerpt":{"rendered":"<p>JMJ no Rio de Janeiro<\/p>\n","protected":false},"author":1,"featured_media":209175,"comment_status":"closed","ping_status":"open","sticky":false,"template":"","format":"standard","meta":[],"categories":[1],"tags":[97],"acf":[],"yoast_head":"<!-- This site is optimized with the Yoast SEO plugin v19.2 - https:\/\/yoast.com\/wordpress\/plugins\/seo\/ -->\n<title>Sefras realiza Semana Mission\u00e1ria com jovens do Caribe e Brasil - Not\u00edcias - Franciscanos<\/title>\n<meta name=\"robots\" content=\"index, follow, max-snippet:-1, max-image-preview:large, max-video-preview:-1\" \/>\n<link rel=\"canonical\" href=\"https:\/\/franciscanos.org.br\/noticias\/sefras-realiza-semana-missionaria-com-jovens-do-caribe-e-brasil.html\" \/>\n<meta property=\"og:locale\" content=\"pt_BR\" \/>\n<meta property=\"og:type\" content=\"article\" \/>\n<meta property=\"og:title\" content=\"Sefras realiza Semana Mission\u00e1ria com jovens do Caribe e Brasil - Not\u00edcias - Franciscanos\" \/>\n<meta property=\"og:description\" content=\"JMJ no Rio de Janeiro\" \/>\n<meta property=\"og:url\" content=\"https:\/\/franciscanos.org.br\/noticias\/sefras-realiza-semana-missionaria-com-jovens-do-caribe-e-brasil.html\" \/>\n<meta property=\"og:site_name\" content=\"Not\u00edcias - Franciscanos\" \/>\n<meta property=\"article:published_time\" content=\"2013-07-15T10:41:25+00:00\" \/>\n<meta property=\"article:modified_time\" content=\"2019-08-08T14:23:39+00:00\" \/>\n<meta property=\"og:image\" content=\"https:\/\/franciscanos.org.br\/noticias\/wp-content\/uploads\/2013\/07\/pari.jpg\" \/>\n\t<meta property=\"og:image:width\" content=\"273\" \/>\n\t<meta property=\"og:image:height\" content=\"181\" \/>\n\t<meta property=\"og:image:type\" content=\"image\/jpeg\" \/>\n<meta name=\"author\" content=\"admin\" \/>\n<meta name=\"twitter:card\" content=\"summary_large_image\" \/>\n<meta name=\"twitter:label1\" content=\"Escrito por\" \/>\n\t<meta name=\"twitter:data1\" content=\"admin\" \/>\n\t<meta name=\"twitter:label2\" content=\"Est. tempo de leitura\" \/>\n\t<meta name=\"twitter:data2\" content=\"2 minutos\" \/>\n<script type=\"application\/ld+json\" class=\"yoast-schema-graph\">{\"@context\":\"https:\/\/schema.org\",\"@graph\":[{\"@type\":\"WebSite\",\"@id\":\"https:\/\/franciscanos.org.br\/noticias\/#website\",\"url\":\"https:\/\/franciscanos.org.br\/noticias\/\",\"name\":\"Not\u00edcias - Franciscanos\",\"description\":\"Prov\u00edncia Franciscana da Imaculada Concei\u00e7\u00e3o do Brasil - Ordem dos Frades Menores - OFM\",\"potentialAction\":[{\"@type\":\"SearchAction\",\"target\":{\"@type\":\"EntryPoint\",\"urlTemplate\":\"https:\/\/franciscanos.org.br\/noticias\/?s={search_term_string}\"},\"query-input\":\"required name=search_term_string\"}],\"inLanguage\":\"pt-BR\"},{\"@type\":\"ImageObject\",\"inLanguage\":\"pt-BR\",\"@id\":\"https:\/\/franciscanos.org.br\/noticias\/sefras-realiza-semana-missionaria-com-jovens-do-caribe-e-brasil.html#primaryimage\",\"url\":\"https:\/\/franciscanos.org.br\/noticias\/wp-content\/uploads\/2013\/07\/pari.jpg\",\"contentUrl\":\"https:\/\/franciscanos.org.br\/noticias\/wp-content\/uploads\/2013\/07\/pari.jpg\",\"width\":273,\"height\":181},{\"@type\":\"WebPage\",\"@id\":\"https:\/\/franciscanos.org.br\/noticias\/sefras-realiza-semana-missionaria-com-jovens-do-caribe-e-brasil.html#webpage\",\"url\":\"https:\/\/franciscanos.org.br\/noticias\/sefras-realiza-semana-missionaria-com-jovens-do-caribe-e-brasil.html\",\"name\":\"Sefras realiza Semana Mission\u00e1ria com jovens do Caribe e Brasil - Not\u00edcias - Franciscanos\",\"isPartOf\":{\"@id\":\"https:\/\/franciscanos.org.br\/noticias\/#website\"},\"primaryImageOfPage\":{\"@id\":\"https:\/\/franciscanos.org.br\/noticias\/sefras-realiza-semana-missionaria-com-jovens-do-caribe-e-brasil.html#primaryimage\"},\"datePublished\":\"2013-07-15T10:41:25+00:00\",\"dateModified\":\"2019-08-08T14:23:39+00:00\",\"author\":{\"@id\":\"https:\/\/franciscanos.org.br\/noticias\/#\/schema\/person\/b38fbf43118f02820bd932f2e4b14ad3\"},\"breadcrumb\":{\"@id\":\"https:\/\/franciscanos.org.br\/noticias\/sefras-realiza-semana-missionaria-com-jovens-do-caribe-e-brasil.html#breadcrumb\"},\"inLanguage\":\"pt-BR\",\"potentialAction\":[{\"@type\":\"ReadAction\",\"target\":[\"https:\/\/franciscanos.org.br\/noticias\/sefras-realiza-semana-missionaria-com-jovens-do-caribe-e-brasil.html\"]}]},{\"@type\":\"BreadcrumbList\",\"@id\":\"https:\/\/franciscanos.org.br\/noticias\/sefras-realiza-semana-missionaria-com-jovens-do-caribe-e-brasil.html#breadcrumb\",\"itemListElement\":[{\"@type\":\"ListItem\",\"position\":1,\"name\":\"Home\",\"item\":\"https:\/\/franciscanos.org.br\/noticias\"},{\"@type\":\"ListItem\",\"position\":2,\"name\":\"Sefras realiza Semana Mission\u00e1ria com jovens do Caribe e Brasil\"}]},{\"@type\":\"Person\",\"@id\":\"https:\/\/franciscanos.org.br\/noticias\/#\/schema\/person\/b38fbf43118f02820bd932f2e4b14ad3\",\"name\":\"admin\",\"image\":{\"@type\":\"ImageObject\",\"inLanguage\":\"pt-BR\",\"@id\":\"https:\/\/franciscanos.org.br\/noticias\/#\/schema\/person\/image\/\",\"url\":\"https:\/\/secure.gravatar.com\/avatar\/e8495742d34d0ba6448ea1c628263b3e?s=96&d=mm&r=g\",\"contentUrl\":\"https:\/\/secure.gravatar.com\/avatar\/e8495742d34d0ba6448ea1c628263b3e?s=96&d=mm&r=g\",\"caption\":\"admin\"},\"url\":\"https:\/\/franciscanos.org.br\/noticias\/author\/admin\"}]}<\/script>\n<!-- \/ Yoast SEO plugin. -->","yoast_head_json":{"title":"Sefras realiza Semana Mission\u00e1ria com jovens do Caribe e Brasil - Not\u00edcias - Franciscanos","robots":{"index":"index","follow":"follow","max-snippet":"max-snippet:-1","max-image-preview":"max-image-preview:large","max-video-preview":"max-video-preview:-1"},"canonical":"https:\/\/franciscanos.org.br\/noticias\/sefras-realiza-semana-missionaria-com-jovens-do-caribe-e-brasil.html","og_locale":"pt_BR","og_type":"article","og_title":"Sefras realiza Semana Mission\u00e1ria com jovens do Caribe e Brasil - Not\u00edcias - Franciscanos","og_description":"JMJ no Rio de Janeiro","og_url":"https:\/\/franciscanos.org.br\/noticias\/sefras-realiza-semana-missionaria-com-jovens-do-caribe-e-brasil.html","og_site_name":"Not\u00edcias - Franciscanos","article_published_time":"2013-07-15T10:41:25+00:00","article_modified_time":"2019-08-08T14:23:39+00:00","og_image":[{"width":273,"height":181,"url":"https:\/\/franciscanos.org.br\/noticias\/wp-content\/uploads\/2013\/07\/pari.jpg","type":"image\/jpeg"}],"author":"admin","twitter_card":"summary_large_image","twitter_misc":{"Escrito por":"admin","Est. tempo de leitura":"2 minutos"},"schema":{"@context":"https:\/\/schema.org","@graph":[{"@type":"WebSite","@id":"https:\/\/franciscanos.org.br\/noticias\/#website","url":"https:\/\/franciscanos.org.br\/noticias\/","name":"Not\u00edcias - Franciscanos","description":"Prov\u00edncia Franciscana da Imaculada Concei\u00e7\u00e3o do Brasil - Ordem dos Frades Menores - OFM","potentialAction":[{"@type":"SearchAction","target":{"@type":"EntryPoint","urlTemplate":"https:\/\/franciscanos.org.br\/noticias\/?s={search_term_string}"},"query-input":"required name=search_term_string"}],"inLanguage":"pt-BR"},{"@type":"ImageObject","inLanguage":"pt-BR","@id":"https:\/\/franciscanos.org.br\/noticias\/sefras-realiza-semana-missionaria-com-jovens-do-caribe-e-brasil.html#primaryimage","url":"https:\/\/franciscanos.org.br\/noticias\/wp-content\/uploads\/2013\/07\/pari.jpg","contentUrl":"https:\/\/franciscanos.org.br\/noticias\/wp-content\/uploads\/2013\/07\/pari.jpg","width":273,"height":181},{"@type":"WebPage","@id":"https:\/\/franciscanos.org.br\/noticias\/sefras-realiza-semana-missionaria-com-jovens-do-caribe-e-brasil.html#webpage","url":"https:\/\/franciscanos.org.br\/noticias\/sefras-realiza-semana-missionaria-com-jovens-do-caribe-e-brasil.html","name":"Sefras realiza Semana Mission\u00e1ria com jovens do Caribe e Brasil - Not\u00edcias - Franciscanos","isPartOf":{"@id":"https:\/\/franciscanos.org.br\/noticias\/#website"},"primaryImageOfPage":{"@id":"https:\/\/franciscanos.org.br\/noticias\/sefras-realiza-semana-missionaria-com-jovens-do-caribe-e-brasil.html#primaryimage"},"datePublished":"2013-07-15T10:41:25+00:00","dateModified":"2019-08-08T14:23:39+00:00","author":{"@id":"https:\/\/franciscanos.org.br\/noticias\/#\/schema\/person\/b38fbf43118f02820bd932f2e4b14ad3"},"breadcrumb":{"@id":"https:\/\/franciscanos.org.br\/noticias\/sefras-realiza-semana-missionaria-com-jovens-do-caribe-e-brasil.html#breadcrumb"},"inLanguage":"pt-BR","potentialAction":[{"@type":"ReadAction","target":["https:\/\/franciscanos.org.br\/noticias\/sefras-realiza-semana-missionaria-com-jovens-do-caribe-e-brasil.html"]}]},{"@type":"BreadcrumbList","@id":"https:\/\/franciscanos.org.br\/noticias\/sefras-realiza-semana-missionaria-com-jovens-do-caribe-e-brasil.html#breadcrumb","itemListElement":[{"@type":"ListItem","position":1,"name":"Home","item":"https:\/\/franciscanos.org.br\/noticias"},{"@type":"ListItem","position":2,"name":"Sefras realiza Semana Mission\u00e1ria com jovens do Caribe e Brasil"}]},{"@type":"Person","@id":"https:\/\/franciscanos.org.br\/noticias\/#\/schema\/person\/b38fbf43118f02820bd932f2e4b14ad3","name":"admin","image":{"@type":"ImageObject","inLanguage":"pt-BR","@id":"https:\/\/franciscanos.org.br\/noticias\/#\/schema\/person\/image\/","url":"https:\/\/secure.gravatar.com\/avatar\/e8495742d34d0ba6448ea1c628263b3e?s=96&d=mm&r=g","contentUrl":"https:\/\/secure.gravatar.com\/avatar\/e8495742d34d0ba6448ea1c628263b3e?s=96&d=mm&r=g","caption":"admin"},"url":"https:\/\/franciscanos.org.br\/noticias\/author\/admin"}]}},"_links":{"self":[{"href":"https:\/\/franciscanos.org.br\/noticias\/wp-json\/wp\/v2\/posts\/41732"}],"collection":[{"href":"https:\/\/franciscanos.org.br\/noticias\/wp-json\/wp\/v2\/posts"}],"about":[{"href":"https:\/\/franciscanos.org.br\/noticias\/wp-json\/wp\/v2\/types\/post"}],"author":[{"embeddable":true,"href":"https:\/\/franciscanos.org.br\/noticias\/wp-json\/wp\/v2\/users\/1"}],"replies":[{"embeddable":true,"href":"https:\/\/franciscanos.org.br\/noticias\/wp-json\/wp\/v2\/comments?post=41732"}],"version-history":[{"count":0,"href":"https:\/\/franciscanos.org.br\/noticias\/wp-json\/wp\/v2\/posts\/41732\/revisions"}],"wp:featuredmedia":[{"embeddable":true,"href":"https:\/\/franciscanos.org.br\/noticias\/wp-json\/wp\/v2\/media\/209175"}],"wp:attachment":[{"href":"https:\/\/franciscanos.org.br\/noticias\/wp-json\/wp\/v2\/media?parent=41732"}],"wp:term":[{"taxonomy":"category","embeddable":true,"href":"https:\/\/franciscanos.org.br\/noticias\/wp-json\/wp\/v2\/categories?post=41732"},{"taxonomy":"post_tag","embeddable":true,"href":"https:\/\/franciscanos.org.br\/noticias\/wp-json\/wp\/v2\/tags?post=41732"}],"curies":[{"name":"wp","href":"https:\/\/api.w.org\/{rel}","templated":true}]}}