{"id":41722,"date":"2013-07-15T07:34:04","date_gmt":"2013-07-15T10:34:04","guid":{"rendered":"http:\/\/new.franciscanos.org.br\/?p=41722"},"modified":"2020-01-30T09:52:49","modified_gmt":"2020-01-30T12:52:49","slug":"conselho-provincial-se-reune-no-convento-sao-francisco","status":"publish","type":"post","link":"https:\/\/franciscanos.org.br\/noticias\/conselho-provincial-se-reune-no-convento-sao-francisco.html","title":{"rendered":"Conselho Provincial se re\u00fane no Convento S\u00e3o Francisco"},"content":{"rendered":"<p><img loading=\"lazy\" src=\"http:\/\/franciscanos.org.br\/wp-content\/uploads\/2013\/07\/conselho.jpg\" alt=\"conselho\" width=\"830\" height=\"248\" \/><\/p>\n<p><strong>Por Frei Laurindo Lauro da Silva Junior<\/strong><\/p>\n<p>Nos dias 8 e 9 julho, o Convento S\u00e3o Francisco, em S\u00e3o Paulo, acolheu fraternalmente os confrades membros do Conselho Provincial do Servi\u00e7o de Anima\u00e7\u00e3o Vocacional (SAV). Foi um belo encontro fraternal, pois \u00e9 sempre bom reencontrar os confrades. Tivemos ocasi\u00f5es de avalia\u00e7\u00f5es e planejamentos dos assuntos incumbidos ao SAV e o Conselho foi muito feliz quanto \u00e0 formula\u00e7\u00e3o da pauta, seja com os redimensionamentos, partilhas, relat\u00f3rios e as prepara\u00e7\u00f5es para atividades futuras. Foram dias frutuosos que nos propiciaram momentos de ora\u00e7\u00e3o, estudo, reflex\u00e3o e partilha.<\/p>\n<p>Salientou-se a import\u00e2ncia das Fraternidades de Acolhimento Vocacional (FAVs) em bem acolher os aspirantes \u00e0 vida religiosa franciscana e ajud\u00e1-los nesse processo de busca da autenticidade vocacional, ou seja, ajudar os jovens a corresponder aos comportamentos pr\u00f3prios da voca\u00e7\u00e3o, com coer\u00eancia de vida e disposi\u00e7\u00e3o.<\/p>\n<p>Analisamos a import\u00e2ncia de ter um plano org\u00e2nico que se reporte ao que \u00e9 pr\u00f3prio do Servi\u00e7o de Anima\u00e7\u00e3o Vocacional, n\u00e3o como o plano de evangeliza\u00e7\u00e3o, mas como um regimento pr\u00f3prio das atividades ordin\u00e1rias do SAV. Refletimos sobre os est\u00e1gios vocacionais convividos em Ituporanga (Ensino M\u00e9dio) e Guaratinguet\u00e1 (vocacionados para as FAVs), mas tamb\u00e9m os casos excepcionais, para que caminhem em um processo de discernimento e sociabiliza\u00e7\u00e3o.<\/p>\n<p>Realizamos tamb\u00e9m a revis\u00e3o e avalia\u00e7\u00e3o do SAV nos Regionais da Prov\u00edncia da Imaculada, constatando nitidamente que os grandes centros urbanos est\u00e3o sendo os principais respons\u00e1veis pelo maior n\u00famero de vocacionados, o que n\u00e3o significa que nas cidades menores n\u00e3o devamos continuar nosso trabalho vocacional.<\/p>\n<p>At\u00e9 agora, com a realiza\u00e7\u00e3o dos encontros vocacionais regionais, temos o total de 40 novas voca\u00e7\u00f5es. Assim, esperamos que, com a ajuda dos confrades das nossas diversas fraternidades, ainda possamos aumentar esse quadro at\u00e9 o final desse ano, tendo em vista que desse n\u00famero alguns acabam n\u00e3o ingressando em nossos semin\u00e1rios.<\/p>\n","protected":false},"excerpt":{"rendered":"<p>SAV<\/p>\n","protected":false},"author":1,"featured_media":217143,"comment_status":"closed","ping_status":"open","sticky":false,"template":"","format":"standard","meta":[],"categories":[1],"tags":[312],"acf":[],"yoast_head":"<!-- This site is optimized with the Yoast SEO plugin v19.2 - https:\/\/yoast.com\/wordpress\/plugins\/seo\/ -->\n<title>Conselho Provincial se re\u00fane no Convento S\u00e3o Francisco - Not\u00edcias - Franciscanos<\/title>\n<meta name=\"robots\" content=\"index, follow, max-snippet:-1, max-image-preview:large, max-video-preview:-1\" \/>\n<link rel=\"canonical\" href=\"https:\/\/franciscanos.org.br\/noticias\/conselho-provincial-se-reune-no-convento-sao-francisco.html\" \/>\n<meta property=\"og:locale\" content=\"pt_BR\" \/>\n<meta property=\"og:type\" content=\"article\" \/>\n<meta property=\"og:title\" content=\"Conselho Provincial se re\u00fane no Convento S\u00e3o Francisco - Not\u00edcias - Franciscanos\" \/>\n<meta property=\"og:description\" content=\"SAV\" \/>\n<meta property=\"og:url\" content=\"https:\/\/franciscanos.org.br\/noticias\/conselho-provincial-se-reune-no-convento-sao-francisco.html\" \/>\n<meta property=\"og:site_name\" content=\"Not\u00edcias - Franciscanos\" \/>\n<meta property=\"article:published_time\" content=\"2013-07-15T10:34:04+00:00\" \/>\n<meta property=\"article:modified_time\" content=\"2020-01-30T12:52:49+00:00\" \/>\n<meta property=\"og:image\" content=\"https:\/\/franciscanos.org.br\/noticias\/wp-content\/uploads\/2013\/07\/conselho.jpg\" \/>\n\t<meta property=\"og:image:width\" content=\"273\" \/>\n\t<meta property=\"og:image:height\" content=\"172\" \/>\n\t<meta property=\"og:image:type\" content=\"image\/jpeg\" \/>\n<meta name=\"author\" content=\"admin\" \/>\n<meta name=\"twitter:card\" content=\"summary_large_image\" \/>\n<meta name=\"twitter:label1\" content=\"Escrito por\" \/>\n\t<meta name=\"twitter:data1\" content=\"admin\" \/>\n\t<meta name=\"twitter:label2\" content=\"Est. tempo de leitura\" \/>\n\t<meta name=\"twitter:data2\" content=\"2 minutos\" \/>\n<script type=\"application\/ld+json\" class=\"yoast-schema-graph\">{\"@context\":\"https:\/\/schema.org\",\"@graph\":[{\"@type\":\"WebSite\",\"@id\":\"https:\/\/franciscanos.org.br\/noticias\/#website\",\"url\":\"https:\/\/franciscanos.org.br\/noticias\/\",\"name\":\"Not\u00edcias - Franciscanos\",\"description\":\"Prov\u00edncia Franciscana da Imaculada Concei\u00e7\u00e3o do Brasil - Ordem dos Frades Menores - OFM\",\"potentialAction\":[{\"@type\":\"SearchAction\",\"target\":{\"@type\":\"EntryPoint\",\"urlTemplate\":\"https:\/\/franciscanos.org.br\/noticias\/?s={search_term_string}\"},\"query-input\":\"required name=search_term_string\"}],\"inLanguage\":\"pt-BR\"},{\"@type\":\"ImageObject\",\"inLanguage\":\"pt-BR\",\"@id\":\"https:\/\/franciscanos.org.br\/noticias\/conselho-provincial-se-reune-no-convento-sao-francisco.html#primaryimage\",\"url\":\"https:\/\/franciscanos.org.br\/noticias\/wp-content\/uploads\/2013\/07\/conselho.jpg\",\"contentUrl\":\"https:\/\/franciscanos.org.br\/noticias\/wp-content\/uploads\/2013\/07\/conselho.jpg\",\"width\":273,\"height\":172},{\"@type\":\"WebPage\",\"@id\":\"https:\/\/franciscanos.org.br\/noticias\/conselho-provincial-se-reune-no-convento-sao-francisco.html#webpage\",\"url\":\"https:\/\/franciscanos.org.br\/noticias\/conselho-provincial-se-reune-no-convento-sao-francisco.html\",\"name\":\"Conselho Provincial se re\u00fane no Convento S\u00e3o Francisco - Not\u00edcias - Franciscanos\",\"isPartOf\":{\"@id\":\"https:\/\/franciscanos.org.br\/noticias\/#website\"},\"primaryImageOfPage\":{\"@id\":\"https:\/\/franciscanos.org.br\/noticias\/conselho-provincial-se-reune-no-convento-sao-francisco.html#primaryimage\"},\"datePublished\":\"2013-07-15T10:34:04+00:00\",\"dateModified\":\"2020-01-30T12:52:49+00:00\",\"author\":{\"@id\":\"https:\/\/franciscanos.org.br\/noticias\/#\/schema\/person\/b38fbf43118f02820bd932f2e4b14ad3\"},\"breadcrumb\":{\"@id\":\"https:\/\/franciscanos.org.br\/noticias\/conselho-provincial-se-reune-no-convento-sao-francisco.html#breadcrumb\"},\"inLanguage\":\"pt-BR\",\"potentialAction\":[{\"@type\":\"ReadAction\",\"target\":[\"https:\/\/franciscanos.org.br\/noticias\/conselho-provincial-se-reune-no-convento-sao-francisco.html\"]}]},{\"@type\":\"BreadcrumbList\",\"@id\":\"https:\/\/franciscanos.org.br\/noticias\/conselho-provincial-se-reune-no-convento-sao-francisco.html#breadcrumb\",\"itemListElement\":[{\"@type\":\"ListItem\",\"position\":1,\"name\":\"Home\",\"item\":\"https:\/\/franciscanos.org.br\/noticias\"},{\"@type\":\"ListItem\",\"position\":2,\"name\":\"Conselho Provincial se re\u00fane no Convento S\u00e3o Francisco\"}]},{\"@type\":\"Person\",\"@id\":\"https:\/\/franciscanos.org.br\/noticias\/#\/schema\/person\/b38fbf43118f02820bd932f2e4b14ad3\",\"name\":\"admin\",\"image\":{\"@type\":\"ImageObject\",\"inLanguage\":\"pt-BR\",\"@id\":\"https:\/\/franciscanos.org.br\/noticias\/#\/schema\/person\/image\/\",\"url\":\"https:\/\/secure.gravatar.com\/avatar\/e8495742d34d0ba6448ea1c628263b3e?s=96&d=mm&r=g\",\"contentUrl\":\"https:\/\/secure.gravatar.com\/avatar\/e8495742d34d0ba6448ea1c628263b3e?s=96&d=mm&r=g\",\"caption\":\"admin\"},\"url\":\"https:\/\/franciscanos.org.br\/noticias\/author\/admin\"}]}<\/script>\n<!-- \/ Yoast SEO plugin. -->","yoast_head_json":{"title":"Conselho Provincial se re\u00fane no Convento S\u00e3o Francisco - Not\u00edcias - Franciscanos","robots":{"index":"index","follow":"follow","max-snippet":"max-snippet:-1","max-image-preview":"max-image-preview:large","max-video-preview":"max-video-preview:-1"},"canonical":"https:\/\/franciscanos.org.br\/noticias\/conselho-provincial-se-reune-no-convento-sao-francisco.html","og_locale":"pt_BR","og_type":"article","og_title":"Conselho Provincial se re\u00fane no Convento S\u00e3o Francisco - Not\u00edcias - Franciscanos","og_description":"SAV","og_url":"https:\/\/franciscanos.org.br\/noticias\/conselho-provincial-se-reune-no-convento-sao-francisco.html","og_site_name":"Not\u00edcias - Franciscanos","article_published_time":"2013-07-15T10:34:04+00:00","article_modified_time":"2020-01-30T12:52:49+00:00","og_image":[{"width":273,"height":172,"url":"https:\/\/franciscanos.org.br\/noticias\/wp-content\/uploads\/2013\/07\/conselho.jpg","type":"image\/jpeg"}],"author":"admin","twitter_card":"summary_large_image","twitter_misc":{"Escrito por":"admin","Est. tempo de leitura":"2 minutos"},"schema":{"@context":"https:\/\/schema.org","@graph":[{"@type":"WebSite","@id":"https:\/\/franciscanos.org.br\/noticias\/#website","url":"https:\/\/franciscanos.org.br\/noticias\/","name":"Not\u00edcias - Franciscanos","description":"Prov\u00edncia Franciscana da Imaculada Concei\u00e7\u00e3o do Brasil - Ordem dos Frades Menores - OFM","potentialAction":[{"@type":"SearchAction","target":{"@type":"EntryPoint","urlTemplate":"https:\/\/franciscanos.org.br\/noticias\/?s={search_term_string}"},"query-input":"required name=search_term_string"}],"inLanguage":"pt-BR"},{"@type":"ImageObject","inLanguage":"pt-BR","@id":"https:\/\/franciscanos.org.br\/noticias\/conselho-provincial-se-reune-no-convento-sao-francisco.html#primaryimage","url":"https:\/\/franciscanos.org.br\/noticias\/wp-content\/uploads\/2013\/07\/conselho.jpg","contentUrl":"https:\/\/franciscanos.org.br\/noticias\/wp-content\/uploads\/2013\/07\/conselho.jpg","width":273,"height":172},{"@type":"WebPage","@id":"https:\/\/franciscanos.org.br\/noticias\/conselho-provincial-se-reune-no-convento-sao-francisco.html#webpage","url":"https:\/\/franciscanos.org.br\/noticias\/conselho-provincial-se-reune-no-convento-sao-francisco.html","name":"Conselho Provincial se re\u00fane no Convento S\u00e3o Francisco - Not\u00edcias - Franciscanos","isPartOf":{"@id":"https:\/\/franciscanos.org.br\/noticias\/#website"},"primaryImageOfPage":{"@id":"https:\/\/franciscanos.org.br\/noticias\/conselho-provincial-se-reune-no-convento-sao-francisco.html#primaryimage"},"datePublished":"2013-07-15T10:34:04+00:00","dateModified":"2020-01-30T12:52:49+00:00","author":{"@id":"https:\/\/franciscanos.org.br\/noticias\/#\/schema\/person\/b38fbf43118f02820bd932f2e4b14ad3"},"breadcrumb":{"@id":"https:\/\/franciscanos.org.br\/noticias\/conselho-provincial-se-reune-no-convento-sao-francisco.html#breadcrumb"},"inLanguage":"pt-BR","potentialAction":[{"@type":"ReadAction","target":["https:\/\/franciscanos.org.br\/noticias\/conselho-provincial-se-reune-no-convento-sao-francisco.html"]}]},{"@type":"BreadcrumbList","@id":"https:\/\/franciscanos.org.br\/noticias\/conselho-provincial-se-reune-no-convento-sao-francisco.html#breadcrumb","itemListElement":[{"@type":"ListItem","position":1,"name":"Home","item":"https:\/\/franciscanos.org.br\/noticias"},{"@type":"ListItem","position":2,"name":"Conselho Provincial se re\u00fane no Convento S\u00e3o Francisco"}]},{"@type":"Person","@id":"https:\/\/franciscanos.org.br\/noticias\/#\/schema\/person\/b38fbf43118f02820bd932f2e4b14ad3","name":"admin","image":{"@type":"ImageObject","inLanguage":"pt-BR","@id":"https:\/\/franciscanos.org.br\/noticias\/#\/schema\/person\/image\/","url":"https:\/\/secure.gravatar.com\/avatar\/e8495742d34d0ba6448ea1c628263b3e?s=96&d=mm&r=g","contentUrl":"https:\/\/secure.gravatar.com\/avatar\/e8495742d34d0ba6448ea1c628263b3e?s=96&d=mm&r=g","caption":"admin"},"url":"https:\/\/franciscanos.org.br\/noticias\/author\/admin"}]}},"_links":{"self":[{"href":"https:\/\/franciscanos.org.br\/noticias\/wp-json\/wp\/v2\/posts\/41722"}],"collection":[{"href":"https:\/\/franciscanos.org.br\/noticias\/wp-json\/wp\/v2\/posts"}],"about":[{"href":"https:\/\/franciscanos.org.br\/noticias\/wp-json\/wp\/v2\/types\/post"}],"author":[{"embeddable":true,"href":"https:\/\/franciscanos.org.br\/noticias\/wp-json\/wp\/v2\/users\/1"}],"replies":[{"embeddable":true,"href":"https:\/\/franciscanos.org.br\/noticias\/wp-json\/wp\/v2\/comments?post=41722"}],"version-history":[{"count":0,"href":"https:\/\/franciscanos.org.br\/noticias\/wp-json\/wp\/v2\/posts\/41722\/revisions"}],"wp:featuredmedia":[{"embeddable":true,"href":"https:\/\/franciscanos.org.br\/noticias\/wp-json\/wp\/v2\/media\/217143"}],"wp:attachment":[{"href":"https:\/\/franciscanos.org.br\/noticias\/wp-json\/wp\/v2\/media?parent=41722"}],"wp:term":[{"taxonomy":"category","embeddable":true,"href":"https:\/\/franciscanos.org.br\/noticias\/wp-json\/wp\/v2\/categories?post=41722"},{"taxonomy":"post_tag","embeddable":true,"href":"https:\/\/franciscanos.org.br\/noticias\/wp-json\/wp\/v2\/tags?post=41722"}],"curies":[{"name":"wp","href":"https:\/\/api.w.org\/{rel}","templated":true}]}}