{"id":41612,"date":"2013-07-12T07:34:12","date_gmt":"2013-07-12T10:34:12","guid":{"rendered":"http:\/\/new.franciscanos.org.br\/?p=41612"},"modified":"2021-07-05T20:11:06","modified_gmt":"2021-07-05T23:11:06","slug":"coral-frances-vem-a-petropolis-para-conhecer-instituto-dos-meninos-cantores","status":"publish","type":"post","link":"https:\/\/franciscanos.org.br\/noticias\/coral-frances-vem-a-petropolis-para-conhecer-instituto-dos-meninos-cantores.html","title":{"rendered":"Coral franc\u00eas vem a Petr\u00f3polis para conhecer Instituto dos Meninos Cantores"},"content":{"rendered":"<p><img loading=\"lazy\" src=\"http:\/\/franciscanos.org.br\/wp-content\/uploads\/2013\/07\/canarinhos.jpg\" alt=\"canarinhos\" width=\"830\" height=\"254\" \/><\/p>\n<p>O Instituto dos Meninos Cantores de Petr\u00f3polis concede a oportunidade de mais um interc\u00e2mbio cultural. Na pr\u00f3xima ter\u00e7a-feira, (15), ap\u00f3s sete dias de incont\u00e1veis trocas de experi\u00eancias e emo\u00e7\u00e3o musical no XV Congresso Nacional de Meninos Cantores, o Coral dos Meninos Cantores retorna a Petr\u00f3polis com Os Meninos Cantores de Bordeaux.<br \/>\n<b><\/b><\/p>\n<p>O grupo est\u00e1 em turn\u00ea pelo Brasil e vem \u00e0 cidade com o objetivo de trocar experi\u00eancias com o Canarinhos de Petr\u00f3polis. &#8220;O IMCP, como centro cultural, tem entre suas metas a promo\u00e7\u00e3o e a divulga\u00e7\u00e3o da m\u00fasica como ve\u00edculo de educa\u00e7\u00e3o, evangeliza\u00e7\u00e3o e pacifica\u00e7\u00e3o. Por este motivo, ficamos contentes com a receptividade e vinda de mais um interc\u00e2mbio internacional a Petr\u00f3polis\u201d, declarou o maestro do coral, Marco Aur\u00e9lio Lischt. Os dois coros se apresentam no pen\u00faltimo s\u00e1bado do m\u00eas (20), \u00e0s 20h, na tradicional Igreja do Sagrado Cora\u00e7\u00e3o de Jesus, com entrada franca para o p\u00fablico.<\/p>\n<p>Al\u00e9m de promover mais um interc\u00e2mbio cultural, a visita demonstra o reconhecimento do trabalho realizado pelo Instituto junto ao coro de meninos e meninas. As visitas de coros internacionais educam para a vida social e intercultural, desenvolvendo igualmente o senso de disciplina, amizade e generosidade, tanto para o coro visitante como aos canarinhos. &#8220;Esperamos com isso, estar cada vez mais pr\u00f3ximos do nosso ideal, que \u00e9 ter um bom entendimento e relacionamento com o mundo atrav\u00e9s da m\u00fasica.&#8221; Lischt afirma contente, ressaltando a visibilidade que o coral vem ganhando.<\/p>\n<p>Durante a visita, os estudantes tamb\u00e9m aprender\u00e3o conceitos musicais e ter\u00e3o a oportunidade de conhecer um pouquinho mais dos Canarinhos de Petr\u00f3polis, devido a hospedagem nas casas dos Meninos Cantores.<\/p>\n<p>Os Meninos Cantores de Bordeaux \u00e9 um coral franc\u00eas, fundado em 1875, e \u00fanico coral de meninos da Aquit\u00e2nia, regi\u00e3o ao sudoeste da Fran\u00e7a. O grupo foi a base para a funda\u00e7\u00e3o da \u201cCapela Musical de Bordeaux\u201d, e pretendem manter a tradi\u00e7\u00e3o dos \u201cCorais de Meninos das Catedrais\u201d, forma\u00e7\u00e3o rara nos dias atuais, mas que foi o ber\u00e7o da m\u00fasica ocidental, \u00e0 frente das grandes Catedrais e Mosteiros.<\/p>\n","protected":false},"excerpt":{"rendered":"<p>Canarinhos<\/p>\n","protected":false},"author":1,"featured_media":201553,"comment_status":"closed","ping_status":"open","sticky":false,"template":"","format":"standard","meta":[],"categories":[1],"tags":[1378],"acf":[],"yoast_head":"<!-- This site is optimized with the Yoast SEO plugin v19.2 - https:\/\/yoast.com\/wordpress\/plugins\/seo\/ -->\n<title>Coral franc\u00eas vem a Petr\u00f3polis para conhecer Instituto dos Meninos Cantores - Not\u00edcias - Franciscanos<\/title>\n<meta name=\"robots\" content=\"index, follow, max-snippet:-1, max-image-preview:large, max-video-preview:-1\" \/>\n<link rel=\"canonical\" href=\"https:\/\/franciscanos.org.br\/noticias\/coral-frances-vem-a-petropolis-para-conhecer-instituto-dos-meninos-cantores.html\" \/>\n<meta property=\"og:locale\" content=\"pt_BR\" \/>\n<meta property=\"og:type\" content=\"article\" \/>\n<meta property=\"og:title\" content=\"Coral franc\u00eas vem a Petr\u00f3polis para conhecer Instituto dos Meninos Cantores - Not\u00edcias - Franciscanos\" \/>\n<meta property=\"og:description\" content=\"Canarinhos\" \/>\n<meta property=\"og:url\" content=\"https:\/\/franciscanos.org.br\/noticias\/coral-frances-vem-a-petropolis-para-conhecer-instituto-dos-meninos-cantores.html\" \/>\n<meta property=\"og:site_name\" content=\"Not\u00edcias - Franciscanos\" \/>\n<meta property=\"article:published_time\" content=\"2013-07-12T10:34:12+00:00\" \/>\n<meta property=\"article:modified_time\" content=\"2021-07-05T23:11:06+00:00\" \/>\n<meta property=\"og:image\" content=\"https:\/\/franciscanos.org.br\/noticias\/wp-content\/uploads\/2013\/07\/canarinhos_petropolis.jpg\" \/>\n\t<meta property=\"og:image:width\" content=\"273\" \/>\n\t<meta property=\"og:image:height\" content=\"181\" \/>\n\t<meta property=\"og:image:type\" content=\"image\/jpeg\" \/>\n<meta name=\"author\" content=\"admin\" \/>\n<meta name=\"twitter:card\" content=\"summary_large_image\" \/>\n<meta name=\"twitter:label1\" content=\"Escrito por\" \/>\n\t<meta name=\"twitter:data1\" content=\"admin\" \/>\n\t<meta name=\"twitter:label2\" content=\"Est. tempo de leitura\" \/>\n\t<meta name=\"twitter:data2\" content=\"2 minutos\" \/>\n<script type=\"application\/ld+json\" class=\"yoast-schema-graph\">{\"@context\":\"https:\/\/schema.org\",\"@graph\":[{\"@type\":\"WebSite\",\"@id\":\"https:\/\/franciscanos.org.br\/noticias\/#website\",\"url\":\"https:\/\/franciscanos.org.br\/noticias\/\",\"name\":\"Not\u00edcias - Franciscanos\",\"description\":\"Prov\u00edncia Franciscana da Imaculada Concei\u00e7\u00e3o do Brasil - Ordem dos Frades Menores - OFM\",\"potentialAction\":[{\"@type\":\"SearchAction\",\"target\":{\"@type\":\"EntryPoint\",\"urlTemplate\":\"https:\/\/franciscanos.org.br\/noticias\/?s={search_term_string}\"},\"query-input\":\"required name=search_term_string\"}],\"inLanguage\":\"pt-BR\"},{\"@type\":\"ImageObject\",\"inLanguage\":\"pt-BR\",\"@id\":\"https:\/\/franciscanos.org.br\/noticias\/coral-frances-vem-a-petropolis-para-conhecer-instituto-dos-meninos-cantores.html#primaryimage\",\"url\":\"https:\/\/franciscanos.org.br\/noticias\/wp-content\/uploads\/2013\/07\/canarinhos_petropolis.jpg\",\"contentUrl\":\"https:\/\/franciscanos.org.br\/noticias\/wp-content\/uploads\/2013\/07\/canarinhos_petropolis.jpg\",\"width\":273,\"height\":181},{\"@type\":\"WebPage\",\"@id\":\"https:\/\/franciscanos.org.br\/noticias\/coral-frances-vem-a-petropolis-para-conhecer-instituto-dos-meninos-cantores.html#webpage\",\"url\":\"https:\/\/franciscanos.org.br\/noticias\/coral-frances-vem-a-petropolis-para-conhecer-instituto-dos-meninos-cantores.html\",\"name\":\"Coral franc\u00eas vem a Petr\u00f3polis para conhecer Instituto dos Meninos Cantores - Not\u00edcias - Franciscanos\",\"isPartOf\":{\"@id\":\"https:\/\/franciscanos.org.br\/noticias\/#website\"},\"primaryImageOfPage\":{\"@id\":\"https:\/\/franciscanos.org.br\/noticias\/coral-frances-vem-a-petropolis-para-conhecer-instituto-dos-meninos-cantores.html#primaryimage\"},\"datePublished\":\"2013-07-12T10:34:12+00:00\",\"dateModified\":\"2021-07-05T23:11:06+00:00\",\"author\":{\"@id\":\"https:\/\/franciscanos.org.br\/noticias\/#\/schema\/person\/b38fbf43118f02820bd932f2e4b14ad3\"},\"breadcrumb\":{\"@id\":\"https:\/\/franciscanos.org.br\/noticias\/coral-frances-vem-a-petropolis-para-conhecer-instituto-dos-meninos-cantores.html#breadcrumb\"},\"inLanguage\":\"pt-BR\",\"potentialAction\":[{\"@type\":\"ReadAction\",\"target\":[\"https:\/\/franciscanos.org.br\/noticias\/coral-frances-vem-a-petropolis-para-conhecer-instituto-dos-meninos-cantores.html\"]}]},{\"@type\":\"BreadcrumbList\",\"@id\":\"https:\/\/franciscanos.org.br\/noticias\/coral-frances-vem-a-petropolis-para-conhecer-instituto-dos-meninos-cantores.html#breadcrumb\",\"itemListElement\":[{\"@type\":\"ListItem\",\"position\":1,\"name\":\"Home\",\"item\":\"https:\/\/franciscanos.org.br\/noticias\"},{\"@type\":\"ListItem\",\"position\":2,\"name\":\"Coral franc\u00eas vem a Petr\u00f3polis para conhecer Instituto dos Meninos Cantores\"}]},{\"@type\":\"Person\",\"@id\":\"https:\/\/franciscanos.org.br\/noticias\/#\/schema\/person\/b38fbf43118f02820bd932f2e4b14ad3\",\"name\":\"admin\",\"image\":{\"@type\":\"ImageObject\",\"inLanguage\":\"pt-BR\",\"@id\":\"https:\/\/franciscanos.org.br\/noticias\/#\/schema\/person\/image\/\",\"url\":\"https:\/\/secure.gravatar.com\/avatar\/e8495742d34d0ba6448ea1c628263b3e?s=96&d=mm&r=g\",\"contentUrl\":\"https:\/\/secure.gravatar.com\/avatar\/e8495742d34d0ba6448ea1c628263b3e?s=96&d=mm&r=g\",\"caption\":\"admin\"},\"url\":\"https:\/\/franciscanos.org.br\/noticias\/author\/admin\"}]}<\/script>\n<!-- \/ Yoast SEO plugin. -->","yoast_head_json":{"title":"Coral franc\u00eas vem a Petr\u00f3polis para conhecer Instituto dos Meninos Cantores - Not\u00edcias - Franciscanos","robots":{"index":"index","follow":"follow","max-snippet":"max-snippet:-1","max-image-preview":"max-image-preview:large","max-video-preview":"max-video-preview:-1"},"canonical":"https:\/\/franciscanos.org.br\/noticias\/coral-frances-vem-a-petropolis-para-conhecer-instituto-dos-meninos-cantores.html","og_locale":"pt_BR","og_type":"article","og_title":"Coral franc\u00eas vem a Petr\u00f3polis para conhecer Instituto dos Meninos Cantores - Not\u00edcias - Franciscanos","og_description":"Canarinhos","og_url":"https:\/\/franciscanos.org.br\/noticias\/coral-frances-vem-a-petropolis-para-conhecer-instituto-dos-meninos-cantores.html","og_site_name":"Not\u00edcias - Franciscanos","article_published_time":"2013-07-12T10:34:12+00:00","article_modified_time":"2021-07-05T23:11:06+00:00","og_image":[{"width":273,"height":181,"url":"https:\/\/franciscanos.org.br\/noticias\/wp-content\/uploads\/2013\/07\/canarinhos_petropolis.jpg","type":"image\/jpeg"}],"author":"admin","twitter_card":"summary_large_image","twitter_misc":{"Escrito por":"admin","Est. tempo de leitura":"2 minutos"},"schema":{"@context":"https:\/\/schema.org","@graph":[{"@type":"WebSite","@id":"https:\/\/franciscanos.org.br\/noticias\/#website","url":"https:\/\/franciscanos.org.br\/noticias\/","name":"Not\u00edcias - Franciscanos","description":"Prov\u00edncia Franciscana da Imaculada Concei\u00e7\u00e3o do Brasil - Ordem dos Frades Menores - OFM","potentialAction":[{"@type":"SearchAction","target":{"@type":"EntryPoint","urlTemplate":"https:\/\/franciscanos.org.br\/noticias\/?s={search_term_string}"},"query-input":"required name=search_term_string"}],"inLanguage":"pt-BR"},{"@type":"ImageObject","inLanguage":"pt-BR","@id":"https:\/\/franciscanos.org.br\/noticias\/coral-frances-vem-a-petropolis-para-conhecer-instituto-dos-meninos-cantores.html#primaryimage","url":"https:\/\/franciscanos.org.br\/noticias\/wp-content\/uploads\/2013\/07\/canarinhos_petropolis.jpg","contentUrl":"https:\/\/franciscanos.org.br\/noticias\/wp-content\/uploads\/2013\/07\/canarinhos_petropolis.jpg","width":273,"height":181},{"@type":"WebPage","@id":"https:\/\/franciscanos.org.br\/noticias\/coral-frances-vem-a-petropolis-para-conhecer-instituto-dos-meninos-cantores.html#webpage","url":"https:\/\/franciscanos.org.br\/noticias\/coral-frances-vem-a-petropolis-para-conhecer-instituto-dos-meninos-cantores.html","name":"Coral franc\u00eas vem a Petr\u00f3polis para conhecer Instituto dos Meninos Cantores - Not\u00edcias - Franciscanos","isPartOf":{"@id":"https:\/\/franciscanos.org.br\/noticias\/#website"},"primaryImageOfPage":{"@id":"https:\/\/franciscanos.org.br\/noticias\/coral-frances-vem-a-petropolis-para-conhecer-instituto-dos-meninos-cantores.html#primaryimage"},"datePublished":"2013-07-12T10:34:12+00:00","dateModified":"2021-07-05T23:11:06+00:00","author":{"@id":"https:\/\/franciscanos.org.br\/noticias\/#\/schema\/person\/b38fbf43118f02820bd932f2e4b14ad3"},"breadcrumb":{"@id":"https:\/\/franciscanos.org.br\/noticias\/coral-frances-vem-a-petropolis-para-conhecer-instituto-dos-meninos-cantores.html#breadcrumb"},"inLanguage":"pt-BR","potentialAction":[{"@type":"ReadAction","target":["https:\/\/franciscanos.org.br\/noticias\/coral-frances-vem-a-petropolis-para-conhecer-instituto-dos-meninos-cantores.html"]}]},{"@type":"BreadcrumbList","@id":"https:\/\/franciscanos.org.br\/noticias\/coral-frances-vem-a-petropolis-para-conhecer-instituto-dos-meninos-cantores.html#breadcrumb","itemListElement":[{"@type":"ListItem","position":1,"name":"Home","item":"https:\/\/franciscanos.org.br\/noticias"},{"@type":"ListItem","position":2,"name":"Coral franc\u00eas vem a Petr\u00f3polis para conhecer Instituto dos Meninos Cantores"}]},{"@type":"Person","@id":"https:\/\/franciscanos.org.br\/noticias\/#\/schema\/person\/b38fbf43118f02820bd932f2e4b14ad3","name":"admin","image":{"@type":"ImageObject","inLanguage":"pt-BR","@id":"https:\/\/franciscanos.org.br\/noticias\/#\/schema\/person\/image\/","url":"https:\/\/secure.gravatar.com\/avatar\/e8495742d34d0ba6448ea1c628263b3e?s=96&d=mm&r=g","contentUrl":"https:\/\/secure.gravatar.com\/avatar\/e8495742d34d0ba6448ea1c628263b3e?s=96&d=mm&r=g","caption":"admin"},"url":"https:\/\/franciscanos.org.br\/noticias\/author\/admin"}]}},"_links":{"self":[{"href":"https:\/\/franciscanos.org.br\/noticias\/wp-json\/wp\/v2\/posts\/41612"}],"collection":[{"href":"https:\/\/franciscanos.org.br\/noticias\/wp-json\/wp\/v2\/posts"}],"about":[{"href":"https:\/\/franciscanos.org.br\/noticias\/wp-json\/wp\/v2\/types\/post"}],"author":[{"embeddable":true,"href":"https:\/\/franciscanos.org.br\/noticias\/wp-json\/wp\/v2\/users\/1"}],"replies":[{"embeddable":true,"href":"https:\/\/franciscanos.org.br\/noticias\/wp-json\/wp\/v2\/comments?post=41612"}],"version-history":[{"count":1,"href":"https:\/\/franciscanos.org.br\/noticias\/wp-json\/wp\/v2\/posts\/41612\/revisions"}],"predecessor-version":[{"id":229251,"href":"https:\/\/franciscanos.org.br\/noticias\/wp-json\/wp\/v2\/posts\/41612\/revisions\/229251"}],"wp:featuredmedia":[{"embeddable":true,"href":"https:\/\/franciscanos.org.br\/noticias\/wp-json\/wp\/v2\/media\/201553"}],"wp:attachment":[{"href":"https:\/\/franciscanos.org.br\/noticias\/wp-json\/wp\/v2\/media?parent=41612"}],"wp:term":[{"taxonomy":"category","embeddable":true,"href":"https:\/\/franciscanos.org.br\/noticias\/wp-json\/wp\/v2\/categories?post=41612"},{"taxonomy":"post_tag","embeddable":true,"href":"https:\/\/franciscanos.org.br\/noticias\/wp-json\/wp\/v2\/tags?post=41612"}],"curies":[{"name":"wp","href":"https:\/\/api.w.org\/{rel}","templated":true}]}}