{"id":41580,"date":"2013-07-15T07:34:42","date_gmt":"2013-07-15T10:34:42","guid":{"rendered":"http:\/\/new.franciscanos.org.br\/?p=41580"},"modified":"2019-01-29T13:08:14","modified_gmt":"2019-01-29T15:08:14","slug":"veja-ultimos-lancamentos-da-vozes-2","status":"publish","type":"post","link":"https:\/\/franciscanos.org.br\/noticias\/veja-ultimos-lancamentos-da-vozes-2.html","title":{"rendered":"Veja \u00faltimos lan\u00e7amentos da Vozes"},"content":{"rendered":"<p><em><img loading=\"lazy\" class=\"alignright size-full wp-image-41581\" src=\"http:\/\/franciscanos.org.br\/wp-content\/uploads\/2013\/07\/sentar.jpg\" alt=\"sentar\" width=\"450\" height=\"690\" \/>A Editora Vozes apresenta seus \u00faltimos lan\u00e7amentos. Confira:<\/em><\/p>\n<h4><strong>Sentar e o caminhar (O) <\/strong><\/h4>\n<p><strong>ISBN<\/strong>: 9788532645777<br \/>\n224 p\u00e1ginas<br \/>\n<strong>Pre\u00e7o<\/strong>: R$ 37,00<br \/>\n<strong>autor<\/strong>: Jean-Yves Leloup<br \/>\n<strong>Peso<\/strong>: 248 gramas<br \/>\n1\u00aa edi\u00e7\u00e3o<br \/>\n<strong>Assunto<\/strong>: Espiritualidade e M\u00edstica<\/p>\n<p><em>O sentar e o caminhar s\u00e3o duas posturas complementares face \u00e0 vida. Meditar, para n\u00e3o se deixar dispersar, mas, pelo contr\u00e1rio, permanecer em conex\u00e3o consigo mesmo. Caminhar para n\u00e3o permanecer prisioneiros dos v\u00ednculos que nos entravam, mas estar sempre ligados ao movimento da vida. O autor Jean-Yves Leloup jamais interrompeu esta busca interior, feita de medita\u00e7\u00f5es inspiradas pelas tradi\u00e7\u00f5es crist\u00e3s e orientais, e de caminhadas, dos cumes do Monte Kailach \u00e0s dunas do deserto.<\/em><\/p>\n<h4><strong>Quando a alma fala atrav\u00e9s do corpo &#8211; Compreender e curar dist\u00farbios psicossom\u00e1ticos<\/strong><\/h4>\n<p><strong><img loading=\"lazy\" class=\"alignleft size-full wp-image-41619\" src=\"http:\/\/franciscanos.org.br\/wp-content\/uploads\/2013\/07\/qdaalmafala.jpg\" alt=\"qdaalmafala\" width=\"90\" height=\"150\" \/>ISBN<\/strong>: 9788532645869<br \/>\n336 p\u00e1ginas<br \/>\n<strong>Pre\u00e7o<\/strong>: R$ 53,30<br \/>\n<strong>autor<\/strong>: Sigrid Sator e Hans Morschitzky<br \/>\n<strong>Peso<\/strong>: 296 gramas<br \/>\n1\u00aa edi\u00e7\u00e3o<br \/>\n<strong>Assunto<\/strong>: Psicologia<br \/>\n<strong>Cole\u00e7\u00e3o<\/strong>: Reflex\u00f5es Junguianas<\/p>\n<p><em>Cada vez mais pessoas buscam explica\u00e7\u00f5es e tratamentos integrais para as suas queixas e almejam uma medicina que tamb\u00e9m considere mais os aspectos ps\u00edquicos. Em face da &#8220;medicina sem alma&#8221; que frequentemente ainda domina a pr\u00e1tica cl\u00ednica cotidiana, esse livro corresponde ao anseio de muitas pessoas de uma medicina humanizada.<\/em><\/p>\n<h4><strong>Envelhecendo com apetite pela vida &#8211; Interlocu\u00e7\u00f5es psicossociais <\/strong><\/h4>\n<p><strong><img loading=\"lazy\" class=\"alignright size-full wp-image-41620\" src=\"http:\/\/franciscanos.org.br\/wp-content\/uploads\/2013\/07\/envelhecendo.jpg\" alt=\"envelhecendo\" width=\"90\" height=\"150\" \/>ISBN<\/strong>: 9788532645708<br \/>\n168 p\u00e1ginas<br \/>\n<strong>Pre\u00e7o<\/strong>: R$ 29,00<br \/>\n<strong>autor<\/strong>: S\u00e9rgio Ant\u00f4nio Carlos e Sueli Souza dos Santos (orgs.)<br \/>\n<strong>Peso<\/strong>: 192 gramas<br \/>\n1\u00aa edi\u00e7\u00e3o<br \/>\n<strong>Assunto<\/strong>: Psicologia<br \/>\n<strong>Cole\u00e7\u00e3o<\/strong>: Psicologia Social<\/p>\n<p><em>Pensar sobre o envelhecimento \u00e9 pensar sobre a condi\u00e7\u00e3o humana, processo que encontra a todos, embora, muitas vezes a velhice pare\u00e7a chegar sem aviso. Talvez por isso, por muito tempo era estudado apenas por especialistas, como se a velhice s\u00f3 atingisse ou interessasse a poucos. Este livro \u00e9 uma homenagem \u00e0 vida que insiste e persiste, mesmo sob condi\u00e7\u00f5es nem sempre favor\u00e1veis.<\/em><\/p>\n<h4><strong>Din\u00e2mica e G\u00eanese dos Grupos &#8211; Atualidade das descobertas de Kurt Lewin<\/strong><\/h4>\n<p><strong><img loading=\"lazy\" class=\"alignleft size-full wp-image-41621\" src=\"http:\/\/franciscanos.org.br\/wp-content\/uploads\/2013\/07\/dinamica.jpg\" alt=\"dinamica\" width=\"90\" height=\"150\" \/>ISBN<\/strong>: 9788532645593<br \/>\n248 p\u00e1ginas<br \/>\n<strong>Pre\u00e7o<\/strong>: R$ 45,00<br \/>\n<strong>autor<\/strong>: G\u00e9rald Bernard Mailhiot<br \/>\n<strong>Peso<\/strong>: 272 gramas<br \/>\n1\u00aa edi\u00e7\u00e3o<br \/>\n<strong>Assunto<\/strong>: Psicologia<\/p>\n<p><em>Kurt Lewin forneceu \u00e0 din\u00e2mica dos grupos suas hip\u00f3teses de trabalho mais v\u00e1lidas, bem como seus instrumentos de pesquisa e suas t\u00e9cnicas de aprendizagem mais vigorosas. Para ele a din\u00e2mica dos grupos \u00e9 indissoci\u00e1vel de sua g\u00eanese. Os momentos iniciais da forma\u00e7\u00e3o de um grupo s\u00e3o determinantes para seu devir e suas posteriores supera\u00e7\u00f5es.<\/em><\/p>\n<h4><strong>Brincar da crian\u00e7a (O) &#8211; Estudo sobre o desenvolvimento infantil <\/strong><\/h4>\n<p><strong><img loading=\"lazy\" class=\"alignright size-full wp-image-41622\" src=\"http:\/\/franciscanos.org.br\/wp-content\/uploads\/2013\/07\/brincar.jpg\" alt=\"brincar\" width=\"90\" height=\"150\" \/>ISBN<\/strong>: 9788532645623<br \/>\n328 p\u00e1ginas<br \/>\n<strong>Pre\u00e7o<\/strong>: R$ 58,00<br \/>\n<strong>autor<\/strong>: Philippe Gutton<br \/>\n<strong>Peso<\/strong>: 354 gramas<br \/>\n1\u00aa edi\u00e7\u00e3o<br \/>\n<strong>Assunto<\/strong>: Educa\u00e7\u00e3o e pedagogia<\/p>\n<p><em>Neste livro o autor fala sobre o ato de brincar da crian\u00e7a e seu desenvolvimento sob uma perspectiva psicol\u00f3gica. Segundo ele, a crian\u00e7a brinca o tempo todo e essa \u00e9 uma observa\u00e7\u00e3o comum. De fato, \u00e9 imposs\u00edvel saber quando a crian\u00e7a n\u00e3o brinca, pois representa at\u00e9 mesmo o pr\u00f3prio papel, garantindo uma esp\u00e9cie de deslocamento de sua presen\u00e7a no mundo.<\/em><\/p>\n<h4><strong>Processo Ritual (o) &#8211; Estrutura e antiestrutura <\/strong><\/h4>\n<p><strong><img loading=\"lazy\" class=\"alignleft size-full wp-image-41623\" src=\"http:\/\/franciscanos.org.br\/wp-content\/uploads\/2013\/07\/processo.jpg\" alt=\"processo\" width=\"90\" height=\"150\" \/>ISBN<\/strong>: 9788532645456<br \/>\n200 p\u00e1ginas<br \/>\n<strong>Pre\u00e7o<\/strong>: R$ 42,90<br \/>\n<strong>autor<\/strong>: Victor W. Turner<br \/>\n<strong>Peso<\/strong>: 330 gramas<br \/>\n1\u00aa edi\u00e7\u00e3o<br \/>\n<strong>Assunto<\/strong>: Antropologia<br \/>\n<strong>Cole\u00e7\u00e3o<\/strong>: Antropologia<\/p>\n<p><em>Baseado em estudos elaborados para a famosa &#8220;Morgan Lectures&#8221;, do Departamento de Antropologia da Universidade de Rochester (USA), em abril de 1966, este livro se divide em duas partes. Trata inicialmente da estrutura simb\u00f3lica de um determinado ritual primitivo e dos aspectos sem\u00e2nticos de sua estrutura; em seguida, procura explorar algumas das particularidades sociais, mais do que simb\u00f3licas, da fase liminar do ritual.<\/em><\/p>\n<h4><strong>Nietzsche &#8211; O humano como mem\u00f3ria e como promessa <\/strong><\/h4>\n<p><strong><img loading=\"lazy\" class=\"alignright size-full wp-image-41624\" src=\"http:\/\/franciscanos.org.br\/wp-content\/uploads\/2013\/07\/Nietzsche.jpg\" alt=\"Nietzsche\" width=\"90\" height=\"150\" \/>ISBN<\/strong>: 9788532645692<br \/>\n344 p\u00e1ginas<br \/>\n<strong>Pre\u00e7o<\/strong>: R$ 49,00<br \/>\n<strong>autor<\/strong>: Oswaldo Giacoia J\u00fanior<br \/>\n<strong>Peso<\/strong>: 366 gramas<br \/>\n1\u00aa edi\u00e7\u00e3o<br \/>\n<strong>Assunto:<\/strong> Filosofia<\/p>\n<p><em>O pensamento geneal\u00f3gico de Nietzsche percorre um arco que se estende entre a pr\u00e9-hist\u00f3ria da hominiza\u00e7\u00e3o e a forma\u00e7\u00e3o de unidades complexas de rela\u00e7\u00f5es s\u00f3cio-pol\u00edticas de poder e domina\u00e7\u00e3o. O autor aborda neste livro a din\u00e2mica desse processo e afirma que ela \u00e9 determinada pela interioriza\u00e7\u00e3o e sublima\u00e7\u00e3o da pot\u00eancia tel\u00farica das puls\u00f5es, num multifacetado jogo de oposi\u00e7\u00e3o e alian\u00e7a entre for\u00e7as no interior do qual adv\u00e9m as diferentes configura\u00e7\u00f5es que o ser humano d\u00e1 a si mesmo no curso da hist\u00f3ria.<\/em><\/p>\n<h4><strong>Ora\u00e7\u00f5es, b\u00ean\u00e7\u00e3os e celebra\u00e7\u00f5es para a fam\u00edlia\u00a0<\/strong><\/h4>\n<p><strong><img loading=\"lazy\" class=\"alignleft size-full wp-image-41625\" src=\"http:\/\/franciscanos.org.br\/wp-content\/uploads\/2013\/07\/oracoes.jpg\" alt=\"oracoes\" width=\"90\" height=\"150\" \/>ISBN:<\/strong> 9788532645609<br \/>\n72 p\u00e1ginas<br \/>\n<strong>Pre\u00e7o<\/strong>: R$ 15,00<br \/>\n<strong>autor<\/strong>: Eder Vasconcelos<br \/>\n<strong>Peso<\/strong>: 80 gramas<br \/>\n1\u00aa edi\u00e7\u00e3o<br \/>\n<strong>Assunto<\/strong>: Devocion\u00e1rios<\/p>\n<p><em>A m\u00edstica crist\u00e3 est\u00e1 toda mergulhada no esp\u00edrito da ora\u00e7\u00e3o. Teresa de Calcut\u00e1 dizia: &#8220;A fam\u00edlia que reza unida permanece unida, e se eles ficam unidos, eles amar\u00e3o uns aos outros como Deus amou cada um deles&#8221;. Ora\u00e7\u00f5es, b\u00ean\u00e7\u00e3os e celebra\u00e7\u00f5es para a fam\u00edlia \u00e9 um guia pr\u00e1tico que ajudar\u00e1 nossas fam\u00edlias a se exercitarem no esp\u00edrito da ora\u00e7\u00e3o cotidiana.<\/em><\/p>\n<h4><strong>Dia a Dia do Catequista &#8211; Agenda de Planejamento 2014<\/strong><\/h4>\n<p><strong><img loading=\"lazy\" class=\"alignright size-full wp-image-41626\" src=\"http:\/\/franciscanos.org.br\/wp-content\/uploads\/2013\/07\/diaadia.jpg\" alt=\"diaadia\" width=\"90\" height=\"126\" \/>EAN:<\/strong> 7898563140348<br \/>\n160 p\u00e1ginas<br \/>\n<strong>Pre\u00e7o:<\/strong> R$ 15,00<br \/>\n<strong>autor:<\/strong> Regina Helena Mantovani e Pe. Alexsander Cordeiro Lopes (orgs.)<br \/>\n<strong>Peso:<\/strong> 128 gramas<br \/>\n1\u00aa edi\u00e7\u00e3o<br \/>\n<strong>Assunto:<\/strong> Catequese &#8211; Outros livros<\/p>\n<p><em>Um instrumento de informa\u00e7\u00e3o e forma\u00e7\u00e3o experiencial que prima em oferecer aos catequistas textos reflexivos como meios para que possam realizar seu encontro pessoal com Jesus Cristo.<\/em><\/p>\n<h4><strong>Nossa Senhora Do Ros\u00e1rio &#8211; Invocada para a prote\u00e7\u00e3o nas batalhas di\u00e1rias &#8211; Novena e Ladainha <\/strong><\/h4>\n<p><strong><img loading=\"lazy\" class=\"alignleft size-full wp-image-41627\" src=\"http:\/\/franciscanos.org.br\/wp-content\/uploads\/2013\/07\/nsenhora.jpg\" alt=\"nsenhora\" width=\"90\" height=\"150\" \/>ISBN:<\/strong> 9788532645876<br \/>\n32 p\u00e1ginas<br \/>\n<strong>Pre\u00e7o:<\/strong> R$ 4,50<br \/>\n<strong>autor:<\/strong> Elam de Almeida Pimentel<br \/>\n<strong>Peso:<\/strong> 16 gramas<br \/>\n1\u00aa edi\u00e7\u00e3o<br \/>\n<strong>Assunto:<\/strong> Devocion\u00e1rios<\/p>\n<p><em>A Virgem Maria, em uma de suas apari\u00e7\u00f5es, deu-se a conhecer como Nossa Senhora do Ros\u00e1rio , ensinando a rezar o ter\u00e7o para combater os males e as calamidades que afligem o corpo e a alma de todos n\u00f3s. Rezar e seguir os conselhos de Nossa Senhora do Ros\u00e1rio podem nos ajudar a mudar nossa vida nos momentos de dificuldades.<\/em><\/p>\n","protected":false},"excerpt":{"rendered":"<p>Livros<\/p>\n","protected":false},"author":1,"featured_media":194592,"comment_status":"closed","ping_status":"open","sticky":false,"template":"","format":"standard","meta":[],"categories":[1],"tags":[238],"acf":[],"yoast_head":"<!-- This site is optimized with the Yoast SEO plugin v19.2 - https:\/\/yoast.com\/wordpress\/plugins\/seo\/ -->\n<title>Veja \u00faltimos lan\u00e7amentos da Vozes - Not\u00edcias - Franciscanos<\/title>\n<meta name=\"robots\" content=\"index, follow, max-snippet:-1, max-image-preview:large, max-video-preview:-1\" \/>\n<link rel=\"canonical\" href=\"https:\/\/franciscanos.org.br\/noticias\/veja-ultimos-lancamentos-da-vozes-2.html\" \/>\n<meta property=\"og:locale\" content=\"pt_BR\" \/>\n<meta property=\"og:type\" content=\"article\" \/>\n<meta property=\"og:title\" content=\"Veja \u00faltimos lan\u00e7amentos da Vozes - Not\u00edcias - Franciscanos\" \/>\n<meta property=\"og:description\" content=\"Livros\" \/>\n<meta property=\"og:url\" content=\"https:\/\/franciscanos.org.br\/noticias\/veja-ultimos-lancamentos-da-vozes-2.html\" \/>\n<meta property=\"og:site_name\" content=\"Not\u00edcias - Franciscanos\" \/>\n<meta property=\"article:published_time\" content=\"2013-07-15T10:34:42+00:00\" \/>\n<meta property=\"article:modified_time\" content=\"2019-01-29T15:08:14+00:00\" \/>\n<meta property=\"og:image\" content=\"https:\/\/franciscanos.org.br\/noticias\/wp-content\/uploads\/2017\/11\/vozes.png\" \/>\n\t<meta property=\"og:image:width\" content=\"273\" \/>\n\t<meta property=\"og:image:height\" content=\"181\" \/>\n\t<meta property=\"og:image:type\" content=\"image\/png\" \/>\n<meta name=\"author\" content=\"admin\" \/>\n<meta name=\"twitter:card\" content=\"summary_large_image\" \/>\n<meta name=\"twitter:label1\" content=\"Escrito por\" \/>\n\t<meta name=\"twitter:data1\" content=\"admin\" \/>\n\t<meta name=\"twitter:label2\" content=\"Est. tempo de leitura\" \/>\n\t<meta name=\"twitter:data2\" content=\"5 minutos\" \/>\n<script type=\"application\/ld+json\" class=\"yoast-schema-graph\">{\"@context\":\"https:\/\/schema.org\",\"@graph\":[{\"@type\":\"WebSite\",\"@id\":\"https:\/\/franciscanos.org.br\/noticias\/#website\",\"url\":\"https:\/\/franciscanos.org.br\/noticias\/\",\"name\":\"Not\u00edcias - Franciscanos\",\"description\":\"Prov\u00edncia Franciscana da Imaculada Concei\u00e7\u00e3o do Brasil - Ordem dos Frades Menores - OFM\",\"potentialAction\":[{\"@type\":\"SearchAction\",\"target\":{\"@type\":\"EntryPoint\",\"urlTemplate\":\"https:\/\/franciscanos.org.br\/noticias\/?s={search_term_string}\"},\"query-input\":\"required name=search_term_string\"}],\"inLanguage\":\"pt-BR\"},{\"@type\":\"ImageObject\",\"inLanguage\":\"pt-BR\",\"@id\":\"https:\/\/franciscanos.org.br\/noticias\/veja-ultimos-lancamentos-da-vozes-2.html#primaryimage\",\"url\":\"https:\/\/franciscanos.org.br\/noticias\/wp-content\/uploads\/2017\/11\/vozes.png\",\"contentUrl\":\"https:\/\/franciscanos.org.br\/noticias\/wp-content\/uploads\/2017\/11\/vozes.png\",\"width\":273,\"height\":181},{\"@type\":\"WebPage\",\"@id\":\"https:\/\/franciscanos.org.br\/noticias\/veja-ultimos-lancamentos-da-vozes-2.html#webpage\",\"url\":\"https:\/\/franciscanos.org.br\/noticias\/veja-ultimos-lancamentos-da-vozes-2.html\",\"name\":\"Veja \u00faltimos lan\u00e7amentos da Vozes - Not\u00edcias - Franciscanos\",\"isPartOf\":{\"@id\":\"https:\/\/franciscanos.org.br\/noticias\/#website\"},\"primaryImageOfPage\":{\"@id\":\"https:\/\/franciscanos.org.br\/noticias\/veja-ultimos-lancamentos-da-vozes-2.html#primaryimage\"},\"datePublished\":\"2013-07-15T10:34:42+00:00\",\"dateModified\":\"2019-01-29T15:08:14+00:00\",\"author\":{\"@id\":\"https:\/\/franciscanos.org.br\/noticias\/#\/schema\/person\/b38fbf43118f02820bd932f2e4b14ad3\"},\"breadcrumb\":{\"@id\":\"https:\/\/franciscanos.org.br\/noticias\/veja-ultimos-lancamentos-da-vozes-2.html#breadcrumb\"},\"inLanguage\":\"pt-BR\",\"potentialAction\":[{\"@type\":\"ReadAction\",\"target\":[\"https:\/\/franciscanos.org.br\/noticias\/veja-ultimos-lancamentos-da-vozes-2.html\"]}]},{\"@type\":\"BreadcrumbList\",\"@id\":\"https:\/\/franciscanos.org.br\/noticias\/veja-ultimos-lancamentos-da-vozes-2.html#breadcrumb\",\"itemListElement\":[{\"@type\":\"ListItem\",\"position\":1,\"name\":\"Home\",\"item\":\"https:\/\/franciscanos.org.br\/noticias\"},{\"@type\":\"ListItem\",\"position\":2,\"name\":\"Veja \u00faltimos lan\u00e7amentos da Vozes\"}]},{\"@type\":\"Person\",\"@id\":\"https:\/\/franciscanos.org.br\/noticias\/#\/schema\/person\/b38fbf43118f02820bd932f2e4b14ad3\",\"name\":\"admin\",\"image\":{\"@type\":\"ImageObject\",\"inLanguage\":\"pt-BR\",\"@id\":\"https:\/\/franciscanos.org.br\/noticias\/#\/schema\/person\/image\/\",\"url\":\"https:\/\/secure.gravatar.com\/avatar\/e8495742d34d0ba6448ea1c628263b3e?s=96&d=mm&r=g\",\"contentUrl\":\"https:\/\/secure.gravatar.com\/avatar\/e8495742d34d0ba6448ea1c628263b3e?s=96&d=mm&r=g\",\"caption\":\"admin\"},\"url\":\"https:\/\/franciscanos.org.br\/noticias\/author\/admin\"}]}<\/script>\n<!-- \/ Yoast SEO plugin. -->","yoast_head_json":{"title":"Veja \u00faltimos lan\u00e7amentos da Vozes - Not\u00edcias - Franciscanos","robots":{"index":"index","follow":"follow","max-snippet":"max-snippet:-1","max-image-preview":"max-image-preview:large","max-video-preview":"max-video-preview:-1"},"canonical":"https:\/\/franciscanos.org.br\/noticias\/veja-ultimos-lancamentos-da-vozes-2.html","og_locale":"pt_BR","og_type":"article","og_title":"Veja \u00faltimos lan\u00e7amentos da Vozes - Not\u00edcias - Franciscanos","og_description":"Livros","og_url":"https:\/\/franciscanos.org.br\/noticias\/veja-ultimos-lancamentos-da-vozes-2.html","og_site_name":"Not\u00edcias - Franciscanos","article_published_time":"2013-07-15T10:34:42+00:00","article_modified_time":"2019-01-29T15:08:14+00:00","og_image":[{"width":273,"height":181,"url":"https:\/\/franciscanos.org.br\/noticias\/wp-content\/uploads\/2017\/11\/vozes.png","type":"image\/png"}],"author":"admin","twitter_card":"summary_large_image","twitter_misc":{"Escrito por":"admin","Est. tempo de leitura":"5 minutos"},"schema":{"@context":"https:\/\/schema.org","@graph":[{"@type":"WebSite","@id":"https:\/\/franciscanos.org.br\/noticias\/#website","url":"https:\/\/franciscanos.org.br\/noticias\/","name":"Not\u00edcias - Franciscanos","description":"Prov\u00edncia Franciscana da Imaculada Concei\u00e7\u00e3o do Brasil - Ordem dos Frades Menores - OFM","potentialAction":[{"@type":"SearchAction","target":{"@type":"EntryPoint","urlTemplate":"https:\/\/franciscanos.org.br\/noticias\/?s={search_term_string}"},"query-input":"required name=search_term_string"}],"inLanguage":"pt-BR"},{"@type":"ImageObject","inLanguage":"pt-BR","@id":"https:\/\/franciscanos.org.br\/noticias\/veja-ultimos-lancamentos-da-vozes-2.html#primaryimage","url":"https:\/\/franciscanos.org.br\/noticias\/wp-content\/uploads\/2017\/11\/vozes.png","contentUrl":"https:\/\/franciscanos.org.br\/noticias\/wp-content\/uploads\/2017\/11\/vozes.png","width":273,"height":181},{"@type":"WebPage","@id":"https:\/\/franciscanos.org.br\/noticias\/veja-ultimos-lancamentos-da-vozes-2.html#webpage","url":"https:\/\/franciscanos.org.br\/noticias\/veja-ultimos-lancamentos-da-vozes-2.html","name":"Veja \u00faltimos lan\u00e7amentos da Vozes - Not\u00edcias - Franciscanos","isPartOf":{"@id":"https:\/\/franciscanos.org.br\/noticias\/#website"},"primaryImageOfPage":{"@id":"https:\/\/franciscanos.org.br\/noticias\/veja-ultimos-lancamentos-da-vozes-2.html#primaryimage"},"datePublished":"2013-07-15T10:34:42+00:00","dateModified":"2019-01-29T15:08:14+00:00","author":{"@id":"https:\/\/franciscanos.org.br\/noticias\/#\/schema\/person\/b38fbf43118f02820bd932f2e4b14ad3"},"breadcrumb":{"@id":"https:\/\/franciscanos.org.br\/noticias\/veja-ultimos-lancamentos-da-vozes-2.html#breadcrumb"},"inLanguage":"pt-BR","potentialAction":[{"@type":"ReadAction","target":["https:\/\/franciscanos.org.br\/noticias\/veja-ultimos-lancamentos-da-vozes-2.html"]}]},{"@type":"BreadcrumbList","@id":"https:\/\/franciscanos.org.br\/noticias\/veja-ultimos-lancamentos-da-vozes-2.html#breadcrumb","itemListElement":[{"@type":"ListItem","position":1,"name":"Home","item":"https:\/\/franciscanos.org.br\/noticias"},{"@type":"ListItem","position":2,"name":"Veja \u00faltimos lan\u00e7amentos da Vozes"}]},{"@type":"Person","@id":"https:\/\/franciscanos.org.br\/noticias\/#\/schema\/person\/b38fbf43118f02820bd932f2e4b14ad3","name":"admin","image":{"@type":"ImageObject","inLanguage":"pt-BR","@id":"https:\/\/franciscanos.org.br\/noticias\/#\/schema\/person\/image\/","url":"https:\/\/secure.gravatar.com\/avatar\/e8495742d34d0ba6448ea1c628263b3e?s=96&d=mm&r=g","contentUrl":"https:\/\/secure.gravatar.com\/avatar\/e8495742d34d0ba6448ea1c628263b3e?s=96&d=mm&r=g","caption":"admin"},"url":"https:\/\/franciscanos.org.br\/noticias\/author\/admin"}]}},"_links":{"self":[{"href":"https:\/\/franciscanos.org.br\/noticias\/wp-json\/wp\/v2\/posts\/41580"}],"collection":[{"href":"https:\/\/franciscanos.org.br\/noticias\/wp-json\/wp\/v2\/posts"}],"about":[{"href":"https:\/\/franciscanos.org.br\/noticias\/wp-json\/wp\/v2\/types\/post"}],"author":[{"embeddable":true,"href":"https:\/\/franciscanos.org.br\/noticias\/wp-json\/wp\/v2\/users\/1"}],"replies":[{"embeddable":true,"href":"https:\/\/franciscanos.org.br\/noticias\/wp-json\/wp\/v2\/comments?post=41580"}],"version-history":[{"count":0,"href":"https:\/\/franciscanos.org.br\/noticias\/wp-json\/wp\/v2\/posts\/41580\/revisions"}],"wp:featuredmedia":[{"embeddable":true,"href":"https:\/\/franciscanos.org.br\/noticias\/wp-json\/wp\/v2\/media\/194592"}],"wp:attachment":[{"href":"https:\/\/franciscanos.org.br\/noticias\/wp-json\/wp\/v2\/media?parent=41580"}],"wp:term":[{"taxonomy":"category","embeddable":true,"href":"https:\/\/franciscanos.org.br\/noticias\/wp-json\/wp\/v2\/categories?post=41580"},{"taxonomy":"post_tag","embeddable":true,"href":"https:\/\/franciscanos.org.br\/noticias\/wp-json\/wp\/v2\/tags?post=41580"}],"curies":[{"name":"wp","href":"https:\/\/api.w.org\/{rel}","templated":true}]}}