{"id":41235,"date":"2013-07-10T07:35:16","date_gmt":"2013-07-10T10:35:16","guid":{"rendered":"http:\/\/new.franciscanos.org.br\/?p=41235"},"modified":"2021-07-05T20:05:17","modified_gmt":"2021-07-05T23:05:17","slug":"congresso-nacional-de-meninos-cantores-possibilita-troca-de-experiencias","status":"publish","type":"post","link":"https:\/\/franciscanos.org.br\/noticias\/congresso-nacional-de-meninos-cantores-possibilita-troca-de-experiencias.html","title":{"rendered":"Congresso Nacional de Meninos Cantores possibilita troca de experi\u00eancias"},"content":{"rendered":"<p><a href=\"http:\/\/franciscanos.org.br\/wp-content\/uploads\/2013\/07\/25-canarinhos-820.jpg\"><img loading=\"lazy\" src=\"http:\/\/franciscanos.org.br\/wp-content\/uploads\/2013\/07\/25-canarinhos-820.jpg\" alt=\"25-canarinhos-820\" width=\"820\" height=\"431\" \/><\/a><br \/>\nO Instituto dos Meninos Cantores de Petr\u00f3polis estar\u00e1 participando, de 09 a 15 de julho, do XV Congresso Nacional de Meninos Cantores, em Sete Lagoas. Na volta para casa, o coro traz a Petr\u00f3polis Os Meninos Cantores de Bordeaux, da Fran\u00e7a, para mais um interc\u00e2mbio cultural.<\/p>\n<p>Promovido a cada tr\u00eas anos, o Congresso Nacional de Meninos Cantores \u00e9 a oportunidade da uni\u00e3o de vozes entre dezenas de meninos e meninas do Brasil, e de coros internacionais, dividindo cultura, experi\u00eancia e sonhos. A experi\u00eancia promete transmitir os verdadeiros valores da vida, levando mensagens de paz, espiritualidade e fraternidade, emocionando e encantando a plat\u00e9ia por meio da m\u00fasica.<\/p>\n<p>Para os coralistas do Instituto, a oportunidade do evento \u00e9 resultado dos anos de trabalho e dedica\u00e7\u00e3o, demonstrando o reconhecimento das centenas de vozes que representam o que significa ser um canarinho.<\/p>\n<p>Promovido pela Federa\u00e7\u00e3o Nacional dos Meninos Cantores do Brasil, o congresso \u00e9 aberto apenas \u00e0 coros filiados \u00e0 federa\u00e7\u00e3o de puericantores, como forma a garantir o encontro das melhores vozes nacionais.<\/p>\n<p>Durante o evento, os pequenos m\u00fasicos ficar\u00e3o hospedados nas casas de fam\u00edlias das par\u00f3quias, permitindo um n\u00edvel maior de integra\u00e7\u00e3o com a comunidade setelagoana. O evento ser\u00e1 gratuito \u00e0 popula\u00e7\u00e3o, em todos os dias, por\u00e9m \u00e9 aconselh\u00e1vel comparecer com anteced\u00eancia, para maior comodidade.<\/p>\n","protected":false},"excerpt":{"rendered":"<p> Canarinhos<\/p>\n","protected":false},"author":1,"featured_media":217107,"comment_status":"closed","ping_status":"open","sticky":false,"template":"","format":"standard","meta":[],"categories":[1],"tags":[1378],"acf":[],"yoast_head":"<!-- This site is optimized with the Yoast SEO plugin v19.2 - https:\/\/yoast.com\/wordpress\/plugins\/seo\/ -->\n<title>Congresso Nacional de Meninos Cantores possibilita troca de experi\u00eancias - Not\u00edcias - Franciscanos<\/title>\n<meta name=\"robots\" content=\"index, follow, max-snippet:-1, max-image-preview:large, max-video-preview:-1\" \/>\n<link rel=\"canonical\" href=\"https:\/\/franciscanos.org.br\/noticias\/congresso-nacional-de-meninos-cantores-possibilita-troca-de-experiencias.html\" \/>\n<meta property=\"og:locale\" content=\"pt_BR\" \/>\n<meta property=\"og:type\" content=\"article\" \/>\n<meta property=\"og:title\" content=\"Congresso Nacional de Meninos Cantores possibilita troca de experi\u00eancias - Not\u00edcias - Franciscanos\" \/>\n<meta property=\"og:description\" content=\"Canarinhos\" \/>\n<meta property=\"og:url\" content=\"https:\/\/franciscanos.org.br\/noticias\/congresso-nacional-de-meninos-cantores-possibilita-troca-de-experiencias.html\" \/>\n<meta property=\"og:site_name\" content=\"Not\u00edcias - Franciscanos\" \/>\n<meta property=\"article:published_time\" content=\"2013-07-10T10:35:16+00:00\" \/>\n<meta property=\"article:modified_time\" content=\"2021-07-05T23:05:17+00:00\" \/>\n<meta property=\"og:image\" content=\"https:\/\/franciscanos.org.br\/noticias\/wp-content\/uploads\/2013\/07\/25-canarinhos-820.jpg\" \/>\n\t<meta property=\"og:image:width\" content=\"273\" \/>\n\t<meta property=\"og:image:height\" content=\"172\" \/>\n\t<meta property=\"og:image:type\" content=\"image\/jpeg\" \/>\n<meta name=\"author\" content=\"admin\" \/>\n<meta name=\"twitter:card\" content=\"summary_large_image\" \/>\n<meta name=\"twitter:label1\" content=\"Escrito por\" \/>\n\t<meta name=\"twitter:data1\" content=\"admin\" \/>\n\t<meta name=\"twitter:label2\" content=\"Est. tempo de leitura\" \/>\n\t<meta name=\"twitter:data2\" content=\"1 minuto\" \/>\n<script type=\"application\/ld+json\" class=\"yoast-schema-graph\">{\"@context\":\"https:\/\/schema.org\",\"@graph\":[{\"@type\":\"WebSite\",\"@id\":\"https:\/\/franciscanos.org.br\/noticias\/#website\",\"url\":\"https:\/\/franciscanos.org.br\/noticias\/\",\"name\":\"Not\u00edcias - Franciscanos\",\"description\":\"Prov\u00edncia Franciscana da Imaculada Concei\u00e7\u00e3o do Brasil - Ordem dos Frades Menores - OFM\",\"potentialAction\":[{\"@type\":\"SearchAction\",\"target\":{\"@type\":\"EntryPoint\",\"urlTemplate\":\"https:\/\/franciscanos.org.br\/noticias\/?s={search_term_string}\"},\"query-input\":\"required name=search_term_string\"}],\"inLanguage\":\"pt-BR\"},{\"@type\":\"ImageObject\",\"inLanguage\":\"pt-BR\",\"@id\":\"https:\/\/franciscanos.org.br\/noticias\/congresso-nacional-de-meninos-cantores-possibilita-troca-de-experiencias.html#primaryimage\",\"url\":\"https:\/\/franciscanos.org.br\/noticias\/wp-content\/uploads\/2013\/07\/25-canarinhos-820.jpg\",\"contentUrl\":\"https:\/\/franciscanos.org.br\/noticias\/wp-content\/uploads\/2013\/07\/25-canarinhos-820.jpg\",\"width\":273,\"height\":172},{\"@type\":\"WebPage\",\"@id\":\"https:\/\/franciscanos.org.br\/noticias\/congresso-nacional-de-meninos-cantores-possibilita-troca-de-experiencias.html#webpage\",\"url\":\"https:\/\/franciscanos.org.br\/noticias\/congresso-nacional-de-meninos-cantores-possibilita-troca-de-experiencias.html\",\"name\":\"Congresso Nacional de Meninos Cantores possibilita troca de experi\u00eancias - Not\u00edcias - Franciscanos\",\"isPartOf\":{\"@id\":\"https:\/\/franciscanos.org.br\/noticias\/#website\"},\"primaryImageOfPage\":{\"@id\":\"https:\/\/franciscanos.org.br\/noticias\/congresso-nacional-de-meninos-cantores-possibilita-troca-de-experiencias.html#primaryimage\"},\"datePublished\":\"2013-07-10T10:35:16+00:00\",\"dateModified\":\"2021-07-05T23:05:17+00:00\",\"author\":{\"@id\":\"https:\/\/franciscanos.org.br\/noticias\/#\/schema\/person\/b38fbf43118f02820bd932f2e4b14ad3\"},\"breadcrumb\":{\"@id\":\"https:\/\/franciscanos.org.br\/noticias\/congresso-nacional-de-meninos-cantores-possibilita-troca-de-experiencias.html#breadcrumb\"},\"inLanguage\":\"pt-BR\",\"potentialAction\":[{\"@type\":\"ReadAction\",\"target\":[\"https:\/\/franciscanos.org.br\/noticias\/congresso-nacional-de-meninos-cantores-possibilita-troca-de-experiencias.html\"]}]},{\"@type\":\"BreadcrumbList\",\"@id\":\"https:\/\/franciscanos.org.br\/noticias\/congresso-nacional-de-meninos-cantores-possibilita-troca-de-experiencias.html#breadcrumb\",\"itemListElement\":[{\"@type\":\"ListItem\",\"position\":1,\"name\":\"Home\",\"item\":\"https:\/\/franciscanos.org.br\/noticias\"},{\"@type\":\"ListItem\",\"position\":2,\"name\":\"Congresso Nacional de Meninos Cantores possibilita troca de experi\u00eancias\"}]},{\"@type\":\"Person\",\"@id\":\"https:\/\/franciscanos.org.br\/noticias\/#\/schema\/person\/b38fbf43118f02820bd932f2e4b14ad3\",\"name\":\"admin\",\"image\":{\"@type\":\"ImageObject\",\"inLanguage\":\"pt-BR\",\"@id\":\"https:\/\/franciscanos.org.br\/noticias\/#\/schema\/person\/image\/\",\"url\":\"https:\/\/secure.gravatar.com\/avatar\/e8495742d34d0ba6448ea1c628263b3e?s=96&d=mm&r=g\",\"contentUrl\":\"https:\/\/secure.gravatar.com\/avatar\/e8495742d34d0ba6448ea1c628263b3e?s=96&d=mm&r=g\",\"caption\":\"admin\"},\"url\":\"https:\/\/franciscanos.org.br\/noticias\/author\/admin\"}]}<\/script>\n<!-- \/ Yoast SEO plugin. -->","yoast_head_json":{"title":"Congresso Nacional de Meninos Cantores possibilita troca de experi\u00eancias - Not\u00edcias - Franciscanos","robots":{"index":"index","follow":"follow","max-snippet":"max-snippet:-1","max-image-preview":"max-image-preview:large","max-video-preview":"max-video-preview:-1"},"canonical":"https:\/\/franciscanos.org.br\/noticias\/congresso-nacional-de-meninos-cantores-possibilita-troca-de-experiencias.html","og_locale":"pt_BR","og_type":"article","og_title":"Congresso Nacional de Meninos Cantores possibilita troca de experi\u00eancias - Not\u00edcias - Franciscanos","og_description":"Canarinhos","og_url":"https:\/\/franciscanos.org.br\/noticias\/congresso-nacional-de-meninos-cantores-possibilita-troca-de-experiencias.html","og_site_name":"Not\u00edcias - Franciscanos","article_published_time":"2013-07-10T10:35:16+00:00","article_modified_time":"2021-07-05T23:05:17+00:00","og_image":[{"width":273,"height":172,"url":"https:\/\/franciscanos.org.br\/noticias\/wp-content\/uploads\/2013\/07\/25-canarinhos-820.jpg","type":"image\/jpeg"}],"author":"admin","twitter_card":"summary_large_image","twitter_misc":{"Escrito por":"admin","Est. tempo de leitura":"1 minuto"},"schema":{"@context":"https:\/\/schema.org","@graph":[{"@type":"WebSite","@id":"https:\/\/franciscanos.org.br\/noticias\/#website","url":"https:\/\/franciscanos.org.br\/noticias\/","name":"Not\u00edcias - Franciscanos","description":"Prov\u00edncia Franciscana da Imaculada Concei\u00e7\u00e3o do Brasil - Ordem dos Frades Menores - OFM","potentialAction":[{"@type":"SearchAction","target":{"@type":"EntryPoint","urlTemplate":"https:\/\/franciscanos.org.br\/noticias\/?s={search_term_string}"},"query-input":"required name=search_term_string"}],"inLanguage":"pt-BR"},{"@type":"ImageObject","inLanguage":"pt-BR","@id":"https:\/\/franciscanos.org.br\/noticias\/congresso-nacional-de-meninos-cantores-possibilita-troca-de-experiencias.html#primaryimage","url":"https:\/\/franciscanos.org.br\/noticias\/wp-content\/uploads\/2013\/07\/25-canarinhos-820.jpg","contentUrl":"https:\/\/franciscanos.org.br\/noticias\/wp-content\/uploads\/2013\/07\/25-canarinhos-820.jpg","width":273,"height":172},{"@type":"WebPage","@id":"https:\/\/franciscanos.org.br\/noticias\/congresso-nacional-de-meninos-cantores-possibilita-troca-de-experiencias.html#webpage","url":"https:\/\/franciscanos.org.br\/noticias\/congresso-nacional-de-meninos-cantores-possibilita-troca-de-experiencias.html","name":"Congresso Nacional de Meninos Cantores possibilita troca de experi\u00eancias - Not\u00edcias - Franciscanos","isPartOf":{"@id":"https:\/\/franciscanos.org.br\/noticias\/#website"},"primaryImageOfPage":{"@id":"https:\/\/franciscanos.org.br\/noticias\/congresso-nacional-de-meninos-cantores-possibilita-troca-de-experiencias.html#primaryimage"},"datePublished":"2013-07-10T10:35:16+00:00","dateModified":"2021-07-05T23:05:17+00:00","author":{"@id":"https:\/\/franciscanos.org.br\/noticias\/#\/schema\/person\/b38fbf43118f02820bd932f2e4b14ad3"},"breadcrumb":{"@id":"https:\/\/franciscanos.org.br\/noticias\/congresso-nacional-de-meninos-cantores-possibilita-troca-de-experiencias.html#breadcrumb"},"inLanguage":"pt-BR","potentialAction":[{"@type":"ReadAction","target":["https:\/\/franciscanos.org.br\/noticias\/congresso-nacional-de-meninos-cantores-possibilita-troca-de-experiencias.html"]}]},{"@type":"BreadcrumbList","@id":"https:\/\/franciscanos.org.br\/noticias\/congresso-nacional-de-meninos-cantores-possibilita-troca-de-experiencias.html#breadcrumb","itemListElement":[{"@type":"ListItem","position":1,"name":"Home","item":"https:\/\/franciscanos.org.br\/noticias"},{"@type":"ListItem","position":2,"name":"Congresso Nacional de Meninos Cantores possibilita troca de experi\u00eancias"}]},{"@type":"Person","@id":"https:\/\/franciscanos.org.br\/noticias\/#\/schema\/person\/b38fbf43118f02820bd932f2e4b14ad3","name":"admin","image":{"@type":"ImageObject","inLanguage":"pt-BR","@id":"https:\/\/franciscanos.org.br\/noticias\/#\/schema\/person\/image\/","url":"https:\/\/secure.gravatar.com\/avatar\/e8495742d34d0ba6448ea1c628263b3e?s=96&d=mm&r=g","contentUrl":"https:\/\/secure.gravatar.com\/avatar\/e8495742d34d0ba6448ea1c628263b3e?s=96&d=mm&r=g","caption":"admin"},"url":"https:\/\/franciscanos.org.br\/noticias\/author\/admin"}]}},"_links":{"self":[{"href":"https:\/\/franciscanos.org.br\/noticias\/wp-json\/wp\/v2\/posts\/41235"}],"collection":[{"href":"https:\/\/franciscanos.org.br\/noticias\/wp-json\/wp\/v2\/posts"}],"about":[{"href":"https:\/\/franciscanos.org.br\/noticias\/wp-json\/wp\/v2\/types\/post"}],"author":[{"embeddable":true,"href":"https:\/\/franciscanos.org.br\/noticias\/wp-json\/wp\/v2\/users\/1"}],"replies":[{"embeddable":true,"href":"https:\/\/franciscanos.org.br\/noticias\/wp-json\/wp\/v2\/comments?post=41235"}],"version-history":[{"count":1,"href":"https:\/\/franciscanos.org.br\/noticias\/wp-json\/wp\/v2\/posts\/41235\/revisions"}],"predecessor-version":[{"id":229256,"href":"https:\/\/franciscanos.org.br\/noticias\/wp-json\/wp\/v2\/posts\/41235\/revisions\/229256"}],"wp:featuredmedia":[{"embeddable":true,"href":"https:\/\/franciscanos.org.br\/noticias\/wp-json\/wp\/v2\/media\/217107"}],"wp:attachment":[{"href":"https:\/\/franciscanos.org.br\/noticias\/wp-json\/wp\/v2\/media?parent=41235"}],"wp:term":[{"taxonomy":"category","embeddable":true,"href":"https:\/\/franciscanos.org.br\/noticias\/wp-json\/wp\/v2\/categories?post=41235"},{"taxonomy":"post_tag","embeddable":true,"href":"https:\/\/franciscanos.org.br\/noticias\/wp-json\/wp\/v2\/tags?post=41235"}],"curies":[{"name":"wp","href":"https:\/\/api.w.org\/{rel}","templated":true}]}}