{"id":41216,"date":"2013-07-09T13:27:10","date_gmt":"2013-07-09T16:27:10","guid":{"rendered":"http:\/\/new.franciscanos.org.br\/?p=41216"},"modified":"2020-02-11T13:09:00","modified_gmt":"2020-02-11T16:09:00","slug":"argentino-frei-julio-e-o-novo-vigario-geral","status":"publish","type":"post","link":"https:\/\/franciscanos.org.br\/noticias\/argentino-frei-julio-e-o-novo-vigario-geral.html","title":{"rendered":"Argentino Frei Julio \u00e9 eleito o novo Vig\u00e1rio Geral da Ordem"},"content":{"rendered":"<p><img loading=\"lazy\" class=\" wp-image-41274 alignright\" src=\"http:\/\/franciscanos.org.br\/wp-content\/uploads\/2013\/07\/julio1.jpg\" alt=\"Frei Julio Cesar Bunader\" width=\"360\" height=\"406\" \/><\/p>\n<p><strong>Moacir Beggo<\/strong><\/p>\n<p><strong>S\u00e3o Paulo (SP)<\/strong> &#8211; O governo da Ordem dos Frades Menores, reunido no Convento e Eremit\u00e9rio Speco di Narni (It\u00e1lia), nesta ter\u00e7a-feira (9\/7), elegeu para o cargo de Vig\u00e1rio Geral o argentino Frei Julio Cesar Bunader, que j\u00e1 fazia parte do governo como Definidor Geral para a Am\u00e9rica Latina junto com o brasileiro Frei Nestor In\u00e1cio Schwerz. Com isso, segundo Frei Nestor, n\u00e3o haver\u00e1 elei\u00e7\u00e3o para ocupar o lugar de Frei Julio, ficando ele o \u00fanico respons\u00e1vel pela Ordem na Am\u00e9rica Latina.<\/p>\n<p>Frei Julio ser\u00e1 o frade mais pr\u00f3ximo do Ministro Geral, o norte-americano Frei Michael Perry. Ele \u00e9 natural de Mendoza, na Argentina, e ingressou na Ordem dos Frades Menores quando fez o Noviciado em 5 de mar\u00e7o de 1984. Professou solenemente na Ordem no dia 12 de mar\u00e7o de 1988 e foi ordenado presb\u00edtero no dia 1\u00ba de maio de 1992. Foi eleito para o cargo de Definidor Geral no Cap\u00edtulo da Ordem em 4 de junho de 2009.<\/p>\n<p>&#8220;Desejamos ao Frei J\u00falio um servi\u00e7o prof\u00edcuo e que seja confrade companheiro muito pr\u00f3ximo do Ministro geral. Por intercess\u00e3o de S\u00e3o Francisco, Deus, o Sumo Bem, continue aben\u00e7oando toda a Ordem e, em especial, derrame suas gra\u00e7as sobre os pr\u00f3ximos eventos importantes que est\u00e3o por acontecer&#8221;, desejou Frei Nestor, em comunicado que enviou ao Ministro Provincial Frei Fid\u00eancio Vanboemmel, desta Prov\u00edncia da Imaculada.<\/p>\n<p>Tanto o Ministro Geral como o novo Vig\u00e1rio ter\u00e3o um mandato at\u00e9 o Cap\u00edtulo Geral de 2015. Essas mudan\u00e7as na Ordem dos Frades Menores come\u00e7aram depois que o Papa Francisco nomeou o ent\u00e3o Ministro Geral, Frei Jos\u00e9 Rodr\u00edguez Carballo, para ocupar o cargo de secret\u00e1rio da Congrega\u00e7\u00e3o para os Institutos de Vida Consagrada e Sociedades de Vida Apost\u00f3lica. Com o posto vago, foi eleito para o seu lugar, no \u00faltimo dia 22 de maio, o ent\u00e3o Vig\u00e1rio Frei Michael. Ficou faltando, ent\u00e3o, preencher a vaga do Vig\u00e1rio Geral.<\/p>\n<p><img loading=\"lazy\" class=\"alignleft\" src=\"http:\/\/franciscanos.org.br\/wp-content\/uploads\/2013\/07\/governo.jpg\" alt=\"governo\" width=\"500\" height=\"375\" \/>Agora, o governo fica assim: Ministro Geral, Frei Michael Perry; Vig\u00e1rio Geral, Frei Julio Cesar Bunader; definidores: Frei Nestor In\u00e1cio Schwerz (Am\u00e9rica Latina);\u00a0Frei Vicent Mduduzi Zungu (\u00c1frica e Oriente M\u00e9dio); Frei Ernest Karol Siekierka (Pa\u00edses de l\u00edngua eslava); Frei Francis Walter (Pa\u00edses de l\u00edngua inglesa); Frei Vicente Emilio Felipe Tapia (Pa\u00edses de l\u00edngua espanhola); Fr. Vincenzo Brocanelli (It\u00e1lia); Frei Roger Marchal (Europa Central); e Frei Paskalis Bruno Syukur (\u00c1sia e Oceania).<\/p>\n<p>Hoje, a Ordem Franciscana tem 13.805 frades, distribu\u00eddos assim: Postulantes, 635 (n\u00e3o entram na soma); Novi\u00e7os, 383; Professos tempor\u00e1rios, 1.365 (Freis com op\u00e7\u00e3o clerical: 998; Freis sem op\u00e7\u00e3o clerical: 141; Freis sem op\u00e7\u00e3o: 226); Professos solenes, 12.057 (sac.: 9.446; di\u00e1c. perm.: 70; Freis com op\u00e7\u00e3o clerical: 388; Freis leigos: 2.042). Nossos irm\u00e3os Cardeais (6), somados aos Arcebispos\/Bispos (105) s\u00e3o 111. Frades falecidos no correr do ano passado s\u00e3o 317.<\/p>\n<p>Os Frades Menores est\u00e3o presentes em 116 pa\u00edses, e distribu\u00eddos: na \u00c1frica e Oriente M\u00e9dio: 1.104; Am\u00e9rica Latina: 3.346; Am\u00e9rica Setentrional: 1.374; \u00c1sia-Oceania: 1.369; Europa Ocidental: 4.229; Europa Oriental: 2.383.<\/p>\n<p>A Fraternidade universal \u00e9 estruturada em 99 Prov\u00edncias; 8 Cust\u00f3dias Aut\u00f4nomas, 7 Entidades dependentes do Ministro geral, 21 Cust\u00f3dias dependentes de Prov\u00edncias, 14 Confer\u00eancias de Ministros provinciais e 3 Uni\u00f5es de Confer\u00eancias (\u00c1sia\/Oceania: FCAO; Am\u00e9rica Latina: UCLAF; Europa: UFME).<\/p>\n<p>&nbsp;<\/p>\n","protected":false},"excerpt":{"rendered":"<p>OFM<\/p>\n","protected":false},"author":1,"featured_media":219329,"comment_status":"closed","ping_status":"open","sticky":false,"template":"","format":"standard","meta":[],"categories":[1],"tags":[397],"acf":[],"yoast_head":"<!-- This site is optimized with the Yoast SEO plugin v19.2 - https:\/\/yoast.com\/wordpress\/plugins\/seo\/ -->\n<title>Argentino Frei Julio \u00e9 eleito o novo Vig\u00e1rio Geral da Ordem - Not\u00edcias - Franciscanos<\/title>\n<meta name=\"robots\" content=\"index, follow, max-snippet:-1, max-image-preview:large, max-video-preview:-1\" \/>\n<link rel=\"canonical\" href=\"https:\/\/franciscanos.org.br\/noticias\/argentino-frei-julio-e-o-novo-vigario-geral.html\" \/>\n<meta property=\"og:locale\" content=\"pt_BR\" \/>\n<meta property=\"og:type\" content=\"article\" \/>\n<meta property=\"og:title\" content=\"Argentino Frei Julio \u00e9 eleito o novo Vig\u00e1rio Geral da Ordem - Not\u00edcias - Franciscanos\" \/>\n<meta property=\"og:description\" content=\"OFM\" \/>\n<meta property=\"og:url\" content=\"https:\/\/franciscanos.org.br\/noticias\/argentino-frei-julio-e-o-novo-vigario-geral.html\" \/>\n<meta property=\"og:site_name\" content=\"Not\u00edcias - Franciscanos\" \/>\n<meta property=\"article:published_time\" content=\"2013-07-09T16:27:10+00:00\" \/>\n<meta property=\"article:modified_time\" content=\"2020-02-11T16:09:00+00:00\" \/>\n<meta property=\"og:image\" content=\"https:\/\/franciscanos.org.br\/noticias\/wp-content\/uploads\/2013\/07\/julio1-1.jpg\" \/>\n\t<meta property=\"og:image:width\" content=\"273\" \/>\n\t<meta property=\"og:image:height\" content=\"181\" \/>\n\t<meta property=\"og:image:type\" content=\"image\/jpeg\" \/>\n<meta name=\"author\" content=\"admin\" \/>\n<meta name=\"twitter:card\" content=\"summary_large_image\" \/>\n<meta name=\"twitter:label1\" content=\"Escrito por\" \/>\n\t<meta name=\"twitter:data1\" content=\"admin\" \/>\n\t<meta name=\"twitter:label2\" content=\"Est. tempo de leitura\" \/>\n\t<meta name=\"twitter:data2\" content=\"3 minutos\" \/>\n<script type=\"application\/ld+json\" class=\"yoast-schema-graph\">{\"@context\":\"https:\/\/schema.org\",\"@graph\":[{\"@type\":\"WebSite\",\"@id\":\"https:\/\/franciscanos.org.br\/noticias\/#website\",\"url\":\"https:\/\/franciscanos.org.br\/noticias\/\",\"name\":\"Not\u00edcias - Franciscanos\",\"description\":\"Prov\u00edncia Franciscana da Imaculada Concei\u00e7\u00e3o do Brasil - Ordem dos Frades Menores - OFM\",\"potentialAction\":[{\"@type\":\"SearchAction\",\"target\":{\"@type\":\"EntryPoint\",\"urlTemplate\":\"https:\/\/franciscanos.org.br\/noticias\/?s={search_term_string}\"},\"query-input\":\"required name=search_term_string\"}],\"inLanguage\":\"pt-BR\"},{\"@type\":\"ImageObject\",\"inLanguage\":\"pt-BR\",\"@id\":\"https:\/\/franciscanos.org.br\/noticias\/argentino-frei-julio-e-o-novo-vigario-geral.html#primaryimage\",\"url\":\"https:\/\/franciscanos.org.br\/noticias\/wp-content\/uploads\/2013\/07\/julio1-1.jpg\",\"contentUrl\":\"https:\/\/franciscanos.org.br\/noticias\/wp-content\/uploads\/2013\/07\/julio1-1.jpg\",\"width\":273,\"height\":181},{\"@type\":\"WebPage\",\"@id\":\"https:\/\/franciscanos.org.br\/noticias\/argentino-frei-julio-e-o-novo-vigario-geral.html#webpage\",\"url\":\"https:\/\/franciscanos.org.br\/noticias\/argentino-frei-julio-e-o-novo-vigario-geral.html\",\"name\":\"Argentino Frei Julio \u00e9 eleito o novo Vig\u00e1rio Geral da Ordem - Not\u00edcias - Franciscanos\",\"isPartOf\":{\"@id\":\"https:\/\/franciscanos.org.br\/noticias\/#website\"},\"primaryImageOfPage\":{\"@id\":\"https:\/\/franciscanos.org.br\/noticias\/argentino-frei-julio-e-o-novo-vigario-geral.html#primaryimage\"},\"datePublished\":\"2013-07-09T16:27:10+00:00\",\"dateModified\":\"2020-02-11T16:09:00+00:00\",\"author\":{\"@id\":\"https:\/\/franciscanos.org.br\/noticias\/#\/schema\/person\/b38fbf43118f02820bd932f2e4b14ad3\"},\"breadcrumb\":{\"@id\":\"https:\/\/franciscanos.org.br\/noticias\/argentino-frei-julio-e-o-novo-vigario-geral.html#breadcrumb\"},\"inLanguage\":\"pt-BR\",\"potentialAction\":[{\"@type\":\"ReadAction\",\"target\":[\"https:\/\/franciscanos.org.br\/noticias\/argentino-frei-julio-e-o-novo-vigario-geral.html\"]}]},{\"@type\":\"BreadcrumbList\",\"@id\":\"https:\/\/franciscanos.org.br\/noticias\/argentino-frei-julio-e-o-novo-vigario-geral.html#breadcrumb\",\"itemListElement\":[{\"@type\":\"ListItem\",\"position\":1,\"name\":\"Home\",\"item\":\"https:\/\/franciscanos.org.br\/noticias\"},{\"@type\":\"ListItem\",\"position\":2,\"name\":\"Argentino Frei Julio \u00e9 eleito o novo Vig\u00e1rio Geral da Ordem\"}]},{\"@type\":\"Person\",\"@id\":\"https:\/\/franciscanos.org.br\/noticias\/#\/schema\/person\/b38fbf43118f02820bd932f2e4b14ad3\",\"name\":\"admin\",\"image\":{\"@type\":\"ImageObject\",\"inLanguage\":\"pt-BR\",\"@id\":\"https:\/\/franciscanos.org.br\/noticias\/#\/schema\/person\/image\/\",\"url\":\"https:\/\/secure.gravatar.com\/avatar\/e8495742d34d0ba6448ea1c628263b3e?s=96&d=mm&r=g\",\"contentUrl\":\"https:\/\/secure.gravatar.com\/avatar\/e8495742d34d0ba6448ea1c628263b3e?s=96&d=mm&r=g\",\"caption\":\"admin\"},\"url\":\"https:\/\/franciscanos.org.br\/noticias\/author\/admin\"}]}<\/script>\n<!-- \/ Yoast SEO plugin. -->","yoast_head_json":{"title":"Argentino Frei Julio \u00e9 eleito o novo Vig\u00e1rio Geral da Ordem - Not\u00edcias - Franciscanos","robots":{"index":"index","follow":"follow","max-snippet":"max-snippet:-1","max-image-preview":"max-image-preview:large","max-video-preview":"max-video-preview:-1"},"canonical":"https:\/\/franciscanos.org.br\/noticias\/argentino-frei-julio-e-o-novo-vigario-geral.html","og_locale":"pt_BR","og_type":"article","og_title":"Argentino Frei Julio \u00e9 eleito o novo Vig\u00e1rio Geral da Ordem - Not\u00edcias - Franciscanos","og_description":"OFM","og_url":"https:\/\/franciscanos.org.br\/noticias\/argentino-frei-julio-e-o-novo-vigario-geral.html","og_site_name":"Not\u00edcias - Franciscanos","article_published_time":"2013-07-09T16:27:10+00:00","article_modified_time":"2020-02-11T16:09:00+00:00","og_image":[{"width":273,"height":181,"url":"https:\/\/franciscanos.org.br\/noticias\/wp-content\/uploads\/2013\/07\/julio1-1.jpg","type":"image\/jpeg"}],"author":"admin","twitter_card":"summary_large_image","twitter_misc":{"Escrito por":"admin","Est. tempo de leitura":"3 minutos"},"schema":{"@context":"https:\/\/schema.org","@graph":[{"@type":"WebSite","@id":"https:\/\/franciscanos.org.br\/noticias\/#website","url":"https:\/\/franciscanos.org.br\/noticias\/","name":"Not\u00edcias - Franciscanos","description":"Prov\u00edncia Franciscana da Imaculada Concei\u00e7\u00e3o do Brasil - Ordem dos Frades Menores - OFM","potentialAction":[{"@type":"SearchAction","target":{"@type":"EntryPoint","urlTemplate":"https:\/\/franciscanos.org.br\/noticias\/?s={search_term_string}"},"query-input":"required name=search_term_string"}],"inLanguage":"pt-BR"},{"@type":"ImageObject","inLanguage":"pt-BR","@id":"https:\/\/franciscanos.org.br\/noticias\/argentino-frei-julio-e-o-novo-vigario-geral.html#primaryimage","url":"https:\/\/franciscanos.org.br\/noticias\/wp-content\/uploads\/2013\/07\/julio1-1.jpg","contentUrl":"https:\/\/franciscanos.org.br\/noticias\/wp-content\/uploads\/2013\/07\/julio1-1.jpg","width":273,"height":181},{"@type":"WebPage","@id":"https:\/\/franciscanos.org.br\/noticias\/argentino-frei-julio-e-o-novo-vigario-geral.html#webpage","url":"https:\/\/franciscanos.org.br\/noticias\/argentino-frei-julio-e-o-novo-vigario-geral.html","name":"Argentino Frei Julio \u00e9 eleito o novo Vig\u00e1rio Geral da Ordem - Not\u00edcias - Franciscanos","isPartOf":{"@id":"https:\/\/franciscanos.org.br\/noticias\/#website"},"primaryImageOfPage":{"@id":"https:\/\/franciscanos.org.br\/noticias\/argentino-frei-julio-e-o-novo-vigario-geral.html#primaryimage"},"datePublished":"2013-07-09T16:27:10+00:00","dateModified":"2020-02-11T16:09:00+00:00","author":{"@id":"https:\/\/franciscanos.org.br\/noticias\/#\/schema\/person\/b38fbf43118f02820bd932f2e4b14ad3"},"breadcrumb":{"@id":"https:\/\/franciscanos.org.br\/noticias\/argentino-frei-julio-e-o-novo-vigario-geral.html#breadcrumb"},"inLanguage":"pt-BR","potentialAction":[{"@type":"ReadAction","target":["https:\/\/franciscanos.org.br\/noticias\/argentino-frei-julio-e-o-novo-vigario-geral.html"]}]},{"@type":"BreadcrumbList","@id":"https:\/\/franciscanos.org.br\/noticias\/argentino-frei-julio-e-o-novo-vigario-geral.html#breadcrumb","itemListElement":[{"@type":"ListItem","position":1,"name":"Home","item":"https:\/\/franciscanos.org.br\/noticias"},{"@type":"ListItem","position":2,"name":"Argentino Frei Julio \u00e9 eleito o novo Vig\u00e1rio Geral da Ordem"}]},{"@type":"Person","@id":"https:\/\/franciscanos.org.br\/noticias\/#\/schema\/person\/b38fbf43118f02820bd932f2e4b14ad3","name":"admin","image":{"@type":"ImageObject","inLanguage":"pt-BR","@id":"https:\/\/franciscanos.org.br\/noticias\/#\/schema\/person\/image\/","url":"https:\/\/secure.gravatar.com\/avatar\/e8495742d34d0ba6448ea1c628263b3e?s=96&d=mm&r=g","contentUrl":"https:\/\/secure.gravatar.com\/avatar\/e8495742d34d0ba6448ea1c628263b3e?s=96&d=mm&r=g","caption":"admin"},"url":"https:\/\/franciscanos.org.br\/noticias\/author\/admin"}]}},"_links":{"self":[{"href":"https:\/\/franciscanos.org.br\/noticias\/wp-json\/wp\/v2\/posts\/41216"}],"collection":[{"href":"https:\/\/franciscanos.org.br\/noticias\/wp-json\/wp\/v2\/posts"}],"about":[{"href":"https:\/\/franciscanos.org.br\/noticias\/wp-json\/wp\/v2\/types\/post"}],"author":[{"embeddable":true,"href":"https:\/\/franciscanos.org.br\/noticias\/wp-json\/wp\/v2\/users\/1"}],"replies":[{"embeddable":true,"href":"https:\/\/franciscanos.org.br\/noticias\/wp-json\/wp\/v2\/comments?post=41216"}],"version-history":[{"count":0,"href":"https:\/\/franciscanos.org.br\/noticias\/wp-json\/wp\/v2\/posts\/41216\/revisions"}],"wp:featuredmedia":[{"embeddable":true,"href":"https:\/\/franciscanos.org.br\/noticias\/wp-json\/wp\/v2\/media\/219329"}],"wp:attachment":[{"href":"https:\/\/franciscanos.org.br\/noticias\/wp-json\/wp\/v2\/media?parent=41216"}],"wp:term":[{"taxonomy":"category","embeddable":true,"href":"https:\/\/franciscanos.org.br\/noticias\/wp-json\/wp\/v2\/categories?post=41216"},{"taxonomy":"post_tag","embeddable":true,"href":"https:\/\/franciscanos.org.br\/noticias\/wp-json\/wp\/v2\/tags?post=41216"}],"curies":[{"name":"wp","href":"https:\/\/api.w.org\/{rel}","templated":true}]}}