{"id":41208,"date":"2013-07-08T10:15:29","date_gmt":"2013-07-08T13:15:29","guid":{"rendered":"http:\/\/new.franciscanos.org.br\/?p=41208"},"modified":"2020-06-11T16:46:41","modified_gmt":"2020-06-11T19:46:41","slug":"quem-de-nos-chorou-pela-morte-destes-irmaos","status":"publish","type":"post","link":"https:\/\/franciscanos.org.br\/noticias\/quem-de-nos-chorou-pela-morte-destes-irmaos.html","title":{"rendered":"\u201cQuem de n\u00f3s chorou pela morte destes irm\u00e3os e irm\u00e3s?&#8221;"},"content":{"rendered":"<p><img loading=\"lazy\" src=\"http:\/\/franciscanos.org.br\/wp-content\/uploads\/2013\/07\/papa_lampedu.jpg\" alt=\"papa_lampedu\" width=\"820\" height=\"184\" \/><\/p>\n<p><strong>Lampedusa (Ita)<\/strong> &#8211; Momentos intensos, e de grande como\u00e7\u00e3o, e interpela\u00e7\u00e3o \u00e0 consci\u00eancia de todos e cada um, os que se viveram esta manh\u00e3 em Lampedusa, pequena ilha no extremo sul da It\u00e1lia, onde continuam a chegar, em pequenas barcas, pessoas da \u00c1frica (e por vezes do M\u00e9dio Oriente) que tentam encontrar melhores condi\u00e7\u00f5es de vida na Europa. Muitos deles &#8211; cerca de 20 mil &#8211; perderam a vida nesta \u201cviagem da esperan\u00e7a\u201d, por naufr\u00e1gio das embarca\u00e7\u00f5es ou por fome e sede.<\/p>\n<p><img loading=\"lazy\" class=\"size-full wp-image-41211 alignright\" src=\"http:\/\/franciscanos.org.br\/wp-content\/uploads\/2013\/07\/imigrantes.jpg\" alt=\"imigrantes\" width=\"460\" height=\"276\" \/>A quatro meses da sua elei\u00e7\u00e3o, a primeira viagem do Papa Francisco, foi dedicada precisamente a estas pessoas, e aos habitantes de Lampedusa, muitos dos quais t\u00eam feito tudo o que podem para dar um primeiro apoio \u00e0s pessoas mais necessitadas.<\/p>\n<p>Ao chegar em Lampedusa de avi\u00e3o, o Papa embarcou numa corveta, acompanhado de muitas outras embarca\u00e7\u00f5es, numa viagem de quase meia hora que o levou ao porto da ilha. Durante o percurso, Francisco reservou longos minutos \u00e0 ora\u00e7\u00e3o silenciosa, no final da qual lan\u00e7ou ao mar um ramo de flores, em mem\u00f3ria dos que perderam a vida. E tra\u00e7ou uma cruz sobre este mar que tem sido tantas vezes sepultura.<\/p>\n<p>Ap\u00f3s o desembarque, o Papa deteve-se num breve col\u00f3quio com uma delega\u00e7\u00e3o de africanos chegados a Lampedusa, a seu tempo, como pr\u00f3fugos.\u00a0\u00c0s 10h30, o Papa presidiu a Missa, uma liturgia penitencial, invocando a remiss\u00e3o dos pecados, com a cor lit\u00fargica roxa. Na homilia, o Papa come\u00e7ou por evocar a morte de tantos imigrantes, not\u00edcia que \u00e9 di\u00e1ria naquele mar.<\/p>\n<p>\u201cOnde est\u00e1 o teu irm\u00e3o?! Quem \u00e9 o respons\u00e1vel deste sangue, destas mortes?&#8221;, interpelou o Papa, que falou da \u201cglobaliza\u00e7\u00e3o da indiferen\u00e7a\u201d.<\/p>\n<p>\u201cPerdemos o sentido da responsabilidade fraterna. Ca\u00edmos na atitude hip\u00f3crita do sacerdote e do servidor do altar, de que fala Jesus na par\u00e1bola do Bom Samaritano\u2026\u00a0\u201cAd\u00e3o, onde est\u00e1s? Onde \u00e9 o teu irm\u00e3o?, s\u00e3o as duas perguntas que Deus prop\u00f5e no in\u00edcio da hist\u00f3ria da humanidade e que dirige tamb\u00e9m a todos os homens do nosso tempo, tamb\u00e9m a n\u00f3s\u201d.<\/p>\n<p>A estas perguntas, o Papa acrescentou: \u201cQuem de n\u00f3s chorou pela morte destes irm\u00e3os e irm\u00e3s? Quem chorou por estas pessoas que estavam nas barcas? Pelas jovens m\u00e3es que traziam os seus beb\u00e9s? Por estes homens que desejam algo para apoiar as pr\u00f3prias fam\u00edlias? Somos uma sociedade que esqueceu a experi\u00eancia de chorar, de sofrer com (com-paix\u00e3o): a globaliza\u00e7\u00e3o da indiferen\u00e7a&#8221;.<\/p>\n<p>Evocando o Evangelho proclamado, das crian\u00e7as inocentes, v\u00edtimas da f\u00faria de Herodes. \u201cRaquel chora os filhos perdidos\u201d\u2026 \u201cPe\u00e7amos ao Senhor que cancele o que ficou de Herodes no nosso cora\u00e7\u00e3o. Pe\u00e7amos ao Senhor a gra\u00e7a de chorar sobre a nossa indiferen\u00e7a, sobre a crueldade que h\u00e1 no mundo, em n\u00f3s, tamb\u00e9m naqueles que no anonimato tomam decis\u00f5es socioecon\u00f3micas que abrem o caminho a dramas como este. Quem chorou?<\/p>\n<p>O Papa concluiu, em jeito de ora\u00e7\u00e3o, pedindo ao Senhor \u201cperd\u00e3o pela indiferen\u00e7a em rela\u00e7\u00e3o a tantos irm\u00e3os e irm\u00e3s: \u201cPedimos-te perd\u00e3o para quem se \u2026 fechou no seu pr\u00f3prio bem-estar, que leva \u00e0 anestesia do cora\u00e7\u00e3o, pedimos-te perd\u00e3o por aqueles que, com as suas decis\u00f5es em n\u00edvel mundial criaram situa\u00e7\u00f5es que conduzem a estes dramas. Ad\u00e3o, onde est\u00e1s? Onde est\u00e1 o sangue do teu irm\u00e3o?\u201d<\/p>\n<hr \/>\n<p><em>Fonte: R\u00e1dio Vaticano<\/em><\/p>\n","protected":false},"excerpt":{"rendered":"<p>Papa em Lampedusa<\/p>\n","protected":false},"author":1,"featured_media":202224,"comment_status":"closed","ping_status":"open","sticky":false,"template":"","format":"standard","meta":[],"categories":[1428],"tags":[1495],"acf":[],"yoast_head":"<!-- This site is optimized with the Yoast SEO plugin v19.2 - https:\/\/yoast.com\/wordpress\/plugins\/seo\/ -->\n<title>\u201cQuem de n\u00f3s chorou pela morte destes irm\u00e3os e irm\u00e3s?&quot; - Not\u00edcias - Franciscanos<\/title>\n<meta name=\"robots\" content=\"index, follow, max-snippet:-1, max-image-preview:large, max-video-preview:-1\" \/>\n<link rel=\"canonical\" href=\"https:\/\/franciscanos.org.br\/noticias\/quem-de-nos-chorou-pela-morte-destes-irmaos.html\" \/>\n<meta property=\"og:locale\" content=\"pt_BR\" \/>\n<meta property=\"og:type\" content=\"article\" \/>\n<meta property=\"og:title\" content=\"\u201cQuem de n\u00f3s chorou pela morte destes irm\u00e3os e irm\u00e3s?&quot; - Not\u00edcias - Franciscanos\" \/>\n<meta property=\"og:description\" content=\"Papa em Lampedusa\" \/>\n<meta property=\"og:url\" content=\"https:\/\/franciscanos.org.br\/noticias\/quem-de-nos-chorou-pela-morte-destes-irmaos.html\" \/>\n<meta property=\"og:site_name\" content=\"Not\u00edcias - Franciscanos\" \/>\n<meta property=\"article:published_time\" content=\"2013-07-08T13:15:29+00:00\" \/>\n<meta property=\"article:modified_time\" content=\"2020-06-11T19:46:41+00:00\" \/>\n<meta property=\"og:image\" content=\"https:\/\/franciscanos.org.br\/noticias\/wp-content\/uploads\/2013\/07\/papa_lampedu.jpg\" \/>\n\t<meta property=\"og:image:width\" content=\"273\" \/>\n\t<meta property=\"og:image:height\" content=\"181\" \/>\n\t<meta property=\"og:image:type\" content=\"image\/jpeg\" \/>\n<meta name=\"author\" content=\"admin\" \/>\n<meta name=\"twitter:card\" content=\"summary_large_image\" \/>\n<meta name=\"twitter:label1\" content=\"Escrito por\" \/>\n\t<meta name=\"twitter:data1\" content=\"admin\" \/>\n\t<meta name=\"twitter:label2\" content=\"Est. tempo de leitura\" \/>\n\t<meta name=\"twitter:data2\" content=\"3 minutos\" \/>\n<script type=\"application\/ld+json\" class=\"yoast-schema-graph\">{\"@context\":\"https:\/\/schema.org\",\"@graph\":[{\"@type\":\"WebSite\",\"@id\":\"https:\/\/franciscanos.org.br\/noticias\/#website\",\"url\":\"https:\/\/franciscanos.org.br\/noticias\/\",\"name\":\"Not\u00edcias - Franciscanos\",\"description\":\"Prov\u00edncia Franciscana da Imaculada Concei\u00e7\u00e3o do Brasil - Ordem dos Frades Menores - OFM\",\"potentialAction\":[{\"@type\":\"SearchAction\",\"target\":{\"@type\":\"EntryPoint\",\"urlTemplate\":\"https:\/\/franciscanos.org.br\/noticias\/?s={search_term_string}\"},\"query-input\":\"required name=search_term_string\"}],\"inLanguage\":\"pt-BR\"},{\"@type\":\"ImageObject\",\"inLanguage\":\"pt-BR\",\"@id\":\"https:\/\/franciscanos.org.br\/noticias\/quem-de-nos-chorou-pela-morte-destes-irmaos.html#primaryimage\",\"url\":\"https:\/\/franciscanos.org.br\/noticias\/wp-content\/uploads\/2013\/07\/papa_lampedu.jpg\",\"contentUrl\":\"https:\/\/franciscanos.org.br\/noticias\/wp-content\/uploads\/2013\/07\/papa_lampedu.jpg\",\"width\":273,\"height\":181},{\"@type\":\"WebPage\",\"@id\":\"https:\/\/franciscanos.org.br\/noticias\/quem-de-nos-chorou-pela-morte-destes-irmaos.html#webpage\",\"url\":\"https:\/\/franciscanos.org.br\/noticias\/quem-de-nos-chorou-pela-morte-destes-irmaos.html\",\"name\":\"\u201cQuem de n\u00f3s chorou pela morte destes irm\u00e3os e irm\u00e3s?\\\" - Not\u00edcias - Franciscanos\",\"isPartOf\":{\"@id\":\"https:\/\/franciscanos.org.br\/noticias\/#website\"},\"primaryImageOfPage\":{\"@id\":\"https:\/\/franciscanos.org.br\/noticias\/quem-de-nos-chorou-pela-morte-destes-irmaos.html#primaryimage\"},\"datePublished\":\"2013-07-08T13:15:29+00:00\",\"dateModified\":\"2020-06-11T19:46:41+00:00\",\"author\":{\"@id\":\"https:\/\/franciscanos.org.br\/noticias\/#\/schema\/person\/b38fbf43118f02820bd932f2e4b14ad3\"},\"breadcrumb\":{\"@id\":\"https:\/\/franciscanos.org.br\/noticias\/quem-de-nos-chorou-pela-morte-destes-irmaos.html#breadcrumb\"},\"inLanguage\":\"pt-BR\",\"potentialAction\":[{\"@type\":\"ReadAction\",\"target\":[\"https:\/\/franciscanos.org.br\/noticias\/quem-de-nos-chorou-pela-morte-destes-irmaos.html\"]}]},{\"@type\":\"BreadcrumbList\",\"@id\":\"https:\/\/franciscanos.org.br\/noticias\/quem-de-nos-chorou-pela-morte-destes-irmaos.html#breadcrumb\",\"itemListElement\":[{\"@type\":\"ListItem\",\"position\":1,\"name\":\"Home\",\"item\":\"https:\/\/franciscanos.org.br\/noticias\"},{\"@type\":\"ListItem\",\"position\":2,\"name\":\"\u201cQuem de n\u00f3s chorou pela morte destes irm\u00e3os e irm\u00e3s?&#8221;\"}]},{\"@type\":\"Person\",\"@id\":\"https:\/\/franciscanos.org.br\/noticias\/#\/schema\/person\/b38fbf43118f02820bd932f2e4b14ad3\",\"name\":\"admin\",\"image\":{\"@type\":\"ImageObject\",\"inLanguage\":\"pt-BR\",\"@id\":\"https:\/\/franciscanos.org.br\/noticias\/#\/schema\/person\/image\/\",\"url\":\"https:\/\/secure.gravatar.com\/avatar\/e8495742d34d0ba6448ea1c628263b3e?s=96&d=mm&r=g\",\"contentUrl\":\"https:\/\/secure.gravatar.com\/avatar\/e8495742d34d0ba6448ea1c628263b3e?s=96&d=mm&r=g\",\"caption\":\"admin\"},\"url\":\"https:\/\/franciscanos.org.br\/noticias\/author\/admin\"}]}<\/script>\n<!-- \/ Yoast SEO plugin. -->","yoast_head_json":{"title":"\u201cQuem de n\u00f3s chorou pela morte destes irm\u00e3os e irm\u00e3s?\" - Not\u00edcias - Franciscanos","robots":{"index":"index","follow":"follow","max-snippet":"max-snippet:-1","max-image-preview":"max-image-preview:large","max-video-preview":"max-video-preview:-1"},"canonical":"https:\/\/franciscanos.org.br\/noticias\/quem-de-nos-chorou-pela-morte-destes-irmaos.html","og_locale":"pt_BR","og_type":"article","og_title":"\u201cQuem de n\u00f3s chorou pela morte destes irm\u00e3os e irm\u00e3s?\" - Not\u00edcias - Franciscanos","og_description":"Papa em Lampedusa","og_url":"https:\/\/franciscanos.org.br\/noticias\/quem-de-nos-chorou-pela-morte-destes-irmaos.html","og_site_name":"Not\u00edcias - Franciscanos","article_published_time":"2013-07-08T13:15:29+00:00","article_modified_time":"2020-06-11T19:46:41+00:00","og_image":[{"width":273,"height":181,"url":"https:\/\/franciscanos.org.br\/noticias\/wp-content\/uploads\/2013\/07\/papa_lampedu.jpg","type":"image\/jpeg"}],"author":"admin","twitter_card":"summary_large_image","twitter_misc":{"Escrito por":"admin","Est. tempo de leitura":"3 minutos"},"schema":{"@context":"https:\/\/schema.org","@graph":[{"@type":"WebSite","@id":"https:\/\/franciscanos.org.br\/noticias\/#website","url":"https:\/\/franciscanos.org.br\/noticias\/","name":"Not\u00edcias - Franciscanos","description":"Prov\u00edncia Franciscana da Imaculada Concei\u00e7\u00e3o do Brasil - Ordem dos Frades Menores - OFM","potentialAction":[{"@type":"SearchAction","target":{"@type":"EntryPoint","urlTemplate":"https:\/\/franciscanos.org.br\/noticias\/?s={search_term_string}"},"query-input":"required name=search_term_string"}],"inLanguage":"pt-BR"},{"@type":"ImageObject","inLanguage":"pt-BR","@id":"https:\/\/franciscanos.org.br\/noticias\/quem-de-nos-chorou-pela-morte-destes-irmaos.html#primaryimage","url":"https:\/\/franciscanos.org.br\/noticias\/wp-content\/uploads\/2013\/07\/papa_lampedu.jpg","contentUrl":"https:\/\/franciscanos.org.br\/noticias\/wp-content\/uploads\/2013\/07\/papa_lampedu.jpg","width":273,"height":181},{"@type":"WebPage","@id":"https:\/\/franciscanos.org.br\/noticias\/quem-de-nos-chorou-pela-morte-destes-irmaos.html#webpage","url":"https:\/\/franciscanos.org.br\/noticias\/quem-de-nos-chorou-pela-morte-destes-irmaos.html","name":"\u201cQuem de n\u00f3s chorou pela morte destes irm\u00e3os e irm\u00e3s?\" - Not\u00edcias - Franciscanos","isPartOf":{"@id":"https:\/\/franciscanos.org.br\/noticias\/#website"},"primaryImageOfPage":{"@id":"https:\/\/franciscanos.org.br\/noticias\/quem-de-nos-chorou-pela-morte-destes-irmaos.html#primaryimage"},"datePublished":"2013-07-08T13:15:29+00:00","dateModified":"2020-06-11T19:46:41+00:00","author":{"@id":"https:\/\/franciscanos.org.br\/noticias\/#\/schema\/person\/b38fbf43118f02820bd932f2e4b14ad3"},"breadcrumb":{"@id":"https:\/\/franciscanos.org.br\/noticias\/quem-de-nos-chorou-pela-morte-destes-irmaos.html#breadcrumb"},"inLanguage":"pt-BR","potentialAction":[{"@type":"ReadAction","target":["https:\/\/franciscanos.org.br\/noticias\/quem-de-nos-chorou-pela-morte-destes-irmaos.html"]}]},{"@type":"BreadcrumbList","@id":"https:\/\/franciscanos.org.br\/noticias\/quem-de-nos-chorou-pela-morte-destes-irmaos.html#breadcrumb","itemListElement":[{"@type":"ListItem","position":1,"name":"Home","item":"https:\/\/franciscanos.org.br\/noticias"},{"@type":"ListItem","position":2,"name":"\u201cQuem de n\u00f3s chorou pela morte destes irm\u00e3os e irm\u00e3s?&#8221;"}]},{"@type":"Person","@id":"https:\/\/franciscanos.org.br\/noticias\/#\/schema\/person\/b38fbf43118f02820bd932f2e4b14ad3","name":"admin","image":{"@type":"ImageObject","inLanguage":"pt-BR","@id":"https:\/\/franciscanos.org.br\/noticias\/#\/schema\/person\/image\/","url":"https:\/\/secure.gravatar.com\/avatar\/e8495742d34d0ba6448ea1c628263b3e?s=96&d=mm&r=g","contentUrl":"https:\/\/secure.gravatar.com\/avatar\/e8495742d34d0ba6448ea1c628263b3e?s=96&d=mm&r=g","caption":"admin"},"url":"https:\/\/franciscanos.org.br\/noticias\/author\/admin"}]}},"_links":{"self":[{"href":"https:\/\/franciscanos.org.br\/noticias\/wp-json\/wp\/v2\/posts\/41208"}],"collection":[{"href":"https:\/\/franciscanos.org.br\/noticias\/wp-json\/wp\/v2\/posts"}],"about":[{"href":"https:\/\/franciscanos.org.br\/noticias\/wp-json\/wp\/v2\/types\/post"}],"author":[{"embeddable":true,"href":"https:\/\/franciscanos.org.br\/noticias\/wp-json\/wp\/v2\/users\/1"}],"replies":[{"embeddable":true,"href":"https:\/\/franciscanos.org.br\/noticias\/wp-json\/wp\/v2\/comments?post=41208"}],"version-history":[{"count":1,"href":"https:\/\/franciscanos.org.br\/noticias\/wp-json\/wp\/v2\/posts\/41208\/revisions"}],"predecessor-version":[{"id":226350,"href":"https:\/\/franciscanos.org.br\/noticias\/wp-json\/wp\/v2\/posts\/41208\/revisions\/226350"}],"wp:featuredmedia":[{"embeddable":true,"href":"https:\/\/franciscanos.org.br\/noticias\/wp-json\/wp\/v2\/media\/202224"}],"wp:attachment":[{"href":"https:\/\/franciscanos.org.br\/noticias\/wp-json\/wp\/v2\/media?parent=41208"}],"wp:term":[{"taxonomy":"category","embeddable":true,"href":"https:\/\/franciscanos.org.br\/noticias\/wp-json\/wp\/v2\/categories?post=41208"},{"taxonomy":"post_tag","embeddable":true,"href":"https:\/\/franciscanos.org.br\/noticias\/wp-json\/wp\/v2\/tags?post=41208"}],"curies":[{"name":"wp","href":"https:\/\/api.w.org\/{rel}","templated":true}]}}