{"id":41180,"date":"2013-07-07T06:50:32","date_gmt":"2013-07-07T09:50:32","guid":{"rendered":"http:\/\/new.franciscanos.org.br\/?p=41180"},"modified":"2021-07-05T19:50:15","modified_gmt":"2021-07-05T22:50:15","slug":"deus-quer-que-voce-seja-um-padre-feliz-frei-jea","status":"publish","type":"post","link":"https:\/\/franciscanos.org.br\/noticias\/deus-quer-que-voce-seja-um-padre-feliz-frei-jea.html","title":{"rendered":"\u201cDeus quer que voc\u00ea seja um padre feliz, Frei Je\u00e2!\u201d"},"content":{"rendered":"<p><img loading=\"lazy\" class=\"alignnone wp-image-229258 size-full\" src=\"https:\/\/franciscanos.org.br\/noticias\/wp-content\/uploads\/2013\/07\/jea_ordena.jpg\" alt=\"\" width=\"1280\" height=\"960\" srcset=\"https:\/\/franciscanos.org.br\/noticias\/wp-content\/uploads\/2013\/07\/jea_ordena.jpg 1280w, https:\/\/franciscanos.org.br\/noticias\/wp-content\/uploads\/2013\/07\/jea_ordena-450x338.jpg 450w, https:\/\/franciscanos.org.br\/noticias\/wp-content\/uploads\/2013\/07\/jea_ordena-1024x768.jpg 1024w, https:\/\/franciscanos.org.br\/noticias\/wp-content\/uploads\/2013\/07\/jea_ordena-768x576.jpg 768w, https:\/\/franciscanos.org.br\/noticias\/wp-content\/uploads\/2013\/07\/jea_ordena-150x113.jpg 150w, https:\/\/franciscanos.org.br\/noticias\/wp-content\/uploads\/2013\/07\/jea_ordena-600x450.jpg 600w\" sizes=\"(max-width: 1280px) 100vw, 1280px\" \/><\/p>\n<p><strong>Frei Clauzemir Makximovitz<\/strong><\/p>\n<p><i>Assisti-nos, Senhor, Pai santo, Deus eterno e todo-poderoso, autor da dignidade humana e distribuidor de todas as gra\u00e7as, que dais crescimento e vigor a todas as coisas, e que, para formar um povo sacerdotal, estabeleceis, em diversas ordens, os ministros de Jesus Cristo, vosso Filho, pela for\u00e7a do Esp\u00edrito Santo.<\/i><\/p>\n<p>Assim inicia a prece pela qual Frei Je\u00e2 \u00e9 ordenado sacerdote. O Bispo em\u00e9rito de Rio do Sul, Dom Jos\u00e9 Jov\u00eancio Balestieri, ap\u00f3s a ora\u00e7\u00e3o lhe imp\u00f5e as m\u00e3os, gesto b\u00edblico e apost\u00f3lico que confere, junto com a prece de ordena\u00e7\u00e3o, o Esp\u00edrito Santo, ordenando para o servi\u00e7o sacerdotal. Neste gesto, o bispo \u00e9 seguido pelos sacerdotes concelebrantes. Esse, entretanto, \u00e9 o ponto central de uma celebra\u00e7\u00e3o repleta de momentos \u00edmpares.<\/p>\n<p><i>No peito eu levo uma cruz, no meu cora\u00e7\u00e3o o que disse <\/i>Jesus dizia o canto inicial escolhido por Frei Je\u00e2. E essa foi a t\u00f4nica dos dias de prepara\u00e7\u00e3o para a ordena\u00e7\u00e3o e de toda a celebra\u00e7\u00e3o lit\u00fargica. O Cristo, pobre, humilde e crucificado \u00e9 o que dava sentido a tudo isso, e pulsava no peito de cada um, motivando, unindo em comunh\u00e3o e emocionando.<\/p>\n<p><a href=\"http:\/\/franciscanos.org.br\/wp-content\/uploads\/2013\/07\/meio.jpg\"><img loading=\"lazy\" class=\"alignright size-full wp-image-41181\" src=\"http:\/\/franciscanos.org.br\/wp-content\/uploads\/2013\/07\/meio.jpg\" alt=\"Frei Je\u00e2\" width=\"400\" height=\"487\" \/><\/a>\u00a0O povo de Imbuia (SC), conhecidos e amigos de Frei Je\u00e2, parentes, confrades e ex-colegas de turma encheram o sal\u00e3o da Par\u00f3quia Santo Ant\u00f4nio, e participaram com alegria desta festa de toda a comunidade, festa em que toda a Igreja se alegra.<\/p>\n<p><em>\u00c9 Deus quem nos re\u00fane aqui<\/em>, disse Dom Jos\u00e9&#8230; Abramos os nossos bra\u00e7os e acolhamos o seu perd\u00e3o como um abra\u00e7o de Pai.<\/p>\n<p>A liturgia da Palavra parecia iluminar ainda mais o tom franciscano e cristol\u00f3gico da caminhada do futuro presb\u00edtero. A teologia da Cruz, t\u00e3o presente na espiritualidade do discipulado e no lema escolhido por Frei Je\u00e2: \u201cTome a sua cruz e me siga\u201d (Mt 16,24).<\/p>\n<p>A apresenta\u00e7\u00e3o do candidato, feita pelo Ministro Provincial, Frei Fid\u00eancio Vamboemmel, foi focada na confian\u00e7a no processo formativo da Prov\u00edncia e nas consultas ao povo de Deus, nos locais de pastoral em que Frei Je\u00e2 trabalhou: em Curitiba, na comunidade da Rocinha no Rio de Janeiro, e atualmente em Conc\u00f3rdia, dentre todos os locais de trabalho de Frei Je\u00e2.<\/p>\n<p>Pedida e aceita a ordena\u00e7\u00e3o, Dom Jos\u00e9 falou como verdadeiro pastor, aconselhando Frei Je\u00e2 a nunca negar ao povo esse direito de reconhecer no padre o seu pastor. Para tanto, o sacerd\u00f3cio precisa estar a servi\u00e7o do povo. O povo tem direito de estar perto do padre, de se sentir pr\u00f3ximo, at\u00e9 mesmo na hora do jantar ou do almo\u00e7o. Mas antes de tudo, o padre precisa rezar&#8230; E mais, \u00e9 preciso que o povo veja que o padre reza. Mas tamb\u00e9m de nada vale rezar s\u00f3 para ser visto. Isso porque o povo quer que o padre seja feliz. \u201cDeus quer que voc\u00ea seja um padre feliz, Frei Je\u00e2!\u201d \u2013 reafirmou Dom Jos\u00e9. E coroando esse acento todo pastoral \u00e0 teologia do presbiterato, finaliza Dom Jos\u00e9: \u201cN\u00f3s devemos obedecer todas as leis da Igreja, temos de observar os planos diocesanos e paroquiais, mas antes de tudo, sempre deve prevalecer a miseric\u00f3rdia\u201d!<\/p>\n<p>Motivado por t\u00e3o belas palavras, Frei Je\u00e2 manifesta seu consentimento a respeito de seu chamado ao Minist\u00e9rio Presbiteral, suas fun\u00e7\u00f5es e seu modo de vida. O momento em que Frei Je\u00e2 se prosta ao ch\u00e3o pedindo a ora\u00e7\u00e3o e intercess\u00e3o de todos ilustra bem o sentido de toda a celebra\u00e7\u00e3o: \u201cRoguemos, irm\u00e3os e irm\u00e3s, a Deus Pai todo-poderoso que derrame com largueza a sua gra\u00e7a sobre este seu servo, que ele escolheu para o cargo de Presb\u00edtero\u201d\u00a0 &#8211; pediu Dom Jos\u00e9 antes da ladainha de todos os santos.<\/p>\n<p>Ordenado, o novo presb\u00edtero recebe de suas av\u00f3s as vestes lit\u00fargicas de seu minist\u00e9rio, a casula e a estola, e dois confrades o auxiliam a vestir-se. Suas m\u00e3os ungidas s\u00e3o amarradas com uma fita e Seu Amilton e Dona Zelir, pais de Frei Je\u00e2, desatam-na das suas m\u00e3os. Seus pais, aqueles que tantas vezes aben\u00e7oaram e que continuar\u00e3o aben\u00e7oando, recebem a primeira ben\u00e7\u00e3o do filho como padre.<\/p>\n<p>Ao final todos percebiam que na solenidade da celebra\u00e7\u00e3o refletia a simplicidade de toda uma comunidade que s\u00f3 queria agradecer a Deus por tanto que Ele lhes concedera. Nas palavras de agradecimento, Frei Je\u00e2, com muita emo\u00e7\u00e3o, lembrou de cada um e agradeceu a todos por este momento e por todos os outros. \u201cEu n\u00e3o mere\u00e7o tudo isso\u201d, disse ele, e mais \u201cessa celebra\u00e7\u00e3o n\u00e3o \u00e9 minha, mas de todos voc\u00eas\u201d! Pediu ainda que Deus lhe ajudasse a ser um bom pastor.<\/p>\n<p>Lembrando que Frei Je\u00e2 fez um est\u00e1gio em Angola, os novi\u00e7os entoaram um canto de agradecimento que dizia: <i>sakidila<\/i> \u2013 que pode ser traduzido como a\u00e7\u00e3o de gra\u00e7as \u2013 enquanto entraram dan\u00e7ando at\u00e9 o altar.<\/p>\n<p><i>\u00d3 Deus, que fizestes do vosso Filho \u00fanico sumo e eterno sacerdote, dai aos que ele escolheu como ministros e dispensadores dos vossos mist\u00e9rios fidelidade \u00e0 miss\u00e3o que receberam. Por nosso Senhor Jesus Cristo, vosso Filho, na unidade do Esp\u00edrito Santo.<\/i><\/p>\n<p><img loading=\"lazy\" class=\"alignnone wp-image-229259 size-full\" src=\"https:\/\/franciscanos.org.br\/noticias\/wp-content\/uploads\/2013\/07\/jea_ordena1.jpg\" alt=\"\" width=\"1280\" height=\"892\" srcset=\"https:\/\/franciscanos.org.br\/noticias\/wp-content\/uploads\/2013\/07\/jea_ordena1.jpg 1280w, https:\/\/franciscanos.org.br\/noticias\/wp-content\/uploads\/2013\/07\/jea_ordena1-450x314.jpg 450w, https:\/\/franciscanos.org.br\/noticias\/wp-content\/uploads\/2013\/07\/jea_ordena1-1024x714.jpg 1024w, https:\/\/franciscanos.org.br\/noticias\/wp-content\/uploads\/2013\/07\/jea_ordena1-768x535.jpg 768w, https:\/\/franciscanos.org.br\/noticias\/wp-content\/uploads\/2013\/07\/jea_ordena1-150x105.jpg 150w\" sizes=\"(max-width: 1280px) 100vw, 1280px\" \/><\/p>\n","protected":false},"excerpt":{"rendered":"<p>Ordena\u00e7\u00e3o presbiteral de Frei Je\u00e2 Paulo Andrade<\/p>\n","protected":false},"author":1,"featured_media":197996,"comment_status":"closed","ping_status":"open","sticky":false,"template":"","format":"standard","meta":[],"categories":[1],"tags":[157],"acf":[],"yoast_head":"<!-- This site is optimized with the Yoast SEO plugin v19.2 - https:\/\/yoast.com\/wordpress\/plugins\/seo\/ -->\n<title>\u201cDeus quer que voc\u00ea seja um padre feliz, Frei Je\u00e2!\u201d - Not\u00edcias - Franciscanos<\/title>\n<meta name=\"robots\" content=\"index, follow, max-snippet:-1, max-image-preview:large, max-video-preview:-1\" \/>\n<link rel=\"canonical\" href=\"https:\/\/franciscanos.org.br\/noticias\/deus-quer-que-voce-seja-um-padre-feliz-frei-jea.html\" \/>\n<meta property=\"og:locale\" content=\"pt_BR\" \/>\n<meta property=\"og:type\" content=\"article\" \/>\n<meta property=\"og:title\" content=\"\u201cDeus quer que voc\u00ea seja um padre feliz, Frei Je\u00e2!\u201d - Not\u00edcias - Franciscanos\" \/>\n<meta property=\"og:description\" content=\"Ordena\u00e7\u00e3o presbiteral de Frei Je\u00e2 Paulo Andrade\" \/>\n<meta property=\"og:url\" content=\"https:\/\/franciscanos.org.br\/noticias\/deus-quer-que-voce-seja-um-padre-feliz-frei-jea.html\" \/>\n<meta property=\"og:site_name\" content=\"Not\u00edcias - Franciscanos\" \/>\n<meta property=\"article:published_time\" content=\"2013-07-07T09:50:32+00:00\" \/>\n<meta property=\"article:modified_time\" content=\"2021-07-05T22:50:15+00:00\" \/>\n<meta property=\"og:image\" content=\"https:\/\/franciscanos.org.br\/noticias\/wp-content\/uploads\/2013\/07\/jea.jpg\" \/>\n\t<meta property=\"og:image:width\" content=\"273\" \/>\n\t<meta property=\"og:image:height\" content=\"181\" \/>\n\t<meta property=\"og:image:type\" content=\"image\/jpeg\" \/>\n<meta name=\"author\" content=\"admin\" \/>\n<meta name=\"twitter:card\" content=\"summary_large_image\" \/>\n<meta name=\"twitter:label1\" content=\"Escrito por\" \/>\n\t<meta name=\"twitter:data1\" content=\"admin\" \/>\n\t<meta name=\"twitter:label2\" content=\"Est. tempo de leitura\" \/>\n\t<meta name=\"twitter:data2\" content=\"4 minutos\" \/>\n<script type=\"application\/ld+json\" class=\"yoast-schema-graph\">{\"@context\":\"https:\/\/schema.org\",\"@graph\":[{\"@type\":\"WebSite\",\"@id\":\"https:\/\/franciscanos.org.br\/noticias\/#website\",\"url\":\"https:\/\/franciscanos.org.br\/noticias\/\",\"name\":\"Not\u00edcias - Franciscanos\",\"description\":\"Prov\u00edncia Franciscana da Imaculada Concei\u00e7\u00e3o do Brasil - Ordem dos Frades Menores - OFM\",\"potentialAction\":[{\"@type\":\"SearchAction\",\"target\":{\"@type\":\"EntryPoint\",\"urlTemplate\":\"https:\/\/franciscanos.org.br\/noticias\/?s={search_term_string}\"},\"query-input\":\"required name=search_term_string\"}],\"inLanguage\":\"pt-BR\"},{\"@type\":\"ImageObject\",\"inLanguage\":\"pt-BR\",\"@id\":\"https:\/\/franciscanos.org.br\/noticias\/deus-quer-que-voce-seja-um-padre-feliz-frei-jea.html#primaryimage\",\"url\":\"https:\/\/franciscanos.org.br\/noticias\/wp-content\/uploads\/2013\/07\/jea.jpg\",\"contentUrl\":\"https:\/\/franciscanos.org.br\/noticias\/wp-content\/uploads\/2013\/07\/jea.jpg\",\"width\":273,\"height\":181},{\"@type\":\"WebPage\",\"@id\":\"https:\/\/franciscanos.org.br\/noticias\/deus-quer-que-voce-seja-um-padre-feliz-frei-jea.html#webpage\",\"url\":\"https:\/\/franciscanos.org.br\/noticias\/deus-quer-que-voce-seja-um-padre-feliz-frei-jea.html\",\"name\":\"\u201cDeus quer que voc\u00ea seja um padre feliz, Frei Je\u00e2!\u201d - Not\u00edcias - Franciscanos\",\"isPartOf\":{\"@id\":\"https:\/\/franciscanos.org.br\/noticias\/#website\"},\"primaryImageOfPage\":{\"@id\":\"https:\/\/franciscanos.org.br\/noticias\/deus-quer-que-voce-seja-um-padre-feliz-frei-jea.html#primaryimage\"},\"datePublished\":\"2013-07-07T09:50:32+00:00\",\"dateModified\":\"2021-07-05T22:50:15+00:00\",\"author\":{\"@id\":\"https:\/\/franciscanos.org.br\/noticias\/#\/schema\/person\/b38fbf43118f02820bd932f2e4b14ad3\"},\"breadcrumb\":{\"@id\":\"https:\/\/franciscanos.org.br\/noticias\/deus-quer-que-voce-seja-um-padre-feliz-frei-jea.html#breadcrumb\"},\"inLanguage\":\"pt-BR\",\"potentialAction\":[{\"@type\":\"ReadAction\",\"target\":[\"https:\/\/franciscanos.org.br\/noticias\/deus-quer-que-voce-seja-um-padre-feliz-frei-jea.html\"]}]},{\"@type\":\"BreadcrumbList\",\"@id\":\"https:\/\/franciscanos.org.br\/noticias\/deus-quer-que-voce-seja-um-padre-feliz-frei-jea.html#breadcrumb\",\"itemListElement\":[{\"@type\":\"ListItem\",\"position\":1,\"name\":\"Home\",\"item\":\"https:\/\/franciscanos.org.br\/noticias\"},{\"@type\":\"ListItem\",\"position\":2,\"name\":\"\u201cDeus quer que voc\u00ea seja um padre feliz, Frei Je\u00e2!\u201d\"}]},{\"@type\":\"Person\",\"@id\":\"https:\/\/franciscanos.org.br\/noticias\/#\/schema\/person\/b38fbf43118f02820bd932f2e4b14ad3\",\"name\":\"admin\",\"image\":{\"@type\":\"ImageObject\",\"inLanguage\":\"pt-BR\",\"@id\":\"https:\/\/franciscanos.org.br\/noticias\/#\/schema\/person\/image\/\",\"url\":\"https:\/\/secure.gravatar.com\/avatar\/e8495742d34d0ba6448ea1c628263b3e?s=96&d=mm&r=g\",\"contentUrl\":\"https:\/\/secure.gravatar.com\/avatar\/e8495742d34d0ba6448ea1c628263b3e?s=96&d=mm&r=g\",\"caption\":\"admin\"},\"url\":\"https:\/\/franciscanos.org.br\/noticias\/author\/admin\"}]}<\/script>\n<!-- \/ Yoast SEO plugin. -->","yoast_head_json":{"title":"\u201cDeus quer que voc\u00ea seja um padre feliz, Frei Je\u00e2!\u201d - Not\u00edcias - Franciscanos","robots":{"index":"index","follow":"follow","max-snippet":"max-snippet:-1","max-image-preview":"max-image-preview:large","max-video-preview":"max-video-preview:-1"},"canonical":"https:\/\/franciscanos.org.br\/noticias\/deus-quer-que-voce-seja-um-padre-feliz-frei-jea.html","og_locale":"pt_BR","og_type":"article","og_title":"\u201cDeus quer que voc\u00ea seja um padre feliz, Frei Je\u00e2!\u201d - Not\u00edcias - Franciscanos","og_description":"Ordena\u00e7\u00e3o presbiteral de Frei Je\u00e2 Paulo Andrade","og_url":"https:\/\/franciscanos.org.br\/noticias\/deus-quer-que-voce-seja-um-padre-feliz-frei-jea.html","og_site_name":"Not\u00edcias - Franciscanos","article_published_time":"2013-07-07T09:50:32+00:00","article_modified_time":"2021-07-05T22:50:15+00:00","og_image":[{"width":273,"height":181,"url":"https:\/\/franciscanos.org.br\/noticias\/wp-content\/uploads\/2013\/07\/jea.jpg","type":"image\/jpeg"}],"author":"admin","twitter_card":"summary_large_image","twitter_misc":{"Escrito por":"admin","Est. tempo de leitura":"4 minutos"},"schema":{"@context":"https:\/\/schema.org","@graph":[{"@type":"WebSite","@id":"https:\/\/franciscanos.org.br\/noticias\/#website","url":"https:\/\/franciscanos.org.br\/noticias\/","name":"Not\u00edcias - Franciscanos","description":"Prov\u00edncia Franciscana da Imaculada Concei\u00e7\u00e3o do Brasil - Ordem dos Frades Menores - OFM","potentialAction":[{"@type":"SearchAction","target":{"@type":"EntryPoint","urlTemplate":"https:\/\/franciscanos.org.br\/noticias\/?s={search_term_string}"},"query-input":"required name=search_term_string"}],"inLanguage":"pt-BR"},{"@type":"ImageObject","inLanguage":"pt-BR","@id":"https:\/\/franciscanos.org.br\/noticias\/deus-quer-que-voce-seja-um-padre-feliz-frei-jea.html#primaryimage","url":"https:\/\/franciscanos.org.br\/noticias\/wp-content\/uploads\/2013\/07\/jea.jpg","contentUrl":"https:\/\/franciscanos.org.br\/noticias\/wp-content\/uploads\/2013\/07\/jea.jpg","width":273,"height":181},{"@type":"WebPage","@id":"https:\/\/franciscanos.org.br\/noticias\/deus-quer-que-voce-seja-um-padre-feliz-frei-jea.html#webpage","url":"https:\/\/franciscanos.org.br\/noticias\/deus-quer-que-voce-seja-um-padre-feliz-frei-jea.html","name":"\u201cDeus quer que voc\u00ea seja um padre feliz, Frei Je\u00e2!\u201d - Not\u00edcias - Franciscanos","isPartOf":{"@id":"https:\/\/franciscanos.org.br\/noticias\/#website"},"primaryImageOfPage":{"@id":"https:\/\/franciscanos.org.br\/noticias\/deus-quer-que-voce-seja-um-padre-feliz-frei-jea.html#primaryimage"},"datePublished":"2013-07-07T09:50:32+00:00","dateModified":"2021-07-05T22:50:15+00:00","author":{"@id":"https:\/\/franciscanos.org.br\/noticias\/#\/schema\/person\/b38fbf43118f02820bd932f2e4b14ad3"},"breadcrumb":{"@id":"https:\/\/franciscanos.org.br\/noticias\/deus-quer-que-voce-seja-um-padre-feliz-frei-jea.html#breadcrumb"},"inLanguage":"pt-BR","potentialAction":[{"@type":"ReadAction","target":["https:\/\/franciscanos.org.br\/noticias\/deus-quer-que-voce-seja-um-padre-feliz-frei-jea.html"]}]},{"@type":"BreadcrumbList","@id":"https:\/\/franciscanos.org.br\/noticias\/deus-quer-que-voce-seja-um-padre-feliz-frei-jea.html#breadcrumb","itemListElement":[{"@type":"ListItem","position":1,"name":"Home","item":"https:\/\/franciscanos.org.br\/noticias"},{"@type":"ListItem","position":2,"name":"\u201cDeus quer que voc\u00ea seja um padre feliz, Frei Je\u00e2!\u201d"}]},{"@type":"Person","@id":"https:\/\/franciscanos.org.br\/noticias\/#\/schema\/person\/b38fbf43118f02820bd932f2e4b14ad3","name":"admin","image":{"@type":"ImageObject","inLanguage":"pt-BR","@id":"https:\/\/franciscanos.org.br\/noticias\/#\/schema\/person\/image\/","url":"https:\/\/secure.gravatar.com\/avatar\/e8495742d34d0ba6448ea1c628263b3e?s=96&d=mm&r=g","contentUrl":"https:\/\/secure.gravatar.com\/avatar\/e8495742d34d0ba6448ea1c628263b3e?s=96&d=mm&r=g","caption":"admin"},"url":"https:\/\/franciscanos.org.br\/noticias\/author\/admin"}]}},"_links":{"self":[{"href":"https:\/\/franciscanos.org.br\/noticias\/wp-json\/wp\/v2\/posts\/41180"}],"collection":[{"href":"https:\/\/franciscanos.org.br\/noticias\/wp-json\/wp\/v2\/posts"}],"about":[{"href":"https:\/\/franciscanos.org.br\/noticias\/wp-json\/wp\/v2\/types\/post"}],"author":[{"embeddable":true,"href":"https:\/\/franciscanos.org.br\/noticias\/wp-json\/wp\/v2\/users\/1"}],"replies":[{"embeddable":true,"href":"https:\/\/franciscanos.org.br\/noticias\/wp-json\/wp\/v2\/comments?post=41180"}],"version-history":[{"count":2,"href":"https:\/\/franciscanos.org.br\/noticias\/wp-json\/wp\/v2\/posts\/41180\/revisions"}],"predecessor-version":[{"id":229260,"href":"https:\/\/franciscanos.org.br\/noticias\/wp-json\/wp\/v2\/posts\/41180\/revisions\/229260"}],"wp:featuredmedia":[{"embeddable":true,"href":"https:\/\/franciscanos.org.br\/noticias\/wp-json\/wp\/v2\/media\/197996"}],"wp:attachment":[{"href":"https:\/\/franciscanos.org.br\/noticias\/wp-json\/wp\/v2\/media?parent=41180"}],"wp:term":[{"taxonomy":"category","embeddable":true,"href":"https:\/\/franciscanos.org.br\/noticias\/wp-json\/wp\/v2\/categories?post=41180"},{"taxonomy":"post_tag","embeddable":true,"href":"https:\/\/franciscanos.org.br\/noticias\/wp-json\/wp\/v2\/tags?post=41180"}],"curies":[{"name":"wp","href":"https:\/\/api.w.org\/{rel}","templated":true}]}}