{"id":40944,"date":"2013-07-04T09:33:09","date_gmt":"2013-07-04T12:33:09","guid":{"rendered":"http:\/\/new.franciscanos.org.br\/?p=40944"},"modified":"2020-11-11T10:12:04","modified_gmt":"2020-11-11T13:12:04","slug":"frades-participam-do-programa-esquenta","status":"publish","type":"post","link":"https:\/\/franciscanos.org.br\/noticias\/frades-participam-do-programa-esquenta.html","title":{"rendered":"Frades participam do Programa \u201cEsquenta\u201d de Regina Cas\u00e9"},"content":{"rendered":"<p><img loading=\"lazy\" src=\"http:\/\/franciscanos.org.br\/wp-content\/uploads\/2013\/07\/esquenta.jpg\" alt=\"esquenta\" width=\"830\" height=\"287\" \/><br \/>\n<img loading=\"lazy\" class=\"alignright wp-image-40946\" src=\"http:\/\/franciscanos.org.br\/wp-content\/uploads\/2013\/07\/Esquenta-2.jpg\" alt=\"Esquenta-2\" width=\"315\" height=\"210\" \/>No clima da Jornada Mundial da Juventude e da visita do Papa Francisco ao Brasil, no ritmo do samba e em sintonia com a \u201cginga carioca\u201d, seis frades estudantes de Teologia, de Petr\u00f3polis e da Baixada Fluminense, acompanhados tamb\u00e9m por Frei Renato Pezenti, participaram, na \u00faltima semana, das grava\u00e7\u00f5es do \u201cEsquenta\u201d, programa dominical apresentado pela atriz e comediante Regina Cas\u00e9, da Rede Globo de Televis\u00e3o. O programa vai ao ar no dia 28 de julho, encerramento da Jornada Mundial da Juventude, com Missa celebrada pelo Papa Francisco.<\/p>\n<p>Segundo os frades que participaram, o clima foi de familiaridade e descontra\u00e7\u00e3o. Na entrevista com a apresentadora, eles tiveram a oportunidade de contar sobre a escolha da vida franciscana e como \u00e9 o dia a dia da fraternidade.<\/p>\n<p><img loading=\"lazy\" class=\"alignleft wp-image-40947\" src=\"http:\/\/franciscanos.org.br\/wp-content\/uploads\/2013\/07\/Esquenta-4.jpg\" alt=\"Esquenta-4\" width=\"315\" height=\"210\" \/>Tamb\u00e9m estiveram presentes no programa os cantores Gustavo Lima e Arlindo Cruz, al\u00e9m de diversos outros artistas. Mostrando um pouco de seu talento na percuss\u00e3o, Frei Rafael Nascimento acompanhou ao som do tamborim os percussionistas que tamb\u00e9m estavam presentes.<\/p>\n<p>Em sua p\u00e1gina na Rede Social <i>Facebook<\/i>, Frei Leandro Costa escreveu: \u201cCom a visita do Papa ao Brasil na semana da JMJ, n\u00f3s frades da Prov\u00edncia Franciscana da Imaculada Concei\u00e7\u00e3o do Brasil, fomos convidados por Regina Cas\u00e9 e seu jornalista Diego, a paricipar do Programa &#8220;Esquenta&#8221;. Nesta entrevista, partilhamos um pouco de nossa caminhada religiosa. Um ambiente bem descontra\u00eddo, bem nossa casa. Falamos e partilhamos um pouco de nossa caminhada&#8230; Esperamos que nossa participa\u00e7\u00e3o revele \u00e0queles que assistirem a alegria de servir a Deus ao modo de S\u00e3o Francisco. Paz e Bem!\u201d.<\/p>\n","protected":false},"excerpt":{"rendered":"<p>Cultura<\/p>\n","protected":false},"author":1,"featured_media":216886,"comment_status":"closed","ping_status":"open","sticky":false,"template":"","format":"standard","meta":[],"categories":[1],"tags":[],"acf":[],"yoast_head":"<!-- This site is optimized with the Yoast SEO plugin v19.2 - https:\/\/yoast.com\/wordpress\/plugins\/seo\/ -->\n<title>Frades participam do Programa \u201cEsquenta\u201d de Regina Cas\u00e9 - Not\u00edcias - Franciscanos<\/title>\n<meta name=\"robots\" content=\"index, follow, max-snippet:-1, max-image-preview:large, max-video-preview:-1\" \/>\n<link rel=\"canonical\" href=\"https:\/\/franciscanos.org.br\/noticias\/frades-participam-do-programa-esquenta.html\" \/>\n<meta property=\"og:locale\" content=\"pt_BR\" \/>\n<meta property=\"og:type\" content=\"article\" \/>\n<meta property=\"og:title\" content=\"Frades participam do Programa \u201cEsquenta\u201d de Regina Cas\u00e9 - Not\u00edcias - Franciscanos\" \/>\n<meta property=\"og:description\" content=\"Cultura\" \/>\n<meta property=\"og:url\" content=\"https:\/\/franciscanos.org.br\/noticias\/frades-participam-do-programa-esquenta.html\" \/>\n<meta property=\"og:site_name\" content=\"Not\u00edcias - Franciscanos\" \/>\n<meta property=\"article:published_time\" content=\"2013-07-04T12:33:09+00:00\" \/>\n<meta property=\"article:modified_time\" content=\"2020-11-11T13:12:04+00:00\" \/>\n<meta property=\"og:image\" content=\"https:\/\/franciscanos.org.br\/noticias\/wp-content\/uploads\/2013\/07\/Esquenta-4.jpg\" \/>\n\t<meta property=\"og:image:width\" content=\"273\" \/>\n\t<meta property=\"og:image:height\" content=\"182\" \/>\n\t<meta property=\"og:image:type\" content=\"image\/jpeg\" \/>\n<meta name=\"author\" content=\"admin\" \/>\n<meta name=\"twitter:card\" content=\"summary_large_image\" \/>\n<meta name=\"twitter:label1\" content=\"Escrito por\" \/>\n\t<meta name=\"twitter:data1\" content=\"admin\" \/>\n\t<meta name=\"twitter:label2\" content=\"Est. tempo de leitura\" \/>\n\t<meta name=\"twitter:data2\" content=\"1 minuto\" \/>\n<script type=\"application\/ld+json\" class=\"yoast-schema-graph\">{\"@context\":\"https:\/\/schema.org\",\"@graph\":[{\"@type\":\"WebSite\",\"@id\":\"https:\/\/franciscanos.org.br\/noticias\/#website\",\"url\":\"https:\/\/franciscanos.org.br\/noticias\/\",\"name\":\"Not\u00edcias - Franciscanos\",\"description\":\"Prov\u00edncia Franciscana da Imaculada Concei\u00e7\u00e3o do Brasil - Ordem dos Frades Menores - OFM\",\"potentialAction\":[{\"@type\":\"SearchAction\",\"target\":{\"@type\":\"EntryPoint\",\"urlTemplate\":\"https:\/\/franciscanos.org.br\/noticias\/?s={search_term_string}\"},\"query-input\":\"required name=search_term_string\"}],\"inLanguage\":\"pt-BR\"},{\"@type\":\"ImageObject\",\"inLanguage\":\"pt-BR\",\"@id\":\"https:\/\/franciscanos.org.br\/noticias\/frades-participam-do-programa-esquenta.html#primaryimage\",\"url\":\"https:\/\/franciscanos.org.br\/noticias\/wp-content\/uploads\/2013\/07\/Esquenta-4.jpg\",\"contentUrl\":\"https:\/\/franciscanos.org.br\/noticias\/wp-content\/uploads\/2013\/07\/Esquenta-4.jpg\",\"width\":273,\"height\":182},{\"@type\":\"WebPage\",\"@id\":\"https:\/\/franciscanos.org.br\/noticias\/frades-participam-do-programa-esquenta.html#webpage\",\"url\":\"https:\/\/franciscanos.org.br\/noticias\/frades-participam-do-programa-esquenta.html\",\"name\":\"Frades participam do Programa \u201cEsquenta\u201d de Regina Cas\u00e9 - Not\u00edcias - Franciscanos\",\"isPartOf\":{\"@id\":\"https:\/\/franciscanos.org.br\/noticias\/#website\"},\"primaryImageOfPage\":{\"@id\":\"https:\/\/franciscanos.org.br\/noticias\/frades-participam-do-programa-esquenta.html#primaryimage\"},\"datePublished\":\"2013-07-04T12:33:09+00:00\",\"dateModified\":\"2020-11-11T13:12:04+00:00\",\"author\":{\"@id\":\"https:\/\/franciscanos.org.br\/noticias\/#\/schema\/person\/b38fbf43118f02820bd932f2e4b14ad3\"},\"breadcrumb\":{\"@id\":\"https:\/\/franciscanos.org.br\/noticias\/frades-participam-do-programa-esquenta.html#breadcrumb\"},\"inLanguage\":\"pt-BR\",\"potentialAction\":[{\"@type\":\"ReadAction\",\"target\":[\"https:\/\/franciscanos.org.br\/noticias\/frades-participam-do-programa-esquenta.html\"]}]},{\"@type\":\"BreadcrumbList\",\"@id\":\"https:\/\/franciscanos.org.br\/noticias\/frades-participam-do-programa-esquenta.html#breadcrumb\",\"itemListElement\":[{\"@type\":\"ListItem\",\"position\":1,\"name\":\"Home\",\"item\":\"https:\/\/franciscanos.org.br\/noticias\"},{\"@type\":\"ListItem\",\"position\":2,\"name\":\"Frades participam do Programa \u201cEsquenta\u201d de Regina Cas\u00e9\"}]},{\"@type\":\"Person\",\"@id\":\"https:\/\/franciscanos.org.br\/noticias\/#\/schema\/person\/b38fbf43118f02820bd932f2e4b14ad3\",\"name\":\"admin\",\"image\":{\"@type\":\"ImageObject\",\"inLanguage\":\"pt-BR\",\"@id\":\"https:\/\/franciscanos.org.br\/noticias\/#\/schema\/person\/image\/\",\"url\":\"https:\/\/secure.gravatar.com\/avatar\/e8495742d34d0ba6448ea1c628263b3e?s=96&d=mm&r=g\",\"contentUrl\":\"https:\/\/secure.gravatar.com\/avatar\/e8495742d34d0ba6448ea1c628263b3e?s=96&d=mm&r=g\",\"caption\":\"admin\"},\"url\":\"https:\/\/franciscanos.org.br\/noticias\/author\/admin\"}]}<\/script>\n<!-- \/ Yoast SEO plugin. -->","yoast_head_json":{"title":"Frades participam do Programa \u201cEsquenta\u201d de Regina Cas\u00e9 - Not\u00edcias - Franciscanos","robots":{"index":"index","follow":"follow","max-snippet":"max-snippet:-1","max-image-preview":"max-image-preview:large","max-video-preview":"max-video-preview:-1"},"canonical":"https:\/\/franciscanos.org.br\/noticias\/frades-participam-do-programa-esquenta.html","og_locale":"pt_BR","og_type":"article","og_title":"Frades participam do Programa \u201cEsquenta\u201d de Regina Cas\u00e9 - Not\u00edcias - Franciscanos","og_description":"Cultura","og_url":"https:\/\/franciscanos.org.br\/noticias\/frades-participam-do-programa-esquenta.html","og_site_name":"Not\u00edcias - Franciscanos","article_published_time":"2013-07-04T12:33:09+00:00","article_modified_time":"2020-11-11T13:12:04+00:00","og_image":[{"width":273,"height":182,"url":"https:\/\/franciscanos.org.br\/noticias\/wp-content\/uploads\/2013\/07\/Esquenta-4.jpg","type":"image\/jpeg"}],"author":"admin","twitter_card":"summary_large_image","twitter_misc":{"Escrito por":"admin","Est. tempo de leitura":"1 minuto"},"schema":{"@context":"https:\/\/schema.org","@graph":[{"@type":"WebSite","@id":"https:\/\/franciscanos.org.br\/noticias\/#website","url":"https:\/\/franciscanos.org.br\/noticias\/","name":"Not\u00edcias - Franciscanos","description":"Prov\u00edncia Franciscana da Imaculada Concei\u00e7\u00e3o do Brasil - Ordem dos Frades Menores - OFM","potentialAction":[{"@type":"SearchAction","target":{"@type":"EntryPoint","urlTemplate":"https:\/\/franciscanos.org.br\/noticias\/?s={search_term_string}"},"query-input":"required name=search_term_string"}],"inLanguage":"pt-BR"},{"@type":"ImageObject","inLanguage":"pt-BR","@id":"https:\/\/franciscanos.org.br\/noticias\/frades-participam-do-programa-esquenta.html#primaryimage","url":"https:\/\/franciscanos.org.br\/noticias\/wp-content\/uploads\/2013\/07\/Esquenta-4.jpg","contentUrl":"https:\/\/franciscanos.org.br\/noticias\/wp-content\/uploads\/2013\/07\/Esquenta-4.jpg","width":273,"height":182},{"@type":"WebPage","@id":"https:\/\/franciscanos.org.br\/noticias\/frades-participam-do-programa-esquenta.html#webpage","url":"https:\/\/franciscanos.org.br\/noticias\/frades-participam-do-programa-esquenta.html","name":"Frades participam do Programa \u201cEsquenta\u201d de Regina Cas\u00e9 - Not\u00edcias - Franciscanos","isPartOf":{"@id":"https:\/\/franciscanos.org.br\/noticias\/#website"},"primaryImageOfPage":{"@id":"https:\/\/franciscanos.org.br\/noticias\/frades-participam-do-programa-esquenta.html#primaryimage"},"datePublished":"2013-07-04T12:33:09+00:00","dateModified":"2020-11-11T13:12:04+00:00","author":{"@id":"https:\/\/franciscanos.org.br\/noticias\/#\/schema\/person\/b38fbf43118f02820bd932f2e4b14ad3"},"breadcrumb":{"@id":"https:\/\/franciscanos.org.br\/noticias\/frades-participam-do-programa-esquenta.html#breadcrumb"},"inLanguage":"pt-BR","potentialAction":[{"@type":"ReadAction","target":["https:\/\/franciscanos.org.br\/noticias\/frades-participam-do-programa-esquenta.html"]}]},{"@type":"BreadcrumbList","@id":"https:\/\/franciscanos.org.br\/noticias\/frades-participam-do-programa-esquenta.html#breadcrumb","itemListElement":[{"@type":"ListItem","position":1,"name":"Home","item":"https:\/\/franciscanos.org.br\/noticias"},{"@type":"ListItem","position":2,"name":"Frades participam do Programa \u201cEsquenta\u201d de Regina Cas\u00e9"}]},{"@type":"Person","@id":"https:\/\/franciscanos.org.br\/noticias\/#\/schema\/person\/b38fbf43118f02820bd932f2e4b14ad3","name":"admin","image":{"@type":"ImageObject","inLanguage":"pt-BR","@id":"https:\/\/franciscanos.org.br\/noticias\/#\/schema\/person\/image\/","url":"https:\/\/secure.gravatar.com\/avatar\/e8495742d34d0ba6448ea1c628263b3e?s=96&d=mm&r=g","contentUrl":"https:\/\/secure.gravatar.com\/avatar\/e8495742d34d0ba6448ea1c628263b3e?s=96&d=mm&r=g","caption":"admin"},"url":"https:\/\/franciscanos.org.br\/noticias\/author\/admin"}]}},"_links":{"self":[{"href":"https:\/\/franciscanos.org.br\/noticias\/wp-json\/wp\/v2\/posts\/40944"}],"collection":[{"href":"https:\/\/franciscanos.org.br\/noticias\/wp-json\/wp\/v2\/posts"}],"about":[{"href":"https:\/\/franciscanos.org.br\/noticias\/wp-json\/wp\/v2\/types\/post"}],"author":[{"embeddable":true,"href":"https:\/\/franciscanos.org.br\/noticias\/wp-json\/wp\/v2\/users\/1"}],"replies":[{"embeddable":true,"href":"https:\/\/franciscanos.org.br\/noticias\/wp-json\/wp\/v2\/comments?post=40944"}],"version-history":[{"count":2,"href":"https:\/\/franciscanos.org.br\/noticias\/wp-json\/wp\/v2\/posts\/40944\/revisions"}],"predecessor-version":[{"id":229262,"href":"https:\/\/franciscanos.org.br\/noticias\/wp-json\/wp\/v2\/posts\/40944\/revisions\/229262"}],"wp:featuredmedia":[{"embeddable":true,"href":"https:\/\/franciscanos.org.br\/noticias\/wp-json\/wp\/v2\/media\/216886"}],"wp:attachment":[{"href":"https:\/\/franciscanos.org.br\/noticias\/wp-json\/wp\/v2\/media?parent=40944"}],"wp:term":[{"taxonomy":"category","embeddable":true,"href":"https:\/\/franciscanos.org.br\/noticias\/wp-json\/wp\/v2\/categories?post=40944"},{"taxonomy":"post_tag","embeddable":true,"href":"https:\/\/franciscanos.org.br\/noticias\/wp-json\/wp\/v2\/tags?post=40944"}],"curies":[{"name":"wp","href":"https:\/\/api.w.org\/{rel}","templated":true}]}}