{"id":40907,"date":"2013-07-03T07:09:15","date_gmt":"2013-07-03T10:09:15","guid":{"rendered":"http:\/\/new.franciscanos.org.br\/?p=40907"},"modified":"2019-07-09T09:50:37","modified_gmt":"2019-07-09T12:50:37","slug":"para-onde-o-espirito-impele-a-nossa-presenca-franciscana","status":"publish","type":"post","link":"https:\/\/franciscanos.org.br\/noticias\/para-onde-o-espirito-impele-a-nossa-presenca-franciscana.html","title":{"rendered":"Para onde o esp\u00edrito impele a nossa presen\u00e7a franciscana?"},"content":{"rendered":"<h4 style=\"text-align: left;\" align=\"center\"><img loading=\"lazy\" class=\"size-full wp-image-40909 alignright\" src=\"http:\/\/franciscanos.org.br\/wp-content\/uploads\/2013\/07\/amazonia.jpg\" alt=\"amazonia\" width=\"450\" height=\"553\" \/><b>Encontro de mission\u00e1rios e mission\u00e1rias franciscanos da Amaz\u00f4nia<\/b><b>\u00a0<\/b><\/h4>\n<p><b><i>Irm\u00e3os e irm\u00e3s, recebei a nossa afetuosa sauda\u00e7\u00e3o de paz e bem!<\/i><\/b><\/p>\n<p>1.\u00a0\u00a0 Todos n\u00f3s, irm\u00e3os e irm\u00e3s da Fam\u00edlia Franciscana, convidados pelo Ministro Geral dos Frades Menores, nos encontramos no Centro de Punchana, em Iquitos, capital da regi\u00e3o de Loreto, no cora\u00e7\u00e3o da selva amaz\u00f4nica peruana, de 2 a 6 de junho de 2013, para celebrar o Encontro de mission\u00e1rios e mission\u00e1rias que vivem na Amaz\u00f4nia. Somos cerca de 50 irm\u00e3os e irm\u00e3s da Fam\u00edlia Franciscana: de Roma est\u00e3o presentes o Ministro Geral dos Menores, Frei Michael Perry, os dois Definidores Gerais da \u00e1rea e os dois irm\u00e3os animadores para as miss\u00f5es e a evangeliza\u00e7\u00e3o da Ordem; seis Ministros Provinciais, alguns representantes OFMCap, uma boa representa\u00e7\u00e3o de Irm\u00e3s franciscanas e um leigo. Conosco tamb\u00e9m est\u00e3o dois Bispos de Vicariatos da Bol\u00edvia.<\/p>\n<p>2.\u00a0\u00a0 Na nossa reflex\u00e3o fomos orientados pelo tema \u201cA presen\u00e7a franciscana na Amaz\u00f4nia, ontem, hoje e rumo ao futuro\u201d e pelo estimulante lema \u201cPara onde o Esp\u00edrito impele a nossa presen\u00e7a franciscana na Amaz\u00f4nia?\u201d\u00a0 E justamente tudo o que juntos contemplamos, meditamos, partilhamos e decidimos, \u00e9 o que queremos partilhar tamb\u00e9m convosco, queridos irm\u00e3os e irm\u00e3s, atrav\u00e9s desta breve mensagem, que vos enviamos com a esperan\u00e7a de que tamb\u00e9m v\u00f3s possais participar das alegrias e esperan\u00e7as, das dificuldades e dos sofrimentos que n\u00f3s vivemos cotidianamente na miss\u00e3o da nossa amada Amaz\u00f4nia.<\/p>\n<p>3.\u00a0\u00a0 Este nosso encontro acontece dentro de um clima de particular aten\u00e7\u00e3o e sensibilidade diante dos sofrimentos que chegam da Amaz\u00f4nia e que encontraram resson\u00e2ncia na Fam\u00edlia Franciscana, na Vida Religiosa, na Igreja e tamb\u00e9m na sociedade. O clamor desta terra ressoou na Ordem dos Frades Menores, em modo particular durante a celebra\u00e7\u00e3o do \u00faltimo Cap\u00edtulo Geral de 2009, a tal ponto que os Frades capitulares votaram a proposta de um Projeto integral na Amaz\u00f4nia. Tal projeto pretende, de um lado, apoiar e refor\u00e7ar as presen\u00e7as j\u00e1 existentes desde o s\u00e9culo XVI; de outro, constituir novas Fraternidades interprovinciais e construir uma rede de solidariedade. E foi assim que o Ministro Geral com o seu Definit\u00f3rio, em colabora\u00e7\u00e3o direta com as Confer\u00eancias OFM da Am\u00e9rica Latina, deu in\u00edcio \u00e0 primeira Fraternidade mission\u00e1ria interprovincial de Requena e, ao mesmo tempo, promove o Projeto na sua integralidade com v\u00e1rias iniciativas, como o presente encontro. Por isso, a assembleia n\u00e3o s\u00f3 colocou no centro os irm\u00e3os e as irm\u00e3s mission\u00e1rios com as suas ricas experi\u00eancias de vida, mas quis tamb\u00e9m chamar a aten\u00e7\u00e3o da Fam\u00edlia Franciscana para este Projeto, a fim de suscitar uma maior e renovada sensibilidade para com o mundo amaz\u00f4nico e lan\u00e7ar um apelo a participar desta grande miss\u00e3o.<\/p>\n<p>4.\u00a0\u00a0 Guiados pela metodologia do contemplar, meditar, restituir e celebrar, fizemos assim mem\u00f3ria da presen\u00e7a franciscana desde o s\u00e9culo XVI, recordando o testemunho daqueles corajosos mission\u00e1rios que muitas vezes deram sua vida pelo bem destes povos. Ao mesmo tempo, escutamos os mission\u00e1rios que hoje atuam no territ\u00f3rio, as suas experi\u00eancias, a sua obra de evangeliza\u00e7\u00e3o e promo\u00e7\u00e3o humana, as suas dificuldades diante dos grandes desafios atuais. Na escuta dos irm\u00e3os e das irm\u00e3s procuramos auscultar a voz do Esp\u00edrito que nos impele \u00e0 renova\u00e7\u00e3o das nossas vidas, presen\u00e7as e pr\u00e1ticas mission\u00e1rias. Tudo isso nos motivou a renovar a nossa f\u00e9 no Deus presente que continuamente opera em favor dos povos amaz\u00f4nicos. Isto o fizemos pela escuta da Palavra de Deus e a celebra\u00e7\u00e3o da Eucaristia, participando de belos momentos lit\u00fargicos.<\/p>\n<h4><b><i>\u201cPassemos \u00e0 outra margem!\u201d<\/i><\/b><\/h4>\n<p>(Lc 8,22).<br \/>\n5.\u00a0\u00a0 Durante o nosso Encontro, mais vezes apareceu diante dos nossos olhos a imagem da barca, da lancha com a qual nos deslocamos muitas vezes de uma parte \u00e0 outra na regi\u00e3o amaz\u00f4nica. Segundo a tradi\u00e7\u00e3o, a imagem \u00e9 referida primeiramente \u00e0 Igreja, que envolve a todos n\u00f3s mission\u00e1rios com a tarefa que nos foi confiada de levar a todos os cantos o Evangelho de Cristo. A embarca\u00e7\u00e3o torna-se para n\u00f3s um s\u00edmbolo muito rico, capaz de descrever a nossa vida mission\u00e1ria. Sobre a barca, de fato, h\u00e1 o tim\u00e3o que, para n\u00f3s, representa Cristo \u2013 como nos recordou o Ministro Geral Frei Michael Perry \u2013 que nos indica a dire\u00e7\u00e3o, o rumo a seguir cada dia; n\u00e3o s\u00f3, mas, como o tim\u00e3o, o Senhor est\u00e1 sempre presente sobre esta barca e o seu estar conosco nos enche de coragem e esperan\u00e7a. Est\u00e1 ao nosso lado tamb\u00e9m o motor, que nos \u00faltimos anos substituiu os remos e a for\u00e7a dos m\u00fasculos. O motor \u00e9 o Esp\u00edrito Santo que nos conduz pelo caminho indicado por Jesus, infundindo em n\u00f3s energia, perseveran\u00e7a, fantasia. A barca, al\u00e9m disso, tem o seu ponto de partida e de chegada: e isto \u00e9 sinal da nossa vida que viaja rumo ao Pai e \u00e0 sua Casa, que \u00e9 tamb\u00e9m a nossa. Do seu cora\u00e7\u00e3o partimos e a ele regressamos. A barca representa exatamente a voca\u00e7\u00e3o do mission\u00e1rio na Amaz\u00f4nia.<\/p>\n<p>6.\u00a0\u00a0 A Barca, com o seu espa\u00e7o interno, faz refer\u00eancia \u00e0 fraternidade, \u00e0 nossa voca\u00e7\u00e3o de irm\u00e3os e irm\u00e3s de S\u00e3o Francisco, cada um com o seu pr\u00f3prio carisma particular. Toda a Fam\u00edlia franciscana amaz\u00f4nica encontra o pr\u00f3prio lugar nesta barca que deseja alargar-se e abrir espa\u00e7o aos irm\u00e3os e \u00e0s irm\u00e3s que receberam a mesma consagra\u00e7\u00e3o batismal, valorizando o laicato, sobretudo com a simpatia e a acolhida, buscando modos novos para uma mais verdadeira comunh\u00e3o e para uma ativa colabora\u00e7\u00e3o. Mais ainda, quer dilatar-se e acolher todos os filhos de Deus e tamb\u00e9m todas as criaturas, as quais S\u00e3o Francisco nos ensinou a chamar de irm\u00e3os e irm\u00e3s porque plasmados pelas mesmas m\u00e3os do Pai criador. A barca, como a voca\u00e7\u00e3o franciscana, tem ao natural esta atitude da acolhida, do fazer lugar, do entusiasmo que se torna hino ao Senhor, como tamb\u00e9m o compartilhar a dor de algu\u00e9m entre todos. Esta grande barca representa a alegria de estarmos juntos peregrinos e forasteiros, no aqui e agora da nossa hist\u00f3ria.<\/p>\n<p>7.\u00a0\u00a0 A Barca da voca\u00e7\u00e3o franciscana quer navegar por toda parte, alcan\u00e7ar a todos e, por isso, \u00e9 o grande sinal do amor. E o amor \u00e9 sempre din\u00e2mico, n\u00e3o suporta paradas muito prolongadas. De fato, n\u00e3o se pode amar e n\u00e3o partir, como tamb\u00e9m n\u00e3o se pode amar e ficar calado. Desde cinco s\u00e9culos a barca da voca\u00e7\u00e3o mission\u00e1ria percorreu com hero\u00edsmo a imensid\u00e3o da nossa regi\u00e3o. Os p\u00e9s dos primeiros mission\u00e1rios se encaminharam sobre as montanhas, penetraram nas selvas mais profundas, ultrapassaram milhares de rios. A nossa hist\u00f3ria nos ensina que o amor supera todo tipo de fronteira a fim de chegar a todas as culturas e todos os grupos \u00e9tnicos, a fim de ir viver em qualquer geografia e clima, adaptando-se com alegre sacrif\u00edcio \u00e0s situa\u00e7\u00f5es mais inusitadas. Do livro da hist\u00f3ria, antiga e recente, aprendemos que os mission\u00e1rios da Amaz\u00f4nia procuraram viver\u00a0 em suas vidas o despojamento de Cristo a fim de revestir-se, com ser\u00e1fica criatividade, com os panos dos homens e das mulheres que encontraram pelo caminho. Esta encarna\u00e7\u00e3o por amor os tornou atentos \u00e0s <i>semina Verbi<\/i>, espalhadas generosamente nestas culturas; uma aten\u00e7\u00e3o que \u00e9 respeito, valoriza\u00e7\u00e3o, grande cuidado para com os valores vividos pelos povos ind\u00edgenas. A mesma l\u00f3gica levou-os a aprender as diferentes\u00a0 l\u00ednguas do povo a fim de serem tradutores da l\u00edngua de Deus no idioma ind\u00edgena. Com a mesma for\u00e7a do amor, eles ainda hoje buscam encher a terra com o Evangelho de Cristo. Com a aud\u00e1cia do amor, com a capacidade de sonhar segundo os sonhos de Deus!<br \/>\n8.\u00a0\u00a0 A simplicidade da barca faz refer\u00eancia \u00e0 nossa voca\u00e7\u00e3o de menores. O Poverello de Assis, fascinado pelo exemplo do Senhor, escolheu para si e os seus filhos e suas filhas o nome de menores. Ainda hoje a Fam\u00edlia dos Menores, leigos, irm\u00e3s e frades, quer deixar-se atrair pelos menores que vivem nos imensos espa\u00e7os amaz\u00f4nicos. Ir a eles, procur\u00e1-los, para estar entre eles, com eles e como eles. Com a convic\u00e7\u00e3o profunda de que j\u00e1 a estreita proximidade \u00e9 evangeliza\u00e7\u00e3o, que o encontro \u00e9, por si mesmo, um sacramento por onde passa a presen\u00e7a de Deus. E o primeiro dom que prov\u00e9m deste estar com, entre, como, recebemos propriamente n\u00f3s, os mission\u00e1rios: quanto \u00e9 diversa a vida vista atrav\u00e9s dos olhos dos pobres, do escutar as suas hist\u00f3rias, do estar diante da sua nobre dignidade, tornada dram\u00e1tica muitas vezes pelas condi\u00e7\u00f5es de mis\u00e9ria em que se encontram! \u00c9 bem assim: os pobres nos evangelizam, s\u00e3o nossos mestres, ensinam grandes li\u00e7\u00f5es de vida, convidando-nos ao essencial, ao senso concreto, \u00e0 confian\u00e7a na Provid\u00eancia! Neste meio mil\u00eanio da nossa presen\u00e7a aqui, vemos com satisfa\u00e7\u00e3o todos os esfor\u00e7os, as iniciativas, os milhares de sacrif\u00edcios dos mission\u00e1rios para a educa\u00e7\u00e3o do povo, atrav\u00e9s da constru\u00e7\u00e3o de escolas, a organiza\u00e7\u00e3o dos cursos, todas as m\u00faltiplas iniciativas para oferecer cultura e habilidade laborativa. Ainda hoje estamos convencidos da import\u00e2ncia do compromisso educativo, que parte da valoriza\u00e7\u00e3o da cultura nativa, com toda a sua riqueza, recuperando as ra\u00edzes profundas da sua identidade, a sua sapiente filosofia. Al\u00e9m disso, como fam\u00edlia de S\u00e3o Francisco, somos desafiados a sermos pont\u00edfices, isto \u00e9, construtores de pontes, capazes de unir duas margens diversas, duas culturas distantes, dois inimigos em guerra. Francisco comp\u00f4s um c\u00e2ntico para reconduzir \u00e0 paz o Bispo e o Podest\u00e1 de Assis. Cantores e artistas n\u00e3o faltam em nossa fam\u00edlia mission\u00e1ria para conclamar com criativa fantasia \u00e0 justi\u00e7a, \u00e0 paz, \u00e0 salvaguarda da cria\u00e7\u00e3o.<\/p>\n<p>9.\u00a0\u00a0 Seguindo seu rumo com movimento ligeiro, a barca \u00e9 ainda o sinal da profecia. Irm\u00e3s e irm\u00e3os de S\u00e3o Francisco, desde o in\u00edcio, quiseram ser voz. Voz de Deus, antes de tudo, que chama \u00e0 convers\u00e3o evang\u00e9lica, come\u00e7ando sempre por si mesmo. Voz dos pobres: a fim de fazer pr\u00f3prios os seus direitos, para partilhar os seus dramas e suas frustra\u00e7\u00f5es, para a corajosa den\u00fancia, mesmo arriscando a pr\u00f3pria vida \u2013 como v\u00e1rias vezes tem acontecido \u2013 diante daqueles que s\u00e3o contra Deus, porque contra os pobres. Voz tamb\u00e9m daquele sacramento de beleza que \u00e9 a natureza, assim infinitamente variada e generosa na Amaz\u00f4nia. Sobretudo hoje, os mission\u00e1rios da Amaz\u00f4nia se fazem voz deste rosto de Deus, continuamente desfigurado pela m\u00e3o tola de quem serve \u00e0 Mamona. As irm\u00e3s e os irm\u00e3os mission\u00e1rios da Amaz\u00f4nia querem ser esta voz: falada, gritada com o testemunho da pr\u00f3pria vida, se tornando ainda mais forte porque voz de toda a fraternidade.<\/p>\n<p>10. E esta lancha, hoje, \u00e9 impelida pelo Esp\u00edrito! De novo, e de maneira sempre diferente, \u00e9 conduzida rumo ao cora\u00e7\u00e3o da Amaz\u00f4nia e dos seus habitantes, em meio aos desafios hist\u00f3ricos que nos interpelam gravemente. E novidade e fantasia s\u00e3o soprados pelo Esp\u00edrito de Deus sobre nossa Fam\u00edlia Franciscana a fim de purific\u00e1-la, ilumin\u00e1-la e incendi\u00e1-la\u00a0 com aquele fogo que \u00e9 o pr\u00f3prio amor de Deus, de tal modo que possa inventar novas formas de presen\u00e7a em que a fraternidade seja realmente protagonista; novos caminhos no interior das Igrejas locais, em colabora\u00e7\u00e3o com os bispos e segundo o dinamismo da convers\u00e3o eclesiol\u00f3gica; in\u00e9ditas modalidades de colabora\u00e7\u00e3o mais corajosas entre frades e irm\u00e3s e leigos; novos espa\u00e7os para poder viver uma vida menos estruturada e mais livre a fim de seguir os impulsos do Esp\u00edrito. Na consci\u00eancia de que cada redimensionamento exterior parte sempre da renova\u00e7\u00e3o interior, aquela da convers\u00e3o cotidiana. Dessa lancha dirigimos o convite aos irm\u00e3os e \u00e0s irm\u00e3s, aos leigos e religiosos, a fim de sairem conosco e vivermos juntos a alegria do an\u00fancio nesta maravilhosa irm\u00e3 e m\u00e3e terra amaz\u00f4nica.<\/p>\n<h4><b><i>\u201cLan\u00e7ai a rede\u2026\u201d<\/i><\/b><\/h4>\n<p><b><i><\/i><\/b> (Jo 21,6)<br \/>\n11. O encontro das presen\u00e7as franciscanas da Amaz\u00f4nia foi o espa\u00e7o ideal para recuperar a mem\u00f3ria do passado, o qual ilumina o presente e abre ao futuro. As diferentes peculiaridades dos participantes das distintas proveni\u00eancias se uniram num corpo s\u00f3, fundindo a diversidade na unidade e oferecendo assim a todos uma eloquente imagem do Deus Uno e Trino. \u00danico era, de fato, o amor pela miss\u00e3o na Amaz\u00f4nia que unia todos os mission\u00e1rios e que se evidenciava nos di\u00e1logos em assembleia e nos trabalhos de grupo.\u00a0Durante esses dias do encontro, ajudados pela gra\u00e7a do Esp\u00edrito, analisamos o contexto em que somos chamados a viver como evangelizadores, aprofundamos o nosso ser irm\u00e3os e irm\u00e3s diante dos desafios do momento presente e, enfim, escolhemos juntos algumas linhas de a\u00e7\u00e3o comuns nos v\u00e1rios \u00e2mbitos da nossa miss\u00e3o.<\/p>\n<p>12. A an\u00e1lise do contexto em que vivemos e operamos nos fez constatar alguns fen\u00f4menos comuns, a saber, a globaliza\u00e7\u00e3o que provoca a perda de identidade\u00a0 e que diz respeito, particularmente, aos jovens, a tecnologia e a modernidade; a migra\u00e7\u00e3o devida a v\u00e1rios fatores, como o prosseguimento dos estudos, o trabalho, a viol\u00eancia; a corrup\u00e7\u00e3o presente em todos os n\u00edveis, do governo at\u00e9 a pequena popula\u00e7\u00e3o ribeirinha; as pol\u00edticas neoliberais e mercantilistas que promovem a destrui\u00e7\u00e3o das florestas e do ambiente sem respeito algum pelos povos ind\u00edgenas, o aquecimento global, a polui\u00e7\u00e3o dos rios.<\/p>\n<p>13. Da parte de todos n\u00f3s, h\u00e1 necessidade de reafirmar alguns compromissos. Eis os principais: delinear um rosto amaz\u00f4nico \u00e0 Vida Religiosa, \u00e0 vida da Igreja, convictos de que o Senhor chama outros mission\u00e1rios para trabalhar nesta regi\u00e3o; articular melhor as nossas presen\u00e7as mission\u00e1rias e ter a aud\u00e1cia de ir al\u00e9m das nossas dioceses, pa\u00edses e Institutos religiosos de perten\u00e7a; dispor-nos a uma maior criatividade para dar respostas eficazes e corajosas \u00e0 renovada compreens\u00e3o eclesiol\u00f3gica; sentir fortemente a necessidade de sermos n\u00f3s mesmos disc\u00edpulos, escutando o povo e aprendendo dos povos aos quais servimos; como menores e humildes, mas tamb\u00e9m como corajosos testemunhas do Evangelho, fazer frente \u00e0 realidade das multinacionais e transnacionais, procurando com paix\u00e3o alternativas estrat\u00e9gicas diante de seus projetos; estar convencidos de que a Fraternidade \u00e9 fundamental e que nos impele a rever a nossa vida, buscando modalidades mais eficazes para viver neste contexto como uma verdadeira fam\u00edlia. Diante dos desafios, experimentamos o forte desejo de continuar a presen\u00e7a na Amaz\u00f4nia, justamente por causa das dificuldades encontradas. Eis as linhas de a\u00e7\u00e3o que queremos percorrer em \u00e2mbito social e eclesial, como Fam\u00edlia Franciscana.<\/p>\n<p><b>14. No social<\/b><br \/>\n\u2022\u00a0\u00a0\u00a0 Queremos, a partir de nossa identidade franciscana, fazer alian\u00e7as com os movimentos sociais e outros grupos, em defesa da vida e no cuidado da Amaz\u00f4nia.<br \/>\nPara isso, propomos identificar e conhecer os movimentos sociais, grupos de investiga\u00e7\u00e3o e observat\u00f3rios de Direitos humanos existentes na nossa regi\u00e3o, a fim de dialogar e colaborar com eles.<br \/>\n\u2022\u00a0\u00a0\u00a0 Queremos impulsionar e fortalecer os processos de forma\u00e7\u00e3o dos leigos para que sejam profetas e atuem como tais em defesa da justi\u00e7a social e em favor da vida.<br \/>\nPara isso propomos um acompanhamento pr\u00f3ximo e fraterno junto aos leigos a fim de os despertar e promover seu protagonismo e sua lideran\u00e7a.<\/p>\n<p><b>15. Na Igreja<\/b><br \/>\n\u2022\u00a0\u00a0\u00a0 Queremos entrar num processo de convers\u00e3o pastoral e eclesiol\u00f3gica, por meio de uma miss\u00e3o compartilhada, segundo a nossa identidade.<br \/>\nPara alcan\u00e7ar esse objetivo, precisamos rever as nossas pr\u00e1ticas pastorais atuais, articulando-as com os planos pastorais das Dioceses e dos Vicariatos.<br \/>\n\u2022\u00a0\u00a0\u00a0 Queremos caminhar com a Igreja local dando maior aten\u00e7\u00e3o \u00e0s comunidades nativas.<br \/>\nPara isto queremos apoiar os povos ind\u00edgenas na busca da sua autonomia e no respeito aos seus direitos.<br \/>\n\u2022\u00a0\u00a0\u00a0 Queremos caminhar com a Igreja particular dando maior aten\u00e7\u00e3o \u00e0 forma\u00e7\u00e3o de animadores e l\u00edderes.<br \/>\nPara isto queremos:<br \/>\n\u2022 inserir-nos nos processos formativos j\u00e1 existentes;<br \/>\n\u2022 criar e animar comunidades de base e promover os l\u00edderes no meio dos povos, colocando sempre Cristo como centro da evangeliza\u00e7\u00e3o;<br \/>\n\u2022 facilitar os encontros no n\u00edvel local para a partilha fraterna e a coordena\u00e7\u00e3o;<br \/>\n\u2022 recorrer ao uso dos meios tecnol\u00f3gicos modernos para a forma\u00e7\u00e3o e para o servi\u00e7o pastoral.<\/p>\n<p><b>16. Como Fam\u00edlia Franciscana<\/b><br \/>\n\u2022\u00a0\u00a0\u00a0 Queremos, atrav\u00e9s de nossa identidade franciscana, ser sinais vivos de testemunho e de comunh\u00e3o na viv\u00eancia e no an\u00fancio do Evangelho.<br \/>\nPara isto nos propomos a facilitar os encontros em todos os n\u00edveis para a rec\u00edproca anima\u00e7\u00e3o e forma\u00e7\u00e3o, utilizar os meios tecnol\u00f3gicos para a forma\u00e7\u00e3o e a comunica\u00e7\u00e3o, criar uma rede de informa\u00e7\u00e3o e comunica\u00e7\u00e3o em vista de uma partilha solid\u00e1ria entre todas as presen\u00e7as mission\u00e1rias franciscanas na Amaz\u00f4nia.<br \/>\nDesejamos reafirmar o dom da vida em fraternidade, a partir da experi\u00eancia de Deus, promovendo rela\u00e7\u00f5es fraternas com todos e com todas as criaturas, oferecendo contribui\u00e7\u00e3o \u00e0 Igreja e \u00e0 sociedade com a m\u00edstica ecol\u00f3gica e o cuidado do meio\u2013ambiente.<br \/>\nPara tal fim propomos constituir uma equipe, na Fam\u00edlia Franciscana, de servi\u00e7o \u00e0 ecologia e ao meio\u2013ambiente.<br \/>\nQueremos revitalizar o nosso carisma em di\u00e1logo com a espiritualidade ind\u00edgena e compartilhar experi\u00eancias com comunidades religiosas e com leigos.<br \/>\nPara isso nos propomos encaminhar um trabalho mais pr\u00f3ximo \u00e0s entidades religiosas em defesa da vida e dos direitos humanos.<\/p>\n<h4><b><i>\u201cComecemos, irm\u00e3os!\u201d<\/i><\/b><\/h4>\n<p>(LM 14, 2)<br \/>\n<strong>17. Os participantes deste Encontro de Iquitos est\u00e3o convencidos da import\u00e2ncia de momentos como este, vividos como aut\u00eantico espa\u00e7o de anima\u00e7\u00e3o e forma\u00e7\u00e3o rec\u00edprocas, de proje\u00e7\u00e3o e de refor\u00e7o da comunh\u00e3o fraterna<\/strong>. Por este motivo, os mesmos prop\u00f5em \u00e0 Equipe organizadora do Encontro Iquitos 2013 que retome as conclus\u00f5es deste, apresente-as ao Ministro Geral e \u00e0s Confer\u00eancias OFM da Am\u00e9rica Latina.<br \/>\nDestas inst\u00e2ncias surgir\u00e1 a continuidade, buscando envolver o mais poss\u00edvel a Fam\u00edlia Franciscana presente na Amaz\u00f4nia.<br \/>\n18. Eis, irm\u00e3os e irm\u00e3s, o que tocamos e apalpamos com nossas m\u00e3os: o grande amor para com a Amaz\u00f4nia. Ao transmitir-vos esta experi\u00eancia, vos convidamos a tomar parte tamb\u00e9m v\u00f3s deste mesmo interesse, deste mesmo amor!<br \/>\nA Virgem da Amaz\u00f4nia ajude a todos n\u00f3s a sentimo-nos em comunh\u00e3o na grande fam\u00edlia dos filhos e das filhas de Deus!<\/p>\n<hr \/>\n<p style=\"text-align: left;\"><b><i>Iquitos, Peru, 2 a 6 de junho de 2013<\/i><\/b><\/p>\n<p><strong>Frei Nestor Inacio Schwerz<\/strong><\/p>\n","protected":false},"excerpt":{"rendered":"<p>Encontro de mission\u00e1rios e mission\u00e1rias que vivem na Amaz\u00f4nia<\/p>\n","protected":false},"author":1,"featured_media":207447,"comment_status":"closed","ping_status":"open","sticky":false,"template":"","format":"standard","meta":[],"categories":[1],"tags":[201,833],"acf":[],"yoast_head":"<!-- This site is optimized with the Yoast SEO plugin v19.2 - https:\/\/yoast.com\/wordpress\/plugins\/seo\/ -->\n<title>Para onde o esp\u00edrito impele a nossa presen\u00e7a franciscana? - Not\u00edcias - Franciscanos<\/title>\n<meta name=\"robots\" content=\"index, follow, max-snippet:-1, max-image-preview:large, max-video-preview:-1\" \/>\n<link rel=\"canonical\" href=\"https:\/\/franciscanos.org.br\/noticias\/para-onde-o-espirito-impele-a-nossa-presenca-franciscana.html\" \/>\n<meta property=\"og:locale\" content=\"pt_BR\" \/>\n<meta property=\"og:type\" content=\"article\" \/>\n<meta property=\"og:title\" content=\"Para onde o esp\u00edrito impele a nossa presen\u00e7a franciscana? - Not\u00edcias - Franciscanos\" \/>\n<meta property=\"og:description\" content=\"Encontro de mission\u00e1rios e mission\u00e1rias que vivem na Amaz\u00f4nia\" \/>\n<meta property=\"og:url\" content=\"https:\/\/franciscanos.org.br\/noticias\/para-onde-o-espirito-impele-a-nossa-presenca-franciscana.html\" \/>\n<meta property=\"og:site_name\" content=\"Not\u00edcias - Franciscanos\" \/>\n<meta property=\"article:published_time\" content=\"2013-07-03T10:09:15+00:00\" \/>\n<meta property=\"article:modified_time\" content=\"2019-07-09T12:50:37+00:00\" \/>\n<meta property=\"og:image\" content=\"https:\/\/franciscanos.org.br\/noticias\/wp-content\/uploads\/2013\/07\/amazonia.jpg\" \/>\n\t<meta property=\"og:image:width\" content=\"273\" \/>\n\t<meta property=\"og:image:height\" content=\"181\" \/>\n\t<meta property=\"og:image:type\" content=\"image\/jpeg\" \/>\n<meta name=\"author\" content=\"admin\" \/>\n<meta name=\"twitter:card\" content=\"summary_large_image\" \/>\n<meta name=\"twitter:label1\" content=\"Escrito por\" \/>\n\t<meta name=\"twitter:data1\" content=\"admin\" \/>\n\t<meta name=\"twitter:label2\" content=\"Est. tempo de leitura\" \/>\n\t<meta name=\"twitter:data2\" content=\"16 minutos\" \/>\n<script type=\"application\/ld+json\" class=\"yoast-schema-graph\">{\"@context\":\"https:\/\/schema.org\",\"@graph\":[{\"@type\":\"WebSite\",\"@id\":\"https:\/\/franciscanos.org.br\/noticias\/#website\",\"url\":\"https:\/\/franciscanos.org.br\/noticias\/\",\"name\":\"Not\u00edcias - Franciscanos\",\"description\":\"Prov\u00edncia Franciscana da Imaculada Concei\u00e7\u00e3o do Brasil - Ordem dos Frades Menores - OFM\",\"potentialAction\":[{\"@type\":\"SearchAction\",\"target\":{\"@type\":\"EntryPoint\",\"urlTemplate\":\"https:\/\/franciscanos.org.br\/noticias\/?s={search_term_string}\"},\"query-input\":\"required name=search_term_string\"}],\"inLanguage\":\"pt-BR\"},{\"@type\":\"ImageObject\",\"inLanguage\":\"pt-BR\",\"@id\":\"https:\/\/franciscanos.org.br\/noticias\/para-onde-o-espirito-impele-a-nossa-presenca-franciscana.html#primaryimage\",\"url\":\"https:\/\/franciscanos.org.br\/noticias\/wp-content\/uploads\/2013\/07\/amazonia.jpg\",\"contentUrl\":\"https:\/\/franciscanos.org.br\/noticias\/wp-content\/uploads\/2013\/07\/amazonia.jpg\",\"width\":273,\"height\":181},{\"@type\":\"WebPage\",\"@id\":\"https:\/\/franciscanos.org.br\/noticias\/para-onde-o-espirito-impele-a-nossa-presenca-franciscana.html#webpage\",\"url\":\"https:\/\/franciscanos.org.br\/noticias\/para-onde-o-espirito-impele-a-nossa-presenca-franciscana.html\",\"name\":\"Para onde o esp\u00edrito impele a nossa presen\u00e7a franciscana? - Not\u00edcias - Franciscanos\",\"isPartOf\":{\"@id\":\"https:\/\/franciscanos.org.br\/noticias\/#website\"},\"primaryImageOfPage\":{\"@id\":\"https:\/\/franciscanos.org.br\/noticias\/para-onde-o-espirito-impele-a-nossa-presenca-franciscana.html#primaryimage\"},\"datePublished\":\"2013-07-03T10:09:15+00:00\",\"dateModified\":\"2019-07-09T12:50:37+00:00\",\"author\":{\"@id\":\"https:\/\/franciscanos.org.br\/noticias\/#\/schema\/person\/b38fbf43118f02820bd932f2e4b14ad3\"},\"breadcrumb\":{\"@id\":\"https:\/\/franciscanos.org.br\/noticias\/para-onde-o-espirito-impele-a-nossa-presenca-franciscana.html#breadcrumb\"},\"inLanguage\":\"pt-BR\",\"potentialAction\":[{\"@type\":\"ReadAction\",\"target\":[\"https:\/\/franciscanos.org.br\/noticias\/para-onde-o-espirito-impele-a-nossa-presenca-franciscana.html\"]}]},{\"@type\":\"BreadcrumbList\",\"@id\":\"https:\/\/franciscanos.org.br\/noticias\/para-onde-o-espirito-impele-a-nossa-presenca-franciscana.html#breadcrumb\",\"itemListElement\":[{\"@type\":\"ListItem\",\"position\":1,\"name\":\"Home\",\"item\":\"https:\/\/franciscanos.org.br\/noticias\"},{\"@type\":\"ListItem\",\"position\":2,\"name\":\"Para onde o esp\u00edrito impele a nossa presen\u00e7a franciscana?\"}]},{\"@type\":\"Person\",\"@id\":\"https:\/\/franciscanos.org.br\/noticias\/#\/schema\/person\/b38fbf43118f02820bd932f2e4b14ad3\",\"name\":\"admin\",\"image\":{\"@type\":\"ImageObject\",\"inLanguage\":\"pt-BR\",\"@id\":\"https:\/\/franciscanos.org.br\/noticias\/#\/schema\/person\/image\/\",\"url\":\"https:\/\/secure.gravatar.com\/avatar\/e8495742d34d0ba6448ea1c628263b3e?s=96&d=mm&r=g\",\"contentUrl\":\"https:\/\/secure.gravatar.com\/avatar\/e8495742d34d0ba6448ea1c628263b3e?s=96&d=mm&r=g\",\"caption\":\"admin\"},\"url\":\"https:\/\/franciscanos.org.br\/noticias\/author\/admin\"}]}<\/script>\n<!-- \/ Yoast SEO plugin. -->","yoast_head_json":{"title":"Para onde o esp\u00edrito impele a nossa presen\u00e7a franciscana? - Not\u00edcias - Franciscanos","robots":{"index":"index","follow":"follow","max-snippet":"max-snippet:-1","max-image-preview":"max-image-preview:large","max-video-preview":"max-video-preview:-1"},"canonical":"https:\/\/franciscanos.org.br\/noticias\/para-onde-o-espirito-impele-a-nossa-presenca-franciscana.html","og_locale":"pt_BR","og_type":"article","og_title":"Para onde o esp\u00edrito impele a nossa presen\u00e7a franciscana? - Not\u00edcias - Franciscanos","og_description":"Encontro de mission\u00e1rios e mission\u00e1rias que vivem na Amaz\u00f4nia","og_url":"https:\/\/franciscanos.org.br\/noticias\/para-onde-o-espirito-impele-a-nossa-presenca-franciscana.html","og_site_name":"Not\u00edcias - Franciscanos","article_published_time":"2013-07-03T10:09:15+00:00","article_modified_time":"2019-07-09T12:50:37+00:00","og_image":[{"width":273,"height":181,"url":"https:\/\/franciscanos.org.br\/noticias\/wp-content\/uploads\/2013\/07\/amazonia.jpg","type":"image\/jpeg"}],"author":"admin","twitter_card":"summary_large_image","twitter_misc":{"Escrito por":"admin","Est. tempo de leitura":"16 minutos"},"schema":{"@context":"https:\/\/schema.org","@graph":[{"@type":"WebSite","@id":"https:\/\/franciscanos.org.br\/noticias\/#website","url":"https:\/\/franciscanos.org.br\/noticias\/","name":"Not\u00edcias - Franciscanos","description":"Prov\u00edncia Franciscana da Imaculada Concei\u00e7\u00e3o do Brasil - Ordem dos Frades Menores - OFM","potentialAction":[{"@type":"SearchAction","target":{"@type":"EntryPoint","urlTemplate":"https:\/\/franciscanos.org.br\/noticias\/?s={search_term_string}"},"query-input":"required name=search_term_string"}],"inLanguage":"pt-BR"},{"@type":"ImageObject","inLanguage":"pt-BR","@id":"https:\/\/franciscanos.org.br\/noticias\/para-onde-o-espirito-impele-a-nossa-presenca-franciscana.html#primaryimage","url":"https:\/\/franciscanos.org.br\/noticias\/wp-content\/uploads\/2013\/07\/amazonia.jpg","contentUrl":"https:\/\/franciscanos.org.br\/noticias\/wp-content\/uploads\/2013\/07\/amazonia.jpg","width":273,"height":181},{"@type":"WebPage","@id":"https:\/\/franciscanos.org.br\/noticias\/para-onde-o-espirito-impele-a-nossa-presenca-franciscana.html#webpage","url":"https:\/\/franciscanos.org.br\/noticias\/para-onde-o-espirito-impele-a-nossa-presenca-franciscana.html","name":"Para onde o esp\u00edrito impele a nossa presen\u00e7a franciscana? - Not\u00edcias - Franciscanos","isPartOf":{"@id":"https:\/\/franciscanos.org.br\/noticias\/#website"},"primaryImageOfPage":{"@id":"https:\/\/franciscanos.org.br\/noticias\/para-onde-o-espirito-impele-a-nossa-presenca-franciscana.html#primaryimage"},"datePublished":"2013-07-03T10:09:15+00:00","dateModified":"2019-07-09T12:50:37+00:00","author":{"@id":"https:\/\/franciscanos.org.br\/noticias\/#\/schema\/person\/b38fbf43118f02820bd932f2e4b14ad3"},"breadcrumb":{"@id":"https:\/\/franciscanos.org.br\/noticias\/para-onde-o-espirito-impele-a-nossa-presenca-franciscana.html#breadcrumb"},"inLanguage":"pt-BR","potentialAction":[{"@type":"ReadAction","target":["https:\/\/franciscanos.org.br\/noticias\/para-onde-o-espirito-impele-a-nossa-presenca-franciscana.html"]}]},{"@type":"BreadcrumbList","@id":"https:\/\/franciscanos.org.br\/noticias\/para-onde-o-espirito-impele-a-nossa-presenca-franciscana.html#breadcrumb","itemListElement":[{"@type":"ListItem","position":1,"name":"Home","item":"https:\/\/franciscanos.org.br\/noticias"},{"@type":"ListItem","position":2,"name":"Para onde o esp\u00edrito impele a nossa presen\u00e7a franciscana?"}]},{"@type":"Person","@id":"https:\/\/franciscanos.org.br\/noticias\/#\/schema\/person\/b38fbf43118f02820bd932f2e4b14ad3","name":"admin","image":{"@type":"ImageObject","inLanguage":"pt-BR","@id":"https:\/\/franciscanos.org.br\/noticias\/#\/schema\/person\/image\/","url":"https:\/\/secure.gravatar.com\/avatar\/e8495742d34d0ba6448ea1c628263b3e?s=96&d=mm&r=g","contentUrl":"https:\/\/secure.gravatar.com\/avatar\/e8495742d34d0ba6448ea1c628263b3e?s=96&d=mm&r=g","caption":"admin"},"url":"https:\/\/franciscanos.org.br\/noticias\/author\/admin"}]}},"_links":{"self":[{"href":"https:\/\/franciscanos.org.br\/noticias\/wp-json\/wp\/v2\/posts\/40907"}],"collection":[{"href":"https:\/\/franciscanos.org.br\/noticias\/wp-json\/wp\/v2\/posts"}],"about":[{"href":"https:\/\/franciscanos.org.br\/noticias\/wp-json\/wp\/v2\/types\/post"}],"author":[{"embeddable":true,"href":"https:\/\/franciscanos.org.br\/noticias\/wp-json\/wp\/v2\/users\/1"}],"replies":[{"embeddable":true,"href":"https:\/\/franciscanos.org.br\/noticias\/wp-json\/wp\/v2\/comments?post=40907"}],"version-history":[{"count":0,"href":"https:\/\/franciscanos.org.br\/noticias\/wp-json\/wp\/v2\/posts\/40907\/revisions"}],"wp:featuredmedia":[{"embeddable":true,"href":"https:\/\/franciscanos.org.br\/noticias\/wp-json\/wp\/v2\/media\/207447"}],"wp:attachment":[{"href":"https:\/\/franciscanos.org.br\/noticias\/wp-json\/wp\/v2\/media?parent=40907"}],"wp:term":[{"taxonomy":"category","embeddable":true,"href":"https:\/\/franciscanos.org.br\/noticias\/wp-json\/wp\/v2\/categories?post=40907"},{"taxonomy":"post_tag","embeddable":true,"href":"https:\/\/franciscanos.org.br\/noticias\/wp-json\/wp\/v2\/tags?post=40907"}],"curies":[{"name":"wp","href":"https:\/\/api.w.org\/{rel}","templated":true}]}}