{"id":40881,"date":"2013-07-02T14:27:31","date_gmt":"2013-07-02T17:27:31","guid":{"rendered":"http:\/\/new.franciscanos.org.br\/?p=40881"},"modified":"2021-04-19T22:31:59","modified_gmt":"2021-04-20T01:31:59","slug":"encontro-vocacional-em-petropolis","status":"publish","type":"post","link":"https:\/\/franciscanos.org.br\/noticias\/encontro-vocacional-em-petropolis.html","title":{"rendered":"Encontro vocacional re\u00fane 15 jovens em Petr\u00f3polis"},"content":{"rendered":"<p><img loading=\"lazy\" src=\"http:\/\/franciscanos.org.br\/wp-content\/uploads\/2013\/07\/SAV.jpg\" alt=\"SAV\" width=\"830\" height=\"552\" \/><\/p>\n<p><strong>Por Frei Diego Atalino de Melo, OFM<\/strong><\/p>\n<p>No \u00faltimo final de semana estiveram reunidos 15 jovens para o encontro vocacional das fraternidades dos estados do Rio de Janeiro e Esp\u00edrito Santo. O encontro aconteceu no Fraternidade do Sagrado Cora\u00e7\u00e3o de Jesus, em Petr\u00f3polis \u2013 RJ.<\/p>\n<p>Marcado pelo clima fraterno e de conhecimento m\u00fatuo, o encontro oportunizou aos vocacionados a conviv\u00eancia e o aprofundamento acerca do carisma franciscano e sobre o modo de vida dos frades menores.<\/p>\n<p>A sexta-feira foi marcada pela acolhida e acomoda\u00e7\u00e3o dos jovens. No s\u00e1bado pela manh\u00e3\u00a0 houve momento oportuno para a reflex\u00e3o e partilha da tem\u00e1tica sobre a voca\u00e7\u00e3o franciscana. No per\u00edodo da tarde os vocacionados foram acolhidos na Fraternidade Nossa Senhora de Guadalupe, no bairro Oswaldo Cruz, onde puderam conhecer outra realidade de nossa presen\u00e7a franciscana em Petr\u00f3polis e aprofundar um pouco mais sobre aspectos que s\u00e3o pr\u00f3prios de nossa vida. Por fim, a tarde de s\u00e1bado foi marcada pela devo\u00e7\u00e3o mariana realizada diante do trono de F\u00e1tima, ponto tur\u00edstico e de devo\u00e7\u00e3o em Petr\u00f3polis.<\/p>\n<p>No domingo, ap\u00f3s a ora\u00e7\u00e3o e um momento de reflex\u00e3o ainda acerca das voca\u00e7\u00f5es b\u00edblicas, os jovens participaram da Solenidade de S\u00e3o Pedro e S\u00e3o Paulo, celebrada na Missa das 10h com a presen\u00e7a das Meninas Cantoras de Petr\u00f3polis. O encontro encerrou com o delicioso almo\u00e7o preparado pelos nossos confrades.<\/p>\n<p>Assim, nossa gratid\u00e3o \u00e0s fraternidades do Sagrado Cora\u00e7\u00e3o de Jesus e Nossa Senhora de Guadalupe que nos acolheram t\u00e3o fraternalmente, bem como a todos os confrades animadores vocacionais do Rio de Janeiro e Esp\u00edrito Santo que se empenharam para que esse encontro acontecesse e para que os jovens pudessem dele participar.<\/p>\n<p>[nggallery id=345]<\/p>\n","protected":false},"excerpt":{"rendered":"<p>SAV<\/p>\n","protected":false},"author":1,"featured_media":216881,"comment_status":"closed","ping_status":"open","sticky":false,"template":"","format":"standard","meta":[],"categories":[1],"tags":[190],"acf":[],"yoast_head":"<!-- This site is optimized with the Yoast SEO plugin v19.2 - https:\/\/yoast.com\/wordpress\/plugins\/seo\/ -->\n<title>Encontro vocacional re\u00fane 15 jovens em Petr\u00f3polis - Not\u00edcias - Franciscanos<\/title>\n<meta name=\"robots\" content=\"index, follow, max-snippet:-1, max-image-preview:large, max-video-preview:-1\" \/>\n<link rel=\"canonical\" href=\"https:\/\/franciscanos.org.br\/noticias\/encontro-vocacional-em-petropolis.html\" \/>\n<meta property=\"og:locale\" content=\"pt_BR\" \/>\n<meta property=\"og:type\" content=\"article\" \/>\n<meta property=\"og:title\" content=\"Encontro vocacional re\u00fane 15 jovens em Petr\u00f3polis - Not\u00edcias - Franciscanos\" \/>\n<meta property=\"og:description\" content=\"SAV\" \/>\n<meta property=\"og:url\" content=\"https:\/\/franciscanos.org.br\/noticias\/encontro-vocacional-em-petropolis.html\" \/>\n<meta property=\"og:site_name\" content=\"Not\u00edcias - Franciscanos\" \/>\n<meta property=\"article:published_time\" content=\"2013-07-02T17:27:31+00:00\" \/>\n<meta property=\"article:modified_time\" content=\"2021-04-20T01:31:59+00:00\" \/>\n<meta property=\"og:image\" content=\"https:\/\/franciscanos.org.br\/noticias\/wp-content\/uploads\/2013\/07\/SAV.jpg\" \/>\n\t<meta property=\"og:image:width\" content=\"273\" \/>\n\t<meta property=\"og:image:height\" content=\"181\" \/>\n\t<meta property=\"og:image:type\" content=\"image\/jpeg\" \/>\n<meta name=\"author\" content=\"admin\" \/>\n<meta name=\"twitter:card\" content=\"summary_large_image\" \/>\n<meta name=\"twitter:label1\" content=\"Escrito por\" \/>\n\t<meta name=\"twitter:data1\" content=\"admin\" \/>\n\t<meta name=\"twitter:label2\" content=\"Est. tempo de leitura\" \/>\n\t<meta name=\"twitter:data2\" content=\"2 minutos\" \/>\n<script type=\"application\/ld+json\" class=\"yoast-schema-graph\">{\"@context\":\"https:\/\/schema.org\",\"@graph\":[{\"@type\":\"WebSite\",\"@id\":\"https:\/\/franciscanos.org.br\/noticias\/#website\",\"url\":\"https:\/\/franciscanos.org.br\/noticias\/\",\"name\":\"Not\u00edcias - Franciscanos\",\"description\":\"Prov\u00edncia Franciscana da Imaculada Concei\u00e7\u00e3o do Brasil - Ordem dos Frades Menores - OFM\",\"potentialAction\":[{\"@type\":\"SearchAction\",\"target\":{\"@type\":\"EntryPoint\",\"urlTemplate\":\"https:\/\/franciscanos.org.br\/noticias\/?s={search_term_string}\"},\"query-input\":\"required name=search_term_string\"}],\"inLanguage\":\"pt-BR\"},{\"@type\":\"ImageObject\",\"inLanguage\":\"pt-BR\",\"@id\":\"https:\/\/franciscanos.org.br\/noticias\/encontro-vocacional-em-petropolis.html#primaryimage\",\"url\":\"https:\/\/franciscanos.org.br\/noticias\/wp-content\/uploads\/2013\/07\/SAV.jpg\",\"contentUrl\":\"https:\/\/franciscanos.org.br\/noticias\/wp-content\/uploads\/2013\/07\/SAV.jpg\",\"width\":273,\"height\":181},{\"@type\":\"WebPage\",\"@id\":\"https:\/\/franciscanos.org.br\/noticias\/encontro-vocacional-em-petropolis.html#webpage\",\"url\":\"https:\/\/franciscanos.org.br\/noticias\/encontro-vocacional-em-petropolis.html\",\"name\":\"Encontro vocacional re\u00fane 15 jovens em Petr\u00f3polis - Not\u00edcias - Franciscanos\",\"isPartOf\":{\"@id\":\"https:\/\/franciscanos.org.br\/noticias\/#website\"},\"primaryImageOfPage\":{\"@id\":\"https:\/\/franciscanos.org.br\/noticias\/encontro-vocacional-em-petropolis.html#primaryimage\"},\"datePublished\":\"2013-07-02T17:27:31+00:00\",\"dateModified\":\"2021-04-20T01:31:59+00:00\",\"author\":{\"@id\":\"https:\/\/franciscanos.org.br\/noticias\/#\/schema\/person\/b38fbf43118f02820bd932f2e4b14ad3\"},\"breadcrumb\":{\"@id\":\"https:\/\/franciscanos.org.br\/noticias\/encontro-vocacional-em-petropolis.html#breadcrumb\"},\"inLanguage\":\"pt-BR\",\"potentialAction\":[{\"@type\":\"ReadAction\",\"target\":[\"https:\/\/franciscanos.org.br\/noticias\/encontro-vocacional-em-petropolis.html\"]}]},{\"@type\":\"BreadcrumbList\",\"@id\":\"https:\/\/franciscanos.org.br\/noticias\/encontro-vocacional-em-petropolis.html#breadcrumb\",\"itemListElement\":[{\"@type\":\"ListItem\",\"position\":1,\"name\":\"Home\",\"item\":\"https:\/\/franciscanos.org.br\/noticias\"},{\"@type\":\"ListItem\",\"position\":2,\"name\":\"Encontro vocacional re\u00fane 15 jovens em Petr\u00f3polis\"}]},{\"@type\":\"Person\",\"@id\":\"https:\/\/franciscanos.org.br\/noticias\/#\/schema\/person\/b38fbf43118f02820bd932f2e4b14ad3\",\"name\":\"admin\",\"image\":{\"@type\":\"ImageObject\",\"inLanguage\":\"pt-BR\",\"@id\":\"https:\/\/franciscanos.org.br\/noticias\/#\/schema\/person\/image\/\",\"url\":\"https:\/\/secure.gravatar.com\/avatar\/e8495742d34d0ba6448ea1c628263b3e?s=96&d=mm&r=g\",\"contentUrl\":\"https:\/\/secure.gravatar.com\/avatar\/e8495742d34d0ba6448ea1c628263b3e?s=96&d=mm&r=g\",\"caption\":\"admin\"},\"url\":\"https:\/\/franciscanos.org.br\/noticias\/author\/admin\"}]}<\/script>\n<!-- \/ Yoast SEO plugin. -->","yoast_head_json":{"title":"Encontro vocacional re\u00fane 15 jovens em Petr\u00f3polis - Not\u00edcias - Franciscanos","robots":{"index":"index","follow":"follow","max-snippet":"max-snippet:-1","max-image-preview":"max-image-preview:large","max-video-preview":"max-video-preview:-1"},"canonical":"https:\/\/franciscanos.org.br\/noticias\/encontro-vocacional-em-petropolis.html","og_locale":"pt_BR","og_type":"article","og_title":"Encontro vocacional re\u00fane 15 jovens em Petr\u00f3polis - Not\u00edcias - Franciscanos","og_description":"SAV","og_url":"https:\/\/franciscanos.org.br\/noticias\/encontro-vocacional-em-petropolis.html","og_site_name":"Not\u00edcias - Franciscanos","article_published_time":"2013-07-02T17:27:31+00:00","article_modified_time":"2021-04-20T01:31:59+00:00","og_image":[{"width":273,"height":181,"url":"https:\/\/franciscanos.org.br\/noticias\/wp-content\/uploads\/2013\/07\/SAV.jpg","type":"image\/jpeg"}],"author":"admin","twitter_card":"summary_large_image","twitter_misc":{"Escrito por":"admin","Est. tempo de leitura":"2 minutos"},"schema":{"@context":"https:\/\/schema.org","@graph":[{"@type":"WebSite","@id":"https:\/\/franciscanos.org.br\/noticias\/#website","url":"https:\/\/franciscanos.org.br\/noticias\/","name":"Not\u00edcias - Franciscanos","description":"Prov\u00edncia Franciscana da Imaculada Concei\u00e7\u00e3o do Brasil - Ordem dos Frades Menores - OFM","potentialAction":[{"@type":"SearchAction","target":{"@type":"EntryPoint","urlTemplate":"https:\/\/franciscanos.org.br\/noticias\/?s={search_term_string}"},"query-input":"required name=search_term_string"}],"inLanguage":"pt-BR"},{"@type":"ImageObject","inLanguage":"pt-BR","@id":"https:\/\/franciscanos.org.br\/noticias\/encontro-vocacional-em-petropolis.html#primaryimage","url":"https:\/\/franciscanos.org.br\/noticias\/wp-content\/uploads\/2013\/07\/SAV.jpg","contentUrl":"https:\/\/franciscanos.org.br\/noticias\/wp-content\/uploads\/2013\/07\/SAV.jpg","width":273,"height":181},{"@type":"WebPage","@id":"https:\/\/franciscanos.org.br\/noticias\/encontro-vocacional-em-petropolis.html#webpage","url":"https:\/\/franciscanos.org.br\/noticias\/encontro-vocacional-em-petropolis.html","name":"Encontro vocacional re\u00fane 15 jovens em Petr\u00f3polis - Not\u00edcias - Franciscanos","isPartOf":{"@id":"https:\/\/franciscanos.org.br\/noticias\/#website"},"primaryImageOfPage":{"@id":"https:\/\/franciscanos.org.br\/noticias\/encontro-vocacional-em-petropolis.html#primaryimage"},"datePublished":"2013-07-02T17:27:31+00:00","dateModified":"2021-04-20T01:31:59+00:00","author":{"@id":"https:\/\/franciscanos.org.br\/noticias\/#\/schema\/person\/b38fbf43118f02820bd932f2e4b14ad3"},"breadcrumb":{"@id":"https:\/\/franciscanos.org.br\/noticias\/encontro-vocacional-em-petropolis.html#breadcrumb"},"inLanguage":"pt-BR","potentialAction":[{"@type":"ReadAction","target":["https:\/\/franciscanos.org.br\/noticias\/encontro-vocacional-em-petropolis.html"]}]},{"@type":"BreadcrumbList","@id":"https:\/\/franciscanos.org.br\/noticias\/encontro-vocacional-em-petropolis.html#breadcrumb","itemListElement":[{"@type":"ListItem","position":1,"name":"Home","item":"https:\/\/franciscanos.org.br\/noticias"},{"@type":"ListItem","position":2,"name":"Encontro vocacional re\u00fane 15 jovens em Petr\u00f3polis"}]},{"@type":"Person","@id":"https:\/\/franciscanos.org.br\/noticias\/#\/schema\/person\/b38fbf43118f02820bd932f2e4b14ad3","name":"admin","image":{"@type":"ImageObject","inLanguage":"pt-BR","@id":"https:\/\/franciscanos.org.br\/noticias\/#\/schema\/person\/image\/","url":"https:\/\/secure.gravatar.com\/avatar\/e8495742d34d0ba6448ea1c628263b3e?s=96&d=mm&r=g","contentUrl":"https:\/\/secure.gravatar.com\/avatar\/e8495742d34d0ba6448ea1c628263b3e?s=96&d=mm&r=g","caption":"admin"},"url":"https:\/\/franciscanos.org.br\/noticias\/author\/admin"}]}},"_links":{"self":[{"href":"https:\/\/franciscanos.org.br\/noticias\/wp-json\/wp\/v2\/posts\/40881"}],"collection":[{"href":"https:\/\/franciscanos.org.br\/noticias\/wp-json\/wp\/v2\/posts"}],"about":[{"href":"https:\/\/franciscanos.org.br\/noticias\/wp-json\/wp\/v2\/types\/post"}],"author":[{"embeddable":true,"href":"https:\/\/franciscanos.org.br\/noticias\/wp-json\/wp\/v2\/users\/1"}],"replies":[{"embeddable":true,"href":"https:\/\/franciscanos.org.br\/noticias\/wp-json\/wp\/v2\/comments?post=40881"}],"version-history":[{"count":1,"href":"https:\/\/franciscanos.org.br\/noticias\/wp-json\/wp\/v2\/posts\/40881\/revisions"}],"predecessor-version":[{"id":231738,"href":"https:\/\/franciscanos.org.br\/noticias\/wp-json\/wp\/v2\/posts\/40881\/revisions\/231738"}],"wp:featuredmedia":[{"embeddable":true,"href":"https:\/\/franciscanos.org.br\/noticias\/wp-json\/wp\/v2\/media\/216881"}],"wp:attachment":[{"href":"https:\/\/franciscanos.org.br\/noticias\/wp-json\/wp\/v2\/media?parent=40881"}],"wp:term":[{"taxonomy":"category","embeddable":true,"href":"https:\/\/franciscanos.org.br\/noticias\/wp-json\/wp\/v2\/categories?post=40881"},{"taxonomy":"post_tag","embeddable":true,"href":"https:\/\/franciscanos.org.br\/noticias\/wp-json\/wp\/v2\/tags?post=40881"}],"curies":[{"name":"wp","href":"https:\/\/api.w.org\/{rel}","templated":true}]}}