{"id":40423,"date":"2013-06-27T07:49:00","date_gmt":"2013-06-27T10:49:00","guid":{"rendered":"http:\/\/new.franciscanos.org.br\/?p=40423"},"modified":"2020-06-11T16:53:18","modified_gmt":"2020-06-11T19:53:18","slug":"o-cristao-deve-ser-vivo-alegre-por-ser-cristao","status":"publish","type":"post","link":"https:\/\/franciscanos.org.br\/noticias\/o-cristao-deve-ser-vivo-alegre-por-ser-cristao.html","title":{"rendered":"&#8220;O crist\u00e3o deve ser vivo, alegre por ser crist\u00e3o&#8221;"},"content":{"rendered":"<p><img loading=\"lazy\" class=\"size-full wp-image-40424 alignright\" src=\"http:\/\/franciscanos.org.br\/wp-content\/uploads\/2013\/06\/papa2.jpg\" alt=\"papa\" width=\"450\" height=\"339\" \/>Na catequese do Papa Francisco desta quarta-feira (26\/6), ele tratou do tema Igreja Templo Vivo. Acompanhe na \u00edntegra:<\/p>\n<p><em>Queridos irm\u00e3os e irm\u00e3s, bom dia!<\/em><\/p>\n<p><em>Hoje gostaria de fazer uma breve refer\u00eancia a outra imagem que nos ajuda a ilustrar o mist\u00e9rio da Igreja: aquela do templo (cfr Con. Ecum. Vat. II, Const. dogm. Lumen gentium, 6).<\/em><\/p>\n<p><em>Em que nos faz pensar a palavra templo? Nos faz pensar em um edif\u00edcio, em uma constru\u00e7\u00e3o. De modo particular, a mente de muitos vai \u00e0 hist\u00f3ria do Povo de Israel narrada no Antigo Testamento. Em Jerusal\u00e9m, o grande Templo de Salom\u00e3o era o lugar de encontro com Deus na ora\u00e7\u00e3o; dentro do Templo havia a Arca da Alian\u00e7a, sinal da presen\u00e7a de Deus em meio ao povo; e na Arca havia as T\u00e1buas da Lei, o man\u00e1 e a vara de Ar\u00e3o um lembrete de que Deus estava sempre dentro da hist\u00f3ria de seu povo, o acompanhava no caminho, guiava seus passos. O templo recorda essa hist\u00f3ria: tamb\u00e9m n\u00f3s quando vamos ao templo devemos recordar esta hist\u00f3ria, cada um de n\u00f3s a nossa hist\u00f3ria, como Jesus me encontrou, como Jesus caminhou comigo, como Jesus me ama e me aben\u00e7oa.<\/em><\/p>\n<p><em>Ent\u00e3o, isso que era prefigurado no antigo Templo, \u00e9 realizado, pelo poder do Esp\u00edrito Santo, na Igreja: a Igreja \u00e9 a \u201ccasa de Deus\u201d, o lugar da sua presen\u00e7a, onde possamos encontrar e conhecer o Senhor; a Igreja \u00e9 o Templo no qual mora o Esp\u00edrito Santo que a anima, a guia e a apoia. Se nos perguntamos: onde podemos encontrar Deus? Onde podemos entrar em comunh\u00e3o com Ele atrav\u00e9s de Cristo? Onde podemos encontrar a luz do Esp\u00edrito Santo que ilumina a nossa vida? A resposta \u00e9: no povo de Deus, entre n\u00f3s, que somos Igreja. Aqui encontraremos Jesus, o Esp\u00edrito Santo e o Pai.<\/em><\/p>\n<p><em>O antigo Templo era edificado pelas m\u00e3os dos homens: desejava-se \u201cdar uma casa\u201d a deus, para ter um sinal vis\u00edvel da sua presen\u00e7a em meio ao povo. Com a encarna\u00e7\u00e3o do Filho de Deus, cumpre-se a profecia de Natan ao rei Davi (cfr 2 Sam 7, 1-29): n\u00e3o \u00e9 o reio, n\u00e3o somos n\u00f3s a \u201cdar uma casa a Deus\u201d, mas \u00e9 o pr\u00f3prio Deus que \u201cconstr\u00f3i a sua casa\u201d para vir e morar em meio a n\u00f3s, como escreve S\u00e3o Jo\u00e3o em seu Evangelho (cfr 1,14). Cristo \u00e9 o Templo vivo do Pai, e o pr\u00f3prio Cristo edifica a sua \u201ccasa espiritual\u201d, a Igreja, feita n\u00e3o de pedras materiais, mas de \u2018pedras vivas\u2019, que somos n\u00f3s. O Ap\u00f3stolo Paulo diz aos crist\u00e3os de \u00c9feso: v\u00f3s sois \u201cedificados sobre o fundamento dos ap\u00f3stolos e dos profetas, tendo como pedra angular o pr\u00f3prio Cristo Jesus. Nele toda a constru\u00e7\u00e3o cresce bem ordenada para ser templo santo do Senhor; Nele tamb\u00e9m v\u00f3s sois edificados juntos para transformar-se morada de Deus por meio do Esp\u00edrito Santo\u201d (Ef 2,20-22). Isto \u00e9 uma coisa bela! N\u00f3s somos as pedras vivas do edif\u00edcio de Deus, unidos profundamente a Cristo, que \u00e9 a pedra de sustenta\u00e7\u00e3o e tamb\u00e9m de sustenta\u00e7\u00e3o entre n\u00f3s. O que isso quer dizer? Quer dizer que o templo somos n\u00f3s, n\u00f3s somos a Igreja viva, o templo vivo e quando estamos juntos entre n\u00f3s h\u00e1 tamb\u00e9m o Esp\u00edrito Santo, que nos ajuda a crescer como Igreja. N\u00f3s n\u00e3o somos isolados, mas somos povo de Deus: esta \u00e9 a Igreja!<\/em><\/p>\n<p><em>E \u00e9 o Esp\u00edrito Santo, com os seus dons, que desenha a variedade. Isto \u00e9 importante: o que faz o Esp\u00edrito Santo entre n\u00f3s? Ele desenha a variedade que \u00e9 a riqueza na Igreja e une tudo e todos, de forma a construir um templo espiritual, no qual oferecemos n\u00e3o sacrif\u00edcios materiais, mas n\u00f3s mesmos, a nossa vida (cfr 1Pt 2,4-5). A Igreja n\u00e3o \u00e9 um conjunto de coisas e de interesses, mas \u00e9 o Templo do Esp\u00edrito Santo, o Templo no qual Deus trabalha, o Templo do Esp\u00edrito Santo, o Templo no qual Deus trabalha, o Templo no qual cada um de n\u00f3s com o dom do Batismo \u00e9 pedra viva. Isto nos diz que ningu\u00e9m \u00e9 in\u00fatil na Igreja e se algu\u00e9m \u00e0s vezes diz ao outro: \u201cV\u00e1 pra casa, voc\u00ea \u00e9 in\u00fatil\u201d, isto n\u00e3o \u00e9 verdade, porque ningu\u00e9m \u00e9 in\u00fatil na Igreja, todos somos necess\u00e1rios para construir este Templo! Ningu\u00e9m \u00e9 secund\u00e1rio. Ningu\u00e9m \u00e9 o mais importante na Igreja, todos somos iguais aos olhos de Deus. Algu\u00e9m de voc\u00eas poderia dizer: \u201cOu\u00e7a, Senhor Papa, o senhor n\u00e3o \u00e9 igual a n\u00f3s\u201d. Sim, sou como cada um de voc\u00eas, todos somos iguais, somos irm\u00e3os! Ningu\u00e9m \u00e9 an\u00f4nimo: todos formamos e constru\u00edmos a Igreja. Isto nos convida tamb\u00e9m a refletir sobre o fato de que se falta o tijolo da nossa vida crist\u00e3, falta algo \u00e0 beleza da Igreja. Alguns dizem: \u201cEu n\u00e3o tenho nada a ver com a Igreja\u201d, mas assim pula o tijolo de uma vida neste belo Templo. Ningu\u00e9m pode sair, todos devemos levar \u00e0 Igreja a nossa vida, o nosso cora\u00e7\u00e3o, o nosso amor, o nosso pensamento, o nosso trabalho: todos juntos.<\/em><\/p>\n<p><em>Gostaria ent\u00e3o que nos pergunt\u00e1ssemos: como vivemos o nosso ser Igreja? Somos pedras vivas ou somos, por assim dizer, pedras cansadas, entediadas, indiferentes? Voc\u00eas viram como \u00e9 ruim ver um crist\u00e3o cansado, entediado, indiferente? Um crist\u00e3o assim n\u00e3o vai bem, o crist\u00e3o deve ser vivo, alegre por ser crist\u00e3o; deve viver esta beleza de fazer parte do povo de Deus que \u00e9 a Igreja. N\u00f3s nos abrimos \u00e0 a\u00e7\u00e3o do Esp\u00edrito Santo para ser parte ativa nas nossas comunidades ou nos fechamos em n\u00f3s mesmos dizendo: \u201ctenho tantas coisas a fazer, n\u00e3o \u00e9 tarefa minha\u201d?<\/em><\/p>\n<p><em>O Senhor nos d\u00ea a todos a sua gra\u00e7a, a sua for\u00e7a, a fim de que possamos ser profundamente unidos a Cristo, que \u00e9 a pedra angular, a pilastra, a pedra de sustenta\u00e7\u00e3o da nossa vida e de toda a vida da Igreja. Rezemos para que, animados pelo seu Esp\u00edrito, sejamos sempre pedras vivas da sua Igreja.<\/em><\/p>\n<hr \/>\n<p><em>Fonte: R\u00e1dio Vaticano<\/em><\/p>\n","protected":false},"excerpt":{"rendered":"<p>Audi\u00eancia Geral<\/p>\n","protected":false},"author":1,"featured_media":216868,"comment_status":"closed","ping_status":"open","sticky":false,"template":"","format":"standard","meta":[],"categories":[1428],"tags":[487],"acf":[],"yoast_head":"<!-- This site is optimized with the Yoast SEO plugin v19.2 - https:\/\/yoast.com\/wordpress\/plugins\/seo\/ -->\n<title>&quot;O crist\u00e3o deve ser vivo, alegre por ser crist\u00e3o&quot; - Not\u00edcias - Franciscanos<\/title>\n<meta name=\"robots\" content=\"index, follow, max-snippet:-1, max-image-preview:large, max-video-preview:-1\" \/>\n<link rel=\"canonical\" href=\"https:\/\/franciscanos.org.br\/noticias\/o-cristao-deve-ser-vivo-alegre-por-ser-cristao.html\" \/>\n<meta property=\"og:locale\" content=\"pt_BR\" \/>\n<meta property=\"og:type\" content=\"article\" \/>\n<meta property=\"og:title\" content=\"&quot;O crist\u00e3o deve ser vivo, alegre por ser crist\u00e3o&quot; - Not\u00edcias - Franciscanos\" \/>\n<meta property=\"og:description\" content=\"Audi\u00eancia Geral\" \/>\n<meta property=\"og:url\" content=\"https:\/\/franciscanos.org.br\/noticias\/o-cristao-deve-ser-vivo-alegre-por-ser-cristao.html\" \/>\n<meta property=\"og:site_name\" content=\"Not\u00edcias - Franciscanos\" \/>\n<meta property=\"article:published_time\" content=\"2013-06-27T10:49:00+00:00\" \/>\n<meta property=\"article:modified_time\" content=\"2020-06-11T19:53:18+00:00\" \/>\n<meta property=\"og:image\" content=\"https:\/\/franciscanos.org.br\/noticias\/wp-content\/uploads\/2013\/06\/papa2-1.jpg\" \/>\n\t<meta property=\"og:image:width\" content=\"273\" \/>\n\t<meta property=\"og:image:height\" content=\"181\" \/>\n\t<meta property=\"og:image:type\" content=\"image\/jpeg\" \/>\n<meta name=\"author\" content=\"admin\" \/>\n<meta name=\"twitter:card\" content=\"summary_large_image\" \/>\n<meta name=\"twitter:label1\" content=\"Escrito por\" \/>\n\t<meta name=\"twitter:data1\" content=\"admin\" \/>\n\t<meta name=\"twitter:label2\" content=\"Est. tempo de leitura\" \/>\n\t<meta name=\"twitter:data2\" content=\"5 minutos\" \/>\n<script type=\"application\/ld+json\" class=\"yoast-schema-graph\">{\"@context\":\"https:\/\/schema.org\",\"@graph\":[{\"@type\":\"WebSite\",\"@id\":\"https:\/\/franciscanos.org.br\/noticias\/#website\",\"url\":\"https:\/\/franciscanos.org.br\/noticias\/\",\"name\":\"Not\u00edcias - Franciscanos\",\"description\":\"Prov\u00edncia Franciscana da Imaculada Concei\u00e7\u00e3o do Brasil - Ordem dos Frades Menores - OFM\",\"potentialAction\":[{\"@type\":\"SearchAction\",\"target\":{\"@type\":\"EntryPoint\",\"urlTemplate\":\"https:\/\/franciscanos.org.br\/noticias\/?s={search_term_string}\"},\"query-input\":\"required name=search_term_string\"}],\"inLanguage\":\"pt-BR\"},{\"@type\":\"ImageObject\",\"inLanguage\":\"pt-BR\",\"@id\":\"https:\/\/franciscanos.org.br\/noticias\/o-cristao-deve-ser-vivo-alegre-por-ser-cristao.html#primaryimage\",\"url\":\"https:\/\/franciscanos.org.br\/noticias\/wp-content\/uploads\/2013\/06\/papa2-1.jpg\",\"contentUrl\":\"https:\/\/franciscanos.org.br\/noticias\/wp-content\/uploads\/2013\/06\/papa2-1.jpg\",\"width\":273,\"height\":181},{\"@type\":\"WebPage\",\"@id\":\"https:\/\/franciscanos.org.br\/noticias\/o-cristao-deve-ser-vivo-alegre-por-ser-cristao.html#webpage\",\"url\":\"https:\/\/franciscanos.org.br\/noticias\/o-cristao-deve-ser-vivo-alegre-por-ser-cristao.html\",\"name\":\"\\\"O crist\u00e3o deve ser vivo, alegre por ser crist\u00e3o\\\" - Not\u00edcias - Franciscanos\",\"isPartOf\":{\"@id\":\"https:\/\/franciscanos.org.br\/noticias\/#website\"},\"primaryImageOfPage\":{\"@id\":\"https:\/\/franciscanos.org.br\/noticias\/o-cristao-deve-ser-vivo-alegre-por-ser-cristao.html#primaryimage\"},\"datePublished\":\"2013-06-27T10:49:00+00:00\",\"dateModified\":\"2020-06-11T19:53:18+00:00\",\"author\":{\"@id\":\"https:\/\/franciscanos.org.br\/noticias\/#\/schema\/person\/b38fbf43118f02820bd932f2e4b14ad3\"},\"breadcrumb\":{\"@id\":\"https:\/\/franciscanos.org.br\/noticias\/o-cristao-deve-ser-vivo-alegre-por-ser-cristao.html#breadcrumb\"},\"inLanguage\":\"pt-BR\",\"potentialAction\":[{\"@type\":\"ReadAction\",\"target\":[\"https:\/\/franciscanos.org.br\/noticias\/o-cristao-deve-ser-vivo-alegre-por-ser-cristao.html\"]}]},{\"@type\":\"BreadcrumbList\",\"@id\":\"https:\/\/franciscanos.org.br\/noticias\/o-cristao-deve-ser-vivo-alegre-por-ser-cristao.html#breadcrumb\",\"itemListElement\":[{\"@type\":\"ListItem\",\"position\":1,\"name\":\"Home\",\"item\":\"https:\/\/franciscanos.org.br\/noticias\"},{\"@type\":\"ListItem\",\"position\":2,\"name\":\"&#8220;O crist\u00e3o deve ser vivo, alegre por ser crist\u00e3o&#8221;\"}]},{\"@type\":\"Person\",\"@id\":\"https:\/\/franciscanos.org.br\/noticias\/#\/schema\/person\/b38fbf43118f02820bd932f2e4b14ad3\",\"name\":\"admin\",\"image\":{\"@type\":\"ImageObject\",\"inLanguage\":\"pt-BR\",\"@id\":\"https:\/\/franciscanos.org.br\/noticias\/#\/schema\/person\/image\/\",\"url\":\"https:\/\/secure.gravatar.com\/avatar\/e8495742d34d0ba6448ea1c628263b3e?s=96&d=mm&r=g\",\"contentUrl\":\"https:\/\/secure.gravatar.com\/avatar\/e8495742d34d0ba6448ea1c628263b3e?s=96&d=mm&r=g\",\"caption\":\"admin\"},\"url\":\"https:\/\/franciscanos.org.br\/noticias\/author\/admin\"}]}<\/script>\n<!-- \/ Yoast SEO plugin. -->","yoast_head_json":{"title":"\"O crist\u00e3o deve ser vivo, alegre por ser crist\u00e3o\" - Not\u00edcias - Franciscanos","robots":{"index":"index","follow":"follow","max-snippet":"max-snippet:-1","max-image-preview":"max-image-preview:large","max-video-preview":"max-video-preview:-1"},"canonical":"https:\/\/franciscanos.org.br\/noticias\/o-cristao-deve-ser-vivo-alegre-por-ser-cristao.html","og_locale":"pt_BR","og_type":"article","og_title":"\"O crist\u00e3o deve ser vivo, alegre por ser crist\u00e3o\" - Not\u00edcias - Franciscanos","og_description":"Audi\u00eancia Geral","og_url":"https:\/\/franciscanos.org.br\/noticias\/o-cristao-deve-ser-vivo-alegre-por-ser-cristao.html","og_site_name":"Not\u00edcias - Franciscanos","article_published_time":"2013-06-27T10:49:00+00:00","article_modified_time":"2020-06-11T19:53:18+00:00","og_image":[{"width":273,"height":181,"url":"https:\/\/franciscanos.org.br\/noticias\/wp-content\/uploads\/2013\/06\/papa2-1.jpg","type":"image\/jpeg"}],"author":"admin","twitter_card":"summary_large_image","twitter_misc":{"Escrito por":"admin","Est. tempo de leitura":"5 minutos"},"schema":{"@context":"https:\/\/schema.org","@graph":[{"@type":"WebSite","@id":"https:\/\/franciscanos.org.br\/noticias\/#website","url":"https:\/\/franciscanos.org.br\/noticias\/","name":"Not\u00edcias - Franciscanos","description":"Prov\u00edncia Franciscana da Imaculada Concei\u00e7\u00e3o do Brasil - Ordem dos Frades Menores - OFM","potentialAction":[{"@type":"SearchAction","target":{"@type":"EntryPoint","urlTemplate":"https:\/\/franciscanos.org.br\/noticias\/?s={search_term_string}"},"query-input":"required name=search_term_string"}],"inLanguage":"pt-BR"},{"@type":"ImageObject","inLanguage":"pt-BR","@id":"https:\/\/franciscanos.org.br\/noticias\/o-cristao-deve-ser-vivo-alegre-por-ser-cristao.html#primaryimage","url":"https:\/\/franciscanos.org.br\/noticias\/wp-content\/uploads\/2013\/06\/papa2-1.jpg","contentUrl":"https:\/\/franciscanos.org.br\/noticias\/wp-content\/uploads\/2013\/06\/papa2-1.jpg","width":273,"height":181},{"@type":"WebPage","@id":"https:\/\/franciscanos.org.br\/noticias\/o-cristao-deve-ser-vivo-alegre-por-ser-cristao.html#webpage","url":"https:\/\/franciscanos.org.br\/noticias\/o-cristao-deve-ser-vivo-alegre-por-ser-cristao.html","name":"\"O crist\u00e3o deve ser vivo, alegre por ser crist\u00e3o\" - Not\u00edcias - Franciscanos","isPartOf":{"@id":"https:\/\/franciscanos.org.br\/noticias\/#website"},"primaryImageOfPage":{"@id":"https:\/\/franciscanos.org.br\/noticias\/o-cristao-deve-ser-vivo-alegre-por-ser-cristao.html#primaryimage"},"datePublished":"2013-06-27T10:49:00+00:00","dateModified":"2020-06-11T19:53:18+00:00","author":{"@id":"https:\/\/franciscanos.org.br\/noticias\/#\/schema\/person\/b38fbf43118f02820bd932f2e4b14ad3"},"breadcrumb":{"@id":"https:\/\/franciscanos.org.br\/noticias\/o-cristao-deve-ser-vivo-alegre-por-ser-cristao.html#breadcrumb"},"inLanguage":"pt-BR","potentialAction":[{"@type":"ReadAction","target":["https:\/\/franciscanos.org.br\/noticias\/o-cristao-deve-ser-vivo-alegre-por-ser-cristao.html"]}]},{"@type":"BreadcrumbList","@id":"https:\/\/franciscanos.org.br\/noticias\/o-cristao-deve-ser-vivo-alegre-por-ser-cristao.html#breadcrumb","itemListElement":[{"@type":"ListItem","position":1,"name":"Home","item":"https:\/\/franciscanos.org.br\/noticias"},{"@type":"ListItem","position":2,"name":"&#8220;O crist\u00e3o deve ser vivo, alegre por ser crist\u00e3o&#8221;"}]},{"@type":"Person","@id":"https:\/\/franciscanos.org.br\/noticias\/#\/schema\/person\/b38fbf43118f02820bd932f2e4b14ad3","name":"admin","image":{"@type":"ImageObject","inLanguage":"pt-BR","@id":"https:\/\/franciscanos.org.br\/noticias\/#\/schema\/person\/image\/","url":"https:\/\/secure.gravatar.com\/avatar\/e8495742d34d0ba6448ea1c628263b3e?s=96&d=mm&r=g","contentUrl":"https:\/\/secure.gravatar.com\/avatar\/e8495742d34d0ba6448ea1c628263b3e?s=96&d=mm&r=g","caption":"admin"},"url":"https:\/\/franciscanos.org.br\/noticias\/author\/admin"}]}},"_links":{"self":[{"href":"https:\/\/franciscanos.org.br\/noticias\/wp-json\/wp\/v2\/posts\/40423"}],"collection":[{"href":"https:\/\/franciscanos.org.br\/noticias\/wp-json\/wp\/v2\/posts"}],"about":[{"href":"https:\/\/franciscanos.org.br\/noticias\/wp-json\/wp\/v2\/types\/post"}],"author":[{"embeddable":true,"href":"https:\/\/franciscanos.org.br\/noticias\/wp-json\/wp\/v2\/users\/1"}],"replies":[{"embeddable":true,"href":"https:\/\/franciscanos.org.br\/noticias\/wp-json\/wp\/v2\/comments?post=40423"}],"version-history":[{"count":2,"href":"https:\/\/franciscanos.org.br\/noticias\/wp-json\/wp\/v2\/posts\/40423\/revisions"}],"predecessor-version":[{"id":226357,"href":"https:\/\/franciscanos.org.br\/noticias\/wp-json\/wp\/v2\/posts\/40423\/revisions\/226357"}],"wp:featuredmedia":[{"embeddable":true,"href":"https:\/\/franciscanos.org.br\/noticias\/wp-json\/wp\/v2\/media\/216868"}],"wp:attachment":[{"href":"https:\/\/franciscanos.org.br\/noticias\/wp-json\/wp\/v2\/media?parent=40423"}],"wp:term":[{"taxonomy":"category","embeddable":true,"href":"https:\/\/franciscanos.org.br\/noticias\/wp-json\/wp\/v2\/categories?post=40423"},{"taxonomy":"post_tag","embeddable":true,"href":"https:\/\/franciscanos.org.br\/noticias\/wp-json\/wp\/v2\/tags?post=40423"}],"curies":[{"name":"wp","href":"https:\/\/api.w.org\/{rel}","templated":true}]}}